{"id":96164,"date":"2022-06-18T17:05:28","date_gmt":"2022-06-18T15:05:28","guid":{"rendered":"http:\/\/www.reunion68.se\/?p=96164"},"modified":"2022-06-18T06:50:17","modified_gmt":"2022-06-18T04:50:17","slug":"27-09-74","status":"publish","type":"post","link":"https:\/\/www.reunion68.se\/?p=96164","title":{"rendered":"Mam k\u0142opot z &#8220;Babim Jarem&#8221; Siergieja \u0141o\u017anicy"},"content":{"rendered":"<p style=\"text-align: center;\"><img decoding=\"async\" class=\"aligncenter\" src=\"https:\/\/bi.im-g.pl\/im\/73\/16\/1b\/z28405107NWB,-Babi-Jar--Konteksty---Rezyseria-Siergiej-Loznica.jpg\" width=\"100%\" \/><span style=\"color: #808080;\"><em>&#8216;Babi Jar. Konteksty&#8217;. Re\u017cyseria Siergiej \u0141o\u017anica (Fot. materia\u0142y prasowe \/ Docs Against Gravity)<\/em><\/span><\/p>\n<hr \/>\n<h5 style=\"text-align: center;\"><a href=\"https:\/\/wyborcza.pl\/\" target=\"_blank\" rel=\"noopener noreferrer\"><img decoding=\"async\" class=\"center alignleft\" src=\"http:\/\/www.reunion68.com\/Biuletyn\/img\/wyborcza-ale.png\" alt=\"\" width=\"35%\" \/><\/a><span style=\"text-decoration: underline; color: #000080;\"><span style=\"text-decoration: underline;\"><strong><a style=\"color: #000080; text-decoration: underline;\" href=\"https:\/\/wyborcza.pl\/alehistoria\/7,162654,28589908,mam-klopot-z-babim-jarem-siergieja-loznicy.html\" target=\"_blank\" rel=\"noopener noreferrer\">Mam k\u0142opot z &#8220;Babim Jarem&#8221; Siergieja \u0141o\u017anicy<\/a><\/strong><\/span><\/span><\/h5>\n<p style=\"text-align: center;\"><span style=\"color: #000000;\"><strong>Grzegorz Motyka<\/strong><\/span><\/p>\n<hr style=\"height: 15px; background: #d0e6fa; width: 100%;\" \/>\n<h4 style=\"text-align: center;\"><span style=\"color: #808080;\"><strong>W filmie Siergieja \u0141o\u017anicy &#8220;Babi Jar. Konteksty&#8221; nie ma mowy o represjach sowieckich, a bez informacji o nich nie spos\u00f3b zrozumie\u0107 ludzi witaj\u0105cych rado\u015bnie oddzia\u0142y Wehrmachtu.<\/strong><\/span><\/h4>\n<p>.<br \/>\n<span style=\"color: #000080;\">Mam k\u0142opot z dokumentalnym obrazem znanego re\u017cysera Siergieja \u0141o\u017anicy \u201eBabi Jar. Konteksty&#8221;. Film odnosi si\u0119 do rozstrzelania we wrze\u015bniu 1941 r. w kijowskim Babim Jarze prawie 34 tysi\u0119cy \u017byd\u00f3w. By\u0142a to najwi\u0119ksza egzekucja II wojny \u015bwiatowej.<\/span><\/p>\n<div class=\"article--content article--content-free \" style=\"text-align: left;\">\n<h5 class=\"text--title font-head-700\" style=\"text-align: left;\"><strong>\u201eBabi Jar. Konteksty&#8221;<\/strong><\/h5>\n<p class=\"text--paragraph\" style=\"text-align: left;\"><span style=\"color: #000080;\">\u0141o\u017anica s\u0142usznie jest dumny z dotarcia do nieznanych ta\u015bm filmowych. Istniej\u0105, jak si\u0119 okazuje, filmowe migawki pokazuj\u0105ce seri\u0119 wybuch\u00f3w niszcz\u0105cych kijowski Chreszczatyk. Niemcy wykorzystali wysadzenie tej centralnej arterii miasta przez sowieckie grupy dywersyjne jako pretekst do rozprawy z ludno\u015bci\u0105 \u017cydowsk\u0105. Mocne wra\u017cenie robi publiczna egzekucja 12 Niemc\u00f3w straconych w 1946 r. w Kijowie za pope\u0142nione zbrodnie wojenne. \u0141o\u017anica pokazuje j\u0105 w tak naturalistyczny spos\u00f3b, \u017ce mo\u017cna bez ma\u0142a ulec z\u0142udzeniu, i\u017c samemu stoi si\u0119 w t\u0142umie gapi\u00f3w. Skaza\u0144c\u00f3w dopada r\u0119ka sprawiedliwo\u015bci, jednak jest ona na tyle okrutna, \u017ce pami\u0119\u0107 o tych kadrach k\u0142ad\u0119 na p\u00f3\u0142k\u0119 z argumentami przeciwko karze \u015bmierci. Po raz pierwszy mog\u0142em te\u017c zobaczy\u0107, jak wygl\u0105da\u0142 Babi Jar po zalaniu go wod\u0105 i mu\u0142em w czasie powojennej sowieckiej rozbudowy miasta. Jednak ju\u017c sceny pogromu we Lwowie s\u0105 od lat znane i nie do ko\u0144ca jest zrozumia\u0142e, czemu akurat one zosta\u0142y wykorzystane w filmie. Albo co wsp\u00f3lnego z mordem w Babim Jarze dokonanym przez Sonderkommando IVa Paula Blobela maj\u0105 galicyjscy Ukrai\u0144cy witaj\u0105cy we Lwowie Hansa Franka?<\/span><\/p>\n<p>.<\/p>\n<div id=\"content\" class=\"content-alignment\">\n<div id=\"watch-description\" class=\"yt-uix-button-panel\">\n<div id=\"watch-description-text\" style=\"text-align: center;\">\n<p><iframe loading=\"lazy\" title=\"Babi Jar. Konteksty (Babi Yar. Context) - fragment | 19. Millennium Docs Against Gravity\" src=\"https:\/\/www.youtube.com\/embed\/p2F8nVelshg\" width=\"680\" height=\"400\" frameborder=\"0\" allowfullscreen=\"allowfullscreen\"><\/iframe><br \/>\n\u201eBabi Jar. Konteksty&#8221; &#8211; zwiastun<\/p>\n<\/div>\n<\/div>\n<\/div>\n<p>.<\/p>\n<p class=\"text--paragraph\" style=\"text-align: left;\"><span style=\"color: #000080;\">Podobnych pyta\u0144 mo\u017cna postawi\u0107 wi\u0119cej, bo film jest do\u015b\u0107 hermetyczny. Za wysadzenie Chreszczatyka odpowiadali Sowieci, ale czy widzowie to zrozumiej\u0105, czy te\u017c raczej przypisz\u0105 win\u0119 Niemcom? Podobnie pokazanie wzburzonej b\u0142otnistej mazi, kt\u00f3r\u0105 wype\u0142niono Babi Jar, nie m\u00f3wi, co sta\u0142o si\u0119 z tym sztucznym zbiornikiem. Tymczasem napieraj\u0105ca woda przerwa\u0142a zabezpieczenia i zala\u0142a cz\u0119\u015b\u0107 miasta, zabijaj\u0105c setki mieszka\u0144c\u00f3w Kijowa. Tragedi\u0119 odebrano jako niemal metafizyczn\u0105 przestrog\u0119 przed naruszaniem spokoju cia\u0142 pomordowanych. \u0141o\u017anica o tym wszystkim wie, wychowa\u0142 si\u0119 wszak ko\u0142o Babiego Jaru, ale jak maj\u0105 si\u0119 tego domy\u015bli\u0107 widzowie?<\/span><\/p>\n<p class=\"text--paragraph\" style=\"text-align: left;\"><span style=\"color: #000080;\">Najs\u0142absz\u0105 stron\u0105 filmu jest jednak\u2026 kontekst. \u0141o\u017anica zaczyna opowie\u015b\u0107 22 czerwca 1941 r. uderzeniem Niemiec na ZSRS, a ko\u0144czy momentem powrotu Armii Czerwonej do Kijowa i Lwowa, wymierzeniem sprawiedliwo\u015bci w 1946 r. oraz powojenn\u0105 budow\u0105 nowych osiedli.<\/span><\/p>\n<blockquote class=\"text--quote font-quotation-500\"><p><strong>Si\u0142\u0105 rzeczy mamy wi\u0119c do czynienia z poradzieckim punktem widzenia na histori\u0119 regionu. Filmowe kadry sugeruj\u0105, i\u017c napad Niemc\u00f3w przerwa\u0142 zgo\u0142a radosn\u0105 sielank\u0119, kt\u00f3ra powr\u00f3ci\u0142a wraz ze zwyci\u0119stwem wojsk sowieckich.<\/strong><\/p><\/blockquote>\n<p class=\"text--paragraph\"><span style=\"color: #000080;\">Sceny mityngu we Lwowie z lata 1944 r., kiedy Nikita Chruszczow zapewnia, i\u017c nast\u0105pi\u0142 kres wa\u015bni narodowo\u015bciowych, nic nam nie m\u00f3wi o polityce komunist\u00f3w. Ten sam Chruszczow par\u0119 dni po pokazanym w filmie przem\u00f3wieniu poprosi\u0142 Stalina o zgod\u0119 na wyw\u00f3zk\u0119 wszystkich Polak\u00f3w ze Lwowa do Donbasu. Lwowiacy ocaleli, poniewa\u017c Stalin nie wyrazi\u0142 na to zgody. W filmie nie ma mowy o represjach sowieckich z lat 1939-41, a bez informacji o nich nie spos\u00f3b zrozumie\u0107 ludzi witaj\u0105cych rado\u015bnie oddzia\u0142y Wehrmachtu w czerwcu 1941 r.<\/span><\/p>\n<h5 class=\"text--title font-head-700\"><strong>Niepe\u0142ny kontekst\u00a0tragedii w Babim Jarze<\/strong><\/h5>\n<p class=\"text--paragraph\"><span style=\"color: #000080;\">Poradzieck\u0105 wizj\u0119 pami\u0119ci podkre\u015bla w filmie nieobecno\u015b\u0107 g\u0142\u00f3wnego egzekutora \u2013 Paula Blobela. Rozstrzeliwania dziesi\u0105tek tysi\u0119cy kobiet i dzieci doprowadzi\u0142y go do rozstroju nerwowego. Gdy z pro\u015bb\u0105 o skierowanie do innych zada\u0144 dotar\u0142 przed oblicze szefa G\u0142\u00f3wnego Urz\u0105d Bezpiecze\u0144stwa Rzeszy Reinharda Heydricha, ten nie uwierzy\u0142 w jego k\u0142opoty zdrowotne. Zwolni\u0142 go co prawda z obowi\u0105zku kierowania mordami, lecz karz\u0105c za pr\u00f3b\u0119 uchylenia si\u0119 od obowi\u0105zk\u00f3w, poleci\u0142 stworzenie komanda niszcz\u0105cego cia\u0142a ofiar masowych mord\u00f3w. Blobel kierowa\u0142 wi\u0119c i egzekucjami, i p\u00f3\u017aniejszym paleniem zw\u0142ok, jego obecno\u015b\u0107 w filmie by\u0142aby zatem czym\u015b naturalnym. A poniewa\u017c zosta\u0142 skazany w 1948 r. przez mi\u0119dzynarodowy trybuna\u0142 na kar\u0119 \u015bmierci i w 1951 r. stracony, re\u017cyser nie mia\u0142by k\u0142opotu ze zdobyciem materia\u0142u filmowego na jego temat. Tyle \u017ce pokazanie zachodnich aliant\u00f3w wymierzaj\u0105cych sprawiedliwo\u015b\u0107 zbrodniarzowi rozbija\u0142oby osadzon\u0105 w poradzieckiej pami\u0119ci narracj\u0119 re\u017cysera. Cho\u0107 to nie ZSRS w pojedynk\u0119, ale ca\u0142a antyhitlerowska koalicja pokona\u0142a Niemcy i zatrzyma\u0142a zag\u0142ad\u0119 \u017byd\u00f3w.<\/span><\/p>\n<p class=\"text--paragraph\"><span style=\"color: #000080;\">Pokazany przez \u0141o\u017anic\u0119 kontekst tragedii w Babim Jarze jest wi\u0119c do\u015b\u0107 niepe\u0142ny i w dodatku dyskusyjny. Ale czy\u017c zmuszenie widz\u00f3w do my\u015blenia nie jest cech\u0105 charakteryzuj\u0105c\u0105 dzie\u0142a wybitnych tw\u00f3rc\u00f3w?<\/span><\/p>\n<hr \/>\n<p class=\"text--paragraph\"><span style=\"color: #808080;\"><em><b>Prof. Grzegorz Motyka<\/b>\u00a0\u2013 historyk, politolog, pracownik Instytutu Studi\u00f3w Politycznych PAN<\/em><\/span><\/p>\n<hr style=\"height: 15px; background: #d0e6fa; width: 100%;\" \/>\n<div id=\"content\" class=\"content-alignment\">\n<div id=\"watch-description\" class=\"yt-uix-button-panel\">\n<div id=\"watch-description-text\" style=\"text-align: center;\">\n<p><em>Zawarto\u015b\u0107 publikowanych artyku\u0142\u00f3w i materia\u0142\u00f3w nie reprezentuje pogl\u0105d\u00f3w ani opinii Reunion&#8217;68,<\/em><em><br \/>\nani te\u017c webmastera Blogu Reunion&#8217;68, chyba ze jest to wyra\u017anie zaznaczone.<br \/>\nTwoje uwagi, linki, w\u0142asne artyku\u0142y lub wiadomo\u015bci prze\u015blij na adres:<br \/>\n<\/em><span style=\"color: #000080;\"><strong><em><a style=\"color: #000080;\" href=\"mailto:webmaster@reunion68.com\"><span style=\"text-decoration: underline;\">webmaster@reunion68.com<\/span><\/a><\/em><\/strong><\/span><\/p>\n<\/div>\n<\/div>\n<\/div>\n<hr style=\"width: 100%;\" \/>\n<\/div>\n","protected":false},"excerpt":{"rendered":"<p>&#8216;Babi Jar. Konteksty&#8217;. Re\u017cyseria Siergiej \u0141o\u017anica (Fot. materia\u0142y prasowe \/ Docs Against Gravity) Mam k\u0142opot z &#8220;Babim Jarem&#8221; Siergieja \u0141o\u017anicy Grzegorz Motyka W filmie Siergieja \u0141o\u017anicy &#8220;Babi Jar. Konteksty&#8221; nie ma mowy o represjach sowieckich, a bez informacji o nich nie spos\u00f3b zrozumie\u0107 ludzi witaj\u0105cych rado\u015bnie oddzia\u0142y Wehrmachtu. . Mam k\u0142opot z dokumentalnym obrazem znanego [&hellip;]<\/p>\n","protected":false},"author":1,"featured_media":0,"comment_status":"closed","ping_status":"closed","sticky":false,"template":"","format":"standard","meta":[],"categories":[6],"tags":[26,24],"_links":{"self":[{"href":"https:\/\/www.reunion68.se\/index.php?rest_route=\/wp\/v2\/posts\/96164"}],"collection":[{"href":"https:\/\/www.reunion68.se\/index.php?rest_route=\/wp\/v2\/posts"}],"about":[{"href":"https:\/\/www.reunion68.se\/index.php?rest_route=\/wp\/v2\/types\/post"}],"author":[{"embeddable":true,"href":"https:\/\/www.reunion68.se\/index.php?rest_route=\/wp\/v2\/users\/1"}],"replies":[{"embeddable":true,"href":"https:\/\/www.reunion68.se\/index.php?rest_route=%2Fwp%2Fv2%2Fcomments&post=96164"}],"version-history":[{"count":7,"href":"https:\/\/www.reunion68.se\/index.php?rest_route=\/wp\/v2\/posts\/96164\/revisions"}],"predecessor-version":[{"id":96173,"href":"https:\/\/www.reunion68.se\/index.php?rest_route=\/wp\/v2\/posts\/96164\/revisions\/96173"}],"wp:attachment":[{"href":"https:\/\/www.reunion68.se\/index.php?rest_route=%2Fwp%2Fv2%2Fmedia&parent=96164"}],"wp:term":[{"taxonomy":"category","embeddable":true,"href":"https:\/\/www.reunion68.se\/index.php?rest_route=%2Fwp%2Fv2%2Fcategories&post=96164"},{"taxonomy":"post_tag","embeddable":true,"href":"https:\/\/www.reunion68.se\/index.php?rest_route=%2Fwp%2Fv2%2Ftags&post=96164"}],"curies":[{"name":"wp","href":"https:\/\/api.w.org\/{rel}","templated":true}]}}