{"id":96244,"date":"2022-06-22T17:09:07","date_gmt":"2022-06-22T15:09:07","guid":{"rendered":"http:\/\/www.reunion68.se\/?p=96244"},"modified":"2022-06-22T08:12:20","modified_gmt":"2022-06-22T06:12:20","slug":"01-09-65","status":"publish","type":"post","link":"https:\/\/www.reunion68.se\/?p=96244","title":{"rendered":"Dziwaczna francuska sprawiedliwo\u015b\u0107"},"content":{"rendered":"<h5 style=\"text-align: center;\"><a href=\"https:\/\/www.listyznaszegosadu.pl\/\" target=\"_blank\" rel=\"noopener noreferrer\"><img decoding=\"async\" class=\"center alignleft\" src=\"http:\/\/www.reunion68.com\/Biuletyn\/img\/z-naszego.jpg\" alt=\"\" width=\"50%\" \/><\/a><span style=\"text-decoration: underline; color: #000080;\"><strong><a style=\"color: #000080; text-decoration: underline;\" href=\"https:\/\/www.listyznaszegosadu.pl\/notatki\/dziwaczna-francuska-sprawiedliwosc\" target=\"_blank\" rel=\"noopener noreferrer\">Dziwaczna francuska sprawiedliwo\u015b\u0107<\/a><\/strong><\/span><\/h5>\n<p style=\"text-align: center;\"><span style=\"color: #000000;\"><strong>Yigal Carmon<br \/>\n<\/strong><span style=\"color: #808080;\">T\u0142umaczenie: <\/span><strong>Ma\u0142gorzata Koraszewska<\/strong><\/span><\/p>\n<hr style=\"height: 15px; background: #d0e6fa; width: 100%;\" \/>\n<p><img decoding=\"async\" src=\"https:\/\/www.listyznaszegosadu.pl\/upload\/article\/bild\/6791\/937705\/_00nadia_s.png\" width=\"100%\" \/><br \/>\n.<\/p>\n<p style=\"text-align: left;\"><span style=\"color: #000080;\">Pi\u0119tnastego grudnia 2017 r. imam Mohamed Tatai\u00a0<a style=\"color: #000080;\" href=\"https:\/\/www.memri.org\/reports\/french-justice#_edn1\">[1]<\/a>\u00a0z Wielkiego Meczetu w Tuluzie we Francji wyg\u0142osi\u0142 pi\u0105tkowe kazanie, w kt\u00f3rym odni\u00f3s\u0142 si\u0119 do znanego hadisu o losie \u017byd\u00f3w w Dniu S\u0105du Ostatecznego.\u00a0Hadis brzmi nast\u0119puj\u0105co.<\/span><\/p>\n<p style=\"text-align: left;\"><span style=\"color: #000080;\">\u201eOstatnia godzina nie nadejdzie, a\u017c muzu\u0142manie b\u0119d\u0105 walczy\u0107 z \u017bydami i muzu\u0142manie ich zabij\u0105, a\u017c \u017bydzi ukryj\u0105 si\u0119 za kamieniem lub drzewem, a kamie\u0144 lub drzewo powie: O muzu\u0142maninie, o s\u0142ugo Allaha, za mn\u0105 jest \u017byd, chod\u017a i zabij go, ale drzewo kolcowoju nie powie, bo to jest drzewo \u017byd\u00f3w\u201d. <a style=\"color: #000080;\" href=\"https:\/\/www.memri.org\/reports\/french-justice#_edn2\">[2]<\/a><\/span><\/p>\n<p style=\"text-align: left;\"><span style=\"color: #000080;\">Jest to jeden z najbardziej znanych hadis\u00f3w powszechnie przywo\u0142ywanych przez islamistycznych kaznodziej\u00f3w i uczonych religijnych. <\/span><a style=\"color: #000080;\" href=\"https:\/\/www.memri.org\/reports\/french-justice#_edn3\">[3]<\/a><\/p>\n<div class=\"templateArticleBrodtext\">\n<p style=\"text-align: left;\"><span style=\"color: #000080;\">(Dodatkowe przyk\u0142ady i odniesienia do hadis\u00f3w mo\u017cna znale\u017a\u0107 w <span style=\"text-decoration: underline;\"><strong><a style=\"color: #000080; text-decoration: underline;\" href=\"https:\/\/www.memri.org\/reports\/antisemitic-hadith-prophecy-rock-and-tree-%E2%80%93-memri-clips-and-reports\">Specjalnym Komunikacie MEMRI nr 7587<\/a>,<\/strong><\/span> Antysemicki hadis: \u201ePrzepowiednia o kamieniu i drzewie\u201d \u2013 MEMRI Clips And Reports.)<\/span><\/p>\n<p style=\"text-align: left;\"><span style=\"color: #000080;\">Ten dziwacznie brzmi\u0105cy hadis faktycznie przekazuje powa\u017cne i g\u0142\u0119bokie przes\u0142anie o \u017bydach \u2013 \u017ce s\u0105 oni tak fundamentalnie \u017ali i przeznaczeni do zniszczenia, \u017ce nawet sama natura zwraca si\u0119 przeciwko nim i uczestniczy w procesie ich unicestwienia.<\/span><\/p>\n<h5 style=\"text-align: left;\"><span style=\"color: #000080;\"><strong>Imam Tatai oskar\u017cony \u2013 i uniewinniony<\/strong><\/span><\/h5>\n<p style=\"text-align: left;\"><span style=\"color: #000080;\">Po opublikowaniu przez MEMRI t\u0142umaczenia <a style=\"color: #000080;\" href=\"https:\/\/www.memri.org\/reports\/french-justice#_edn4\">[4]<\/a>\u00a0kazania imam Tatai zosta\u0142 oskar\u017cony o \u201epubliczne prowokowanie &#8211; poprzez mow\u0119 nienawi\u015bci lub wzywanie do przemocy z powodu pochodzenia etnicznego, narodowo\u015bci, rasy lub religii\u201d.\u00a0Proces odby\u0142 si\u0119 pe\u0142ne dwa lata p\u00f3\u017aniej w S\u0105dzie Karnym w Tuluzie w dniu 29 czerwca 2021 r.\u00a0<a style=\"color: #000080;\" href=\"https:\/\/www.memri.org\/reports\/french-justice#_edn5\">[5]<\/a><\/span><\/p>\n<p style=\"text-align: left;\"><span style=\"color: #000080;\">Imam Tatai zosta\u0142 uniewinniony z wszystkich zarzut\u00f3w; S\u0105d stwierdzi\u0142 w swoim wyroku: \u201eNie jest rol\u0105 s\u0119dziego ocenianie zasadno\u015bci tekstu religijnego, co by\u0142oby sprzeczne w szczeg\u00f3lno\u015bci z zasadami wolno\u015bci religijnej i sekularyzmu\u201d. <a style=\"color: #000080;\" href=\"https:\/\/www.memri.org\/reports\/french-justice#_edn6\">[6]<\/a>\u00a0Oznacza to, \u017ce dop\u00f3ki imam u\u017cywa religijnych cytat\u00f3w lub kontekst\u00f3w do pod\u017cegania, nie podlega jurysdykcji s\u0105du.<\/span><\/p>\n<p style=\"text-align: left;\"><span style=\"color: #000080;\">To najwyra\u017aniej uchodzi za francuski wymiar sprawiedliwo\u015bci.<\/span><span style=\"color: #000080;\"><strong>\u201eLe Monde\u201d pr\u00f3buje wesprze\u0107 Imama Tataia, kwestionuj\u0105c dok\u0142adno\u015b\u0107 t\u0142umaczenia MEMRI, sugeruj\u0105c \u201emanipulacj\u0119\u201d<\/strong><\/span><\/p>\n<p style=\"text-align: left;\"><span style=\"color: #000080;\">30 czerwca 2018 r., dzie\u0144 po postawieniu imama Tataia w stan oskar\u017cenia, liberalny, czo\u0142owy francuski dziennik \u201eLe Monde\u201d stan\u0105\u0142 w jego obronie, pisz\u0105c: \u201eCzy Mohamed Tatai, imam nowiutkiego Wielkiego Meczetu w Tuluzie, wyg\u0142osi\u0142 antysemickie uwagi na wideo? Tak twierdzi Instytut MEMRI \u2013 obserwator medi\u00f3w Bliskiego Wschodu \u2013 na swojej stronie internetowej, gdzie udost\u0119pni\u0142 film na YouTube, kt\u00f3ry wed\u0142ug niego pochodzi z grudnia 2017 roku\u2026 Czy to z\u0142e t\u0142umaczenie, czy manipulacja?\u201d <a style=\"color: #000080;\" href=\"https:\/\/www.memri.org\/reports\/french-justice#_edn7\">[7]<\/a><\/span><\/p>\n<p style=\"text-align: left;\"><span style=\"color: #000080;\">Imam Tatai otrzyma\u0142 nawet dodatkowe niespodziewane wsparcie ze strony przewodnicz\u0105cego oddzia\u0142u francuskiej \u017cydowskiej organizacji parasolowej CRIF w Tuluzie, Francka Touboula. Touboula cytowano w artykule \u201eLe Monde\u201d: \u201eNie ma sensu rzuca\u0107 na po\u017carcie psom i opinii publicznej d\u0142ugoletniego imama z Tuluzy\u201d. <a style=\"color: #000080;\" href=\"https:\/\/www.memri.org\/reports\/french-justice#_edn8\">[8]<\/a><\/span><\/p>\n<p style=\"text-align: left;\"><span style=\"color: #000080;\">Jednak tego samego dnia znany francusko-algierski pisarz i intelektualista Mohamed Sifaoui zamie\u015bci\u0142 na Twitterze ca\u0142e kazanie zawarte w filmie MEMRI i napisa\u0142: \u201eTo jest ca\u0142y klip [z kana\u0142u na YouTube meczetu w Tuluzie], w kt\u00f3rym imam Mohamed Tatai wyg\u0142asza antysemickie kazanie. Trwa 30 minut. Ka\u017cdy, kto chce go przet\u0142umaczy\u0107, mo\u017ce to zrobi\u0107. Je\u015bli o mnie chodzi, o\u015bwiadczam, \u017ce t\u0142umaczenie @memrifr jest absolutnie poprawne&#8221;.<\/span><\/p>\n<p style=\"text-align: left;\"><span style=\"color: #000080;\">Kilka miesi\u0119cy p\u00f3\u017aniej, 21 grudnia 2018 r., Sifaoui napisa\u0142 na Twitterze: \u201ePami\u0119tacie, m\u00f3wi\u0142em o tym przez ca\u0142e lato. Niekt\u00f3rzy twierdzili, pomimo dost\u0119pnego nagrania, \u017ce Tatai nigdy nie wyg\u0142asza\u0142 antysemickich uwag. Imam meczetu Tuluzy, Mohamed Tatai, zosta\u0142 oskar\u017cony o \u2018pod\u017ceganie do nienawi\u015bci rasowej\u2019\u201d <a style=\"color: #000080;\" href=\"https:\/\/www.memri.org\/reports\/french-justice#_edn9\">[9] .<\/a><\/span><\/p>\n<h5 style=\"text-align: left;\"><strong>Ponowny proces imamaTataia<\/strong><\/h5>\n<p style=\"text-align: left;\"><span style=\"color: #000080;\">Tydzie\u0144 po uniewinnieniu imama Tataia prokuratura w Tuluzie odwo\u0142a\u0142a si\u0119 od wyroku. Ponowny proces rozpocz\u0105\u0142 si\u0119 30 maja 2022 r., prawie rok po uniewinnieniu.<\/span><\/p>\n<p style=\"text-align: left;\"><span style=\"color: #000080;\">Francusko-tunezyjski imam Hassen Chalghoumi, kt\u00f3ry jest znanym umiarkowanym przyw\u00f3dc\u0105 islamskim i imamem meczetu Drancy pod Pary\u017cem, zezna\u0142 podczas ponownego procesu i powiedzia\u0142: \u201eWidzia\u0142em nagranie wideo z kazania oko\u0142o 30 razy. To s\u0105 powa\u017cne s\u0142owa, bardzo niebezpieczne. Je\u015bli ta mowa nie zostanie pot\u0119piona, b\u0119dzie to przera\u017caj\u0105ce. Jest to mowa, kt\u00f3ra wpaja naszej m\u0142odzie\u017cy nienawi\u015b\u0107 i strach. To jest niedaj\u0105ca si\u0119 usprawiedliwi\u0107 mowa, kt\u00f3ra mo\u017ce manipulowa\u0107, prowadzi\u0107 do zabijania. Tak by\u0142o w przypadku [Samuela] Paty. &#8221; <a style=\"color: #000080;\" href=\"https:\/\/www.memri.org\/reports\/french-justice#_edn10\">[10]<\/a>\u00a0(W pa\u017adzierniku 2020 r. Samuel Paty, francuski nauczyciel w liceum, zosta\u0142 \u015bci\u0119ty przez 18-letniego muzu\u0142ma\u0144skiego uchod\u017ac\u0119 z Czeczenii za pokazywanie karykatur przedstawiaj\u0105cych proroka Mahometa podczas zaj\u0119\u0107 o wolno\u015bci s\u0142owa.\u00a0<a style=\"color: #000080;\" href=\"https:\/\/www.memri.org\/reports\/french-justice#_edn11\">[11]<\/a>\u00a0)<\/span><\/p>\n<p style=\"text-align: center;\"><img decoding=\"async\" class=\"aligncenter\" src=\"https:\/\/www.listyznaszegosadu.pl\/upload\/article\/bild\/9751\/937707\/_00aa1_s.jpg\" width=\"100%\" \/><span style=\"color: #808080;\"><em>Imam Chalghoumi na sz\u00f3stym dorocznym spotkaniu MEMRI na Kapitolu w Lantos Archives on Antisemitism and Holocaust Denial, 14 kwietnia 2015. (Patrz: Memri.org\/reports\/memri-hosts-sixth-annual-capitol-hill-event-lantos-archives-antisemitism-and-holocaust)<\/em><\/span><\/p>\n<p style=\"text-align: left;\"><span style=\"color: #000080;\">Podczas ponownego procesu imam Tatai zosta\u0142 uznany za winnego \u201epod\u017cegania do przemocy i nienawi\u015bci rasowej\u201d.\u00a0Obrady w sprawie \u017c\u0105danej przez prokuratur\u0119 kary sze\u015bciu miesi\u0119cy pozbawienia wolno\u015bci w zawieszeniu i grzywny w wysoko\u015bci 10 000 euro oraz ostatecznego wyroku maj\u0105 odby\u0107 si\u0119 31 sierpnia 2022 r. \u2013 prawie pi\u0119\u0107 lat po wyg\u0142oszeniu przez niego antysemickiego kazania.\u00a0<a style=\"color: #000080;\" href=\"https:\/\/www.memri.org\/reports\/french-justice#_edn12\">[12]<\/a><\/span><\/p>\n<h5><strong>\u201cGuardian\u201d:<em>\u00a0<\/em><\/strong><strong>&#8220;Francja jest jedynym krajem w Europie, gdzie \u017bydzi s\u0105 co jaki\u015b czas mordowani za to, \u017ce s\u0105 \u017bydami\u201d<\/strong><\/h5>\n<p style=\"text-align: left;\"><span style=\"color: #000080;\">Od czasu kazania imama Tataia z 2017 r. muzu\u0142manie zamordowali kilku bezbronnych starszych \u017byd\u00f3w, jednak w\u0142adze francuskie podchodzi\u0142y do tych spraw z l\u0119kiem podobnym do tego, z jakim podchodzi\u0142y do sprawy Tataia \u2013 mimo \u017ce dotyczy\u0142y one brutalnych morderstw, a nie tylko pod\u017cegania do nienawi\u015bci. Fakt, \u017ce sprawcy tej przemocy wobec \u017byd\u00f3w pochodz\u0105 z okre\u015blonej grupy \u2013 imigrant\u00f3w i muzu\u0142man\u00f3w \u2013 prowadzi\u0142 do wzorca prawnej \u201edelikatno\u015bci\u201d w d\u0105\u017ceniu do sprawiedliwo\u015bci, a w\u0142adze wielokrotnie umniejsza\u0142y lub ignorowa\u0142y antysemicki charakter atak\u00f3w.<\/span><\/p>\n<p style=\"text-align: left;\"><span style=\"color: #000080;\">\u017bydzi byli ofiarami takich morderstw we Francji na wiele lat przed kazaniem Tataia.<\/span><\/p>\n<p style=\"text-align: left;\"><span style=\"color: #000080;\">Wed\u0142ug relacji \u201eGuardiana\u201d z listopada 2018 r. \u201eFrancja jest jedynym krajem w Europie, w kt\u00f3rym \u017bydzi s\u0105 co jaki\u015b czas mordowani za to, \u017ce s\u0105 \u017bydami\u201d. Wymieniaj\u0105c \u201enie mniej ni\u017c 12 \u017byd\u00f3w, kt\u00f3rzy zgin\u0119li we Francji w sze\u015bciu oddzielnych incydentach od 2003 roku\u201d, gazeta dodaje: \u201eW ka\u017cdym z tych przypadk\u00f3w co najmniej jeden ze sprawc\u00f3w pochodzi\u0142 z tego, co Francuzi nazywaj\u0105 <em>minorit\u00e9s visibles<\/em>\u00a0czyli \u201ewidoczne mniejszo\u015bci\u201d, co zazwyczaj odnosi si\u0119 do os\u00f3b pochodzenia p\u00f3\u0142nocnoafryka\u0144skiego lub zachodnioafryka\u0144skiego; w wi\u0119kszo\u015bci przypadk\u00f3w sprawcy byli powi\u0105zani z jak\u0105\u015b form\u0105 ekstremistycznego islamu. Niemal we wszystkich przypadkach ofiarami byli albo \u0142atwo identyfikowani \u017byd\u00f3w, albo osobi\u015bci znajomi sprawcy. Prawie wszyscy sprawcy i ofiary to przedstawiciele ni\u017cszej klasy \u015bredniej, mieszkaj\u0105cy w tych samych mieszanych dzielnicach, na tych samych ulicach co ofiary.<a style=\"color: #000080;\" href=\"https:\/\/www.memri.org\/reports\/french-justice#_edn13\">[13]<\/a><\/span><\/p>\n<p style=\"text-align: left;\"><span style=\"color: #000080;\">Ofiary wymienione w artykule \u201eGuardiana\u201d to: S\u00e9bastien Selam, zamordowany przez Adela Amastaibou; Ilan Halimi, zamordowany przez gang dowodzony przez Youssoufa Fofan\u0119; Jonathan Sandler, Gabriel Sandler, Aryeh Sandler i Myriam Monson\u00e9go, zamordowani przez d\u017cihadyst\u0119 Mohammeda Meraha w atakach d\u017cihadystycznych w Tuluzie i Montauban w 2012 roku; Yohan Cohen, Philippe Braham, Fran\u00e7ois-Michel Saada i Yoav Hattab, zamordowani przez zwi\u0105zanego z ISIS d\u017cihadyst\u0119 Amedy\u2019ego Coulibaly\u2019ego w ataku Hyper Cacher w styczniu 2015 r.; Lucie Attal, znana jako Sarah Halimi, zamordowana przez Kobiliego Traor\u00e9; i Mireille Knoll, zamordowana przez Yacinego Mihouba. <a style=\"color: #000080;\" href=\"https:\/\/www.memri.org\/reports\/french-justice#_edn14\">[14]<\/a><\/span><\/p>\n<h5><strong>Sebastien Selam \u2013 zamordowany przez Adela Abastaibou<\/strong><\/h5>\n<p style=\"text-align: left;\"><span style=\"color: #000080;\">W 2003 roku w Pary\u017cu 23-letni \u017cydowski did\u017cej Sebastien Selam zosta\u0142 brutalnie zamordowany przez swojego przyjaciela z dzieci\u0144stwa Adela Amastaibou. Zab\u00f3jc\u0119 uznano za niepoczytalnego, nie stan\u0105\u0142 przed s\u0105dem i wypuszczano go w weekendy. <a style=\"color: #000080;\" href=\"https:\/\/www.memri.org\/reports\/french-justice#_edn15\">[15]<\/a>\u00a0Pi\u0119tna\u015bcie lat po morderstwie i prawie dziesi\u0119\u0107 lat od procesu, francuski prezydent Macron w 2018 roku przyzna\u0142, co by\u0142o zupe\u0142nie oczywiste od samego pocz\u0105tku \u2013 \u017ce by\u0142o to morderstwo na tle antysemickim.\u00a0<a style=\"color: #000080;\" href=\"https:\/\/www.memri.org\/reports\/french-justice#_edn16\">[16]<\/a>\u00a0<\/span><\/p>\n<h5><strong>Ilan Halimi \u2013 przetrzymywany by\u0142 dla okupu i zamordowany przez gang przest\u0119pc\u00f3w imigrant\u00f3w kierowany przez Youssoufa Fofan\u0119<\/strong><\/h5>\n<p style=\"text-align: left;\"><span style=\"color: #000080;\">W 2006 roku 23-letni Ilan Halimi zosta\u0142 porwany, torturowany i zamordowany przez gang przest\u0119pc\u00f3w imigrant\u00f3w z przedmie\u015b\u0107 Pary\u017ca, kierowany przez Youssoufa Fofan\u0119. <a style=\"color: #000080;\" href=\"https:\/\/www.memri.org\/reports\/french-justice#_edn17\">[17]<\/a>\u00a0Wybrali swoj\u0105 ofiar\u0119 tylko dlatego, \u017ce by\u0142 \u017bydem \u2013 fakt, kt\u00f3rego uznania w\u0142adze francuskie pocz\u0105tkowo odm\u00f3wi\u0142y.\u00a0Jego oprawcy kazali jego rodzinie zdoby\u0107 okup \u201eod waszej synagogi\u201d.\u00a0<a style=\"color: #000080;\" href=\"https:\/\/www.memri.org\/reports\/french-justice#_edn18\">[18]<\/a><\/span><\/p>\n<h5><strong>Sarah Halimi \u2013 zamordowana przez Kobiliego Traor\u00e9<\/strong><\/h5>\n<p style=\"text-align: left;\"><span style=\"color: #000080;\">Wczesnym rankiem 4 kwietnia 2017 roku w Pary\u017cu Sarah Halimi (niespokrewniona z Ilanem Halimi), 65-letnia \u017cydowska emerytowana lekarka i dyrektorka przedszkola, zosta\u0142a pobita i wyrzucona z balkonu na trzecim pi\u0119trze przez swojego muzu\u0142ma\u0144skiego s\u0105siada, 27-letniego Kobiliego Traor\u00e9, kt\u00f3ry w\u0142ama\u0142 si\u0119 do jej mieszkania, gdy spa\u0142a. Skandowa\u0142 wersety Koranu i krzycza\u0142 \u201eAllahu Akbar\u201d, bij\u0105c j\u0105 przez 20 do 30 minut. Traor\u00e9 nie zosta\u0142 uznany za zdolnego do odpowiedzialno\u015bci karnej, poniewa\u017c jego umys\u0142 by\u0142 pod wp\u0142ywem regularnej konsumpcji marihuany. <a style=\"color: #000080;\" href=\"https:\/\/www.memri.org\/reports\/french-justice#_edn19\">[19]<\/a>\u00a0Potrzeba by\u0142o 10 miesi\u0119cy i oburzenia ze strony organizacji \u017cydowskich, w tym demonstracji w ca\u0142ej Francji, a tak\u017ce w Rzymie, Tel Awiwie, Londynie, Los Angeles, Miami i Nowym Jorku, zanim w\u0142adze francuskie zaakceptowa\u0142y element antysemityzmu w jej morderstwie.\u00a0<a style=\"color: #000080;\" href=\"https:\/\/www.memri.org\/reports\/french-justice#_edn20\">[20]<\/a>\u00a0Jej rodzina twierdzi\u0142a, \u017ce antysemicki charakter zbrodni zosta\u0142 zatuszowany z powod\u00f3w politycznych.\u00a0<a style=\"color: #000080;\" href=\"https:\/\/www.memri.org\/reports\/french-justice#_edn21\">[21]<\/a><\/span><\/p>\n<p style=\"text-align: left;\"><span style=\"color: #000080;\">Dopiero interwencja prezydenta Francji Emmanuela Macrona w kwietniu 2021 r. spowodowa\u0142a zmian\u0119 prawa, na mocy kt\u00f3rego mordercy Halimi &#8211; i Selama &#8211; unikn\u0119li odpowiedzialno\u015bci i kary. Prawo zmieniono w grudniu 2021 r. W styczniu 2022 r. trzech francuskich parlamentarzyst\u00f3w prowadzi\u0142o \u015bledztwo w sprawie domniemanego niew\u0142a\u015bciwego post\u0119powania policji i wymiaru sprawiedliwo\u015bci w tej sprawie. Odkryli, \u017ce Traore by\u0142 ju\u017c kilkakrotnie wypuszczany ze szpitala psychiatrycznego, w kt\u00f3rym nakazano mu przebywa\u0107 od czasu pope\u0142nienia morderstwa, i \u017ce wkr\u00f3tce mo\u017ce zosta\u0107 uwolniony. <a style=\"color: #000080;\" href=\"https:\/\/www.memri.org\/reports\/french-justice#_edn22\">[22]<\/a>\u00a0\u201eWashington Post\u201d nazwa\u0142 zab\u00f3jstwo Sarah Halimi podobnym do zab\u00f3jstwa Ilana Halimi, poniewa\u017c w obu przypadkach w\u0142adze francuskie odm\u00f3wi\u0142y uznania antysemickiego charakteru morderstwa lub zbadania ich jako terroryzmu na tle etnicznym i ideologicznym.<a style=\"color: #000080;\" href=\"https:\/\/www.memri.org\/reports\/french-justice#_edn23\">[23]<\/a>\u00a0O zab\u00f3jstwie Sarah Halimi francuski dziennikarz i intelektualista Bernard-Henri L\u00e9vy powiedzia\u0142: \u201eWe Francji zawsze jest ta sama historia. Antysemityzm ma nie istnie\u0107, zw\u0142aszcza w\u015br\u00f3d spo\u0142eczno\u015bci mniejszo\u015bciowych\u201d.\u00a0<a style=\"color: #000080;\" href=\"https:\/\/www.memri.org\/reports\/french-justice#_edn24\">[24]<\/a><\/span><\/p>\n<h5><strong>Mirielle Knoll \u2013 zamordowana przez Yacinego Mihouba<\/strong><\/h5>\n<p style=\"text-align: left;\"><span style=\"color: #000080;\">23 marca 2018 r., r\u00f3wnie\u017c w Pary\u017cu, Mireille Knoll, 85-letnia \u017cydowska kobieta, kt\u00f3ra prze\u017cy\u0142a Holokaust, zosta\u0142a 11 razy d\u017agni\u0119ta no\u017cem i zabita, a jej cia\u0142o zosta\u0142o nast\u0119pnie podpalone przez 29-letniego Yacinego Mihouba, wnuka jej s\u0105siada. Wed\u0142ug doniesie\u0144, jego atak by\u0142 podsycany \u201ekontekstem antysemityzmu\u201d i \u201euprzedzeniami\u201d co do rzekomego bogactwa narodu \u017cydowskiego, co doprowadzi\u0142o go do przekonania, \u017ce Knoll mia\u0142a \u201eukryte skarby\u201d w swoim domu. <a style=\"color: #000080;\" href=\"https:\/\/www.memri.org\/reports\/french-justice#_edn25\">[25]<\/a>\u00a0W listopadzie 2021 roku, ponad trzy lata po zamordowaniu Knoll, Mihoub zosta\u0142 skazany na do\u017cywocie bez mo\u017cliwo\u015bci zwolnienia warunkowego przez 22 lata.\u00a0<a style=\"color: #000080;\" href=\"https:\/\/www.memri.org\/reports\/french-justice#_edn26\">[26]<\/a><\/span><\/p>\n<h5><strong>Ren\u00e9 Hadjaj \u2013 zamordowany przez Rachida Khenichego<\/strong><\/h5>\n<p style=\"text-align: left;\"><span style=\"color: #000080;\">W Lyonie 17 maja 2022 r. Ren\u00e9 Hadjadj, 89-letni \u017byd, zosta\u0142 wyrzucony przez okno swojego mieszkania na 17. pi\u0119trze przez s\u0105siada, 51-letniego Rachida Kheniche. \u015aledczy pocz\u0105tkowo nie oskar\u017cyli Khenichego o przest\u0119pstwo na tle rasowym. <a style=\"color: #000080;\" href=\"https:\/\/www.memri.org\/reports\/french-justice#_edn27\">[27]<\/a>\u00a0Jednak prokurator z Lyonu \u201epoprosi\u0142 s\u0119dzi\u00f3w o rozwa\u017cenie\u201d mo\u017cliwo\u015bci, \u017ce przest\u0119pstwo zosta\u0142o pope\u0142nione z powodu \u201epochodzenia etnicznego, narodowo\u015bci, rasy lub religii Hadjadja\u201d.\u00a0<a style=\"color: #000080;\" href=\"https:\/\/www.memri.org\/reports\/french-justice#_edn28\">[28]<\/a><\/span><\/p>\n<p style=\"text-align: left;\"><span style=\"color: #000080;\">Po raz kolejny ta sama oficjalna niech\u0119\u0107, to samo niepokoj\u0105ce i godne pogardy wahanie przed nazwaniem antysemickiej przemocy, a nawet jawnego antysemickiego morderstwa tym, czym jest. To jest francuska sprawiedliwo\u015b\u0107.<\/span><\/p>\n<hr \/>\n<p><em>* Yigal Carmon jest prezesem MEMRI.<\/em><\/p>\n<p><a title=\"\" href=\"https:\/\/www.memri.org\/reports\/french-justice#_ednref1\">[1]<\/a>\u00a0Tatai is also spelled Tataiat.<\/p>\n<p><a title=\"\" href=\"https:\/\/www.memri.org\/reports\/french-justice#_ednref2\">[2]<\/a>\u00a0Sahih Muslim \u2013 2922, Hadithinenglish.blogspot.com\/2021\/05\/hadith-stone-or-tree-would-say-muslim.html. The exact botanical identity of the gharqad tree referred to in the hadith is not known.<\/p>\n<p><a title=\"\" href=\"https:\/\/www.memri.org\/reports\/french-justice#_ednref3\">[3]<\/a>\u00a0Some modern Islamic scholars have attempted to place the hadith in a very different context than that used by extremists, but this revisionism seems to be very much the minority view.[3] (Abuaminaelias.com\/hadith-of-gharqad-tree) The antisemitic interpretation is as toxic as it is ubiquitous.<\/p>\n<p><a title=\"\" href=\"https:\/\/www.memri.org\/reports\/french-justice#_ednref4\">[4]<\/a>\u00a0In 2017, MEMRI launched a project to monitor and translate sermons by imams in the West. To date, this Sermons by Imams in the West project has published 322 sermons by imams in the U.S, Canada, Europe, and Australia. In several cases in Europe, the MEMRI translations of the sermons led to legal action being taken against the imams.<\/p>\n<p><a title=\"\" href=\"https:\/\/www.memri.org\/reports\/french-justice#_ednref5\">[5]<\/a>\u00a0France3-regions.francetvinfo.fr\/occitanie\/haute-garonne\/toulouse\/toulouse-l-imam-de-la-mosquee-d-empalot-mohamed-tataiat-devant-la-justice-pour-antisemitisme-2158402.html, June 29, 2021.<\/p>\n<p><a title=\"\" href=\"https:\/\/www.memri.org\/reports\/french-justice#_ednref6\">[6]<\/a>\u00a0Le Canard Encha\u00een\u00e9, September 22, 2021.<\/p>\n<p><a title=\"\" href=\"https:\/\/www.memri.org\/reports\/french-justice#_ednref7\">[7]<\/a>\u00a0Lemonde.fr\/societe\/article\/2018\/06\/30\/a-toulouse-ouverture-d-une-enquete-apres-le-preche-d-un-imam_5323602_3224.html, June 30, 2018.<\/p>\n<p><a title=\"\" href=\"https:\/\/www.memri.org\/reports\/french-justice#_ednref8\">[8]<\/a>\u00a0It is noteworthy that a few months later, Le Monde stopped questioning the validity of MEMRI\u2019s translation and began taking Imam Tatai\u2019s case more seriously.<\/p>\n<p><a title=\"\" href=\"https:\/\/www.memri.org\/reports\/french-justice#_ednref9\">[9]<\/a>\u00a0Twitter.com\/Sifaoui\/status\/1076196484981420033, December 21, 2018.<\/p>\n<p><a title=\"\" href=\"https:\/\/www.memri.org\/reports\/french-justice#_ednref10\">[10]<\/a>\u00a0France3-regions.francetvinfo.fr\/occitanie\/haute-garonne\/toulouse\/toulouse-6-mois-d-emprisonnement-avec-sursis-et-une-amende-de-10-000-euros-requis-contre-l-imam-mohamed-tataiat-juge-en-appel-2551764.html, May 30, 2022.<\/p>\n<p><a title=\"\" href=\"https:\/\/www.memri.org\/reports\/french-justice#_ednref11\">[11]<\/a>\u00a0France24.com\/en\/france\/20211015-the-violence-shook-me-profoundly-teachers-students-remember-samuel-paty-s-murder, October 15, 2021.<\/p>\n<p><a title=\"\" href=\"https:\/\/www.memri.org\/reports\/french-justice#_ednref12\">[12]<\/a>\u00a0Ouest-france.fr\/region-occitanie\/toulouse-31000\/six-mois-de-prison-avec-sursis-requis-contre-un-imam-de-toulouse-juge-pour-incitation-a-la-haine-7793352, May 31, 2022.<\/p>\n<p><a title=\"\" href=\"https:\/\/www.memri.org\/reports\/french-justice#_ednref13\">[13]<\/a>\u00a0Theguardian.com\/world\/2018\/nov\/27\/how-the-murders-of-two-elderly-jewish-women-shook-france-antisemitism-mireille-knoll-sarah-halimi, November 27 2018.<\/p>\n<p><a title=\"\" href=\"https:\/\/www.memri.org\/reports\/french-justice#_ednref14\">[14]<\/a>\u00a0Theguardian.com\/world\/2018\/nov\/27\/how-the-murders-of-two-elderly-jewish-women-shook-france-antisemitism-mireille-knoll-sarah-halimi, November 27 2018.<\/p>\n<p><a title=\"\" href=\"https:\/\/www.memri.org\/reports\/french-justice#_ednref15\">[15]<\/a>\u00a0Jpost.com\/magazine\/features\/two-sons-of-france-166349, January 24, 2010.<\/p>\n<p><a title=\"\" href=\"https:\/\/www.memri.org\/reports\/french-justice#_ednref16\">[16]<\/a>\u00a0Jewishnews.co.uk\/president-macron-says-2003-slaying-of-french-jew-was-anti-semitic, May 29, 2018.<\/p>\n<p><a title=\"\" href=\"https:\/\/www.memri.org\/reports\/french-justice#_ednref17\">[17]<\/a>\u00a0France24.com\/en\/20090710-barbarians-gang-leader-gets-life-murder-case-, July 12, 2009.<\/p>\n<p><a title=\"\" href=\"https:\/\/www.memri.org\/reports\/french-justice#_ednref18\">[18]<\/a>\u00a0Washingtonpost.com\/world\/europe\/in-france-the-murder-of-a-jewish-woman-ignites-a-debate-over-terrorism\/2017\/07\/23\/4c79fe28-6bb9-11e7-abbc-a53480672286_story.html, July 23, 2017.<\/p>\n<p><a title=\"\" href=\"https:\/\/www.memri.org\/reports\/french-justice#_ednref19\">[19]<\/a>\u00a0Bbc.com\/news\/world-europe-56929040, May 3, 2021; Theguardian.com\/world\/2021\/apr\/25\/protest-in-france-as-man-accused-of-killing-jewish-woman-avoids-trial, April 25, 2021.<\/p>\n<p><a title=\"\" href=\"https:\/\/www.memri.org\/reports\/french-justice#_ednref20\">[20]<\/a>\u00a0Theguardian.com\/world\/2021\/apr\/25\/protest-in-france-as-man-accused-of-killing-jewish-woman-avoids-trial, April 25, 2021.<\/p>\n<p><a title=\"\" href=\"https:\/\/www.memri.org\/reports\/french-justice#_ednref21\">[21]<\/a>\u00a0Thetimes.co.uk\/article\/antisemitic-killing-hushed-up-for-election-campaigns-zzbfg8x3k, May 23, 2017.<\/p>\n<p><a title=\"\" href=\"https:\/\/www.memri.org\/reports\/french-justice#_ednref22\">[22]<\/a>\u00a0Thejc.com\/news\/world\/sarah-halimi&#8217;s-killer-is-let-out-on-day-release-and-could-soon-be-freed-2Rg4dSrv8wn8lCwM9x1KrH, January 27, 2022.<\/p>\n<p><a title=\"\" href=\"https:\/\/www.memri.org\/reports\/french-justice#_ednref23\">[23]<\/a>\u00a0Nytimes.com\/2006\/03\/05\/world\/europe\/torture-and-death-of-jew-deepen-fears-in-france.html, March 5, 2006; Washingtonpost.com\/world\/europe\/in-france-the-murder-of-a-jewish-woman-ignites-a-debate-over-terrorism\/2017\/07\/23\/4c79fe28-6bb9-11e7-abbc-a53480672286_story.html , July 23, 2017.<\/p>\n<p><a title=\"\" href=\"https:\/\/www.memri.org\/reports\/french-justice#_ednref24\">[24]<\/a>\u00a0Washingtonpost.com\/world\/europe\/in-france-the-murder-of-a-jewish-woman-ignites-a-debate-over-terrorism\/2017\/07\/23\/4c79fe28-6bb9-11e7-abbc-a53480672286_story.html, July 23, 2017.<\/p>\n<p><a title=\"\" href=\"https:\/\/www.memri.org\/reports\/french-justice#_ednref25\">[25]<\/a>\u00a0Bbc.com\/news\/world-europe-59239981, November 10, 2021; Theguardian.com\/world\/2021\/nov\/10\/life-sentence-for-murderer-of-french-holocaust-survivor-mireille-knoll, November 1, 2021.<\/p>\n<p><a title=\"\" href=\"https:\/\/www.memri.org\/reports\/french-justice#_ednref26\">[26]<\/a>\u00a0Theguardian.com\/world\/2021\/nov\/10\/life-sentence-for-murderer-of-french-holocaust-survivor-mireille-knoll, November 10, 2021.<\/p>\n<p><a title=\"\" href=\"https:\/\/www.memri.org\/reports\/french-justice#_ednref27\">[27]<\/a>\u00a0Theguardian.com\/world\/2022\/may\/27\/french-prosecutor-says-antisemitism-suspected-in-of-elderly-man, May 27, 2022; Youtube.com\/watch?v=7nl7JULVd8Q, May 25, 2022.<\/p>\n<p><a title=\"\" href=\"https:\/\/www.memri.org\/reports\/french-justice#_ednref28\">[28]<\/a>\u00a0Theguardian.com\/world\/2022\/may\/27\/french-prosecutor-says-antisemitism-suspected-in-of-elderly-man, May 27, 2022; Youtube.com\/watch?v=7nl7JULVd8Q, May 25, 2022.<\/p>\n<p><strong>Visit the MEMRI site in Polish:\u00a0<\/strong><strong><a href=\"http:\/\/www2.memri.org\/polish\/\" target=\"_blank\" rel=\"noopener noreferrer\">http:\/\/www2.memri.org\/polish\/<\/a><\/strong><\/p>\n<p><a href=\"https:\/\/www.memri.org\/categories\/memri-daily-brief\">MEMRI, Daily Brief<\/a>\u00a0Nr 391, 17 czerwca 2022<\/p>\n<hr style=\"height: 15px; background: #d0e6fa; width: 100%;\" \/>\n<div id=\"content\" class=\"content-alignment\">\n<div id=\"watch-description\" class=\"yt-uix-button-panel\">\n<div id=\"watch-description-text\" style=\"text-align: center;\">\n<p><em>Zawarto\u015b\u0107 publikowanych artyku\u0142\u00f3w i materia\u0142\u00f3w nie reprezentuje pogl\u0105d\u00f3w ani opinii Reunion&#8217;68,<\/em><em><br \/>\nani te\u017c webmastera Blogu Reunion&#8217;68, chyba ze jest to wyra\u017anie zaznaczone.<br \/>\nTwoje uwagi, linki, w\u0142asne artyku\u0142y lub wiadomo\u015bci prze\u015blij na adres:<br \/>\n<\/em><span style=\"color: #000080;\"><strong><em><a style=\"color: #000080;\" href=\"mailto:webmaster@reunion68.com\"><span style=\"text-decoration: underline;\">webmaster@reunion68.com<\/span><\/a><\/em><\/strong><\/span><\/p>\n<\/div>\n<\/div>\n<\/div>\n<hr style=\"width: 100%;\" \/>\n<\/div>\n","protected":false},"excerpt":{"rendered":"<p>Dziwaczna francuska sprawiedliwo\u015b\u0107 Yigal Carmon T\u0142umaczenie: Ma\u0142gorzata Koraszewska . Pi\u0119tnastego grudnia 2017 r. imam Mohamed Tatai\u00a0[1]\u00a0z Wielkiego Meczetu w Tuluzie we Francji wyg\u0142osi\u0142 pi\u0105tkowe kazanie, w kt\u00f3rym odni\u00f3s\u0142 si\u0119 do znanego hadisu o losie \u017byd\u00f3w w Dniu S\u0105du Ostatecznego.\u00a0Hadis brzmi nast\u0119puj\u0105co. \u201eOstatnia godzina nie nadejdzie, a\u017c muzu\u0142manie b\u0119d\u0105 walczy\u0107 z \u017bydami i muzu\u0142manie ich zabij\u0105, [&hellip;]<\/p>\n","protected":false},"author":1,"featured_media":0,"comment_status":"closed","ping_status":"closed","sticky":false,"template":"","format":"standard","meta":[],"categories":[6],"tags":[26,24],"_links":{"self":[{"href":"https:\/\/www.reunion68.se\/index.php?rest_route=\/wp\/v2\/posts\/96244"}],"collection":[{"href":"https:\/\/www.reunion68.se\/index.php?rest_route=\/wp\/v2\/posts"}],"about":[{"href":"https:\/\/www.reunion68.se\/index.php?rest_route=\/wp\/v2\/types\/post"}],"author":[{"embeddable":true,"href":"https:\/\/www.reunion68.se\/index.php?rest_route=\/wp\/v2\/users\/1"}],"replies":[{"embeddable":true,"href":"https:\/\/www.reunion68.se\/index.php?rest_route=%2Fwp%2Fv2%2Fcomments&post=96244"}],"version-history":[{"count":8,"href":"https:\/\/www.reunion68.se\/index.php?rest_route=\/wp\/v2\/posts\/96244\/revisions"}],"predecessor-version":[{"id":96256,"href":"https:\/\/www.reunion68.se\/index.php?rest_route=\/wp\/v2\/posts\/96244\/revisions\/96256"}],"wp:attachment":[{"href":"https:\/\/www.reunion68.se\/index.php?rest_route=%2Fwp%2Fv2%2Fmedia&parent=96244"}],"wp:term":[{"taxonomy":"category","embeddable":true,"href":"https:\/\/www.reunion68.se\/index.php?rest_route=%2Fwp%2Fv2%2Fcategories&post=96244"},{"taxonomy":"post_tag","embeddable":true,"href":"https:\/\/www.reunion68.se\/index.php?rest_route=%2Fwp%2Fv2%2Ftags&post=96244"}],"curies":[{"name":"wp","href":"https:\/\/api.w.org\/{rel}","templated":true}]}}