{"id":9627,"date":"2014-11-26T19:00:36","date_gmt":"2014-11-26T17:00:36","guid":{"rendered":"http:\/\/www.reunion68.se\/?p=9627"},"modified":"2014-11-25T16:14:04","modified_gmt":"2014-11-25T14:14:04","slug":"9627","status":"publish","type":"post","link":"https:\/\/www.reunion68.se\/?p=9627","title":{"rendered":"Odczarowanie \u017byd\u00f3w"},"content":{"rendered":"<h5 style=\"text-align: center;\"><a href=\"http:\/\/kulturaliberalna.pl\/\" target=\"_blank\"><img decoding=\"async\" class=\"center alignleft\" src=\"http:\/\/www.reunion68.com\/Biuletyn\/img\/k-liberalna.png\" alt=\"\" \/><\/a><span style=\"text-decoration: underline; color: #000080;\"><span style=\"text-decoration: underline;\"><strong><a style=\"color: #000080; text-decoration: underline;\" href=\"http:\/\/kulturaliberalna.pl\/2014\/11\/25\/odczarowanie-zydow-sergiusz-kowalski\/\" target=\"_blank\">Odczarowanie \u017byd\u00f3w<\/a><\/strong><\/span><\/span><\/h5>\n<p style=\"text-align: center;\"><span style=\"color: #333333;\"><strong>Sergiusz Kowalski<\/strong><\/span><\/p>\n<hr style=\"height: 15px; background: #d0e6fa; width: 710px;\" \/>\n<div style=\"width: 360px\" class=\"wp-caption alignright\"><img decoding=\"async\" src=\"http:\/\/kulturaliberalna.pl\/wp-content\/uploads\/2014\/11\/ilu3-Tekst-S_Kowalskiego.jpg\" alt=\"\" width=\"350\" \/><p class=\"wp-caption-text\"><span style=\"color: #000080;\"><em>Autorka: Magdalena Marcinkowska<\/em><\/span><\/p><\/div>\n<p style=\"text-align: left;\"><strong><span style=\"color: #333333;\">Po wydaniu ksi\u0105\u017cek Jana Tomasza Grossa pojawi\u0142y si\u0119 opinie, \u017ce temat antysemityzmu mo\u017cna uzna\u0107 w Polsce za zamkni\u0119ty. Te zapowiedzi okaza\u0142y si\u0119 przedwczesne. Mimo pewnych zmian na lepsze, dzi\u015b pogl\u0105dy antysemickie g\u0142osz\u0105 nie tylko radykalne \u015brodowiska narodowo-katolickie, ale r\u00f3wnie\u017c cz\u0119\u015b\u0107 lewicy, cho\u0107 jest to zupe\u0142nie inny antysemityzm.<\/span><\/strong><\/p>\n<p style=\"text-align: left;\"><span style=\"color: #000080;\">Kiedy m\u00f3wimy o stosunkach polsko-\u017cydowskich, nie m\u00f3wimy tak naprawd\u0119 o relacjach mi\u0119dzy konkretnymi, \u017cywymi, stycznymi spo\u0142eczno\u015bciami, albowiem z jednej strony mamy do czynienia ze spo\u0142ecze\u0144stwem polskim \u2013 oczywi\u015bcie nie ca\u0142ym, bo Polacy s\u0105 r\u00f3\u017cni i bardzo r\u00f3\u017cnie my\u015bl\u0105 \u2013 z drugiej jednak wyst\u0119puje raczej wyobra\u017cenie \u017byda, \u017byd symboliczny, \u017byd, kt\u00f3ry nie jest tym, kim jest, tylko tym, jak go widz\u0105. A ludzie postrzegaj\u0105 \u017byd\u00f3w przez pryzmat pewnych z g\u00f3ry przyj\u0119tych za\u0142o\u017ce\u0144.<\/span><\/p>\n<p style=\"text-align: left;\"><span style=\"color: #000080;\">Jednym z takich za\u0142o\u017ce\u0144 mo\u017ce by\u0107 przeszacowywanie liczby \u017byd\u00f3w ponad wszelkie wyobra\u017cenie. St\u0105d ju\u017c tylko krok do tezy, \u017ce \u017bydzi rz\u0105dz\u0105 \u015bwiatem, a szczeg\u00f3lnie Polsk\u0105 i jej instytucjami. W rzeczywisto\u015bci wi\u0119kszo\u015b\u0107 \u017byd\u00f3w \u017cyj\u0105cych dzi\u015b w Polsce to ludzie ze \u015brodowisk zasymilowanych i znaczna cz\u0119\u015b\u0107 w zwi\u0105zku z tym nie zapisuje si\u0119 do \u017cadnych organizacji \u017cydowskich. Najwi\u0119ksza warszawska (z przyleg\u0142o\u015bciami) gmina \u017cydowska, liczy 650 os\u00f3b. Dla por\u00f3wnania: na Ukrainie \u017byd\u00f3w jest 400 tysi\u0119cy.<\/span><\/p>\n<p><span style=\"color: #333333;\"><strong>Antysemityzm to z pewno\u015bci\u0105 nie temat zako\u0144czony i nale\u017cy go nadal dr\u0105\u017cy\u0107. Tym bardziej, \u017ce przybiera dzi\u015b nowe formy.<\/strong><\/span><\/p>\n<p style=\"text-align: left;\"><span style=\"color: #000080;\">Oczywi\u015bcie w ostatnich latach wida\u0107 w Polsce wyra\u017ane zmiany na lepsze. Przynajmniej w wielkich miastach rzadziej natykamy si\u0119 na antysemityzm \u201ena\u015bcienno-kaligraficzny\u201d, czyli wszystkie te szubienice i obra\u017aliwe napisy \u201eJude raus\u201d (ciekawe dlaczego \u201epatrioci\u201d przemawiaj\u0105 po niemiecku?). Za wcze\u015bnie jednak na popadanie w przesadny optymizm.<\/span><\/p>\n<p style=\"text-align: left;\"><span style=\"color: #000080;\">Wy\u015bcig ofiar<\/span><\/p>\n<p style=\"text-align: left;\"><span style=\"color: #000080;\">Jeszcze do niedawna w prawicowych pismach takich jak \u201eNasza Polska\u201d, \u201eNajwy\u017cszy czas!\u201d czy \u201eNasz Dziennik\u201d nie brakowa\u0142o antysemickich karykatur i komentarzy, a jednocze\u015bnie publikowali tam wa\u017cni politycy: pos\u0142owie, wicemarsza\u0142kowie sejmu, ludzie nauki. J\u0119zyk prawicowej prasy je\u015bli z\u0142agodnia\u0142, to w niewielkim stopniu. W tygodniku \u201eGazeta Warszawska\u201d otwarcie Muzeum Historii \u017byd\u00f3w Polskich opisano tak:<\/span><\/p>\n<p style=\"text-align: left;\"><span style=\"color: #000080;\">\u201eBudowa w Warszawie MH\u017bP to pi\u0119kny gest ze strony naszych w\u0142adz zas\u0142uguj\u0105cy na wdzi\u0119czno\u015b\u0107, szacunek ze strony \u015brodowisk \u017cydowskich (\u2026) na ca\u0142ym \u015bwiecie. Wielu Polak\u00f3w liczy\u0142o na wzajemno\u015b\u0107, nawet na swoisty rewan\u017c, polegaj\u0105cy na tym, \u017ce oni sami wyjd\u0105 z inicjatyw\u0105 upami\u0119tnienia w\u0142a\u015bnie w najbli\u017cszym otoczeniu muzeum tych naszych rodak\u00f3w, kt\u00f3rzy oddali \u017cycie, ratuj\u0105c \u017byd\u00f3w podczas niemieckiej okupacji. Nasza polska dziecinna naiwno\u015b\u0107, a m\u00f3wi\u0105c wprost \u2013 g\u0142upota, polegaj\u0105ca na niczym niepopartej wierze, \u017ce kto\u015b d\u0105\u017cy r\u00f3wnie szczerze do pojednania i przyja\u017ani, po raz kolejny powinny zej\u015b\u0107 na ziemi\u0119. Okazuje si\u0119, \u017ce MH\u017bP to tylko kolejny element cynicznej i na zimno stworzonej, perfekcyjnej uk\u0142adanki pod tytu\u0142em \u00abprzedsi\u0119biorstwo Holocaust\u00bb\u201d<\/span>.<\/p>\n<p style=\"text-align: right;\"><span style=\"color: #000080;\">Czytaj dalej tu: <span style=\"text-decoration: underline;\"><strong><a style=\"color: #000080; text-decoration: underline;\" href=\"http:\/\/kulturaliberalna.pl\/2014\/11\/25\/odczarowanie-zydow-sergiusz-kowalski\/\" target=\"_blank\">Odczarowanie \u017byd\u00f3w<\/a><\/strong><\/span><\/span><\/p>\n<hr style=\"height: 15px; background: #d0e6fa; width: 710px;\" \/>\n<div id=\"content\" class=\"  content-alignment&lt;br \/&gt;&lt;br \/&gt; \">\n<div id=\"watch-description\" class=\"yt-uix-button-panel\">\n<div id=\"watch-description-text\">\n<p style=\"text-align: center;\"><span style=\"color: #808080;\"> twoje uwagi, linki, wlasne artykuly, lub wiadomosci przeslij do: <strong><span style=\"text-decoration: underline;\"><span style=\"color: #808080; text-decoration: underline;\"><a href=\"mailto:webmaster@reunion68.com\">webmaster@reunion68.com<\/a><\/span><\/span><\/strong><\/span><\/p>\n<\/div>\n<\/div>\n<\/div>\n<p>&nbsp;<\/p>\n<hr style=\"width: 710px;\" \/>\n","protected":false},"excerpt":{"rendered":"<p>Odczarowanie \u017byd\u00f3w Sergiusz Kowalski Po wydaniu ksi\u0105\u017cek Jana Tomasza Grossa pojawi\u0142y si\u0119 opinie, \u017ce temat antysemityzmu mo\u017cna uzna\u0107 w Polsce za zamkni\u0119ty. Te zapowiedzi okaza\u0142y si\u0119 przedwczesne. Mimo pewnych zmian na lepsze, dzi\u015b pogl\u0105dy antysemickie g\u0142osz\u0105 nie tylko radykalne \u015brodowiska narodowo-katolickie, ale r\u00f3wnie\u017c cz\u0119\u015b\u0107 lewicy, cho\u0107 jest to zupe\u0142nie inny antysemityzm. Kiedy m\u00f3wimy o stosunkach [&hellip;]<\/p>\n","protected":false},"author":1,"featured_media":0,"comment_status":"closed","ping_status":"closed","sticky":false,"template":"","format":"standard","meta":[],"categories":[4],"tags":[24],"_links":{"self":[{"href":"https:\/\/www.reunion68.se\/index.php?rest_route=\/wp\/v2\/posts\/9627"}],"collection":[{"href":"https:\/\/www.reunion68.se\/index.php?rest_route=\/wp\/v2\/posts"}],"about":[{"href":"https:\/\/www.reunion68.se\/index.php?rest_route=\/wp\/v2\/types\/post"}],"author":[{"embeddable":true,"href":"https:\/\/www.reunion68.se\/index.php?rest_route=\/wp\/v2\/users\/1"}],"replies":[{"embeddable":true,"href":"https:\/\/www.reunion68.se\/index.php?rest_route=%2Fwp%2Fv2%2Fcomments&post=9627"}],"version-history":[{"count":17,"href":"https:\/\/www.reunion68.se\/index.php?rest_route=\/wp\/v2\/posts\/9627\/revisions"}],"predecessor-version":[{"id":9645,"href":"https:\/\/www.reunion68.se\/index.php?rest_route=\/wp\/v2\/posts\/9627\/revisions\/9645"}],"wp:attachment":[{"href":"https:\/\/www.reunion68.se\/index.php?rest_route=%2Fwp%2Fv2%2Fmedia&parent=9627"}],"wp:term":[{"taxonomy":"category","embeddable":true,"href":"https:\/\/www.reunion68.se\/index.php?rest_route=%2Fwp%2Fv2%2Fcategories&post=9627"},{"taxonomy":"post_tag","embeddable":true,"href":"https:\/\/www.reunion68.se\/index.php?rest_route=%2Fwp%2Fv2%2Ftags&post=9627"}],"curies":[{"name":"wp","href":"https:\/\/api.w.org\/{rel}","templated":true}]}}