{"id":96270,"date":"2022-06-23T17:05:57","date_gmt":"2022-06-23T15:05:57","guid":{"rendered":"http:\/\/www.reunion68.se\/?p=96270"},"modified":"2022-06-23T06:55:12","modified_gmt":"2022-06-23T04:55:12","slug":"02-05-78","status":"publish","type":"post","link":"https:\/\/www.reunion68.se\/?p=96270","title":{"rendered":"Norway\u2019s new labeling policy is a double standard against Jews &#8211; opinion"},"content":{"rendered":"<h5 style=\"text-align: center;\"><a href=\"https:\/\/www.jpost.com\/\" target=\"_blank\" rel=\"noopener noreferrer\"><img decoding=\"async\" class=\"center alignleft\" src=\"http:\/\/www.reunion68.com\/Biuletyn\/img\/jpost.png\" alt=\"\" width=\"35%\" \/><\/a><span style=\"text-decoration: underline; color: #000080;\"><strong><a style=\"color: #000080; text-decoration: underline;\" href=\"https:\/\/www.jpost.com\/opinion\/article-710087\" target=\"_blank\" rel=\"noopener noreferrer\">Norway\u2019s new labeling policy is a double standard against Jews &#8211; opinion<\/a><\/strong><\/span><\/h5>\n<p style=\"text-align: center;\"><span style=\"color: #000000;\"><strong>CONRAD MYRLAND<\/strong><\/span><\/p>\n<hr style=\"height: 15px; background: #d0e6fa; width: 100%;\" \/>\n<h5 style=\"text-align: center;\"><strong>On June 10th Norway announced that they will be labeling goods from Judea and Samaria. Interestingly, Norway has never adopted a similar ruling for any other disputed areas around the world.<\/strong><\/h5>\n<p style=\"text-align: center;\">.<br \/>\n<img decoding=\"async\" src=\"https:\/\/images.jpost.com\/image\/upload\/f_auto,fl_lossy\/t_JD_ArticleMainImageFaceDetect\/508191\" width=\"100%\" \/><span style=\"color: #808080;\"><em>People attend a demonstration in support of Palestine in Oslo, Norway May 19, 2021 \/ (photo credit: Berit Roald\/NTB\/via REUTERS )<\/em><\/span><\/p>\n<p style=\"text-align: left;\"><span style=\"color: #000080;\">On Friday, June 10th, Norway announced that \u201cfoodstuffs originating in areas occupied by Israel must be marked with the area from which the product comes, and that it comes from an Israeli settlement if that is the case.\u201d<\/span><\/p>\n<p style=\"text-align: left;\"><span style=\"color: #000080;\">In building its case for this new ruling, the government referred to a European Union ruling from 2019. However, this is a measure that the government-leading Labor party \u201cArbeiderpartiet\u201d and the Foreign Minister Anniken Huitfeldt have advocated for years. Already in 2017, a proposal for such discriminatory labeling was voted down after a 64-37 vote in Norway\u2019s Parliament. In 2020, they tried again, but the proposal failed to pass once more. Labor\u2019s coalition partner, the Center Party \u201cSenterpartiet,\u201d has voted against the labeling both times but now has given in to pressure to accept the measure.<\/span><\/p>\n<p style=\"text-align: left;\"><span style=\"color: #000080;\">The labeling of goods from Judea and Samaria is reprehensible, primarily because of its double standard, as Norway has never adopted a similar ruling for any other disputed areas around the world.<\/span><\/p>\n<p style=\"text-align: left;\"><span style=\"color: #000080;\">In fact, Norway has allowed the state-owned Telenor company to offer services to settlers in the Nagorno-Karabakh region which is claimed by both Azerbaijan and Armenia. Norway also allows Turkish Airlines, which transports settlers in and out of Northern Cyprus daily, to operate out of Norwegian airports. Norway does not discourage economic relations with the large Swedish company Trelleborg, which has supplied equipment for water supplies to Northern Cyprus. Norway is not asking its industry companies to stop cooperation with the German industrial giant Siemens, which supplies wind energy to Western Sahara.<\/span><\/p>\n<p style=\"text-align: left;\"><span style=\"color: #000080;\">What about all the other 150 land and sea areas that are disputed, not only in Africa and Asia, but also in Europe? Should Norway start labeling these goods as well? Should Norwegian governments begin to discourage economic relations with all disputed areas that we believe are doing something wrong?<\/span><\/p>\n<p style=\"text-align: left;\"><span style=\"color: #000080;\">The EU regulation is not a decision that Norway, a non-EU member, is obliged to follow, and a number of EU countries have chosen not to take the decision into account. It is strange that the Center Party, which is so opposed to EU policy in Norway, has agreed to introduce one of the most grotesque EU decisions from recent years.<\/span><\/p>\n<p style=\"text-align: left;\"><span style=\"color: #000080;\">Norway\u2019s Foreign Ministry claims that \u201cNorway considers the Israeli settlements in the occupied territories to be contrary to international law.\u201d If international law is applied fairly, there is no basis for saying that the settlements are illegal. Facts show that the Israeli settlements are not the biggest obstacle to peace either, as the Israeli residential and agricultural areas in Judea and Samaria cover only 2.7 percent of the area.<\/span><\/p>\n<p style=\"text-align: left;\"><span style=\"color: #000080;\">\u201cThe settlements are not the whole and not the main cause of the conflict \u2013 of course, they are not. Nor can you say that if they were moved, you would have peace without a more comprehensive agreement \u2013 you would not\u2026\u201d said John Kerry, President Barack Obama\u2019s Secretary of State, in 2016. If Norwegian and other European leaders had echoed this sentiment, they would have contributed to peace. Now, with this double standard labeling, they are just fueling the conflict further.<\/span><\/p>\n<p style=\"text-align: left;\"><span style=\"color: #000080;\">The Palestinian leadership, according to the still-valid 1995 Interim Agreement (also known as Oslo 2), agreed to Israel\u2019s continued presence in Judea and Samaria pending final status negotiations, without any restrictions on either party in planning, zoning, or building homes and communities, showing that the allegations that Israel\u2019s presence in the area is illegal have no legal basis.<\/span><\/p>\n<p style=\"text-align: left;\"><span style=\"color: #000080;\">So, let\u2019s put the right label on Norway\u2019s new policy: This is a double standard directed only at Jews living in places the government in Oslo does not like to see them live and thrive.<\/span><\/p>\n<div class=\"fake-br-for-article-body\">\n<hr \/>\n<\/div>\n<p><span style=\"color: #808080;\"><em><strong>Conrad Myrland<\/strong> is the CEO of Med Israel for fred (MIFF, With Israel for peace), a pro-Israel group in Norway. MIFF is also active in Sweden, Denmark and Iceland. \u00a0<\/em><\/span><\/p>\n<h3 class=\"fake-br-for-article-body\" style=\"text-align: center;\"><span style=\"color: #808080;\">*<\/span><\/h3>\n<p><span style=\"color: #808080;\"><em>This op-ed is published in partnership with a coalition of organizations that fight antisemitism across the world. Read the previous article by<strong>\u00a0<a style=\"color: #808080;\" href=\"https:\/\/www.jpost.com\/opinion\/article-709206\" target=\"_blank\" rel=\"noopener noreferrer\">Jackie Goodall.<\/a><\/strong><\/em><\/span><\/p>\n<hr style=\"height: 15px; background: #d0e6fa; width: 100%;\" \/>\n<div id=\"content\" class=\"content-alignment\">\n<div id=\"watch-description\" class=\"yt-uix-button-panel\">\n<div id=\"watch-description-text\" style=\"text-align: center;\">\n<p><em>Zawarto\u015b\u0107 publikowanych artyku\u0142\u00f3w i materia\u0142\u00f3w nie reprezentuje pogl\u0105d\u00f3w ani opinii Reunion&#8217;68,<\/em><em><br \/>\nani te\u017c webmastera Blogu Reunion&#8217;68, chyba ze jest to wyra\u017anie zaznaczone.<br \/>\nTwoje uwagi, linki, w\u0142asne artyku\u0142y lub wiadomo\u015bci prze\u015blij na adres:<br \/>\n<\/em><span style=\"color: #000080;\"><strong><em><a style=\"color: #000080;\" href=\"mailto:webmaster@reunion68.com\"><span style=\"text-decoration: underline;\">webmaster@reunion68.com<\/span><\/a><\/em><\/strong><\/span><\/p>\n<\/div>\n<\/div>\n<\/div>\n<hr style=\"width: 100%;\" \/>\n","protected":false},"excerpt":{"rendered":"<p>Norway\u2019s new labeling policy is a double standard against Jews &#8211; opinion CONRAD MYRLAND On June 10th Norway announced that they will be labeling goods from Judea and Samaria. Interestingly, Norway has never adopted a similar ruling for any other disputed areas around the world. . People attend a demonstration in support of Palestine in [&hellip;]<\/p>\n","protected":false},"author":1,"featured_media":0,"comment_status":"closed","ping_status":"closed","sticky":false,"template":"","format":"standard","meta":[],"categories":[6],"tags":[26,24],"_links":{"self":[{"href":"https:\/\/www.reunion68.se\/index.php?rest_route=\/wp\/v2\/posts\/96270"}],"collection":[{"href":"https:\/\/www.reunion68.se\/index.php?rest_route=\/wp\/v2\/posts"}],"about":[{"href":"https:\/\/www.reunion68.se\/index.php?rest_route=\/wp\/v2\/types\/post"}],"author":[{"embeddable":true,"href":"https:\/\/www.reunion68.se\/index.php?rest_route=\/wp\/v2\/users\/1"}],"replies":[{"embeddable":true,"href":"https:\/\/www.reunion68.se\/index.php?rest_route=%2Fwp%2Fv2%2Fcomments&post=96270"}],"version-history":[{"count":5,"href":"https:\/\/www.reunion68.se\/index.php?rest_route=\/wp\/v2\/posts\/96270\/revisions"}],"predecessor-version":[{"id":96282,"href":"https:\/\/www.reunion68.se\/index.php?rest_route=\/wp\/v2\/posts\/96270\/revisions\/96282"}],"wp:attachment":[{"href":"https:\/\/www.reunion68.se\/index.php?rest_route=%2Fwp%2Fv2%2Fmedia&parent=96270"}],"wp:term":[{"taxonomy":"category","embeddable":true,"href":"https:\/\/www.reunion68.se\/index.php?rest_route=%2Fwp%2Fv2%2Fcategories&post=96270"},{"taxonomy":"post_tag","embeddable":true,"href":"https:\/\/www.reunion68.se\/index.php?rest_route=%2Fwp%2Fv2%2Ftags&post=96270"}],"curies":[{"name":"wp","href":"https:\/\/api.w.org\/{rel}","templated":true}]}}