{"id":96450,"date":"2022-07-02T17:00:39","date_gmt":"2022-07-02T15:00:39","guid":{"rendered":"http:\/\/www.reunion68.se\/?p=96450"},"modified":"2022-07-02T09:15:36","modified_gmt":"2022-07-02T07:15:36","slug":"02-05-79","status":"publish","type":"post","link":"https:\/\/www.reunion68.se\/?p=96450","title":{"rendered":"US, World Leaders Congratulate Newly-Appointed Israeli Prime Minister Yair Lapid"},"content":{"rendered":"<h5 style=\"text-align: center;\"><a href=\"https:\/\/www.algemeiner.com\/\" target=\"_blank\" rel=\"noopener noreferrer\"><img decoding=\"async\" class=\"center alignleft\" src=\"http:\/\/www.reunion68.com\/Biuletyn\/img\/algem.png\" alt=\"\" width=\"35%\" \/><\/a><span style=\"text-decoration: underline; color: #000080;\"><span><strong><a style=\"color: #000080; text-decoration: underline;\" href=\"https:\/\/www.algemeiner.com\/2022\/07\/01\/us-world-leaders-congratulate-newly-appointed-israeli-prime-minister-yair-lapid\/\" target=\"_blank\" rel=\"noopener noreferrer\">US, World Leaders Congratulate Newly-Appointed Israeli Prime Minister Yair Lapid<\/a><\/strong><\/span><\/span><\/h5>\n<p style=\"text-align: center;\"><span style=\"color: #000000;\"><strong>Algemeiner Staff<\/strong><\/span><\/p>\n<hr style=\"height: 15px; background: #d0e6fa; width: 100%;\" \/>\n<p style=\"text-align: center;\"><img decoding=\"async\" class=\"aligncenter\" src=\"https:\/\/www.algemeiner.com\/wp-content\/uploads\/2022\/06\/2022-06-20T155327Z_1_LYNXMPEI5J0IO_RTROPTP_4_ISRAEL-SAUDI-DIPLOMACY-1.jpg\" width=\"100%\" \/><span style=\"color: #808080;\"><em>Newly-installed Israeli Prime Minister Yair Lapid. Photo: Reuters\/Abir Sultan<\/em><\/span><\/p>\n<p style=\"text-align: left;\"><span style=\"color: #000080;\">World leaders offered congratulations to newly-installed Israeli Prime Minister Yair Lapid on Friday, as the foreign minister took the helm from outgoing premier Naftali Bennett ahead of elections in November.<\/span><\/p>\n<p style=\"text-align: left;\"><span style=\"color: #000080;\">US President Joe Biden was one of the first to send Lapid his good wishes, highlighting his forthcoming visit to Israel.<\/span><\/p>\n<p style=\"text-align: left;\"><span style=\"color: #000080;\"><span class=\"css-901oao css-16my406 r-poiln3 r-bcqeeo r-qvutc0\">\u201cCongratulations to Yair Lapid,\u00a0<\/span><span class=\"css-901oao css-16my406 r-poiln3 r-bcqeeo r-qvutc0\">Israel\u2019s new Prime Minister, and thank you to Alternate Prime Minister Naftali Bennett for your friendship over the past year,\u201d Biden tweeted. \u201c<\/span><span class=\"css-901oao css-16my406 r-poiln3 r-bcqeeo r-qvutc0\">I look forward to seeing you both in July to celebrate the unbreakable US-Israel partnership.\u201d<\/span><\/span><\/p>\n<p style=\"text-align: left;\"><span style=\"color: #000080;\">Speaking on Thursday, Biden emphasized that one of the goals of his visit was to \u201cdeepen Israel\u2019s integration in the region, which I think we\u2019re going to be able to do and which is good \u2014 good for peace and good for Israeli security.\u201d Biden added that Israeli leaders had \u201ccome out so strongly\u201d in favor of him visiting Saudi Arabia for this reason.<\/span><\/p>\n<p style=\"text-align: left;\"><span style=\"color: #000080;\">Responding to Biden, Lapid tweeted that the \u201cties between Israel and the United States are unbreakable. They are based on deep foundations of shared values and a common vision for the future. I look forward to welcoming you to Israel and strengthening the unique alliance between us.\u201d<\/span><\/p>\n<p style=\"text-align: left;\"><span style=\"color: #000080;\">US Secretary of State Antony Blinken also congratulated Lapid. \u201cI look forward to continuing to work closely with Prime Minister Lapid to bolster all aspects of the enduring US-Israel partnership and to counter shared threats,\u201d Blinken said in a statement on Friday. \u201cAt the same time, I would like to recognize outgoing Prime Minister Naftali Bennett for his leadership as Israel\u2019s premier over the past year and thank him for his continued efforts as Alternate Prime Minister and Minister of Religious Affairs. The bond between the United States and Israel has never been stronger.\u201d<\/span><\/p>\n<p style=\"text-align: left;\"><span style=\"color: #000080;\">Other international leaders to offer their support to Lapid included India\u2019s Prime Minister, Narendra Modi. \u201c<span class=\"css-901oao css-16my406 r-poiln3 r-bcqeeo r-qvutc0\">Warm wishes and heartiest congratulations to His Excellency Yair Lapid\u00a0<\/span>for assuming the premiership of Israel,\u201d Modi tweeted. \u201cI look forward to continue furthering our strategic partnership as we celebrate 30 years of full diplomatic relations.\u201d<\/span><\/p>\n<p style=\"text-align: left;\"><span style=\"color: #000080;\">British Foreign Secretary Liz Truss tweeted that she was \u201clooking forward\u00a0<span class=\"css-901oao css-16my406 r-poiln3 r-bcqeeo r-qvutc0\">to working with my good friend Yair Lapid\u00a0<\/span>as he becomes Israel\u2019s 14th Prime Minister. The UK-Israel relationship continues to go from strength to strength, bringing prosperity and upholding security for both nations.\u201d<\/span><\/p>\n<p style=\"text-align: left;\"><span style=\"color: #000080;\">Jewish organizations also welcomed Lapid\u2019s appointment. The American Jewish Committee extended the new premier its \u201cheartfelt congratulations,\u201d while B\u2019nai B\u2019rith International wished him \u201csuccess in protecting and uplifting the people of Israel.\u201d<\/span><\/p>\n<hr style=\"height: 15px; background: #d0e6fa; width: 100%;\" \/>\n<div id=\"content\" class=\"content-alignment\">\n<div id=\"watch-description\" class=\"yt-uix-button-panel\">\n<div id=\"watch-description-text\" style=\"text-align: center;\">\n<p><em>Zawarto\u015b\u0107 publikowanych artyku\u0142\u00f3w i materia\u0142\u00f3w nie reprezentuje pogl\u0105d\u00f3w ani opinii Reunion&#8217;68,<\/em><em><br \/>\nani te\u017c webmastera Blogu Reunion&#8217;68, chyba ze jest to wyra\u017anie zaznaczone.<br \/>\nTwoje uwagi, linki, w\u0142asne artyku\u0142y lub wiadomo\u015bci prze\u015blij na adres:<br \/>\n<\/em><span style=\"color: #000080;\"><strong><em><a style=\"color: #000080;\" href=\"mailto:webmaster@reunion68.com\"><span style=\"text-decoration: underline;\">webmaster@reunion68.com<\/span><\/a><\/em><\/strong><\/span><\/p>\n<\/div>\n<\/div>\n<\/div>\n<hr style=\"width: 100%;\" \/>\n","protected":false},"excerpt":{"rendered":"<p>US, World Leaders Congratulate Newly-Appointed Israeli Prime Minister Yair Lapid Algemeiner Staff Newly-installed Israeli Prime Minister Yair Lapid. Photo: Reuters\/Abir Sultan World leaders offered congratulations to newly-installed Israeli Prime Minister Yair Lapid on Friday, as the foreign minister took the helm from outgoing premier Naftali Bennett ahead of elections in November. US President Joe Biden [&hellip;]<\/p>\n","protected":false},"author":1,"featured_media":0,"comment_status":"closed","ping_status":"closed","sticky":false,"template":"","format":"standard","meta":[],"categories":[3],"tags":[26,24],"_links":{"self":[{"href":"https:\/\/www.reunion68.se\/index.php?rest_route=\/wp\/v2\/posts\/96450"}],"collection":[{"href":"https:\/\/www.reunion68.se\/index.php?rest_route=\/wp\/v2\/posts"}],"about":[{"href":"https:\/\/www.reunion68.se\/index.php?rest_route=\/wp\/v2\/types\/post"}],"author":[{"embeddable":true,"href":"https:\/\/www.reunion68.se\/index.php?rest_route=\/wp\/v2\/users\/1"}],"replies":[{"embeddable":true,"href":"https:\/\/www.reunion68.se\/index.php?rest_route=%2Fwp%2Fv2%2Fcomments&post=96450"}],"version-history":[{"count":6,"href":"https:\/\/www.reunion68.se\/index.php?rest_route=\/wp\/v2\/posts\/96450\/revisions"}],"predecessor-version":[{"id":96483,"href":"https:\/\/www.reunion68.se\/index.php?rest_route=\/wp\/v2\/posts\/96450\/revisions\/96483"}],"wp:attachment":[{"href":"https:\/\/www.reunion68.se\/index.php?rest_route=%2Fwp%2Fv2%2Fmedia&parent=96450"}],"wp:term":[{"taxonomy":"category","embeddable":true,"href":"https:\/\/www.reunion68.se\/index.php?rest_route=%2Fwp%2Fv2%2Fcategories&post=96450"},{"taxonomy":"post_tag","embeddable":true,"href":"https:\/\/www.reunion68.se\/index.php?rest_route=%2Fwp%2Fv2%2Ftags&post=96450"}],"curies":[{"name":"wp","href":"https:\/\/api.w.org\/{rel}","templated":true}]}}