{"id":96546,"date":"2022-07-05T17:09:43","date_gmt":"2022-07-05T15:09:43","guid":{"rendered":"http:\/\/www.reunion68.se\/?p=96546"},"modified":"2022-07-05T06:50:46","modified_gmt":"2022-07-05T04:50:46","slug":"14-09-71","status":"publish","type":"post","link":"https:\/\/www.reunion68.se\/?p=96546","title":{"rendered":"Turcja uderza na Irak, Syri\u0119, Cypr i Grecj\u0119"},"content":{"rendered":"<p style=\"text-align: center;\"><img decoding=\"async\" class=\"aligncenter\" src=\"https:\/\/www.gatestoneinstitute.org\/pics\/2875.jpg\" width=\"100%\" \/><span style=\"color: #808080;\"><em>Nowa turecka inwazja wojskowa na p\u00f3\u0142nocn\u0105 Syri\u0119, og\u0142oszona pod koniec maja przez prezydenta Recepa Tayyipa Erdogana, oznacza, \u017ce Turcja po raz kolejny zaatakuje Kurd\u00f3w w Syrii, pr\u00f3buj\u0105c wypchn\u0105\u0107 ich z regionu i przej\u0105\u0107 ich ziemie. Jednak tak si\u0119 sk\u0142ada, \u017ce te kurdyjskie grupy, kt\u00f3re Erdogan nazywa &#8220;terrorystami&#8221;, s\u0105 sojusznikami USA, kt\u00f3rzy walczyli z ISIS. Na zdj\u0119ciu: Kurdowie na pogrzebie cywila i wojowniczki z, w przewa\u017caj\u0105cej mierze kurdyjskich, Kobiecych Jednostek Obrony, kt\u00f3rzy zgin\u0119li w ataku tureckich dron\u00f3w w Qamishli, w p\u00f3\u0142nocnowschodniej Syrii 5 czerwca 2022 r. (Zdj\u0119cie: Delil Souleiman\/AFP via Getty Images)<\/em><\/span><\/p>\n<hr \/>\n<h5 style=\"text-align: center;\"><a href=\"https:\/\/pl.gatestoneinstitute.org\/\" target=\"_blank\" rel=\"noopener noreferrer\"><img decoding=\"async\" class=\"center alignleft\" src=\"https:\/\/pl.gatestoneinstitute.org\/images\/gatestone-logo-1000.gif\" alt=\"\" width=\"50%\" \/><\/a><span style=\"text-decoration: underline; color: #000080;\"><span style=\"text-decoration: underline;\"><strong><a style=\"color: #000080; text-decoration: underline;\" href=\"https:\/\/pl.gatestoneinstitute.org\/18676\/turcja-uderza-irak-syrie-cypr-grecje\" target=\"_blank\" rel=\"noopener noreferrer\">Turcja uderza na Irak, Syri\u0119, Cypr i Grecj\u0119<\/a><\/strong><\/span><\/span><\/h5>\n<p style=\"text-align: center;\"><span style=\"color: #000000;\"><strong>Uzay Bulut<\/p>\n<p><\/strong><span style=\"color: #808080;\">T\u0142umaczenie:<\/span><strong> Andrzej Koraszewski<\/strong><\/span><\/p>\n<hr style=\"height: 15px; background: #d0e6fa; width: 100%;\" \/>\n<div class=\"article_body itemprop_articlebody\">\n<p style=\"text-align: left;\"><span style=\"color: #000080;\">Prezydent Turcji Recep Tayyip Erdogan ponownie wszczyna awantury w regionie. Tym razem grozi nie tylko Grecji, ale tak\u017ce Kurdom w p\u00f3\u0142nocnej Syrii i Iraku oraz Jazydom w ich ojczy\u017anie Sind\u017car w Iraku.<\/span><\/p>\n<p style=\"text-align: left;\"><span style=\"color: #000080;\">Jego neo-osma\u0144skie ambicje w regionie wydaj\u0105 si\u0119 by\u0107 g\u0142\u00f3wnym motywem tej agresywnej polityki. W 2023 roku republika Turcji b\u0119dzie obchodzi\u0107 setn\u0105 rocznic\u0119 swojego istnienia. Erdogan publicznie \u017c\u0105da cz\u0119\u015bci p\u00f3\u0142nocnej Syrii oraz Sind\u017caru i Kirkuku w Iraku jako cz\u0119\u015bci Turcji w ramach swoich marze\u0144 o nowym Imperium Osma\u0144skim. Na przyk\u0142ad w 2016 roku\u00a0<a style=\"color: #000080;\" href=\"https:\/\/www.hurriyet.com.tr\/gundem\/erdogan-turkiye-sadece-turkiye-degildir-40250602\" target=\"_blank\" rel=\"noopener noreferrer\">przywo\u0142a\u0142<\/a>\u00a0<i>Misak-\u0131 Milli<\/i>\u00a0&#8211; &#8220;Pakt Narodowy&#8221;, kt\u00f3ry zawiera sze\u015b\u0107 decyzji dotycz\u0105cych granic Imperium Osma\u0144skiego, uchwalony przez ostatni osma\u0144ski parlament w 1920 roku. Ten Pakt Narodowy obejmuje tureckie roszczenia do cz\u0119\u015bci Iraku i Syrii. &#8220;Mamy obowi\u0105zki zgodne z Misak-\u0131 Milli&#8221; \u2013\u00a0<a style=\"color: #000080;\" href=\"https:\/\/www.hurriyet.com.tr\/gundem\/erdogan-turkiye-sadece-turkiye-degildir-40250602\" target=\"_blank\" rel=\"noopener noreferrer\">powiedzia\u0142<\/a>\u00a0w 2016 roku Erdogan.<\/span><\/p>\n<blockquote>\n<p style=\"text-align: left;\"><strong>&#8220;Je\u015bli chodzi o Irak, Syri\u0119, Libi\u0119, Krym, Karabach, Bo\u015bni\u0119 i inne bratnie regiony, jest to zar\u00f3wno obowi\u0105zek, jak i prawo Turcji. Turcja to nie tylko Turcja&#8230; Nasze obecne granice r\u00f3\u017cni\u0105 si\u0119 od granic, kt\u00f3re mamy w naszych sercach&#8221;.<\/strong><\/p>\n<\/blockquote>\n<p style=\"text-align: left;\"><span style=\"color: #000080;\">Zgodnie z t\u0105 ekspansjonistyczn\u0105 ideologi\u0105, pod koniec maja 2022 roku Erdogan og\u0142osi\u0142 now\u0105 inwazj\u0119 na p\u00f3\u0142nocn\u0105 Syri\u0119, aby stworzy\u0107 30-kilometrow\u0105 &#8220;bezpieczn\u0105 stref\u0119&#8221; w Syrii wzd\u0142u\u017c po\u0142udniowej granicy Turcji. &#8220;B\u0119dziemy oczyszcza\u0107 Tell Rifaat i Manbij w Syrii z terroryst\u00f3w&#8221; \u2013\u00a0<a style=\"color: #000080;\" href=\"https:\/\/m.bianet.org\/english\/world\/262737-erdogan-names-two-towns-in-syria-for-new-military-offensive-us-reiterates-opposition\" target=\"_blank\" rel=\"noopener noreferrer\">powiedzia\u0142<\/a>\u00a0Erdogan. Oznacza to, \u017ce Turcja po raz kolejny zaatakuje Kurd\u00f3w w Syrii, pr\u00f3buj\u0105c wypchn\u0105\u0107 ich z regionu i zagarn\u0105\u0107 ich ziemie. Jednak tak si\u0119 sk\u0142ada, \u017ce te kurdyjskie grupy, kt\u00f3re Erdogan nazywa &#8220;terrorystami&#8221;, s\u0105 sojusznikami USA, kt\u00f3rzy walczyli z ISIS.<\/span><\/p>\n<p style=\"text-align: left;\"><span style=\"color: #000080;\">5 czerwca Syria\u00a0<a style=\"color: #000080;\" href=\"https:\/\/www.rudaw.net\/english\/middleeast\/syria\/05062022\" target=\"_blank\" rel=\"noopener noreferrer\">pot\u0119pi\u0142a<\/a>\u00a0niedawne ataki Turcji na p\u00f3\u0142nocy kraju, nazywaj\u0105c je &#8220;pogwa\u0142ceniem prawa mi\u0119dzynarodowego&#8221; i jej suwerenno\u015bci. Ministerstwo Spraw Zagranicznych Syrii wyda\u0142o o\u015bwiadczenie stwierdzaj\u0105c, \u017ce \u015bledz\u0105 &#8220;wrogie&#8221; dzia\u0142ania Turcji i jej ci\u0105g\u0142e naruszenia suwerenno\u015bci Syrii, kt\u00f3re &#8220;poch\u0142on\u0119\u0142y \u017cycie wielu niewinnych ludzi&#8221;.<\/span><\/p>\n<p style=\"text-align: left;\"><span style=\"color: #000080;\">Tymczasem ekspansjonistyczna polityka Erdogana wci\u0105\u017c jest skierowana mi\u0119dzy innymi na Irak, greckie wyspy na Morzu Egejskim i okupowan\u0105 przez Turcj\u0119 p\u00f3\u0142nocn\u0105 cz\u0119\u015b\u0107 Republiki Cypryjskiej.<\/span><\/p>\n<p style=\"text-align: left;\"><span style=\"color: #000080;\">Na przyk\u0142ad Jazydzi w Iraku byli ofiarami nalot\u00f3w przeprowadzanych przez Turcj\u0119, kt\u00f3ra wykorzystuje obecno\u015b\u0107 Sind\u017carskich Jednostek Ruchu Oporu (YBS) jako pretekstu do zbombardowania ojczyzny Jazyd\u00f3w, Sind\u017caru,\u00a0<a style=\"color: #000080;\" href=\"https:\/\/www.rudaw.net\/english\/middleeast\/turkey\/250420223\" target=\"_blank\" rel=\"noopener noreferrer\">udaj\u0105c<\/a>, \u017ce walczy z Parti\u0105 Pracuj\u0105cych Kurdystanu (PKK). Ankara\u00a0<a style=\"color: #000080;\" href=\"https:\/\/www.aa.com.tr\/en\/turkey\/turkish-militarys-claw-operations-decimate-pkk-terror-nests-in-northern-iraq-\/2575649#:~:text=This%20April%2017%2C%20Turkish%20security,terrorist%20ringleaders%20were%20hiding%20out.\" target=\"_blank\" rel=\"noopener noreferrer\">twierdzi<\/a>, \u017ce jej celem jest PKK, zbrojne ugrupowanie kurdyjskie walcz\u0105ce o autonomi\u0119 dla wi\u0119kszo\u015bci kurdyjskiego po\u0142udniowo-wschodniego regionu Turcji, od dawna uwa\u017cane przez Turcj\u0119 za organizacj\u0119 terrorystyczn\u0105. Tymczasem pojawia si\u0119 coraz wi\u0119cej dowod\u00f3w na to, \u017ce ten sam rz\u0105d turecki przez lata\u00a0<a style=\"color: #000080;\" href=\"https:\/\/besacenter.org\/turkey-isis-relationship\/\" target=\"_blank\" rel=\"noopener noreferrer\">wspiera\u0142 i umo\u017cliwia\u0142<\/a>\u00a0istnienie prawdziwej organizacji terrorystycznej, Pa\u0144stwa Islamskiego (ISIS).<\/span><\/p>\n<p style=\"text-align: left;\"><span style=\"color: #000080;\">Tureckie ataki nadal powoduj\u0105 traum\u0119 u Jazyd\u00f3w, rdzennej, niemuzu\u0142ma\u0144skiej ludno\u015bci Iraku. Ta pokojowa spo\u0142eczno\u015b\u0107 stoi w obliczu zagro\u017ce\u0144 egzystencjalnych ze strony g\u0142\u00f3wnych si\u0142 zbrojnych w regionie. Dotkn\u0119\u0142y ich ataki armii irackiej; trwaj\u0105ce konsekwencje ludob\u00f3jstwa dokonanego przez ISIS w 2014 r. oraz powtarzaj\u0105ce si\u0119 tureckie naloty lotnicze. Mi\u0119dzy 1 a 5 maja tysi\u0105ce Jazyd\u00f3w zosta\u0142o zmuszonych do ucieczki, gdy szala\u0142y walki mi\u0119dzy jazydzkimi jednostkami ruchu oporu Sind\u017car (YBS) a irack\u0105 armi\u0105 w Sind\u017car.<\/span><\/p>\n<p style=\"text-align: left;\"><span style=\"color: #000080;\">YBS powsta\u0142y w 2014 roku, by walczy\u0107 z ISIS, kt\u00f3re pr\u00f3bowa\u0142o wymordowa\u0107 Jazyd\u00f3w. YBS nigdy nie by\u0142o na \u017cadnej li\u015bcie terroryst\u00f3w i od 2016 roku finansowane s\u0105 przez irackie Ministerstwo Obrony.<\/span><\/p>\n<p style=\"text-align: left;\"><span style=\"color: #000080;\">Jazydzka organizacja praw cz\u0142owieka, Yazda,\u00a0<a style=\"color: #000080;\" href=\"https:\/\/irp.cdn-website.com\/16670504\/files\/uploaded\/Yazda_Publication_2021_CommProgram2021_15022022_vf_EN.pdf\" target=\"_blank\" rel=\"noopener noreferrer\">poinformowa\u0142a<\/a>\u00a0w 2021 r.:<\/span><\/p>\n<blockquote>\n<p style=\"text-align: left;\"><strong>&#8220;Ludob\u00f3jstwo Jazyd\u00f3w w Iraku rozpocz\u0119\u0142o si\u0119 3 sierpnia 2014 r. zorganizowanymi militarnymi i ochotniczymi dzia\u0142aniami Da&#8217;esh i ich sprzymierze\u0144c\u00f3w zmierzaj\u0105cymi do eksterminacji, co doprowadzi\u0142o do akt\u00f3w wojny i ludob\u00f3jstwa, w tym masowych zbrodni, masakr, systematycznych uprowadze\u0144, zniewolenia kobiet i dzieci , przymusowych nawr\u00f3ce\u0144 i przymusowych wysiedle\u0144 tysi\u0119cy naszych ludzi. Siedem lat p\u00f3\u017aniej ludob\u00f3jstwo trwa nadal, ponad 2900 Jazyd\u00f3w wci\u0105\u017c pozostaje w niewoli, ponad 200 000 IDPs i uchod\u017ac\u00f3w nie mo\u017ce wr\u00f3ci\u0107 do swoich dom\u00f3w w Sind\u017car i na r\u00f3wninie Niniwy. Zniszczono nasz\u0105 ojczyzn\u0119, kt\u00f3ra nadal boryka si\u0119 z niepewno\u015bci\u0105 polityczn\u0105, brakiem bezpiecze\u0144stwa, z ekonomiczn\u0105 i spo\u0142eczn\u0105 dyskryminacj\u0105&#8221;.<\/strong><\/p>\n<\/blockquote>\n<p style=\"text-align: left;\"><span style=\"color: #000080;\">W efekcie ludob\u00f3jstwa\u00a0<a style=\"color: #000080;\" href=\"https:\/\/freeyezidi.org\/\" target=\"_blank\" rel=\"noopener noreferrer\">dokonanego<\/a>\u00a0przez ISIS w 2014 r. 10 000 Jazyd\u00f3w zosta\u0142o zabitych lub porwanych; oko\u0142o 2900 jazydzkich dziewcz\u0105t i kobiet jest wci\u0105\u017c zaginionych, znaleziono co najmniej 82 masowe groby Jazyd\u00f3w i ponad 200 000 przesiedlonych Jazyd\u00f3w \u017cyje w obozach dla os\u00f3b wewn\u0119trznie przesiedlonych (IDP) w Regionie Kurdystanu w Iraku.<\/span><\/p>\n<p style=\"text-align: left;\"><span style=\"color: #000080;\">2 maja oficjalna strona Fundacji Free Yezidi\u00a0<a style=\"color: #000080;\" href=\"https:\/\/twitter.com\/Free_Yezidi\/status\/1521188318054125568?s=20&amp;t=gQaCNT-9UUAJWrqAOWwVjA\" target=\"_blank\" rel=\"noopener noreferrer\">zamie\u015bci\u0142a<\/a>\u00a0wpis na Twitterze:<\/span><\/p>\n<blockquote>\n<p style=\"text-align: left;\"><strong>&#8220;Dzisiejsze walki w #Sinjar #Shingal s\u0105 CA\u0141KOWICIE NIEDOPUSZCZALNE. Niezale\u017cnie od przynale\u017cno\u015bci politycznej\/wojskowej, nie powinno by\u0107 \u017cadnych atak\u00f3w na #Yezidi #Yazidi z Sind\u017caru przez nikogo. To narusza podstawow\u0105 odpowiedzialno\u015b\u0107 za ochron\u0119. Jazydzi ponownie uciekaj\u0105 dzi\u015b z Sind\u017caru.&#8221;<\/strong><\/p>\n<\/blockquote>\n<p style=\"text-align: left;\"><span style=\"color: #000080;\">9 pa\u017adziernika 2020 r. rz\u0105d centralny Iraku i rz\u0105d regionalny Kurdystanu\u00a0<a style=\"color: #000080;\" href=\"https:\/\/shafaq.com\/en\/Iraq-News\/Text-of-Sinjar-agreement\" target=\"_blank\" rel=\"noopener noreferrer\">osi\u0105gn\u0119\u0142y porozumienie<\/a>\u00a0w sprawie ojczyzny Jazyd\u00f3w, Sind\u017caru.<\/span><\/p>\n<p style=\"text-align: left;\"><span style=\"color: #000080;\">&#8220;Jazydzi zostali wykluczeni z Porozumienia na temat Sind\u017caru, nie konsultowano si\u0119 z nimi w sprawie mianowania burmistrza i nie mieli wybor\u00f3w lokalnych od 2003 r.&#8221; \u2013 powiedzia\u0142a Gatestone Nadine Maenza, by\u0142a przewodnicz\u0105ca ameryka\u0144skiej Komisji ds. Mi\u0119dzynarodowej Wolno\u015bci Religijnej (USCIRF).<\/span><\/p>\n<p style=\"text-align: left;\"><span style=\"color: #000080;\">Dzia\u0142aczka na rzecz praw cz\u0142owieka, dr Amy L. Beam, autorka ksi\u0105\u017cki\u00a0<i><a style=\"color: #000080;\" href=\"https:\/\/www.amazon.com\/Last-Yezidi-Genocide-Amy-Beam\/dp\/0979083516\" target=\"_blank\" rel=\"noopener noreferrer\">&#8220;Ostatnie ludob\u00f3jstwo<\/a>\u00a0Jazyd\u00f3w<\/i>&#8220;, powiedzia\u0142a Gatestone:<\/span><\/p>\n<blockquote>\n<p style=\"text-align: left;\"><strong>&#8220;Jednym z warunk\u00f3w porozumienia by\u0142o usuni\u0119cie si\u0142 PKK (Partii Pracuj\u0105cych Kurdystanu) z regionu Sind\u017car. Innym punktem by\u0142o mianowanie nowego burmistrza Sind\u017caru&#8221;. Beam, kt\u00f3ra w 2014 roku przenios\u0142a si\u0119 do Kurdystanu w Iraku, uzyska\u0142a irackie dokumenty to\u017csamo\u015bci i paszporty dla prawie 1000 Jazyd\u00f3w, aby pom\u00f3c im w opuszczeniu kraju.<\/strong><\/p>\n<\/blockquote>\n<p style=\"text-align: left;\"><span style=\"color: #000080;\">Porozumienie to zosta\u0142o odrzucone przez Jazyd\u00f3w, kt\u00f3rzy nie zostali uwzgl\u0119dnieni w negocjacjach. Od ko\u0144ca 2015 roku, kiedy ISIS zosta\u0142o usuni\u0119te z Sind\u017caru, Jazydzi powo\u0142ali w\u0142asn\u0105 rad\u0119 i w\u0142asnego burmistrza. Jednak od tego czasu zar\u00f3wno armia iracka, jak i turecka zaatakowa\u0142y Sind\u017car. Nale\u017cy zauwa\u017cy\u0107, \u017ce w ca\u0142ym kraju dzia\u0142a wiele irackich milicji, ale armia iracka wybra\u0142a walk\u0119 z jazydzkim ugrupowaniem YBS, a nie z \u017cadn\u0105 inn\u0105 milicj\u0105.<\/span><\/p>\n<p style=\"text-align: left;\"><span style=\"color: #000080;\">Niedawne starcia, jak powiedzia\u0142a Beam, rozpocz\u0119\u0142y si\u0119 &#8220;kiedy armia iracka wys\u0142a\u0142a \u017co\u0142nierzy w celu ustanowienia punktu kontrolnego po p\u00f3\u0142nocnej stronie g\u00f3ry Sind\u017car&#8221;.<\/span><\/p>\n<blockquote>\n<p style=\"text-align: left;\"><strong>&#8220;Milicja YBS sprzeciwi\u0142a si\u0119 tym dzia\u0142aniom. W atmosferze napi\u0119cia \u017co\u0142nierz YBS podni\u00f3s\u0142 bro\u0144 i zastrzeli\u0142 \u017co\u0142nierza irackiej armii. Spowodowa\u0142o to atak czo\u0142g\u00f3w armii irackiej na Jazyd\u00f3w&#8221;.<\/strong><\/p>\n<\/blockquote>\n<p style=\"text-align: left;\"><span style=\"color: #000080;\">Maenza zauwa\u017ca, \u017ce prawo Jazyd\u00f3w do samoobrony jest kluczowe dla ich przetrwania:<\/span><\/p>\n<blockquote>\n<p style=\"text-align: left;\"><strong>&#8220;Ostatnim razem, gdy Jazydzi z\u0142o\u017cyli bro\u0144 i zaufali irackiemu rz\u0105dowi, \u017ce b\u0119dzie ich broni\u0142 w 2014 roku, irackie si\u0142y wojskowe uciek\u0142y, umo\u017cliwiaj\u0105c ludob\u00f3jstwo Jazyd\u00f3w. Jest pow\u00f3d by Jazydzi mieli mo\u017cliwo\u015b\u0107 obrony swojej ludno\u015bci. Wszelkie opowie\u015bci, \u017ce YBS jest poza prawem s\u0105 \u015bmieszne, ich \u017co\u0142d jest wyp\u0142acany przez rz\u0105d iracki.<\/strong><\/p>\n<p style=\"text-align: left;\"><strong>&#8220;Turcja rozpocz\u0119\u0142a jednak agresywn\u0105 kampani\u0119 militarn\u0105 przeciwko PKK i u\u017cywa tej wym\u00f3wki, by zaatakowa\u0107 cywil\u00f3w w p\u00f3\u0142nocno-wschodniej Syrii, w Regionie Kurdystanu w Iraku i Sind\u017car, w celu zdobycia nowych terytori\u00f3w. By\u0107 mo\u017ce Irak wierzy \u017ce Turcja zaatakuje Sind\u017car, je\u015bli oni sami nie usun\u0105 YBS? Jak wyja\u015bni\u0107 inaczej to, \u017ce \u015bcigaj\u0105 Jazyd\u00f3w, ale nie ruszaj\u0105 niebezpiecznych oddzia\u0142\u00f3w PMF [Irackich Si\u0142 Mobilizacji Ludowej &#8211; uzbrojonych milicji wspieranych przez Iran] wyposa\u017conych w bro\u0144 rakietow\u0105 i stanowi\u0105cych realne zagro\u017cenie dla bezpiecze\u0144stwa i stabilno\u015bci?<\/strong><\/p>\n<p style=\"text-align: left;\"><strong>&#8220;Rz\u0105dy Iraku i Turcji prawdopodobnie nie uszanuj\u0105 praw Jazyd\u00f3w, chyba \u017ce za\u017c\u0105daj\u0105 tego Stany Zjednoczone i spo\u0142eczno\u015b\u0107 mi\u0119dzynarodowa&#8221;.<\/strong><\/p>\n<\/blockquote>\n<p style=\"text-align: left;\"><span style=\"color: #000080;\">Ostatnie ataki na YBS zosta\u0142y ostatecznie zako\u0144czone 6 maja. Genera\u0142 armii irackiej Jabbar Kamar i kierownictwo YBS osi\u0105gn\u0119li porozumienie, kt\u00f3re z\u0142agodzi\u0142o eskalacj\u0119 konfrontacji. Jednak Jazydzi pozostaj\u0105 w trudnej sytuacji. Jak m\u00f3wi Amy Beam:<\/span><\/p>\n<blockquote>\n<p style=\"text-align: left;\"><strong>&#8220;Ten konflikt i mn\u00f3stwo czo\u0142g\u00f3w z dzia\u0142ami wycelowanymi w osiedla Jazyd\u00f3w w ca\u0142ym Sind\u017carze sterroryzowa\u0142 Jazyd\u00f3w. Kilka tysi\u0119cy ludzi uciek\u0142o w bezpieczne miejsce w Kurdystanie. W ich pami\u0119ci wci\u0105\u017c \u017cywe s\u0105 wspomnienia ludob\u00f3jstwa dokonanego na nich 3 sierpnia 2014 r. Chc\u0105 azylu w bezpiecznych krajach.&#8221;<\/strong><\/p>\n<\/blockquote>\n<p style=\"text-align: left;\"><span style=\"color: #000080;\">Murad Ismael, prezes Akademii Sind\u017car, powiedzia\u0142 Gatestone:<\/span><\/p>\n<blockquote>\n<p style=\"text-align: left;\"><strong>&#8220;S\u0105dz\u0119, \u017ce porozumienie sind\u017carskie doprowadzi\u0142o do obecnej konfrontacji, poniewa\u017c nie zawiera\u0142o mechanizmu wyja\u015bniaj\u0105cego status lokalnych bojownik\u00f3w, kt\u00f3rzy nosili bro\u0144 po 2014 roku. Porozumienie stwierdza, \u017ce Irak usunie [z Sind\u017caru] kurdyjsk\u0105 grup\u0119 PKK i jej filie, wydaje si\u0119, \u017ce obecny rz\u0105d iracki coraz cz\u0119\u015bciej postrzega YBS [Jazyd\u00f3w] jako fili\u0119 PKK [ugrupowania kurdyjskiego] i st\u0105d w ostatnich miesi\u0105cach pr\u00f3buje ich rozbroi\u0107&#8221;.<\/strong><\/p>\n<\/blockquote>\n<p style=\"text-align: left;\"><span style=\"color: #000080;\">Tymczasem najnowsza ofensywa militarna Turcji, pod kryptonimem &#8220;Operacja Claw Lock&#8221;, przeciwko p\u00f3\u0142nocnemu Irakowi (w tym regionom zamieszka\u0142ym przez Kurd\u00f3w) wci\u0105\u017c trwa. Zacz\u0119\u0142o\u00a0<a style=\"color: #000080;\" href=\"https:\/\/www.aa.com.tr\/en\/middle-east\/operation-claw-lock-is-key-link-in-chain-of-turkiye-s-anti-terror-operations-national-defense-minister\/2591944\" target=\"_blank\" rel=\"noopener noreferrer\">si\u0119<\/a>\u00a017 kwietnia, kiedy Ankara rozpocz\u0119\u0142a ofensyw\u0119 powietrzno-l\u0105dow\u0105. Te ataki Turcji sta\u0142y si\u0119 regularnym zjawiskiem od lat 90., destabilizuj\u0105c \u017cycie spo\u0142eczno\u015bci irackich,\u00a0<a style=\"color: #000080;\" href=\"https:\/\/www.foxnews.com\/politics\/turkeys-bombing-of-yazidis-wrecks-groups-only-medical-clinic\" target=\"_blank\" rel=\"noopener noreferrer\">Jazyd\u00f3w<\/a>,\u00a0<a style=\"color: #000080;\" href=\"https:\/\/www.voanews.com\/a\/middle-east_turkish-airstrike-kills-least-3-refugee-camp-inside-iraq\/6206662.html\" target=\"_blank\" rel=\"noopener noreferrer\">Kurd\u00f3w<\/a>\u00a0i\u00a0<a style=\"color: #000080;\" href=\"https:\/\/50f3ad00-5b28-4016-898f-6130d301c97a.filesusr.com\/ugd\/6ae567_d3c5240d7d174f769a71ed9443830a6a.pdf\" target=\"_blank\" rel=\"noopener noreferrer\">Asyryjczyk\u00f3w<\/a>\u00a0.<\/span><\/p>\n<p style=\"text-align: left;\"><span style=\"color: #000080;\">Kiedy wybuch\u0142y walki mi\u0119dzy armi\u0105 irack\u0105 a YBS, Beam powiedzia\u0142a: &#8220;Turcja wykorzysta\u0142a t\u0119 okazj\u0119 do przeprowadzenia kolejnych nalot\u00f3w w regionie&#8221;.<\/span><\/p>\n<blockquote>\n<p style=\"text-align: left;\"><strong><span style=\"color: #000000;\">&#8220;Poniewa\u017c Irak nie podejmie dzia\u0142a\u0144 w celu powstrzymania nielegalnych, bombardowa\u0144 Turcji w Sind\u017car, tylko ONZ lub NATO mog\u0105 powstrzyma\u0107 agresj\u0119 Turcji&#8221;.<\/span><\/strong><\/p>\n<\/blockquote>\n<p style=\"text-align: left;\"><span style=\"color: #000080;\">Obserwatorzy zgadzaj\u0105 si\u0119, \u017ce z wielu powod\u00f3w Sind\u017car pozostaje niebezpiecznym miejscem dla Jazyd\u00f3w. Jak powiedzia\u0142 Ismaela:<\/span><\/p>\n<blockquote>\n<p style=\"text-align: left;\"><strong>&#8220;Og\u00f3lna sytuacja bezpiecze\u0144stwa w Sind\u017car, w tym obecno\u015b\u0107 r\u00f3\u017cnych zbrojnych oddzia\u0142\u00f3w, ostatnie starcia mi\u0119dzy si\u0142ami irackimi a YBS, kt\u00f3re mia\u0142y miejsce w g\u0119sto zaludnionych miejscach, oraz tureckie naloty doprowadzi\u0142y do niestabilno\u015bci i uniemo\u017cliwi\u0142y powr\u00f3t do normalno\u015bci w Sind\u017car&#8221;.<\/strong><\/p>\n<\/blockquote>\n<p style=\"text-align: left;\"><span style=\"color: #000080;\">Pari Ibrahim, dyrektor wykonawczy Free Yezidi Foundation, powiedzia\u0142 Gatestone:<\/span><\/p>\n<blockquote>\n<p style=\"text-align: left;\"><strong>&#8220;Wygl\u0105da na to, \u017ce naloty na YBS z Turcji i atak l\u0105dowy armii irackiej zosta\u0142y zaplanowane i skoordynowane. Jest to bardzo niepokoj\u0105ce. Bojownicy YBS to obywatele Iraku, kt\u00f3rzy ogromnie ucierpieli w wyniku morderczych atak\u00f3w ISIS. Niezale\u017cnie od tego, czy zgadzamy si\u0119 z celami ich partii politycznej, nie powinni by\u0107 celem ataku si\u0142 zbrojnych w\u0142asnego kraju. Uwa\u017camy, \u017ce jest to sprzeczne z podstawowymi zasadami humanitarnymi. Ci bojownicy YBS chc\u0105 tylko broni\u0107 ojczyzny Jazyd\u00f3w \u2013 nie s\u0105 agresorami&#8221;.<\/strong><\/p>\n<\/blockquote>\n<p style=\"text-align: left;\"><span style=\"color: #000080;\">Tymczasem Turcja nadal grozi greckim wyspom na Morzu Egejskim \u2013 wyspom, kt\u00f3re zgodnie z kilkoma traktatami mi\u0119dzynarodowymi nale\u017c\u0105 do Grecji. 7 czerwca turecki minister spraw zagranicznych Mevlut Cavusoglu po raz kolejny\u00a0<a style=\"color: #000080;\" href=\"https:\/\/apnews.com\/article\/politics-mevlut-cavusoglu-greece-turkey-f8dc5e16d18117222bc1fa02ecedcac2\" target=\"_blank\" rel=\"noopener noreferrer\">wezwa\u0142<\/a>\u00a0Grecj\u0119 do wycofania wszelkich si\u0142 wojskowych stacjonuj\u0105cych na greckich wyspach. Cavusoglu ostrzeg\u0142, \u017ce Turcja zakwestionuje status wysp, je\u015bli Grecja nie zgodzi si\u0119 na ich demilitaryzacj\u0119.<\/span><\/p>\n<p style=\"text-align: left;\"><span style=\"color: #000080;\">R\u00f3wnocze\u015bnie Turcja\u00a0<a style=\"color: #000080;\" href=\"https:\/\/in-cyprus.philenews.com\/airport-in-cyprus-breakaway-north-provocatively-becomes-turkish-domestic-airport\/\" target=\"_blank\" rel=\"noopener noreferrer\">przekszta\u0142ci\u0142a<\/a>\u00a0lotnisko Tymbou (&#8220;Ercan&#8221;), po\u0142o\u017cone w okupowanej przez Turcj\u0119 p\u00f3\u0142nocnej cz\u0119\u015bci Republiki Cypryjskiej, w tureckie lotnisko krajowe. Re\u017cim Erdogana zawar\u0142 r\u00f3wnie\u017c now\u0105\u00a0<a style=\"color: #000080;\" href=\"https:\/\/apnews.com\/article\/united-nations-recep-tayyip-erdogan-nicos-anastasiades-cyprus-abc11b3093895f326bdb356b66ad0429\" target=\"_blank\" rel=\"noopener noreferrer\">umow\u0119 o pomocy finansowej<\/a>\u00a0dla nielegalnego re\u017cimu okupuj\u0105cego p\u00f3\u0142nocn\u0105 cz\u0119\u015b\u0107 Cypru. 36% terytorium Republiki Cypryjskiej \u2013 pa\u0144stwa cz\u0142onkowskiego Unii Europejskiej \u2013 jest nielegalnie okupowane przez Turcj\u0119 od czasu inwazji na wysp\u0119 w 1974 roku. Te ostatnie posuni\u0119cia Turcji wydaj\u0105 si\u0119 by\u0107 kolejnymi krokami w kierunku aneksji okupowanej p\u00f3\u0142nocy. Republika Cypryjska\u00a0<a style=\"color: #000080;\" href=\"https:\/\/apnews.com\/article\/united-nations-recep-tayyip-erdogan-nicos-anastasiades-cyprus-abc11b3093895f326bdb356b66ad0429\" target=\"_blank\" rel=\"noopener noreferrer\">og\u0142osi\u0142a<\/a>, \u017ce z\u0142o\u017cy skarg\u0119 do Organizacji Narod\u00f3w Zjednoczonych.<\/span><\/p>\n<p style=\"text-align: left;\"><span style=\"color: #000080;\">Re\u017cim Erdogana nie tylko systematycznie narusza prawa milion\u00f3w w\u0142asnych obywateli w swoim kraju, ale tak\u017ce nasila agresj\u0119 na s\u0105siad\u00f3w Turcji, najwyra\u017aniej pr\u00f3buj\u0105c zmieni\u0107 granice z naruszeniem prawa mi\u0119dzynarodowego. Turcja pod rz\u0105dami Erdogana sta\u0142a si\u0119 coraz bardziej destabilizuj\u0105c\u0105 si\u0142\u0105 w regionie i prawdopodobnie b\u0119dzie go destabilizowa\u0107, dop\u00f3ki nie zostanie powstrzymana.<\/span><\/p>\n<\/div>\n<hr style=\"height: 15px; background: #d0e6fa; width: 100%;\" \/>\n<div id=\"content\" class=\"content-alignment\">\n<div id=\"watch-description\" class=\"yt-uix-button-panel\">\n<div id=\"watch-description-text\" style=\"text-align: center;\">\n<p><em>Zawarto\u015b\u0107 publikowanych artyku\u0142\u00f3w i materia\u0142\u00f3w nie reprezentuje pogl\u0105d\u00f3w ani opinii Reunion&#8217;68,<\/em><em><br \/>\nani te\u017c webmastera Blogu Reunion&#8217;68, chyba ze jest to wyra\u017anie zaznaczone.<br \/>\nTwoje uwagi, linki, w\u0142asne artyku\u0142y lub wiadomo\u015bci prze\u015blij na adres:<br \/>\n<\/em><span style=\"color: #000080;\"><strong><em><a style=\"color: #000080;\" href=\"mailto:webmaster@reunion68.com\"><span style=\"text-decoration: underline;\">webmaster@reunion68.com<\/span><\/a><\/em><\/strong><\/span><\/p>\n<\/div>\n<\/div>\n<\/div>\n<hr style=\"width: 100%;\" \/>\n","protected":false},"excerpt":{"rendered":"<p>Nowa turecka inwazja wojskowa na p\u00f3\u0142nocn\u0105 Syri\u0119, og\u0142oszona pod koniec maja przez prezydenta Recepa Tayyipa Erdogana, oznacza, \u017ce Turcja po raz kolejny zaatakuje Kurd\u00f3w w Syrii, pr\u00f3buj\u0105c wypchn\u0105\u0107 ich z regionu i przej\u0105\u0107 ich ziemie. Jednak tak si\u0119 sk\u0142ada, \u017ce te kurdyjskie grupy, kt\u00f3re Erdogan nazywa &#8220;terrorystami&#8221;, s\u0105 sojusznikami USA, kt\u00f3rzy walczyli z ISIS. Na [&hellip;]<\/p>\n","protected":false},"author":1,"featured_media":0,"comment_status":"closed","ping_status":"closed","sticky":false,"template":"","format":"standard","meta":[],"categories":[1],"tags":[26,24],"_links":{"self":[{"href":"https:\/\/www.reunion68.se\/index.php?rest_route=\/wp\/v2\/posts\/96546"}],"collection":[{"href":"https:\/\/www.reunion68.se\/index.php?rest_route=\/wp\/v2\/posts"}],"about":[{"href":"https:\/\/www.reunion68.se\/index.php?rest_route=\/wp\/v2\/types\/post"}],"author":[{"embeddable":true,"href":"https:\/\/www.reunion68.se\/index.php?rest_route=\/wp\/v2\/users\/1"}],"replies":[{"embeddable":true,"href":"https:\/\/www.reunion68.se\/index.php?rest_route=%2Fwp%2Fv2%2Fcomments&post=96546"}],"version-history":[{"count":5,"href":"https:\/\/www.reunion68.se\/index.php?rest_route=\/wp\/v2\/posts\/96546\/revisions"}],"predecessor-version":[{"id":96557,"href":"https:\/\/www.reunion68.se\/index.php?rest_route=\/wp\/v2\/posts\/96546\/revisions\/96557"}],"wp:attachment":[{"href":"https:\/\/www.reunion68.se\/index.php?rest_route=%2Fwp%2Fv2%2Fmedia&parent=96546"}],"wp:term":[{"taxonomy":"category","embeddable":true,"href":"https:\/\/www.reunion68.se\/index.php?rest_route=%2Fwp%2Fv2%2Fcategories&post=96546"},{"taxonomy":"post_tag","embeddable":true,"href":"https:\/\/www.reunion68.se\/index.php?rest_route=%2Fwp%2Fv2%2Ftags&post=96546"}],"curies":[{"name":"wp","href":"https:\/\/api.w.org\/{rel}","templated":true}]}}