{"id":96625,"date":"2022-09-15T17:09:54","date_gmt":"2022-09-15T15:09:54","guid":{"rendered":"http:\/\/www.reunion68.se\/?p=96625"},"modified":"2022-09-05T06:53:26","modified_gmt":"2022-09-05T04:53:26","slug":"17-09-64","status":"publish","type":"post","link":"https:\/\/www.reunion68.se\/?p=96625","title":{"rendered":"Wo\u0142y\u0144. Uporajmy si\u0119 z t\u0105 zadr\u0105"},"content":{"rendered":"<p style=\"text-align: center;\"><span style=\"color: #808080;\"><em>Napis &#8216;Wo\u0142y\u0144 1943&#8217; domalowany do flagi Ukrainy, Krak\u00f3w (Fot. Jakub Porzycki \/ Agencja Wyborcza.pl)<\/em><\/span><\/p>\n<hr>\n<h5 style=\"text-align: center;\"><a href=\"https:\/\/wyborcza.pl\/\" target=\"_blank\" rel=\"noopener noreferrer\"><img decoding=\"async\" class=\"center alignleft\" src=\"http:\/\/www.reunion68.com\/Biuletyn\/img\/wyborcza-ale.png\" alt=\"\" width=\"35%\"><\/a><span style=\"text-decoration: underline; color: #000080;\"><strong><a style=\"color: #000080; text-decoration: underline;\" href=\"https:\/\/wyborcza.pl\/alehistoria\/7,162654,28663761,wolyn-uporajmy-sie-z-ta-zadra.html\" target=\"_blank\" rel=\"noopener noreferrer\">Wo\u0142y\u0144. Uporajmy si\u0119 z t\u0105 zadr\u0105<\/a><\/strong><\/span><\/h5>\n<p style=\"text-align: center;\"><span style=\"color: #000000;\"><strong>Pawe\u0142 Smole\u0144ski<\/strong><\/span><\/p>\n<hr style=\"height: 15px; background: #d0e6fa; width: 100%;\">\n<h4 class=\"text--lead\" style=\"text-align: center;\"><span style=\"color: #808080;\"><strong>Polak z Ukrai\u0144cem mog\u0105 pojedna\u0107 si\u0119 i kwita. Zw\u0142aszcza w lipcu, gdy przypada rocznica etnicznej czystki wo\u0142y\u0144skiej.<\/strong><\/span><\/h4>\n<p>.<\/p>\n<div><\/div>\n<div class=\"text--lead\" style=\"text-align: left;\"><span style=\"color: #000080;\">Lata temu mo\u017cna by\u0142o \u017cywi\u0107 nadziej\u0119, i\u017c sprawa za\u0142atwi si\u0119 sama. Naturaln\u0105 kolej\u0105 rzeczy odejd\u0105 ludzie, kt\u00f3rych osobi\u015bcie dotyczy \u2013 niewa\u017cne, czy ich pami\u0119\u0107 przechowywa\u0142a fakty czy legendy. Za\u015b ich wnuki b\u0119d\u0105 patrze\u0107 w prz\u00f3d, zamiast za plecy. Od dekad obiecuj\u0105cy przyk\u0142ad p\u0142yn\u0105\u0142 z Zachodu. Po dzi\u015b dzie\u0144 s\u0105 wprawdzie u nas politycy i publicy\u015bci, kt\u00f3rzy pr\u00f3buj\u0105 Polakom obrzydzi\u0107 wsp\u00f3\u0142czesne Niemcy \u2013 dobrego, bezproblemowego s\u0105siada, sojusznika w NATO i Unii Europejskiej, lecz nie odnosz\u0105 przesadnych sukces\u00f3w, cho\u0107 psuj\u0105 atmosfer\u0119.<\/span><\/div>\n<div><\/div>\n<h5 class=\"text--title font-head-700\" style=\"text-align: left;\"><strong>Wo\u0142y\u0144 przykryto szmat\u0105 fa\u0142szywego milczenia<\/strong><\/h5>\n<p class=\"text--paragraph\" style=\"text-align: left;\"><span style=\"color: #000080;\">Lecz na polu zrozumienia i odmitologizowania wsp\u00f3lnych dziej\u00f3w Polski i Ukrainy \u2013 kl\u0119ska! Mimo i\u017c byli\u015bmy pierwszym krajem, kt\u00f3ry uzna\u0142 niepodleg\u0142o\u015b\u0107 Kijowa i przez lata by\u0142 europejskim adwokatem Ukrainy. Jan Pawe\u0142 II zaleca\u0142 pojednanie z Ukrai\u0144cami. Poleg\u0142. Nadaremno wzywali do wzajemnego wybaczenia krzywd niekt\u00f3rzy polscy purpuraci oraz wielu ukrai\u0144skich hierarch\u00f3w greckokatolickich i prawos\u0142awnych. Nad grobami poleg\u0142ych w bratob\u00f3jczych starciach \u015bciskali sobie r\u0119ce prezydenci Aleksander Kwa\u015bniewski i Leonid Kuczma. I nic. Ko\u015b\u0107 niezgody to Wo\u0142y\u0144, gdzie latem 1943 r. rozpocz\u0119\u0142a si\u0119 antypolska czystka etniczna. Nie jest to sprawa b\u0142aha, skoro do dzisiaj rozpala z\u0142e emocje.<\/span><\/p>\n<p style=\"text-align: center;\"><img decoding=\"async\" class=\"aligncenter\" src=\"https:\/\/bi.im-g.pl\/im\/93\/2f\/10\/z16970387IH,Spotkanie-Leonida-Kuczmy-i-Aleksandra-Kwasniewskie.jpg\" srcset=\"https:\/\/bi.im-g.pl\/im\/93\/2f\/10\/z16970387IH,Spotkanie-Leonida-Kuczmy-i-Aleksandra-Kwasniewskie.jpg, https:\/\/bi.im-g.pl\/im\/93\/2f\/10\/z16970387IHR,Spotkanie-Leonida-Kuczmy-i-Aleksandra-Kwasniewskie.jpg 2x\" alt=\"Spotkanie Leonida Kuczmy i Aleksandra Kwa\u015bniewskiego w Polsce w 1996 roku\" width=\"100%\"><span style=\"color: #808080;\"><em><span class=\"text--photo-title\">Spotkanie Leonida Kuczmy i Aleksandra Kwa\u015bniewskiego w Polsce w 1996 roku<\/span>&nbsp;&nbsp;<span class=\"text--photo-author\">Fot. Sawomir Kamiski \/ Agencja Wyborcza.pl<\/span><\/em><\/span><\/p>\n<p class=\"text--paragraph\" style=\"text-align: left;\"><span style=\"color: #000080;\">W epoce s\u0142usznie minionej Wo\u0142y\u0144 przykryto szmat\u0105 fa\u0142szywego milczenia,&nbsp;<a class=\"text--link \" style=\"color: #000080;\" title=\"cho\u0107 nie milczano o Ukrai\u0144cach \u2013 faszystowskich rezunach, upowcach\" href=\"https:\/\/wyborcza.pl\/alehistoria\/7,121681,28563670,fake-newsy-o-ukrainskiej-historii.html\" rel=\"dofollow\">c<span style=\"text-decoration: underline;\"><strong>ho\u0107 nie milczano o Ukrai\u0144cach \u2013 faszystowskich rezunach, upowcach<\/strong><\/span><\/a>&nbsp;. Na takiej propagandzie chowa\u0142o si\u0119 kilka pokole\u0144 Polak\u00f3w. Ale w III RP odby\u0142o si\u0119 w ko\u0144cu wiele solidnych konferencji naukowych, powo\u0142ywano zespo\u0142y eksperckie, dyskutowali historycy, Wo\u0142y\u0144 by\u0142 i jest obecny w mediach. Na ksi\u0105\u017cki dotycz\u0105ce tej tragedii posz\u0142y tony papieru. Dzia\u0142o si\u0119 niby tak dobrze, \u017ce gorzej by\u0107 nie mog\u0142o.<\/span><\/p>\n<p class=\"text--paragraph\" style=\"text-align: left;\"><span style=\"color: #000080;\">Co z tego, skoro pozycje rzetelne, na dodatek pisane z jak najbardziej polskiego punktu widzenia (np. \u201eCie\u0144 K\u0142yma Sawura. Polsko-ukrai\u0144ski konflikt pami\u0119ci&#8221; czy nominowany do nagrody Kazimierza Moczarskiego \u201eWo\u0142y\u0144 \u201843&#8243;, obie autorstwa prof. Grzegorza Motyki) przykry\u0142 nacjonalistyczny i propagandowy ch\u0142am.<\/span><\/p>\n<blockquote class=\"text--quote font-quotation-500\">\n<p style=\"text-align: left;\"><strong>Antyukrai\u0144skie teksty otwiera\u0142y drog\u0119 do doktorat\u00f3w i habilitacji na wielu uczelniach. Antyukrai\u0144skie przem\u00f3wienia g\u0142oszono z najwa\u017cniejszych pa\u0144stwowych trybun.<\/strong><\/p>\n<\/blockquote>\n<p class=\"text--paragraph\" style=\"text-align: left;\"><span style=\"color: #000080;\">Przemys\u0142aw Czarnek, jeszcze jako wojewoda lubelski, maszerowa\u0142 pod rami\u0119 z neofaszystowskim, nacjonalistycznym ONR i ruga\u0142 ukrai\u0144skiego prezydenta Petra Poroszenk\u0119. Nie m\u00f3wi\u0105c o tolerowaniu przez w\u0142adze centralne i lokalne antyukrai\u0144skich prowokacji,&nbsp;<span style=\"text-decoration: underline;\"><strong><a class=\"text--link \" style=\"color: #000080; text-decoration: underline;\" title=\"jak niszczenie upami\u0119tnie\u0144 i mogi\u0142\" href=\"https:\/\/wyborcza.pl\/10,82983,25375419,ukrainskie-groby-zniszczone-przez-polskich-nacjonalistow-nie.html\" rel=\"dofollow\">jak niszczenie upami\u0119tnie\u0144 i mogi\u0142<\/a>&nbsp;.<\/strong><\/span><\/span><\/p>\n<p class=\"text--paragraph\" style=\"text-align: left;\"><span style=\"color: #000080;\">Niewa\u017cne, \u017ce pog\u0142oski o rzekomej \u201ebanderyzacji&#8221; i faszyzacji Ukrainy okazywa\u0142y si\u0119 zwyk\u0142\u0105 propagand\u0105. Wystarczy\u0142o popatrze\u0107 na rezultaty kolejnych ukrai\u0144skich wybor\u00f3w wykluczaj\u0105ce nacjonalist\u00f3w, lecz ma\u0142o komu si\u0119 chcia\u0142o. To u nas piastuj\u0105 wysokie funkcje antyukrai\u0144scy politycy, na Ukrainie antypolskich nie u\u015bwiadczysz. Ukrai\u0144cy nie stawiaj\u0105 pomnik\u00f3w \u017co\u0142nierzom UPA, by zgn\u0119bi\u0107 Polak\u00f3w, ale \u2013 by podkre\u015bli\u0107 sprzeciw wobec rosyjskiego imperializmu i sowieckiego komunizmu, kt\u00f3ry zafundowa\u0142 im cho\u0107by Wielki G\u0142\u00f3d. Skoro takie s\u0105 fakty, tym gorzej dla fakt\u00f3w. Zawsze dot\u0105d znajdowali si\u0119 ludzie, kt\u00f3rzy uwa\u017cali, \u017ce Ukrai\u0144cy przepraszaj\u0105 za ma\u0142o, a nad polskimi grobami kl\u0119cz\u0105 za kr\u00f3tko.<\/span><\/p>\n<h5 class=\"text--title font-head-700\" style=\"text-align: left;\"><strong>Putin ofiarowa\u0142 naszym narodom prezent<\/strong><\/h5>\n<p class=\"text--paragraph\" style=\"text-align: left;\"><span style=\"color: #000080;\">\u017bycie zbyt cz\u0119sto przynosi\u0142o Ukrai\u0144com i Polakom zdarzenia nadzwyczaj barbarzy\u0144skie i okrutne. Wiele z nich fundowali\u015bmy sobie nawzajem. Lecz dzisiaj to nie interpretacja historii sprzed niemal 80 lat jest najwa\u017cniejsza, ale rosyjska napa\u015b\u0107 na Ukrain\u0119, dziej\u0105ce si\u0119 tam ludob\u00f3jstwo i zbrodnie wojenne. Przyszed\u0142 czas, \u017ce \u017caden uczciwy Polak nie powinien m\u00f3wi\u0107 o Ukrainie, stosuj\u0105c obra\u017aliwe k\u0142amstwa Kremla.&nbsp;<\/span><\/p>\n<p style=\"text-align: center;\"><img decoding=\"async\" class=\"aligncenter\" src=\"https:\/\/bi.im-g.pl\/im\/58\/0c\/1a\/z27315288IH,Marsz-Rzezi-Wolynskiej--11-lipca-2021-r-.jpg\" srcset=\"https:\/\/bi.im-g.pl\/im\/58\/0c\/1a\/z27315288IH,Marsz-Rzezi-Wolynskiej--11-lipca-2021-r-.jpg, https:\/\/bi.im-g.pl\/im\/58\/0c\/1a\/z27315288IHR,Marsz-Rzezi-Wolynskiej--11-lipca-2021-r-.jpg 2x\" alt=\"Marsz Rzezi Wo\u0142y\u0144skiej, 11 lipca 2021 r.\" width=\"100%\"><span style=\"color: #808080;\"><em><span class=\"text--photo-title\">Marsz Rzezi Wo\u0142y\u0144skiej, 11 lipca 2021 r.<\/span>&nbsp;&nbsp;<span class=\"text--photo-author\">Fot. S\u0142awomir Kami\u0144ski \/ Agencja Wyborcza.pl<\/span><\/em><\/span><\/p>\n<p class=\"text--paragraph\" style=\"text-align: left;\"><span style=\"color: #000080;\">Paradoksalnie \u2013 moskiewscy agresorzy ofiarowali obu naszym narodom nieoczekiwany prezent. Putin zapewne pluje sobie w brod\u0119, bo sprawi\u0142, i\u017c s\u0142owa Iwana Franki, wybitnego pisarza i my\u015bliciela, nabieraj\u0105 na nowo g\u0142\u0119bokiej tre\u015bci, ale ich puent\u0119 nareszcie mo\u017cna uzna\u0107 za fa\u0142szyw\u0105. Franko napisa\u0142: \u201eW ca\u0142ej S\u0142owia\u0144szczy\u017anie nie ma dw\u00f3ch takich narod\u00f3w, kt\u00f3re by pod wzgl\u0119dem \u017cycia politycznego i duchowego tak \u015bci\u015ble zros\u0142y si\u0119 ze sob\u0105, tak licznymi by\u0142y powi\u0105zane wi\u0119zami, a mimo to tak ci\u0105gle stroni\u0142y jeden od drugiego, jak Polacy i Ukrai\u0144cy&#8221;.<\/span><\/p>\n<p class=\"text--paragraph\" style=\"text-align: left;\"><span style=\"color: #000080;\">Miliony zaopiekowanych uchod\u017ac\u00f3w oraz liczona r\u00f3wnie\u017c w ci\u0119\u017ckich milionach z\u0142otych pomoc wojskowa i humanitarna wskazuj\u0105, \u017ce Polacy i Ukrai\u0144cy nie tylko nie stroni\u0105 od siebie, lecz zro\u015bli si\u0119 ze sob\u0105, zbratali. I to w najwa\u017cniejszym, bo spo\u0142ecznym i narodowym wymiarze. A to, \u017ce w\u0142adza psoci,&nbsp;<span style=\"text-decoration: underline;\"><strong><a class=\"text--link \" style=\"color: #000080; text-decoration: underline;\" title=\"jak w przypadku podr\u0119cznika do historii przygotowanego dla ukrai\u0144skich uczni\u00f3w przez resort ministra Czarnka\" href=\"https:\/\/wyborcza.pl\/7,75398,28429147,historia-polski-po-ukrainsku-od-ipn-i-czarnka-czyli-prawda.html\" rel=\"dofollow\">jak w przypadku podr\u0119cznika do historii przygotowanego dla ukrai\u0144skich uczni\u00f3w przez resort ministra Czarnka<\/a>&nbsp;<\/strong><\/span>, nie ma na razie wielkiego znaczenia.<\/span><\/p>\n<p class=\"text--paragraph\" style=\"text-align: left;\"><span style=\"color: #000080;\">By\u0107 mo\u017ce wi\u0119c dostali\u015bmy nieoczekiwan\u0105 szans\u0119, by polsko-ukrai\u0144skie wa\u015bnie od\u0142o\u017cy\u0107 tam, gdzie ich miejsce, czyli na p\u00f3\u0142k\u0119 z napisem \u201ehistoria&#8221;. Ukrai\u0144cy musz\u0105 obroni\u0107 sw\u00f3j kraj przed rosyjsk\u0105 agresj\u0105. Polacy powinni rozpl\u0105ta\u0107 gordyjski w\u0119ze\u0142 Wo\u0142ynia, ale to zaj\u0119cie dla historyk\u00f3w, a nie polityk\u00f3w.<\/span><\/p>\n<p class=\"text--paragraph\" style=\"text-align: left;\"><span style=\"color: #000080;\">Ukraina nie jest antypolskim j\u0105drem ciemno\u015bci. Polak z Ukrai\u0144cem mog\u0105 pojedna\u0107 si\u0119 i kwita. Zw\u0142aszcza w lipcu, gdy przypada rocznica etnicznej czystki wo\u0142y\u0144skiej, od kilku lat honorowana Narodowym Dniem Pami\u0119ci, jakby nie mo\u017cna by\u0142o pami\u0119ta\u0107 polskich Wo\u0142yniak\u00f3w bez nacjonalistycznych wrzask\u00f3w, nienarodowo, przy cmentarnych zniczach, w nale\u017cnej zmar\u0142ym ciszy i powadze. Dzisiaj szansa na to jest wi\u0119ksza ni\u017c kiedykolwiek.<\/span><\/p>\n<hr>\n<div class=\"bio--article d-flex mb\">\n<div class=\"bio--article-image-container img--fluid img--round\" style=\"text-align: left;\"><img decoding=\"async\" loading=\"lazy\" class=\"bio--article-image alignleft\" src=\"https:\/\/bi.im-g.pl\/im\/44\/be\/19\/z26996548IAR.jpg\" width=\"115\" height=\"115\"><\/p>\n<p><span style=\"color: #808080;\"><em><a id=\"LinkArea:author_bio\" class=\"bio--article-desc-name bio--article-desc-name-link font-head-300\" style=\"color: #808080;\" href=\"https:\/\/autorzy.wyborcza.pl\/autor\/5e78a18e7da7ab2fc730ea9b\/Pawe%C5%82-Smole%C5%84ski#S.author_bio-K.C-B.1-L.1.zw\"><strong>Pawe\u0142 Smole\u0144ski<\/strong> &#8211; <\/a>Reporter, publicysta, od 1989 roku dziennikarz ?Gazety Wyborczej?.<\/em><\/span><\/p>\n<\/div>\n<hr style=\"height: 15px; background: #d0e6fa; width: 100%;\">\n<div id=\"content\" class=\"content-alignment\">\n<div id=\"watch-description\" class=\"yt-uix-button-panel\">\n<div id=\"watch-description-text\" style=\"text-align: center;\">\n<p><em>Zawarto\u015b\u0107 publikowanych artyku\u0142\u00f3w i materia\u0142\u00f3w nie reprezentuje pogl\u0105d\u00f3w ani opinii Reunion&#8217;68,<\/em><em><br \/>\nani te\u017c webmastera Blogu Reunion&#8217;68, chyba ze jest to wyra\u017anie zaznaczone.<br \/>\nTwoje uwagi, linki, w\u0142asne artyku\u0142y lub wiadomo\u015bci prze\u015blij na adres:<br \/>\n<\/em><span style=\"color: #000080;\"><strong><em><a style=\"color: #000080;\" href=\"mailto:webmaster@reunion68.com\"><span style=\"text-decoration: underline;\">webmaster@reunion68.com<\/span><\/a><\/em><\/strong><\/span><\/p>\n<\/div>\n<\/div>\n<\/div>\n<hr style=\"width: 100%;\">\n<\/div>\n","protected":false},"excerpt":{"rendered":"<p>Napis &#8216;Wo\u0142y\u0144 1943&#8217; domalowany do flagi Ukrainy, Krak\u00f3w (Fot. Jakub Porzycki \/ Agencja Wyborcza.pl) Wo\u0142y\u0144. Uporajmy si\u0119 z t\u0105 zadr\u0105 Pawe\u0142 Smole\u0144ski Polak z Ukrai\u0144cem mog\u0105 pojedna\u0107 si\u0119 i kwita. Zw\u0142aszcza w lipcu, gdy przypada rocznica etnicznej czystki wo\u0142y\u0144skiej. . Lata temu mo\u017cna by\u0142o \u017cywi\u0107 nadziej\u0119, i\u017c sprawa za\u0142atwi si\u0119 sama. Naturaln\u0105 kolej\u0105 rzeczy odejd\u0105 [&hellip;]<\/p>\n","protected":false},"author":1,"featured_media":0,"comment_status":"closed","ping_status":"closed","sticky":false,"template":"","format":"standard","meta":[],"categories":[6],"tags":[26,24],"_links":{"self":[{"href":"https:\/\/www.reunion68.se\/index.php?rest_route=\/wp\/v2\/posts\/96625"}],"collection":[{"href":"https:\/\/www.reunion68.se\/index.php?rest_route=\/wp\/v2\/posts"}],"about":[{"href":"https:\/\/www.reunion68.se\/index.php?rest_route=\/wp\/v2\/types\/post"}],"author":[{"embeddable":true,"href":"https:\/\/www.reunion68.se\/index.php?rest_route=\/wp\/v2\/users\/1"}],"replies":[{"embeddable":true,"href":"https:\/\/www.reunion68.se\/index.php?rest_route=%2Fwp%2Fv2%2Fcomments&post=96625"}],"version-history":[{"count":12,"href":"https:\/\/www.reunion68.se\/index.php?rest_route=\/wp\/v2\/posts\/96625\/revisions"}],"predecessor-version":[{"id":98199,"href":"https:\/\/www.reunion68.se\/index.php?rest_route=\/wp\/v2\/posts\/96625\/revisions\/98199"}],"wp:attachment":[{"href":"https:\/\/www.reunion68.se\/index.php?rest_route=%2Fwp%2Fv2%2Fmedia&parent=96625"}],"wp:term":[{"taxonomy":"category","embeddable":true,"href":"https:\/\/www.reunion68.se\/index.php?rest_route=%2Fwp%2Fv2%2Fcategories&post=96625"},{"taxonomy":"post_tag","embeddable":true,"href":"https:\/\/www.reunion68.se\/index.php?rest_route=%2Fwp%2Fv2%2Ftags&post=96625"}],"curies":[{"name":"wp","href":"https:\/\/api.w.org\/{rel}","templated":true}]}}