{"id":96678,"date":"2022-07-11T17:05:57","date_gmt":"2022-07-11T15:05:57","guid":{"rendered":"http:\/\/www.reunion68.se\/?p=96678"},"modified":"2022-07-11T07:26:02","modified_gmt":"2022-07-11T05:26:02","slug":"20-05-81","status":"publish","type":"post","link":"https:\/\/www.reunion68.se\/?p=96678","title":{"rendered":"Brussels: Capital of Europe or Eurabia?"},"content":{"rendered":"<h5 style=\"text-align: center;\"><a href=\"https:\/\/www.gatestoneinstitute.org\/\" target=\"_blank\" rel=\"noopener noreferrer\"><img decoding=\"async\" class=\"center alignleft\" src=\"https:\/\/www.gatestoneinstitute.org\/images\/gatestone-logo-1000.gif\" alt=\"\" width=\"50%\" \/><\/a><span style=\"text-decoration: underline; color: #000080;\"><strong><a style=\"color: #000080; text-decoration: underline;\" href=\"https:\/\/www.gatestoneinstitute.org\/18695\/brussels-europe-eurabia\" target=\"_blank\" rel=\"noopener noreferrer\">Brussels: Capital of Europe or Eurabia?<\/a><\/strong><\/span><\/h5>\n<p style=\"text-align: center;\"><span style=\"color: #000000;\"><strong>Giulio Meotti<\/strong><\/span><\/p>\n<hr style=\"height: 15px; background: #d0e6fa; width: 100%;\" \/>\n<ul class=\"content_preface_bullets\">\n<li><strong>&#8220;Molenbeek would love to be forgotten, because it is the very example of the failure of the multicultural society, which remains an untouchable dogma in Belgium&#8221;. \u2014 Alain Destexhe, honorary Senator in Belgium and former Secretary General of Doctors Without Borders,\u00a0<i>Le Figaro<\/i>, May 3, 2022.<\/strong><\/li>\n<li><strong>&#8220;[I]n the Brussels region as a whole only a quarter of Belgians are of Belgian origin&#8230;. Molenbeek is in fact only the tip of the iceberg of the progressive Islamization in all the major Belgian cities. Islam is increasingly visible in the public space of Molenbeek, and in the month of Ramadan almost all the shops and restaurants in the city are closed during the day. In many neighborhoods, women are no longer able to dress however they want or go out at night, and homosexuals have no right of citizenship. There are, however, hardly any voices to worry about this development, as if French-speaking Belgium, anesthetized in unison by the multicultural media, had resigned itself&#8221;. \u2014 Alain Destexhe,\u00a0<i>Le Figaro<\/i>, May 3, 2022<\/strong><\/li>\n<li><strong>&#8220;Today the Muslim Brotherhood&#8230; continues its lobbying and blame games with its imaginary Trojan horse: Islamophobia&#8221;. \u2014 Assita Kanko, Belgian MEP, who fled Burkina Faso to look for freedom in Europe;\u00a0<i>Euractiv<\/i>, December 20, 2021<\/strong><\/li>\n<li><strong>&#8220;The aim is clear: normalise radical Islamic codes and ways of life in order gradually to transform our Western societies instead of adapting to our European way of life. As a black woman and a secular Muslim, I know what it is to live under Islamic pressure and I know what it takes to emancipate oneself in order to finally live in dignity&#8230;. Europe must urgently pull itself together and reaffirm its commitment to its own values&#8230;.&#8221; \u2014 Assita Kanko,\u00a0<i>Euractiv<\/i>, December 20, 2021.<\/strong><\/li>\n<li><strong>&#8220;Where will we be in 50 years? All of Europe &#8211; inshallah &#8211; will be Muslim. So, have children!&#8221; \u2014 Brahim Laytouss, president of the Islamic Cultural Center of Belgium, dhnet.be, March 5, 2019.<\/strong><\/li>\n<li><strong>The greatest form of cultural racism in Europe today is that of EU elites who censor or support this spectacular change of civilization.<\/strong><\/li>\n<li><strong>&#8220;Of all the European capitals, Brussels is the one through which the Islamist project intends to spread to Europe. Their lobbies are powerful there, so it is much easier for Islamists to break into the system and gradually transform it&#8221;. \u2014 Djemila Benhabi, Canadian journalist, lecho.com.<\/strong><\/li>\n<li><strong>&#8220;[I]n exchange [for oil], the Saudi king asked the Belgian king Baudouin to grant Arabia a monopoly on representing Islam and appointing imams in Belgium&#8221;. The Belgian government officially recognized the Islamic religion. It was the first European country to do so. There followed the inclusion of the Islamic religion in the school curriculum. \u2014 Alain Chouet, former &#8220;number two&#8221; of the DGSE, the French counterintelligence service, from his new book: &#8220;Sept pas vers l&#8217;enfer&#8221; (&#8220;Seven Steps to Hell&#8221;).<\/strong><\/li>\n<li><strong>&#8220;Eurabia&#8221; was born in those years, the years of an energy crisis, European weakness and the great rise of Islam. Sound familiar?<\/strong><\/li>\n<\/ul>\n<p style=\"text-align: center;\">\n<img decoding=\"async\" class=\"aligncenter\" src=\"https:\/\/www.gatestoneinstitute.org\/pics\/3106.jpg\" width=\"100%\" \/><span style=\"color: #808080;\"><em>Riot police guard a road in the Molenbeek district of Brussels, after raids in which several people, including Salah Abdeslam, one of the perpetrators of the November 2015 Paris attacks, were arrested on March 18, 2016. (Photo by Carl Court\/Getty Images)<\/em><\/span><\/p>\n<p style=\"text-align: left;\"><span style=\"color: #000080;\">While\u00a0<a style=\"color: #000080;\" href=\"https:\/\/www.7sur7.be\/belgique\/bruxelles-conquise-par-les-nouveaux-arrivants-les-propos-dun-journaliste-de-la-vrt-ne-passent-pas~a31454aa\/\" target=\"_blank\" rel=\"noopener noreferrer\">Lieven Verstraete<\/a>, an acclaimed Belgian journalist who hosts the program, &#8220;De Zevende Dag&#8221; (&#8220;The Seventh Day&#8221;), was recently interviewing two members of the Green Party, he raised the issue of immigration and called Brussels &#8220;the perfect example of a city whose neighborhoods are conquered one by one by newcomers&#8221;.<\/span><\/p>\n<p style=\"text-align: left;\"><span style=\"color: #000080;\">Newcomers? Conquered?<\/span><\/p>\n<p style=\"text-align: left;\"><span style=\"color: #000080;\">&#8220;How?&#8221; replied Nadia Naji, a politician of Molenbeek&#8217;s Green party.<\/span><\/p>\n<p style=\"text-align: left;\"><span style=\"color: #000080;\">&#8220;Well,&#8221; Verstraete, visibly uncomfortable, tried to explain, &#8220;more and more people with immigrant origins come to live there and claim their place. Do you feel Belgian in Molenbeek?&#8221;<\/span><\/p>\n<p style=\"text-align: left;\"><span style=\"color: #000080;\">A few hours after the broadcast, he apologized.<\/span><\/p>\n<p style=\"text-align: left;\"><span style=\"color: #000080;\">&#8220;In twenty years&#8221;, the French newspaper\u00a0<a style=\"color: #000080;\" href=\"https:\/\/www.lefigaro.fr\/international\/2008\/03\/21\/01003-20080321ARTFIG00068-l-islam-premiere-religiona-bruxelles-dans-vingt-ans.php\" target=\"_blank\" rel=\"noopener noreferrer\"><i>Le Figaro<\/i><\/a>\u00a0predicted about Brussels, &#8220;the European capital will be Muslim&#8221;.<\/span><\/p>\n<p style=\"text-align: left;\"><span style=\"color: #000080;\">&#8220;Almost a third of the population of Brussels already is Muslim&#8221;,\u00a0<a style=\"color: #000080;\" href=\"https:\/\/www.lefigaro.fr\/international\/2008\/03\/21\/01003-20080321ARTFIG00068-l-islam-premiere-religiona-bruxelles-dans-vingt-ans.php\" target=\"_blank\" rel=\"noopener noreferrer\">stated<\/a>\u00a0Olivier Servais, a sociologist at the University of Louvain. &#8220;Practitioners of Islam, due to their high birth rate, should be the majority &#8216;in fifteen-twenty years&#8217;. Since 2001, Mohamed has been the most popular name among babies in Brussels&#8221;.<\/span><\/p>\n<p style=\"text-align: left;\"><span style=\"color: #000080;\">Verstraete had told the truth &#8212; but, as is said, in the time of universal deception, telling the truth is a revolutionary act.<\/span><\/p>\n<p style=\"text-align: left;\"><span style=\"color: #000080;\">&#8220;Molenbeek would love to be forgotten, because it is the very example of the failure of the multicultural society, which remains an untouchable dogma in Belgium&#8221;,\u00a0<a style=\"color: #000080;\" href=\"https:\/\/www.lefigaro.fr\/vox\/societe\/molenbeek-quand-un-depute-socialiste-n-y-reconnait-plus-la-belgique-20220503\" target=\"_blank\" rel=\"noopener noreferrer\">wrote<\/a>\u00a0Alain Destexhe, an honorary Senator in Belgium and former Secretary General of Doctors Without Borders. He was talking about the case of\u00a0<a style=\"color: #000080;\" href=\"https:\/\/www.brusselstimes.com\/219614\/conner-rousseau-socialist-leader-criticised-for-remarks-about-not-feeling-in-belgium-in-molenbeek-brussels\" target=\"_blank\" rel=\"noopener noreferrer\">Conner Rousseau<\/a>, president of Vooruit, the Flemish socialist party, who recently told\u00a0<i>Humo<\/i>\u00a0magazine, &#8220;When I drive around Molenbeek, I do not feel [as if I am] in Belgium&#8221;.<\/span><\/p>\n<p style=\"text-align: left;\"><span style=\"color: #000080;\">&#8220;I no longer dare to walk hand in hand with a man in Molenbeek&#8221;,\u00a0<a style=\"color: #000080;\" href=\"https:\/\/www.rtbf.be\/article\/gilles-verstraeten-je-nose-plus-me-balader-main-dans-la-main-avec-un-homme-a-molenbeek-10982774\" target=\"_blank\" rel=\"noopener noreferrer\">Gilles Verstraeten<\/a>, a gay parliamentarian, confessed.<\/span><\/p>\n<p style=\"text-align: left;\"><span style=\"color: #000080;\">&#8220;[I]n the Brussels region as a whole&#8221;, Destexhe\u00a0<a style=\"color: #000080;\" href=\"https:\/\/www.lefigaro.fr\/vox\/societe\/molenbeek-quand-un-depute-socialiste-n-y-reconnait-plus-la-belgique-20220503\" target=\"_blank\" rel=\"noopener noreferrer\">noted<\/a>, &#8220;only a quarter of Belgians are of Belgian origin, 39 per cent of Belgians are of foreign origin and 35 per cent are foreigners.&#8221;<\/span><\/p>\n<blockquote>\n<p style=\"text-align: left;\"><strong>&#8220;Molenbeek is in fact only the tip of the iceberg of the progressive Islamization in all the major Belgian cities. Islam is increasingly visible in the public space of Molenbeek, and in the month of Ramadan almost all the shops and restaurants in the city are closed during the day. In many neighborhoods, women are no longer able to dress however they want or go out at night, and homosexuals have no right of citizenship. There are, however, hardly any voices to worry about this development, as if French-speaking Belgium, anesthetized in unison by the multicultural media, had resigned itself&#8221;.<\/strong><\/p>\n<\/blockquote>\n<p style=\"text-align: left;\"><span style=\"color: #000080;\">It is true not just Brussels.\u00a0<a style=\"color: #000080;\" href=\"https:\/\/katehon.com\/en\/article\/antwerp-vlaams-belang-leader-denounces-islam-rooftops\" target=\"_blank\" rel=\"noopener noreferrer\">Antwerp<\/a>, the country&#8217;s second-largest city, is now 25% Muslim. Another parliamentarian,\u00a0<a style=\"color: #000080;\" href=\"https:\/\/www.rtl.be\/info\/belgique\/politique\/-j-avais-prevu-de-ne-pas-sieger-au-parlement-flamand-mais-j-ai-change-d-avis-herman-de-croo-s-explique-1129631.aspx\" target=\"_blank\" rel=\"noopener noreferrer\">Herman de Croo<\/a>\u00a0, revealed that 78% of Antwerp&#8217;s children aged 1-6 are foreigners.<\/span><\/p>\n<p style=\"text-align: left;\"><span style=\"color: #000080;\">The former Brussels Secretary of State\u00a0<a style=\"color: #000080;\" href=\"https:\/\/www.brusselstimes.com\/brussels\/49612\/too-many-no-go-areas-in-brussels-for-women-and-lgbt-says-minister\/\" target=\"_blank\" rel=\"noopener noreferrer\">Bianca Debaets<\/a>\u00a0recently said, &#8220;there are too many areas where it is difficult for women and homosexuals to walk&#8221;.<\/span><\/p>\n<p style=\"text-align: left;\"><span style=\"color: #000080;\">The Chief Rabbi of Brussels,\u00a0<a style=\"color: #000080;\" href=\"https:\/\/www.brusselstimes.com\/brussels\/49612\/too-many-no-go-areas-in-brussels-for-women-and-lgbt-says-minister\/\" target=\"_blank\" rel=\"noopener noreferrer\">Albert Guigui<\/a>, was attacked by a group of Arabs. They insulted him, spat on him and kicked him. Since then, Guigui has not worn his skullcap in public.<\/span><\/p>\n<p style=\"text-align: left;\"><span style=\"color: #000080;\">No Jew lives in the Gare du Nord district anymore. &#8220;There are hardly any Jews left in this neighborhood,&#8221; remarked\u00a0<a style=\"color: #000080;\" href=\"https:\/\/daardaar.be\/rubriques\/les-juifs-delaissent-la-commune-bruxelloise-de-schaerbeek\/\" target=\"_blank\" rel=\"noopener noreferrer\">Michel Laub<\/a>, founder of the Museum of Deportation in Malines. &#8220;Yet this part of Schaerbeek near the Gare du Nord was once an important Jewish quarter.&#8221;<\/span><\/p>\n<p style=\"text-align: left;\"><span style=\"color: #000080;\">For women, too, Brussels has become dangerous. &#8220;The Belgian political-media elites have surrendered in the face of the spread of Islamic fundamentalism&#8221;, Fadila Maaroufi, a Belgian-Moroccan social worker and founder of the Observatory of Fundamentalisms in Brussels, told the French magazine\u00a0<a style=\"color: #000080;\" href=\"https:\/\/www.marianne.net\/societe\/laicite-et-religions\/entretien-aujourdhui-il-est-devenu-dangereux-de-parler-dislamisme-en-belgique\" target=\"_blank\" rel=\"noopener noreferrer\"><i>Marianne<\/i><\/a>.<\/span><\/p>\n<blockquote>\n<p style=\"text-align: left;\"><strong>&#8220;I grew up in a Moroccan family in a neighborhood near Molenbeek. In the 1980s, it was still quite cosmopolitan. Then, little by little, we saw the native Belgians leaving. I witnessed the rise of Islam, my sisters veiled while my parents wore flared pants. I myself have come under pressure, including from my family. It had become inconceivable that I did not veil myself &#8230;. When I tried to alert public authorities and associations, I found myself facing a wall. There have been attacks in Paris and attacks in Brussels, yet I had the feeling that we still did not grasp the extent of the problem&#8221;.<\/strong><\/p>\n<\/blockquote>\n<p style=\"text-align: left;\"><span style=\"color: #000080;\">In such an environment, freedom of expression also finds itself in dramatic retreat.<\/span><\/p>\n<p style=\"text-align: left;\"><span style=\"color: #000080;\">Belgian student associations\u00a0<a style=\"color: #000080;\" href=\"https:\/\/www.valeursactuelles.com\/societe\/bruxelles-des-etudiants-boycottent-la-venue-de-charlie-hebdo-journal-reactionnaire\/\" target=\"_blank\" rel=\"noopener noreferrer\">protested<\/a>\u00a0the arrival in the capital of the publisher of satirical weekly newspaper\u00a0<i>Charlie Hebdo<\/i>, &#8220;Riss&#8221;, who survived a 2015 Islamist massacre in the paper&#8217;s office.<\/span><\/p>\n<p style=\"text-align: left;\"><span style=\"color: #000080;\">The Filigranes bookshop in Brussels, the largest in the country,\u00a0<a style=\"color: #000080;\" href=\"https:\/\/www.lecho.be\/economie-politique\/belgique\/general\/filigranes-decommande-zemmour\/9584087.html\" target=\"_blank\" rel=\"noopener noreferrer\">canceled<\/a>\u00a0a meeting with the journalist \u00c9ric Zemmour for &#8220;security reasons&#8221;.<\/span><\/p>\n<p style=\"text-align: left;\"><span style=\"color: #000080;\">Demonstrations against Zemmour had been planned and a group, &#8220;Collective Against Islamophobia&#8221;, had filed a complaint. The Herg\u00e9 Museum\u00a0<a style=\"color: #000080;\" href=\"https:\/\/www.lefigaro.fr\/bd\/2015\/01\/22\/03014-20150122ARTFIG00177-le-musee-herge-annule-l-exposition-hommage-a-charlie-hebdo.php\" target=\"_blank\" rel=\"noopener noreferrer\">took back<\/a>\u00a0its tribute to\u00a0<i>Charlie Hebdo<\/i>\u00a0by censoring itself. An exhibition that had been planned was canceled &#8220;for security reasons&#8221;.<\/span><\/p>\n<p style=\"text-align: left;\"><span style=\"color: #000080;\">&#8220;Today the Muslim Brotherhood, spearhead of political Islam and of the insidious soft Islamisation of Western societies, continues its lobbying and blame games with its imaginary Trojan horse: Islamophobia&#8221;,\u00a0<a style=\"color: #000080;\" href=\"https:\/\/www.cofoe.euractiv.com\/post\/europe-must-fight-to-defend-its-identity\" target=\"_blank\" rel=\"noopener noreferrer\">wrote<\/a>\u00a0a Belgian MEP, Assita Kanko, who fled Burkina Faso to look for freedom in Europe.<\/span><\/p>\n<blockquote>\n<p style=\"text-align: left;\"><strong>&#8220;The aim is clear: normalise radical Islamic codes and ways of life in order gradually to transform our Western societies instead of adapting to our European way of life. As a black woman and a secular Muslim, I know what it is to live under Islamic pressure and I know what it takes to emancipate oneself in order to finally live in dignity. The fight to preserve European civilisation is a fight to preserve humanism &#8230;. Two stones support the European temple: the Judeo-Christian heritage with the idea of human dignity and the Enlightenment, with the intellectual effervescence that accompanied it. It is from this subtle alchemy that European culture was born. European Judeo-Christian civilisation has created for itself over the centuries the conditions for its intellectual emancipation, and it can be proud of this &#8230;. Europe must urgently pull itself together and reaffirm its commitment to its own values&#8230;.&#8221;<\/strong><\/p>\n<\/blockquote>\n<p style=\"text-align: left;\"><span style=\"color: #000080;\">Destexhe, in his book &#8220;<a style=\"color: #000080;\" href=\"https:\/\/www.causeur.fr\/immigration-belgique-alain-destexhe-159212\" target=\"_blank\" rel=\"noopener noreferrer\">Immigration et Int\u00e9gration: avant qu&#8217;il ne soit trop tard<\/a>&#8221; (&#8220;Immigration and Integration: Before it will be too late&#8221;) , recalled that from 2000 to 2010, Belgium welcomed more than a million migrants into a population of eleven million. It was a demographic tsunami that would forever change the face of Belgian society.<\/span><\/p>\n<p style=\"text-align: left;\"><span style=\"color: #000080;\">&#8220;Belgium was the first to recognize and subsidize Islam; it also elected the first veiled parliamentarian&#8221;. Canadian journalist Djemal Benhabi told\u00a0<a style=\"color: #000080;\" href=\"https:\/\/www.lecho.be\/dossier\/apero-de-l-echo\/djemila-benhabib-collectif-laicite-yallah-l-islamisme-est-plus-fort-en-belgique-car-c-est-un-pays-aux-multiples-fractures\/10386508.html\" target=\"_blank\" rel=\"noopener noreferrer\"><i>L&#8217;Echo<\/i><\/a>,<\/span><\/p>\n<blockquote><p><strong>&#8220;Of all the European capitals, Brussels is the one through which the Islamist project intends to spread to Europe. Their lobbies are powerful there, so it is much easier for Islamists to break into the system and gradually transform it&#8221;.<\/strong><\/p><\/blockquote>\n<p style=\"text-align: left;\"><span style=\"color: #000080;\">Journalist Marie-C\u00e9cile Royen also described the same collaboration in an\u00a0<a style=\"color: #000080;\" href=\"https:\/\/www.levif.be\/magazine\/comment-les-freres-musulmans-ont-pris-la-belgique-en-otage\/\" target=\"_blank\" rel=\"noopener noreferrer\">article<\/a>, &#8220;How the Muslim Brotherhood took Belgium hostage&#8221;.<\/span><\/p>\n<p style=\"text-align: left;\"><span style=\"color: #000080;\">We recently saw what the &#8220;left&#8217;s&#8221; alliance with Islam means in Brussels. Socialists and Greens just voted in the Brussels Parliament not to ban the ritual slaughter of animals.\u00a0<a style=\"color: #000080;\" href=\"https:\/\/www.lemonde.fr\/en\/environment\/article\/2022\/06\/21\/in-brussels-ritual-slaughter-preserved-under-pressure-from-religious-practices_5987516_114.html\" target=\"_blank\" rel=\"noopener noreferrer\"><i>Le Monde<\/i><\/a>\u00a0called it the &#8220;community phenomenon&#8221;: Brussels elects representatives who benefit from the support of one community or another in this highly multicultural region and are sometimes forced to abandon some of their convictions, or a facet of their identity, in order not to alienate voters.<\/span><\/p>\n<p style=\"text-align: left;\"><span style=\"color: #000080;\">Djemila Benhabib, in\u00a0<a style=\"color: #000080;\" href=\"https:\/\/www.lepoint.fr\/invites-du-point\/serait-on-plus-musulman-a-bruxelles-que-dans-certains-pays-musulmans-24-05-2022-2476923_420.php\" target=\"_blank\" rel=\"noopener noreferrer\"><i>Le Point<\/i><\/a>, noted that &#8220;in Brussels half of the Socialist electorate is Muslim.&#8221; &#8220;[I]n Brussels now&#8221;, she\u00a0<a style=\"color: #000080;\" href=\"https:\/\/www.lalibre.be\/debats\/opinions\/2022\/06\/01\/a-bruxelles-les-politiques-ont-mise-sur-des-musulmans-conservateurs-5ZNXE6WM2FA4BEM5GZKEIE5QCU\/\" target=\"_blank\" rel=\"noopener noreferrer\">reported,<\/a>\u00a0&#8220;politics is in the hands of conservative Muslims&#8221;.<\/span><\/p>\n<p style=\"text-align: left;\"><span style=\"color: #000080;\">As they say: It&#8217;s the demography, stupid.<\/span><\/p>\n<p style=\"text-align: left;\"><span style=\"color: #000080;\">According to French demographer\u00a0<a style=\"color: #000080;\" href=\"http:\/\/www.micheletribalat.fr\/448383449\" target=\"_blank\" rel=\"noopener noreferrer\">Mich\u00e9le Tribalat<\/a>, in the Brussels region (1.2 million inhabitants), 57% of those under 18 are of non-European origin; in the city of Brussels 68.4% of those under 18 are of non-European origin and in Antwerp (529,000 inhabitants), 51.3% of those under 18 are of non-European origin.<\/span><\/p>\n<p style=\"text-align: left;\"><span style=\"color: #000080;\">De-Christianization accompanies Islamization. 36 out of 110 churches in Brussels are\u00a0<a style=\"color: #000080;\" href=\"https:\/\/www.lalibre.be\/archives-journal\/2016\/03\/21\/leglise-de-bruxelles-pense-fermer-des-lieux-de-culte-mais-apres-consultation-6EDI3SNH35AO5GKZHGWD2TQYKI\/\" target=\"_blank\" rel=\"noopener noreferrer\">destined<\/a>\u00a0to change their use in the face of the dramatic decline of the faithful. According to an\u00a0<a style=\"color: #000080;\" href=\"https:\/\/www.rtbf.be\/article\/patrimoine-logements-musees-hotels-murs-descalade-que-faire-de-nos-eglises-desacralisees-10920342\" target=\"_blank\" rel=\"noopener noreferrer\"><i>Rtbf<\/i><\/a>\u00a0dossier, this is the\u00a0<a style=\"color: #000080;\" href=\"https:\/\/www.theeponymousflower.com\/2016\/04\/after-50-years-of-liberal-church.html\" target=\"_blank\" rel=\"noopener noreferrer\">plan<\/a>\u00a0of the archbishop of Brussels: &#8220;Homes, museums, hotels, climbing walls&#8230; What to do with our deconsecrated churches?&#8221;<\/span><\/p>\n<p style=\"text-align: left;\"><span style=\"color: #000080;\">Jean-Pierre Martin and Christophe Lamfalussy in their book &#8220;<a style=\"color: #000080;\" href=\"https:\/\/www.cairn.info\/revue-politique-etrangere-2017-2-page-192.htm\" target=\"_blank\" rel=\"noopener noreferrer\">Molenbeek-Sur-Djihad<\/a>&#8221; disclosed that &#8220;in Molenbeek, in an area of \u200b\u200bjust six square kilometers, there are 25 mosques&#8221;. What is that, if not Islamization?<\/span><\/p>\n<p style=\"text-align: left;\"><span style=\"color: #000080;\">Professor\u00a0<a style=\"color: #000080;\" href=\"https:\/\/lactualite.com\/monde\/bruxelles-est-aussi-une-ville-musulmane\/\" target=\"_blank\" rel=\"noopener noreferrer\">Felice Dassetto<\/a>\u00a0, in his book, &#8220;L&#8217;iris et le croissant&#8221;, wrote that with more than 200 organizations that explicitly refer to Islam, it, after football, is the most mobilizing organized reality in Brussels &#8212; more than more than political parties, more than trade unions, more than the Catholic Church. &#8220;41 percent of public school students,&#8221; noted\u00a0<a style=\"color: #000080;\" href=\"https:\/\/www.lefigaro.fr\/vox\/monde\/2015\/01\/16\/31002-20150116ARTFIG00101-pourquoi-la-belgique-est-aussi-en-guerre.php\" target=\"_blank\" rel=\"noopener noreferrer\"><i>Le Figaro<\/i><\/a><i>,<\/i>\u00a0&#8220;take the Muslim religion course&#8221;.<\/span><\/p>\n<p style=\"text-align: left;\"><span style=\"color: #000080;\">Welcome to the &#8220;<a style=\"color: #000080;\" href=\"https:\/\/global-watch-analysis.com\/belgique-bruxelles-capitale-islamiste-europeenne\/?lang=fr\" target=\"_blank\" rel=\"noopener noreferrer\">European capital .. of the Muslim Brotherhood<\/a>&#8221; &#8212; and the Muslim Brotherhood know it. &#8220;Where will we be in 50 years?&#8221; the president of the Islamic Cultural Center of Belgium felt free to\u00a0<a style=\"color: #000080;\" href=\"https:\/\/www.dhnet.be\/actu\/faits\/les-occidentaux-accuses-de-s-habiller-comme-des-chiens-les-casseroles-des-probables-futurs-president-et-vice-president-du-centre-culturel-islamique-de-belgique-5c7d6a549978e2710e90c59e\" target=\"_blank\" rel=\"noopener noreferrer\">declare<\/a>. &#8220;All of Europe &#8211; inshallah &#8211; will be Muslim. So, have children!&#8221;<\/span><\/p>\n<p style=\"text-align: left;\"><span style=\"color: #000080;\">The greatest form of cultural racism in Europe today is that of EU elites who censor or support this spectacular change of civilization.<\/span><\/p>\n<p style=\"text-align: left;\"><span style=\"color: #000080;\">Meanwhile, discussion of Islam has become a &#8220;taboo&#8221; in the European capital, Florence Bergeaud-Blackler, CNRS researcher and anthropologist, told\u00a0<i><a style=\"color: #000080;\" href=\"https:\/\/www.lexpress.fr\/actualite\/idees-et-debats\/florence-bergeaud-blackler-l-islamisme-est-un-sujet-tabou-en-belgique_2152050.html\" target=\"_blank\" rel=\"noopener noreferrer\">L&#8217;Express<\/a><\/i>. Certain districts of Brussels have become &#8220;a kind of sanctuary of Islam in Europe&#8221;.<\/span><\/p>\n<p style=\"text-align: left;\"><span style=\"color: #000080;\">The\u00a0<a style=\"color: #000080;\" href=\"https:\/\/www.unia.be\/fr\/articles\/les-interviews-de-lete-felice-dassetto\" target=\"_blank\" rel=\"noopener noreferrer\">answer<\/a>\u00a0is in Professor Felice Dassetto&#8217;s book: in the mid-1970s there were only 6 mosques and Koranic schools in Brussels, in the early 1980s there were 38, now they are 80. And so, headlines\u00a0<a style=\"color: #000080;\" href=\"https:\/\/www.levif.be\/actualite\/belgique\/les-projets-de-mosquees-fleurissent-a-bruxelles-quels-sont-les-enjeux\/article-normal-1277461.html\" target=\"_blank\" rel=\"noopener noreferrer\"><i>Le Vif<\/i><\/a>, &#8220;mosque projects are flourishing in Brussels&#8221;.<\/span><\/p>\n<p style=\"text-align: left;\"><span style=\"color: #000080;\">How did we get here?<\/span><\/p>\n<p style=\"text-align: left;\"><span style=\"color: #000080;\">In the midst of the 1973 oil crisis,\u00a0<a style=\"color: #000080;\" href=\"https:\/\/books.google.it\/books?id=E-riDQAAQBAJ&amp;pg=PT92&amp;lpg=PT92&amp;dq=roi+belgique+saoudien+Fay%C3%A7al+1974&amp;source=bl&amp;ots=rfHv8WTS9x&amp;sig=ACfU3U2Bj_nmUIYkKYMGlMoAoNLwLwsRzQ&amp;hl=it&amp;sa=X&amp;ved=2ahUKEwjglf3SoaX3AhXlSvEDHRqcA-MQ6AF6BAgDEAM#v=onepage&amp;q=roi%20belgique%20saoudien%20Fay%C3%A7al%201974&amp;f=false\" target=\"_blank\" rel=\"noopener noreferrer\">Belgium<\/a>\u00a0turned to Saudi Arabia for supplies. Muslims in Belgium were of the first generation: they worked in the mines and wanted spaces to pray. Belgium&#8217;s King Baudouin, in exchange for oil supplies, offered the Saudis the Pavillon du Cinquantenaire in Brussels, along with a 99-year lease. The building stands two hundred meters from the Schuman Palace and the headquarters of the European Union. Saudi Arabia soon transformed it into the Grand Mosque of Brussels, which has since been the de facto Islamic authority of Belgium.<\/span><\/p>\n<p style=\"text-align: left;\"><span style=\"color: #000080;\">As Alain Chouet, the former &#8220;number two&#8221; of the DGSE, the French counterintelligence service, recounted in his newly published book &#8220;<a style=\"color: #000080;\" href=\"https:\/\/www.lefigaro.fr\/actualite-france\/le-salafisme-voila-l-ennemi-un-ancien-responsable-de-la-dgse-brise-le-silence-20220204\" target=\"_blank\" rel=\"noopener noreferrer\">Sept pas vers l&#8217;enfer<\/a>&#8221; (&#8220;Seven Steps to Hell&#8221;), &#8220;in exchange, the Saudi king asked the Belgian king Baudouin to grant Arabia a monopoly on representing Islam and appointing imams in Belgium&#8221;. The Belgian government officially recognized the Islamic religion. It was the first European country to do so. There followed the inclusion of the Islamic religion in the school curriculum.<\/span><\/p>\n<p style=\"text-align: left;\"><span style=\"color: #000080;\">&#8220;Eurabia&#8221; was born in those years, the years of an energy crisis, European weakness and the great rise of Islam. Sound familiar?<\/span><\/p>\n<hr \/>\n<p style=\"text-align: left;\"><span style=\"color: #808080;\"><i><strong>Giulio Meotti<\/strong>, Cultural Editor for<\/i>\u00a0Il Foglio,<i>\u00a0is an Italian journalist and author.<\/i><\/span><\/p>\n<hr style=\"height: 15px; background: #d0e6fa; width: 100%;\" \/>\n<div id=\"content\" class=\"content-alignment\">\n<div id=\"watch-description\" class=\"yt-uix-button-panel\">\n<div id=\"watch-description-text\" style=\"text-align: center;\">\n<p><em>Zawarto\u015b\u0107 publikowanych artyku\u0142\u00f3w i materia\u0142\u00f3w nie reprezentuje pogl\u0105d\u00f3w ani opinii Reunion&#8217;68,<\/em><em><br \/>\nani te\u017c webmastera Blogu Reunion&#8217;68, chyba ze jest to wyra\u017anie zaznaczone.<br \/>\nTwoje uwagi, linki, w\u0142asne artyku\u0142y lub wiadomo\u015bci prze\u015blij na adres:<br \/>\n<\/em><span style=\"color: #000080;\"><strong><em><a style=\"color: #000080;\" href=\"mailto:webmaster@reunion68.com\"><span style=\"text-decoration: underline;\">webmaster@reunion68.com<\/span><\/a><\/em><\/strong><\/span><\/p>\n<\/div>\n<\/div>\n<\/div>\n<hr style=\"width: 100%;\" \/>\n","protected":false},"excerpt":{"rendered":"<p>Brussels: Capital of Europe or Eurabia? Giulio Meotti &#8220;Molenbeek would love to be forgotten, because it is the very example of the failure of the multicultural society, which remains an untouchable dogma in Belgium&#8221;. \u2014 Alain Destexhe, honorary Senator in Belgium and former Secretary General of Doctors Without Borders,\u00a0Le Figaro, May 3, 2022. &#8220;[I]n the [&hellip;]<\/p>\n","protected":false},"author":1,"featured_media":0,"comment_status":"closed","ping_status":"closed","sticky":false,"template":"","format":"standard","meta":[],"categories":[6],"tags":[26,24],"_links":{"self":[{"href":"https:\/\/www.reunion68.se\/index.php?rest_route=\/wp\/v2\/posts\/96678"}],"collection":[{"href":"https:\/\/www.reunion68.se\/index.php?rest_route=\/wp\/v2\/posts"}],"about":[{"href":"https:\/\/www.reunion68.se\/index.php?rest_route=\/wp\/v2\/types\/post"}],"author":[{"embeddable":true,"href":"https:\/\/www.reunion68.se\/index.php?rest_route=\/wp\/v2\/users\/1"}],"replies":[{"embeddable":true,"href":"https:\/\/www.reunion68.se\/index.php?rest_route=%2Fwp%2Fv2%2Fcomments&post=96678"}],"version-history":[{"count":5,"href":"https:\/\/www.reunion68.se\/index.php?rest_route=\/wp\/v2\/posts\/96678\/revisions"}],"predecessor-version":[{"id":96705,"href":"https:\/\/www.reunion68.se\/index.php?rest_route=\/wp\/v2\/posts\/96678\/revisions\/96705"}],"wp:attachment":[{"href":"https:\/\/www.reunion68.se\/index.php?rest_route=%2Fwp%2Fv2%2Fmedia&parent=96678"}],"wp:term":[{"taxonomy":"category","embeddable":true,"href":"https:\/\/www.reunion68.se\/index.php?rest_route=%2Fwp%2Fv2%2Fcategories&post=96678"},{"taxonomy":"post_tag","embeddable":true,"href":"https:\/\/www.reunion68.se\/index.php?rest_route=%2Fwp%2Fv2%2Ftags&post=96678"}],"curies":[{"name":"wp","href":"https:\/\/api.w.org\/{rel}","templated":true}]}}