{"id":96759,"date":"2022-07-20T17:09:03","date_gmt":"2022-07-20T15:09:03","guid":{"rendered":"http:\/\/www.reunion68.se\/?p=96759"},"modified":"2022-07-14T05:41:23","modified_gmt":"2022-07-14T03:41:23","slug":"23-09-75","status":"publish","type":"post","link":"https:\/\/www.reunion68.se\/?p=96759","title":{"rendered":"Zapraszamy na Marsz Pami\u0119ci 22 lipca 1942"},"content":{"rendered":"<p><img decoding=\"async\" class=\"aligncenter\" src=\"https:\/\/www.jhi.pl\/storage\/image\/core_files\/2021\/1\/4\/dc409bbfd765032572fe7e72e35c47f6\/jpg\/jhi\/header\/JHI_thumbnail_1.webp\" width=\"100%\" \/><\/p>\n<hr \/>\n<h5 style=\"text-align: center;\"><a href=\"https:\/\/www.jhi.pl\/+\" target=\"_blank\" rel=\"noopener noreferrer\"><img decoding=\"async\" class=\"center alignleft\" src=\"http:\/\/www.reunion68.com\/Biuletyn\/img\/zih-1.png\" alt=\"\" width=\"40%\" \/><\/a><span style=\"text-decoration: underline; color: #000080;\"><strong><a style=\"color: #000080; text-decoration: underline;\" href=\"https:\/\/www.jhi.pl\/artykuly\/zapraszamy-na-marsz-pamieci-22-lipca-1942,5876\" target=\"_blank\" rel=\"noopener noreferrer\">Zapraszamy na Marsz Pami\u0119ci 22 lipca 1942<\/a><\/strong><\/span><\/h5>\n<p style=\"text-align: center;\"><span style=\"color: #000000;\"><strong>\u017bydowski Instytut Historyczny<\/strong><\/span><\/p>\n<hr style=\"height: 15px; background: #d0e6fa; width: 100%;\" \/>\n<h4 style=\"text-align: center;\"><span style=\"color: #808080;\"><strong>Przed 80 laty warszawska spo\u0142eczno\u015b\u0107 \u017cydowska niemal przesta\u0142a istnie\u0107. W lecie 1942 roku Niemcy wywie\u017ali do Treblinki blisko 300 tysi\u0119cy \u017byd\u00f3w. Zapraszamy do udzia\u0142u w corocznym Marszu Pami\u0119ci, upami\u0119tniaj\u0105cym zamordowanych mieszka\u0144c\u00f3w getta warszawskiego.<\/strong><\/span><\/h4>\n<p>.<br \/>\n<img decoding=\"async\" class=\"aligncenter\" src=\"https:\/\/www.jhi.pl\/storage\/image\/core_files\/2022\/6\/30\/4753d894ffee3d86e8efa969a8b7f20d\/png\/jhi\/normal_big\/2022_marsz_pami%C4%99ci_t%C5%82o_logo75_PNG.webp\" width=\"100%\" \/><\/p>\n<p style=\"text-align: left;\"><span style=\"color: #000080;\"><strong>80 lat temu w okupowanej Warszawie Niemcy rozpocz\u0119li tak zwan\u0105 \u201eGrossaktion\u201d \u2013 wielk\u0105 deportacj\u0119 \u017byd\u00f3w do obozu zag\u0142ady w Treblince.<\/strong> Od 22 lipca do 21 wrze\u015bnia 1942 roku na Umschlagplatz \u2013 placu prze\u0142adunkowym przy ulicy Stawki, sk\u0105d wyrusza\u0142y transporty do kom\u00f3r gazowych \u2013 w przepe\u0142nionych poci\u0105gach jad\u0105cych do obozu i w samej Treblince zamordowali blisko 300 tysi\u0119cy \u017byd\u00f3w. W Marszu Pami\u0119ci 22 lipca 2022 jak co roku oddamy ho\u0142d ofiarom wielkiej deportacji. W szczeg\u00f3lny spos\u00f3b wspomina\u0107 b\u0119dziemy \u017cydowskich uchod\u017ac\u00f3w i przesiedle\u0144c\u00f3w z miast i miasteczek okupowanej Polski i Europy, kt\u00f3rzy zmarli w getcie warszawskim z powodu g\u0142odu i chor\u00f3b lub zostali zg\u0142adzeni w Treblince latem 1942 roku.<\/span><\/p>\n<div class=\"images left horizontal large\">\n<div class=\"row\">\n<div class=\"column item\"><a class=\"image \" title=\"\" href=\"https:\/\/www.jhi.pl\/storage\/image\/core_files\/2022\/7\/12\/53f52b6265f06c41d87f44adf4f91f88\/jpg\/jhi\/preview\/Warszawa,%20brama%20na%20skrzy%C5%BCowaniu%20%C5%BBelazna-Leszno.%20Wysiedleni%20%C5%BBydzi%20z%20podwarszawskich%20miejscowo%C5%9Bci%20czekaj%C4%85%20na%20wej%C5%9Bcie%20do%20getta,%201940-1941,%20Fot.%20NN,%20zbiory%20%C5%BBIH.jpg\" target=\"\" rel=\"lightbox noopener noreferrer\"><img decoding=\"async\" class=\"aligncenter\" src=\"https:\/\/www.jhi.pl\/storage\/image\/core_files\/2022\/7\/12\/53f52b6265f06c41d87f44adf4f91f88\/jpg\/jhi\/large\/Warszawa,%20brama%20na%20skrzy%C5%BCowaniu%20%C5%BBelazna-Leszno.%20Wysiedleni%20%C5%BBydzi%20z%20podwarszawskich%20miejscowo%C5%9Bci%20czekaj%C4%85%20na%20wej%C5%9Bcie%20do%20getta,%201940-1941,%20Fot.%20NN,%20zbiory%20%C5%BBIH.jpg\" alt=\"Warszawa, brama na skrzy\u017cowaniu \u017belazna-Leszno. Wysiedleni \u017bydzi z podwarszawskich miejscowo\u015bci czekaj\u0105 na wej\u015bcie do getta, 1940-1941, Fot. NN, zbiory \u017bIH.jpg\" width=\"100%\" data-title=\"\" \/><\/a><\/p>\n<hr \/>\n<\/div>\n<div><\/div>\n<div class=\"column item\"><a class=\"image \" title=\"\" href=\"https:\/\/www.jhi.pl\/storage\/image\/core_files\/2022\/7\/12\/4cfa75ed8ff1a2409fc917c41eb380c3\/jpg\/jhi\/preview\/Getto%20warszawskie,%20mur%20na%20ulicy%20Bonifraterskiej,%201940-1942,%20Autor%20nieznany.%20Archiwum%20Ringelbluma,%20zbiory%20%C5%BBIH.jpg\" target=\"\" rel=\"lightbox noopener noreferrer\"><img decoding=\"async\" class=\"aligncenter\" src=\"https:\/\/www.jhi.pl\/storage\/image\/core_files\/2022\/7\/12\/4cfa75ed8ff1a2409fc917c41eb380c3\/jpg\/jhi\/large\/Getto%20warszawskie,%20mur%20na%20ulicy%20Bonifraterskiej,%201940-1942,%20Autor%20nieznany.%20Archiwum%20Ringelbluma,%20zbiory%20%C5%BBIH.jpg\" alt=\"Getto warszawskie, mur na ulicy Bonifraterskiej, 1940-1942, Autor nieznany. Archiwum Ringelbluma, zbiory \u017bIH.jpg\" data-title=\"\" \/><\/a><\/p>\n<hr \/>\n<\/div>\n<div class=\"column item\"><a class=\"image \" title=\"\" href=\"https:\/\/www.jhi.pl\/storage\/image\/core_files\/2022\/7\/12\/efc21162af0e5f07cfdf7ef1032894ed\/jpg\/jhi\/preview\/Getto%20warszawskie,%20ulica%20Leszno,%20czerwiec%201941.%20Fot.%20Willy%20Georg,%20zbiory%20%C5%BBIH.jpg\" target=\"\" rel=\"lightbox noopener noreferrer\"><img decoding=\"async\" class=\"aligncenter\" src=\"https:\/\/www.jhi.pl\/storage\/image\/core_files\/2022\/7\/12\/efc21162af0e5f07cfdf7ef1032894ed\/jpg\/jhi\/large\/Getto%20warszawskie,%20ulica%20Leszno,%20czerwiec%201941.%20Fot.%20Willy%20Georg,%20zbiory%20%C5%BBIH.jpg\" alt=\"Getto warszawskie, ulica Leszno, czerwiec 1941. Fot. Willy Georg, zbiory \u017bIH.jpg\" width=\"100%\" data-title=\"\" \/><\/a><\/div>\n<\/div>\n<\/div>\n<p style=\"text-align: left;\"><span style=\"color: #000080;\">Co czwarta osoba w \u201edzielnicy zamkni\u0119tej\u201d zosta\u0142a przymusowo przesiedlona z miast takich jak \u0141\u00f3d\u017a, P\u0142ock, Sochaczew, Sierpc, G\u00f3ra Kalwaria, Piaseczno, a tak\u017ce Berlin czy Hamburg. Uchod\u017acy \u017cyli w najgorszych warunkach i jako pierwsi zostali wys\u0142ani do Treblinki.<\/span><\/p>\n<p style=\"text-align: left;\"><span style=\"color: #000080;\">Marsz wyruszy 22 lipca br. o godz. 18:00 spod pomnika Umschlagplatz w Warszawie (ul. Stawki 10, r\u00f3g Dzikiej) i przemierzy symboliczn\u0105 tras\u0119 \u201eod \u015bmierci do \u017cycia\u201d, kt\u00f3ra zako\u0144czy si\u0119 na ul. Stare Nalewki \u2013 to tam przed wojn\u0105 znajdowa\u0142o si\u0119 centrum \u017cydowskiej Warszawy.<\/span><\/p>\n<p style=\"text-align: left;\"><span style=\"color: #000080;\">Zwie\u0144czeniem Marszu b\u0119dzie koncert przygotowany przez wiolonczelist\u0119 i aran\u017cera Micha\u0142a Pepola we wsp\u00f3\u0142pracy ze S\u0142aw\u0105 Przybylsk\u0105, legend\u0105 polskiej sceny muzycznej. Jak co roku uczestnicy Marszu b\u0119d\u0105 nie\u015b\u0107 symboliczne Wst\u0105\u017cki Pami\u0119ci, z imionami zamordowanych przesiedle\u0144c\u00f3w i uchod\u017ac\u00f3w \u017cydowskich. Na ul. Stare Nalewki stanie wystawa plenerowa po\u015bwi\u0119cona ich pami\u0119ci, zaprojektowana przez Jana Strumi\u0142\u0142o, kt\u00f3r\u0105 b\u0119dzie mo\u017cna ogl\u0105da\u0107 do 1 wrze\u015bnia. Wok\u00f3\u0142 instalacji zaplanowali\u015bmy wydarzenia towarzysz\u0105ce \u2013 szczeg\u00f3\u0142y podamy wkr\u00f3tce.<\/span><\/p>\n<p style=\"text-align: center;\">_____<\/p>\n<p><span style=\"color: #000080;\">W 2022 roku mija 80 lat od rozpocz\u0119cia akcji \u201eReinhardt\u201d \u2013 planu ludob\u00f3jstwa polskich \u017byd\u00f3w, przygotowanego i przeprowadzonego przez nazistowskie Niemcy. Do zako\u0144czenia akcji w listopadzie 1943 roku Niemcy zamordowali blisko 2 miliony \u017byd\u00f3w z Generalnego Gubernatorstwa, okr\u0119gu bia\u0142ostockiego i innych kraj\u00f3w Europy: Czech, Moraw, S\u0142owacji, Grecji, Macedonii, Niemiec, Austrii.<\/span><\/p>\n<p style=\"text-align: left;\"><span style=\"color: #000080;\">G\u0142\u00f3wnymi o\u015brodkami zag\u0142ady by\u0142y obozy \u2013 Be\u0142\u017cec, Sobib\u00f3r, Treblinka i Majdanek \u2013 w kt\u00f3rych mordowano za pomoc\u0105 gazu. Tysi\u0105ce \u017byd\u00f3w zosta\u0142y zastrzelone tak\u017ce na ulicach gett oraz zmar\u0142y z braku wody i powietrza podczas transport\u00f3w. W wyniku akcji \u201eReinhardt\u201d przesta\u0142a istnie\u0107 wi\u0119kszo\u015b\u0107 du\u017cych spo\u0142eczno\u015bci \u017cydowskich w okupowanej Polsce.<\/span><\/p>\n<p style=\"text-align: center;\">_____<\/p>\n<p style=\"text-align: left;\"><span style=\"color: #000080;\"><strong>Marsz Pami\u0119ci 22 Lipca (1942) \u2013 dnia 22 lipca 2022 r. o godz. 18.00<\/strong><\/span><\/p>\n<p style=\"text-align: left;\"><span style=\"color: #000080;\"><strong>Organizator:\u00a0<\/strong>\u017bydowski Instytut Historyczny im. Emanuela Ringelbluma<\/span><\/p>\n<p style=\"text-align: left;\"><span style=\"color: #000080;\"><strong>Trasa:\u00a0<\/strong>pomnik Umschlagplatz \u2013 ul. Stawki \u2013 ul. Andersa \u2013 wzd\u0142u\u017c Ogrodu Krasi\u0144skich \u2013 ul. Stare Nalewki.<\/span><\/p>\n<p style=\"text-align: left;\"><span style=\"color: #000080;\">Na pocz\u0105tku wydarzenia wolontariusze b\u0119d\u0105 rozdawa\u0107 Wst\u0105\u017cki Pami\u0119ci z imionami, kt\u00f3re pod koniec pochodu zostan\u0105 przywi\u0105zane do ogrodzenia Ogrodu Krasi\u0144skich.<\/span><\/p>\n<figure class=\"image\"><img decoding=\"async\" class=\"aligncenter\" src=\"https:\/\/www.jhi.pl\/storage\/image\/core_files\/2022\/7\/12\/00ccaed8c5f3eaafb562b4abee0f0825\/jpg\/jhi\/preview\/Wielka%20Akcja%20Likwidacyjna,%20opustosza%C5%82a%20ul.%20Mi%C5%82a%20po%20wysiedleniu%20%C5%BByd%C3%B3w,%20zbiory%20%C5%BBIH.jpg\" alt=\"Wielka Akcja Likwidacyjna, opustosza\u0142a ul. Mi\u0142a po wysiedleniu \u017byd\u00f3w, zbiory \u017bIH.jpg [493.83 KB]\" width=\"100%\" \/><figcaption><span style=\"color: #808080;\"><em>Wielka Akcja Likwidacyjna, opustosza\u0142a ul. Mi\u0142a po wysiedleniu \u017byd\u00f3w,<\/em><\/span><br \/>\n<span style=\"color: #808080;\"><em>zbiory \u017bydowskiego Instytutu Historycznego im. E. Ringelbluma<\/em><\/span><\/figcaption><\/figure>\n<p style=\"text-align: left;\"><span style=\"color: #000080;\"><strong>Zwie\u0144czeniem Marszu b\u0119dzie koncert<\/strong> przygotowany przez wiolonczelist\u0119 i aran\u017cera Micha\u0142a Pepola we wsp\u00f3\u0142pracy ze S\u0142aw\u0105 Przybylsk\u0105, legend\u0105 polskiej sceny muzycznej. Jak co roku uczestnicy Marszu b\u0119d\u0105 nie\u015b\u0107 symboliczne Wst\u0105\u017cki Pami\u0119ci, z imionami zamordowanych przesiedle\u0144c\u00f3w i uchod\u017ac\u00f3w \u017cydowskich. Na ul. Stare Nalewki stanie wystawa plenerowa po\u015bwi\u0119cona ich pami\u0119ci, zaprojektowana przez Jana Strumi\u0142\u0142o, kt\u00f3r\u0105 b\u0119dzie mo\u017cna ogl\u0105da\u0107 do 1 wrze\u015bnia. Wok\u00f3\u0142 instalacji zaplanowali\u015bmy wydarzenia towarzysz\u0105ce \u2013 szczeg\u00f3\u0142y podamy wkr\u00f3tce.<\/span><\/p>\n<figure class=\"image\"><img decoding=\"async\" class=\"aligncenter\" src=\"https:\/\/www.jhi.pl\/storage\/image\/core_files\/2022\/7\/12\/413939477300a51ee431cb54a42d4570\/jpg\/jhi\/preview\/2022_Marsz_Pami%C4%99ci_mapa.jpg\" alt=\"2022_Marsz_Pami\u0119ci_mapa.jpg [198.37 KB]\" width=\"100%\" \/><figcaption>Trasa Marszu Pami\u0119ci 22 Lipca 1942<\/figcaption><\/figure>\n<hr \/>\n<p style=\"text-align: center;\"><span style=\"color: #808080;\"><em><strong><br \/>\nPatronat Honorowy:<\/strong><\/em><\/span><\/p>\n<p style=\"text-align: center;\"><span style=\"color: #808080;\"><em>Patronat Honorowy nad obchodami 80. rocznicy zag\u0142ady \u017byd\u00f3w w ramach niemieckiej Akcji \u201eReinhardt&#8221; obj\u0105\u0142 Prezydent Rzeczypospolitej Polskiej Andrzej Duda<\/em><\/span><\/p>\n<p style=\"text-align: center;\"><span style=\"color: #808080;\"><em>Patronat Honorowy nad Marszem Pami\u0119ci Prezydenta m.st. Warszawy<\/em><\/span><\/p>\n<p style=\"text-align: center;\"><span style=\"color: #808080;\"><em><strong>Partnerzy:<\/strong><\/em><\/span><\/p>\n<p style=\"text-align: center;\"><span style=\"color: #808080;\"><em>Centrum Taubego<\/em><\/span><br \/>\n<span style=\"color: #808080;\"><em>Forum Dialogu<\/em><\/span><br \/>\n<span style=\"color: #808080;\"><em>Hillel Warszawa<\/em><\/span><br \/>\n<span style=\"color: #808080;\"><em>Mazowiecki Instytut Kultury<\/em><\/span><br \/>\n<span style=\"color: #808080;\"><em>Muzeum Getta Warszawskiego<\/em><\/span><br \/>\n<span style=\"color: #808080;\"><em>Towarzystwo Spo\u0142eczno-Kulturalne \u017byd\u00f3w w Polsce<\/em><\/span><\/p>\n<p style=\"text-align: center;\"><span style=\"color: #808080;\"><em><strong>Patronat Medialny:<\/strong><\/em><\/span><\/p>\n<p style=\"text-align: center;\"><span style=\"color: #808080;\"><em>Jet Line<\/em><\/span><br \/>\n<span style=\"color: #808080;\"><em>Program II Polskiego Radia<\/em><\/span><br \/>\n<span style=\"color: #808080;\"><em>Rzeczpospolita<\/em><\/span><br \/>\n<span style=\"color: #808080;\"><em>Str\u00f6er<\/em><\/span><br \/>\n<span style=\"color: #808080;\"><em>TVP Kultura<\/em><\/span><br \/>\n<span style=\"color: #808080;\"><em>Wirtualna Polska<\/em><\/span><\/p>\n<p style=\"text-align: center;\"><span style=\"color: #808080;\"><em><strong>Finansowanie:<\/strong><\/em><\/span><\/p>\n<p style=\"text-align: center;\"><span style=\"color: #808080;\"><em>Projekt pn. \u201eOrganizacja wydarze\u0144 Marsz Pami\u0119ci i upami\u0119tnienie Zag\u0142ady w Treblince\u201d dofinansowano ze \u015brodk\u00f3w Ministra Kultury i Dziedzictwa Narodowego<\/em><\/span><\/p>\n<p style=\"text-align: center;\"><span style=\"color: #808080;\"><em>Opracowanie zbior\u00f3w jest finansowane przez Islandi\u0119, Liechtenstein i Norwegi\u0119 w ramach Funduszu EOG oraz przez\u00a0<a style=\"color: #808080;\" href=\"https:\/\/www.gov.pl\/web\/kultura\" target=\"_blank\" rel=\"noopener noreferrer\">bud\u017cet krajowy<\/a><\/em><\/span><\/p>\n<p style=\"text-align: center;\"><span class=\"d2edcug0 hpfvmrgz qv66sw1b c1et5uql lr9zc1uh a8c37x1j keod5gw0 nxhoafnm aigsh9s9 d3f4x2em fe6kdd0r mau55g9w c8b282yb iv3no6db jq4qci2q a3bd9o3v b1v8xokw oo9gr5id\" dir=\"auto\"><img decoding=\"async\" class=\"aligncenter\" src=\"https:\/\/www.jhi.pl\/storage\/image\/core_files\/2021\/11\/17\/e272578ab4c7b67cefab77cc42a555a1\/jpg\/jhi\/preview\/norweskie_belka_PL_od_11.2021.jpg\" alt=\"norweskie_belka_PL_od_11.2021.jpg [117.19 KB]\" width=\"100%\" \/><\/span><\/p>\n<hr style=\"height: 15px; background: #d0e6fa; width: 100%;\" \/>\n<div id=\"content\" class=\"content-alignment\">\n<div id=\"watch-description\" class=\"yt-uix-button-panel\">\n<div id=\"watch-description-text\" style=\"text-align: center;\">\n<p><em>Zawarto\u015b\u0107 publikowanych artyku\u0142\u00f3w i materia\u0142\u00f3w nie reprezentuje pogl\u0105d\u00f3w ani opinii Reunion&#8217;68,<\/em><em><br \/>\nani te\u017c webmastera Blogu Reunion&#8217;68, chyba ze jest to wyra\u017anie zaznaczone.<br \/>\nTwoje uwagi, linki, w\u0142asne artyku\u0142y lub wiadomo\u015bci prze\u015blij na adres:<br \/>\n<\/em><span style=\"color: #000080;\"><strong><em><a style=\"color: #000080;\" href=\"mailto:webmaster@reunion68.com\"><span style=\"text-decoration: underline;\">webmaster@reunion68.com<\/span><\/a><\/em><\/strong><\/span><\/p>\n<\/div>\n<\/div>\n<\/div>\n<hr style=\"width: 100%;\" \/>\n","protected":false},"excerpt":{"rendered":"<p>Zapraszamy na Marsz Pami\u0119ci 22 lipca 1942 \u017bydowski Instytut Historyczny Przed 80 laty warszawska spo\u0142eczno\u015b\u0107 \u017cydowska niemal przesta\u0142a istnie\u0107. W lecie 1942 roku Niemcy wywie\u017ali do Treblinki blisko 300 tysi\u0119cy \u017byd\u00f3w. Zapraszamy do udzia\u0142u w corocznym Marszu Pami\u0119ci, upami\u0119tniaj\u0105cym zamordowanych mieszka\u0144c\u00f3w getta warszawskiego. . 80 lat temu w okupowanej Warszawie Niemcy rozpocz\u0119li tak zwan\u0105 \u201eGrossaktion\u201d [&hellip;]<\/p>\n","protected":false},"author":1,"featured_media":0,"comment_status":"closed","ping_status":"closed","sticky":false,"template":"","format":"standard","meta":[],"categories":[6],"tags":[26,24],"_links":{"self":[{"href":"https:\/\/www.reunion68.se\/index.php?rest_route=\/wp\/v2\/posts\/96759"}],"collection":[{"href":"https:\/\/www.reunion68.se\/index.php?rest_route=\/wp\/v2\/posts"}],"about":[{"href":"https:\/\/www.reunion68.se\/index.php?rest_route=\/wp\/v2\/types\/post"}],"author":[{"embeddable":true,"href":"https:\/\/www.reunion68.se\/index.php?rest_route=\/wp\/v2\/users\/1"}],"replies":[{"embeddable":true,"href":"https:\/\/www.reunion68.se\/index.php?rest_route=%2Fwp%2Fv2%2Fcomments&post=96759"}],"version-history":[{"count":13,"href":"https:\/\/www.reunion68.se\/index.php?rest_route=\/wp\/v2\/posts\/96759\/revisions"}],"predecessor-version":[{"id":96776,"href":"https:\/\/www.reunion68.se\/index.php?rest_route=\/wp\/v2\/posts\/96759\/revisions\/96776"}],"wp:attachment":[{"href":"https:\/\/www.reunion68.se\/index.php?rest_route=%2Fwp%2Fv2%2Fmedia&parent=96759"}],"wp:term":[{"taxonomy":"category","embeddable":true,"href":"https:\/\/www.reunion68.se\/index.php?rest_route=%2Fwp%2Fv2%2Fcategories&post=96759"},{"taxonomy":"post_tag","embeddable":true,"href":"https:\/\/www.reunion68.se\/index.php?rest_route=%2Fwp%2Fv2%2Ftags&post=96759"}],"curies":[{"name":"wp","href":"https:\/\/api.w.org\/{rel}","templated":true}]}}