{"id":96761,"date":"2022-07-14T17:05:37","date_gmt":"2022-07-14T15:05:37","guid":{"rendered":"http:\/\/www.reunion68.se\/?p=96761"},"modified":"2022-07-14T05:52:32","modified_gmt":"2022-07-14T03:52:32","slug":"23-05-74","status":"publish","type":"post","link":"https:\/\/www.reunion68.se\/?p=96761","title":{"rendered":"Biden to back renewing US defense package for Israel \u2014 top administration official"},"content":{"rendered":"<h5 style=\"text-align: center;\"><a href=\"https:\/\/www.timesofisrael.com\/\" target=\"_blank\" rel=\"noopener noreferrer\"><img decoding=\"async\" class=\"center alignleft\" src=\"http:\/\/www.reunion68.com\/Biuletyn\/img\/times.png\" alt=\"\" width=\"35%\" \/><\/a><span style=\"text-decoration: underline; color: #000080;\"><strong><a style=\"color: #000080; text-decoration: underline;\" href=\"https:\/\/www.timesofisrael.com\/biden-to-back-renewing-us-defense-package-for-israel-top-administration-official\/\" target=\"_blank\" rel=\"noopener noreferrer\">Biden to back renewing US defense package for Israel \u2014 top administration official<\/a><\/strong><\/span><\/h5>\n<p style=\"text-align: center;\"><span style=\"color: #000000;\"><strong> JACOB MAGID<\/strong><\/span><\/p>\n<hr style=\"height: 15px; background: #d0e6fa; width: 100%;\" \/>\n<h5 style=\"text-align: center;\"><strong>Support for extending 10-year MOU signed in 2016 to be part of \u2018Jerusalem declaration\u2019 Biden and Lapid will sign Thursday along with commitments to support Ukraine, Abraham Accords.<\/strong><\/h5>\n<hr \/>\n<p style=\"text-align: center;\"><img decoding=\"async\" class=\"aligncenter\" src=\"https:\/\/static.timesofisrael.com\/www\/uploads\/2022\/07\/WhatsApp-Image-2022-07-13-at-6.34.38-PM-640x400.jpeg\" width=\"100%\" \/><span style=\"color: #808080;\"><em>Defense Minister Benny Gantz, right, presents US President Joe Biden with the wing of a drone intercepted by the Iron Beam laser defense system, as Prime Minister Yair Lapid (L) looks on at the Ben Gurion Airport, July 13, 2022. (Ariel Hermoni\/Defense Ministry)<\/em><\/span><\/p>\n<p style=\"text-align: left;\"><span style=\"color: #000080;\">Prime Minister Yair Lapid and US President Joe Biden will sign a joint declaration on Thursday that will include the administration\u2019s backing for extending the massive defense package Washington provides to the Jewish state, according to a senior US official.<\/span><\/p>\n<p style=\"text-align: left;\"><span style=\"color: #000080;\">The $38 billion Memorandum of Understanding (MOU) was signed in 2016 under the Obama administration when Biden was vice president. The 10-year agreement went into effect two years later, so is not even 50% complete, but such MOUs take time to negotiate and, as such, are planned years in advance.<\/span><\/p>\n<p style=\"text-align: left;\"><span style=\"color: #000080;\">The senior US official briefing reporters Wednesday said the joint declaration would \u201cnote our ongoing support for [the 2016 MOU] and support for extending it at an appropriate time.\u201d<\/span><\/p>\n<p style=\"text-align: left;\"><span style=\"color: #000080;\">Israeli officials briefing reporters ahead of the trip referred to the joint statement as the \u201cJerusalem Declaration\u201d and spoke more broadly of its emphasis.<\/span><\/p>\n<p style=\"text-align: left;\"><span style=\"color: #000080;\">The senior administration official said Wednesday that in addition to backing Israel\u2019s security, the declaration will also see the sides commit to never allowing Iran to obtain a nuclear weapon. The two leaders will express support for the Abraham Accords and Israel\u2019s integration in the region. The declaration also highlights shared concerns for global security issues, such as Russia\u2019s invasion of Ukraine, with the leaders offering their support for Ukrainian sovereignty.<\/span><\/p>\n<p style=\"text-align: left;\"><span style=\"color: #000080;\">The Palestinian issue was not included in the main points of the declaration highlighted by the senior US official.<\/span><\/p>\n<p style=\"text-align: center;\"><img decoding=\"async\" class=\"aligncenter\" src=\"https:\/\/static.timesofisrael.com\/www\/uploads\/2022\/07\/000_32EC6RE-640x400.jpg\" width=\"100%\" \/><span style=\"color: #808080;\"><em>US President Joe Biden (C) walks towards an Iron Dome defense system (R) during a tour at Ben Gurion Airport near Tel Aviv Israel on July 13, 2022. (MANDEL NGAN \/ AFP)<\/em><\/span><\/p>\n<p style=\"text-align: left;\"><span style=\"color: #000080;\">Contrary to his predecessors, Biden is seen to have largely deprioritized the Israeli-Palestinian conflict on his foreign policy agenda due to a belief that the parties are not ready for high-stakes peace talks.<\/span><\/p>\n<p style=\"text-align: left;\"><span style=\"color: #000080;\">The president expressed his support for a two-state solution in his speech upon landing at Ben Gurion airport on Wednesday at the start of a four-day trip to Israel, the West Bank and Saudi Arabia. However, he added, \u201cI know it\u2019s not [feasible] in the near term.\u201d<\/span><\/p>\n<p style=\"text-align: left;\"><span style=\"color: #000080;\">The Jerusalem Declaration was hyped-up by Israeli officials briefing reporters a day earlier, but the US administration official acknowledged that \u201ca lot will look familiar,\u201d as many of the positions have already been voiced by the parties in the past.<\/span><\/p>\n<p style=\"text-align: left;\"><span style=\"color: #000080;\">However, the US official added that there are some new angles to the declaration as it contains \u201ca commitment to look at the future,\u201d with references to extending the 2016 MOU.<\/span><\/p>\n<p style=\"text-align: left;\"><span style=\"color: #000080;\">Turning to Thursday\u2019s virtual meeting between Biden, Lapid, UAE President Mohamed bin Zayed and Indian Prime Minister Narendra Modi, the official said it would include an announcement of $2 billion for agricultural parks in India that Abu Dhabi will help fund and that will use Israeli technologies.<\/span><\/p>\n<p style=\"text-align: left;\"><span style=\"color: #000080;\">The new forum of countries that the White House has labeled I2U2 will allow US allies to better address global challenges by working together, the official said.<\/span><\/p>\n<p style=\"text-align: center;\"><img decoding=\"async\" class=\"aligncenter\" src=\"https:\/\/static.timesofisrael.com\/www\/uploads\/2021\/10\/FCBJxx_X0AAAsfy-640x400.jpg\" width=\"100%\" \/><span style=\"color: #808080;\"><em>US Secretary of State Antony Blinken takes part in a Zoom call with the Foreign Ministers of Israel, India and the UAE on October 18 2021 (State Department)<\/em><\/span><\/p>\n<p style=\"text-align: left;\"><span style=\"color: #000080;\">Asked to comment on the COVID protocols for the trip, which were used to explain the directive issued to Israeli ministers at the welcome ceremony not to expect handshakes from Biden, the senior US official insisted that no such guidance had been issued on the US end.<\/span><\/p>\n<p style=\"text-align: left;\"><span style=\"color: #000080;\">After first fist-bumping Lapid on the tarmac, Biden went on to periodically shake the hands of other ministers<\/span><\/p>\n<p style=\"text-align: left;\"><span style=\"color: #000080;\">Some analysts had initially speculated that the directive reported by Hebrew media was put in place to prevent Biden from having to shake the hand of Saudi Crown Prince Mohammed bin Salman later this week in Jeddah. The US has sought to gingerly improve ties with Riyadh after Biden vowed during his campaign to treat the Gulf kingdom like a \u201cpariah\u201d over its human rights record.<\/span><\/p>\n<hr style=\"height: 15px; background: #d0e6fa; width: 100%;\" \/>\n<div id=\"content\" class=\"content-alignment\">\n<div id=\"watch-description\" class=\"yt-uix-button-panel\">\n<div id=\"watch-description-text\" style=\"text-align: center;\">\n<p><em>Zawarto\u015b\u0107 publikowanych artyku\u0142\u00f3w i materia\u0142\u00f3w nie reprezentuje pogl\u0105d\u00f3w ani opinii Reunion&#8217;68,<\/em><em><br \/>\nani te\u017c webmastera Blogu Reunion&#8217;68, chyba ze jest to wyra\u017anie zaznaczone.<br \/>\nTwoje uwagi, linki, w\u0142asne artyku\u0142y lub wiadomo\u015bci prze\u015blij na adres:<br \/>\n<\/em><span style=\"color: #000080;\"><strong><em><a style=\"color: #000080;\" href=\"mailto:webmaster@reunion68.com\"><span style=\"text-decoration: underline;\">webmaster@reunion68.com<\/span><\/a><\/em><\/strong><\/span><\/p>\n<\/div>\n<\/div>\n<\/div>\n<hr style=\"width: 100%;\" \/>\n","protected":false},"excerpt":{"rendered":"<p>Biden to back renewing US defense package for Israel \u2014 top administration official JACOB MAGID Support for extending 10-year MOU signed in 2016 to be part of \u2018Jerusalem declaration\u2019 Biden and Lapid will sign Thursday along with commitments to support Ukraine, Abraham Accords. Defense Minister Benny Gantz, right, presents US President Joe Biden with the [&hellip;]<\/p>\n","protected":false},"author":1,"featured_media":0,"comment_status":"closed","ping_status":"closed","sticky":false,"template":"","format":"standard","meta":[],"categories":[3],"tags":[26,24],"_links":{"self":[{"href":"https:\/\/www.reunion68.se\/index.php?rest_route=\/wp\/v2\/posts\/96761"}],"collection":[{"href":"https:\/\/www.reunion68.se\/index.php?rest_route=\/wp\/v2\/posts"}],"about":[{"href":"https:\/\/www.reunion68.se\/index.php?rest_route=\/wp\/v2\/types\/post"}],"author":[{"embeddable":true,"href":"https:\/\/www.reunion68.se\/index.php?rest_route=\/wp\/v2\/users\/1"}],"replies":[{"embeddable":true,"href":"https:\/\/www.reunion68.se\/index.php?rest_route=%2Fwp%2Fv2%2Fcomments&post=96761"}],"version-history":[{"count":4,"href":"https:\/\/www.reunion68.se\/index.php?rest_route=\/wp\/v2\/posts\/96761\/revisions"}],"predecessor-version":[{"id":96779,"href":"https:\/\/www.reunion68.se\/index.php?rest_route=\/wp\/v2\/posts\/96761\/revisions\/96779"}],"wp:attachment":[{"href":"https:\/\/www.reunion68.se\/index.php?rest_route=%2Fwp%2Fv2%2Fmedia&parent=96761"}],"wp:term":[{"taxonomy":"category","embeddable":true,"href":"https:\/\/www.reunion68.se\/index.php?rest_route=%2Fwp%2Fv2%2Fcategories&post=96761"},{"taxonomy":"post_tag","embeddable":true,"href":"https:\/\/www.reunion68.se\/index.php?rest_route=%2Fwp%2Fv2%2Ftags&post=96761"}],"curies":[{"name":"wp","href":"https:\/\/api.w.org\/{rel}","templated":true}]}}