{"id":96783,"date":"2022-07-15T17:09:34","date_gmt":"2022-07-15T15:09:34","guid":{"rendered":"http:\/\/www.reunion68.se\/?p=96783"},"modified":"2022-07-15T05:31:39","modified_gmt":"2022-07-15T03:31:39","slug":"24-09-75","status":"publish","type":"post","link":"https:\/\/www.reunion68.se\/?p=96783","title":{"rendered":"Ambasador Izraela Jakow Liwne: Chcemy, by relacje z Polsk\u0105 wr\u00f3ci\u0142y na w\u0142a\u015bciwe tory"},"content":{"rendered":"<p><img decoding=\"async\" src=\"https:\/\/i.gremicdn.pl\/image\/free\/69f9c515198566640c7805b88fbe104e\/?t=crop:931:577:nowe:0:0,resize:fill:948:592,enlarge:1\" width=\"100%\" \/>Foto: JAKUB SZYMCZUK\\KPRP<\/p>\n<hr \/>\n<h5 style=\"text-align: center;\"><a href=\"https:\/\/www.rp.pl\/\" target=\"_blank\" rel=\"noopener noreferrer\"><img decoding=\"async\" class=\"center alignleft\" src=\"http:\/\/www.reunion68.com\/Biuletyn\/img\/rzecz-p.png\" alt=\"\" width=\"35%\" \/><\/a><span style=\"text-decoration: underline; color: #000080;\"><span style=\"text-decoration: underline;\"><strong><a style=\"color: #000080; text-decoration: underline;\" href=\"https:\/\/www.rp.pl\/dyplomacja\/art36703681-ambasador-izraela-jakow-liwne-chcemy-by-relacje-z-polska-wrocily-na-wlasciwe-tory\" target=\"_blank\" rel=\"noopener noreferrer\">Ambasador Izraela Jakow Liwne: Chcemy, by relacje z Polsk\u0105 wr\u00f3ci\u0142y na w\u0142a\u015bciwe tory<\/a><\/strong><\/span><\/span><\/h5>\n<p style=\"text-align: center;\"><span style=\"color: #000000;\"><strong>Jerzy Haszczy\u0144ski<\/strong><\/span><\/p>\n<hr style=\"height: 15px; background: #d0e6fa; width: 100%;\" \/>\n<h4 style=\"text-align: center;\"><span style=\"color: #808080;\"><strong>O wizerunku Polski, pomocy Ukrainie, dialogu z Rosj\u0105 i ira\u0144skim zagro\u017ceniu m\u00f3wi Jakow Liwne, nowy ambasador Izraela w Warszawie.<\/strong><\/span><\/h4>\n<h4 style=\"text-align: center;\"><span style=\"color: #808080;\"><strong>.<\/strong><\/span><\/h4>\n<p><b>We wtorek w\u00a0ko\u0144cu z\u0142o\u017cy\u0142 pan listy uwierzytelniaj\u0105ce polskiemu prezydentowi, po d\u0142ugim izraelsko-polskim sporze dyplomatycznym. Czy Polska jest nadal postrzegana przez izraelsk\u0105 dyplomacj\u0119 jako kraj antysemicki, antyliberalny i\u00a0antydemokratyczny?<\/b><\/p>\n<p id=\"block-id-yjcXi8_rzM\" class=\"articleBodyBlock article--paragraph\" style=\"text-align: left;\"><span style=\"color: #000080;\">S\u0105dz\u0119, \u017ce to co wydarzy\u0142o si\u0119 we wtorek, z\u0142o\u017cenie przeze mnie list\u00f3w uwierzytelniaj\u0105cych prezydentowi Dudzie, to kolejny wa\u017cny krok na drodze ku przywr\u00f3ceniu normalnych, dobrych stosunk\u00f3w mi\u0119dzy Izraelem a\u00a0Polsk\u0105. Takich jak mieli\u015bmy przed seri\u0105 kryzys\u00f3w, kt\u00f3ra zacz\u0119\u0142a si\u0119 w\u00a0styczniu 2018 roku. Wierz\u0119, \u017ce jest szczera wola w\u00a0Jerozolimie i\u00a0Warszawie, \u017ce razem tego chcemy. Przyjecha\u0142em tu kilka miesi\u0119cy temu z\u00a0bardzo jasnym przes\u0142aniem od \u00f3wczesnego szefa MSZ, a\u00a0obecnie premiera Jaira Lapida. Przes\u0142anie brzmi: chcemy, by relacje wr\u00f3ci\u0142y na w\u0142a\u015bciwe tory. Polska jest wa\u017cnym krajem dla Izraela oraz dla \u017byd\u00f3w na ca\u0142ym \u015bwiecie. \u017bydzi i\u00a0Polacy \u017cyli tu razem przez tysi\u0105c lat. Nie mo\u017cna sobie wyobrazi\u0107 ani dzisiejszego \u017cydowskiego istnienia, ani wsp\u00f3\u0142czesnego pa\u0144stwa Izrael bez naszego polskiego dziedzictwa, bez naszej wsp\u00f3lnej historii w\u00a0tym kraju. By\u0142y okresy w\u00a0historii narodu \u017cydowskiego, gdy znaczna cz\u0119\u015b\u0107 ze wszystkich \u017byd\u00f3w na \u015bwiecie \u017cy\u0142a w\u00a0Polsce, a\u00a0ich stolic\u0105 by\u0142a Warszawa. Niezwykle trudno by\u0142oby sobie te\u017c wyobrazi\u0107 wsp\u00f3\u0142czesn\u0105 Polsk\u0119 bez \u017cydowskiego dziedzictwa. To jest ta podstawa, to, co jest wa\u017cne dla nas i\u00a0dla naszych przyjaci\u00f3\u0142 i\u00a0koleg\u00f3w w\u00a0Polsce. Przyjecha\u0142em, by nad tym pracowa\u0107.<\/span><\/p>\n<p id=\"block-id-h7lDUZimE6\" class=\"articleBodyBlock article--paragraph\"><b>U\u017cy\u0142 pan bardzo dyplomatycznego j\u0119zyka. Ale innego u\u017cywa\u0142 w\u00a02019 roku szef MSZ Izrael Katz, m\u00f3wi\u0105cy, \u017ce Polacy wyssali antysemityzm z\u00a0mlekiem matki. I\u00a0innego, w\u00a0zesz\u0142ym roku, minister Jair Lapid, okre\u015blaj\u0105cy Polsk\u0119 mianem kraju antysemickiego, antyliberalnego i\u00a0antydemokratycznego. Taki wizerunek Polska ma w\u00a0Izraelu?<\/b><\/p>\n<p id=\"block-id-fL-Adv9f2O\" class=\"articleBodyBlock article--paragraph\" style=\"text-align: left;\"><span style=\"color: #000080;\">S\u0105dz\u0119, \u017ce wizerunek Polski jest w\u00a0znacznym stopniu ukszta\u0142towany przez nasz\u0105 wsp\u00f3ln\u0105 histori\u0119. Przez bardzo bliskie stosunki, tak\u017ce osobiste, rodzinne wielu Izraelczyk\u00f3w, tych, kt\u00f3rzy m\u00f3wi\u0105 po polsku, ale przede wszystkim tych, co polskiego nie znaj\u0105, ale ich przodkowie lub bliscy pochodz\u0105 z\u00a0Polski. Stosunek do Polski ma wiele wsp\u00f3lnego z\u00a0emocjami, ale jeszcze wi\u0119cej z\u00a0blisko\u015bci\u0105, intymno\u015bci\u0105 mi\u0119dzy naszymi narodami. I\u00a0to te\u017c ja odczuwam, od kiedy jestem w\u00a0Polsce.<\/span><\/p>\n<p id=\"block-id-WdpjHJzJEv\" class=\"articleBodyBlock article--paragraph\"><b>Co o\u00a0Polsce, Polakach wiedz\u0105 Izraelczycy, kt\u00f3rych przodkowie pochodz\u0105 z\u00a0takich kraj\u00f3w, jak Maroko, Tunezja, Jemen, Azerbejd\u017can czy Iran? Czego dowiaduj\u0105 si\u0119 w\u00a0szkole, z\u00a0telewizji, od polityk\u00f3w?<\/b><\/p>\n<p style=\"text-align: left;\"><span style=\"color: #000080;\">Spo\u0142ecze\u0144stwo izraelskie to tygiel, Izrael to kraj zbudowany przede wszystkim przez \u017byd\u00f3w, kt\u00f3rzy wr\u00f3cili do swojej historycznej ojczyzny. Pochodz\u0105 oni z\u00a0ca\u0142ego \u015bwiata, od Iranu po Ameryk\u0119, od Skandynawii po RPA. Ale wszyscy, gdy przybywamy do Izraela, zazwyczaj w\u00a0pierwszym pokoleniu i\u00a0bardzo szybko, stajemy si\u0119 Izraelczykami. I\u00a0tak o\u00a0sobie my\u015blimy, przede wszystkim jako o\u00a0Izraelczykach. Nasze postrzeganie obecnej rzeczywisto\u015bci i\u00a0historii ma wi\u0119cej wsp\u00f3lnego z\u00a0histori\u0105 i\u00a0losem narodu \u017cydowskiego ni\u017c z\u00a0krajami, z\u00a0kt\u00f3rych wywodz\u0105 si\u0119 przodkowie. Izraelczycy ucz\u0105 si\u0119 w\u00a0szko\u0142ach i\u00a0s\u0142ysz\u0105 w\u00a0telewizji o\u00a0wielkim wsp\u00f3lnym dziedzictwie \u017byd\u00f3w i\u00a0Polak\u00f3w. Ucz\u0105 si\u0119 o\u00a0wielkim znaczeniu Polski, kt\u00f3re wynika ze wspomnianego faktu, \u017ce znaczna wi\u0119kszo\u015b\u0107 \u017byd\u00f3w przez setki lat tam \u017cy\u0142a. Pami\u0119tamy oczywi\u015bcie o\u00a0najbardziej tragicznym, najbardziej dramatycznym i\u00a0najstraszniejszym okresie w\u00a0historii naszego narodu \u2013 okresie Holokaustu. Wydarzy\u0142 si\u0119 tu, w\u00a0Europie, w\u00a0znacznej cz\u0119\u015bci na polskiej ziemi. Uczymy si\u0119 i\u00a0wiemy, \u017ce Holokaust zosta\u0142 zainicjowany i\u00a0zaplanowany przez Niemc\u00f3w, przez nazistowskie Niemcy i\u00a0nikogo innego. Wszyscy w\u00a0Izraelu wiedz\u0105 o\u00a0konferencji w\u00a0Wannsee, nad brzegiem pi\u0119knego jeziora ko\u0142o Berlina. Wiemy, kto by\u0142 odpowiedzialny za Holokaust. Oczywi\u015bcie wiemy, \u017ce Niemcy mieli te\u017c kolaborant\u00f3w w\u00a0krajach, kt\u00f3re okupowali. A\u00a0Polska r\u00f3wnie\u017c by\u0142a okupowana.<\/span><\/p>\n<p id=\"block-id--6YvKVnnLz\" class=\"articleBodyBlock article--paragraph\"><b>Jedn\u0105 z\u00a0kontrowersji mi\u0119dzy naszymi krajami s\u0105 wycieczki edukacyjne do Polski dla izraelskich uczni\u00f3w. Dlatego \u017ce, jak twierdzi strona polska, przyje\u017cd\u017caj\u0105 tu i\u00a0nie maj\u0105 kontakt\u00f3w z\u00a0dzisiejsz\u0105 Polsk\u0105. Izraelska strona za\u015b nie zgadza si\u0119 na to, by Polska mia\u0142a wp\u0142yw na program izraelskich wycieczek. Czy mo\u017cliwe jest jakie\u015b porozumienie w\u00a0tej sprawie?<\/b><\/p>\n<p id=\"block-id-u_8YfJSOI3\" class=\"articleBodyBlock article--paragraph\" style=\"text-align: left;\"><span style=\"color: #000080;\">Te przyjazdy s\u0105 bardzo wa\u017cne, trwaj\u0105 od ponad 30 lat. Daj\u0105 izraelskiej m\u0142odzie\u017cy mo\u017cliwo\u015b\u0107 zajrze\u0107 do najciemniejszego rozdzia\u0142u naszej historii i\u00a0\u2013 powiedzia\u0142bym \u2013 najciemniejszego rozdzia\u0142u historii ludzko\u015bci. Auschwitz trzeba zobaczy\u0107 i\u00a0zrozumie\u0107. Poprzednie pokolenia nie mia\u0142y takiej szansy, gdy ja dorasta\u0142em w\u00a0Izraelu, a\u00a0szko\u0142\u0119 \u015bredni\u0105 ko\u0144czy\u0142em w\u00a01985 roku, nie mieli\u015bmy stosunk\u00f3w dyplomatycznych z\u00a0komunistyczn\u0105 Polsk\u0105. Nie mo\u017cna by\u0142o podr\u00f3\u017cowa\u0107, Polska \u2013 jak ca\u0142y ob\u00f3z komunistyczny \u2013 by\u0142a antyizraelska. Potem czasy si\u0119 zmieni\u0142y.<\/span><\/p>\n<p id=\"block-id-fPxjmzKncz\" class=\"articleBodyBlock article--paragraph\"><b>Polska si\u0119 te\u017c zmieni\u0142a, a\u00a0bez kontakt\u00f3w z\u00a0Polakami m\u0142odzie\u017c izraelska nie mo\u017ce si\u0119 tego dowiedzie\u0107. To s\u0105 wizyty w\u00a0przesz\u0142o\u015bci?<\/b><\/p>\n<p id=\"block-id-Ca6XOG35fz\" class=\"articleBodyBlock article--paragraph\" style=\"text-align: left;\"><span style=\"color: #000080;\">Ludzie maj\u0105 prawo sk\u0142ada\u0107 wizyty w\u00a0przesz\u0142o\u015bci, \u017cyjemy w\u00a0spo\u0142ecze\u0144stwach demokratycznych. Niekt\u00f3rzy je\u017cd\u017c\u0105 do Rzymu, bo chc\u0105 zobaczy\u0107 pozosta\u0142o\u015bci Imperium Rzymskiego. Co nie znaczy, \u017ce zr\u00f3wnuj\u0105 zachowania dzisiejszych W\u0142och\u00f3w z\u00a0tym, co Rzymianie robili w\u00a0przesz\u0142o\u015bci, z\u00a0walkami gladiator\u00f3w w\u0142\u0105cznie. Izraelczycy maj\u0105 takie samo prawo jak wszyscy tury\u015bci. Ponadto nie jest prawd\u0105, \u017ce w\u00a0czasie tych wycieczek m\u0142odzie\u017c nie widzi Polski. Podr\u00f3\u017cuje po kraju, ma spotkania, wielu z\u00a0nich te\u017c spotyka si\u0119 z\u00a0m\u0142odzie\u017c\u0105 polsk\u0105 i\u00a0to z\u00a0inicjatywy strony izraelskiej. Chcieliby\u015bmy, by by\u0142o wi\u0119cej kontakt\u00f3w z\u00a0m\u0142odymi lud\u017ami w\u00a0Polsce. Doprowadzenie do tego nie zale\u017cy wy\u0142\u0105cznie od strony izraelskiej.<\/span><\/p>\n<div class=\"addAdvertContainer ad--page--breaker\" data-insert-ad=\"11\">\n<div class=\"no-name advert--outer advertOuter text-center\">\n<div class=\"commercial--display\">\n<p id=\"block-id-hpYexe9Ca_\" class=\"articleBodyBlock article--paragraph\"><b>Strona izraelska jest gotowa do jakich\u015b rozm\u00f3w na ten temat ze stron\u0105 polsk\u0105?<\/b><\/p>\n<p id=\"block-id-RyE007bS83\" class=\"articleBodyBlock article--paragraph\" style=\"text-align: left;\"><span style=\"color: #000080;\">Wracaj\u0105c do pana pierwszego pytania: Wierzymy, \u017ce teraz musimy si\u0119 skupi\u0107 na przywr\u00f3ceniu naszych stosunk\u00f3w na normalne tory. I\u00a0unika\u0107 nowych napi\u0119\u0107. Jednocze\u015bnie powiedzieli\u015bmy naszym polskim przyjacio\u0142om, \u017ce jeste\u015bmy gotowi rozmawia\u0107 na ka\u017cdy temat, w\u00a0tym o\u00a0wycieczkach m\u0142odzie\u017cy.<\/span><\/p>\n<p id=\"block-id-eNmMbf1baO\" class=\"articleBodyBlock article--paragraph\"><b>To na czym konkretnie nale\u017cy si\u0119 skupi\u0107, by poprawi\u0107 stosunki izraelsko-polskie? Co nie jest kontrowersyjne?<\/b><\/p>\n<p id=\"block-id-onX245tYwH\" class=\"articleBodyBlock article--paragraph\" style=\"text-align: left;\"><span style=\"color: #000080;\">Wi\u0119kszo\u015b\u0107 spraw nie jest kontrowersyjna. Jeden przyk\u0142ad: w\u00a02019, rok przed pandemi\u0105 koronawirusa, \u0107wier\u0107 miliona Izraelczyk\u00f3w przyjecha\u0142o tu, by zobaczy\u0107 Polsk\u0119, jako tury\u015bci. Niewielka cz\u0119\u015b\u0107 z\u00a0nich, 40 tysi\u0119cy, to by\u0142a m\u0142odzie\u017c na wycieczkach edukacyjnych. Dla wielu doros\u0142ych to by\u0142 powr\u00f3t do Polski, kt\u00f3r\u0105 odwiedzili jako uczniowie na takich wycieczkach. W\u00a02019 roku tak\u017ce 200 tysi\u0119cy obywateli Polski odwiedzi\u0142o Izrael, po\u0142owa z\u00a0nich pojecha\u0142a jako pielgrzymi. Te\u017c przyjechali ze wzgl\u0119du na przesz\u0142o\u015b\u0107, dziedzictwo, a\u00a0przy okazji poznawali Izrael.<\/span><\/p>\n<p id=\"block-id-67D5pxWMow\" class=\"articleBodyBlock article--paragraph\"><b>Przyjecha\u0142 pan do Polski kilka miesi\u0119cy przed z\u0142o\u017ceniem list\u00f3w uwierzytelniaj\u0105cych. G\u0142\u00f3wnym celem by\u0142a wielka operacja ewakuacji z\u00a0Ukrainy uchod\u017ac\u00f3w pochodzenia \u017cydowskiego? By\u0142a jaka\u015b umowa mi\u0119dzy Izraelem a\u00a0Polsk\u0105 w\u00a0sprawie tej operacji?<\/b><\/p>\n<p id=\"block-id-CT99SYzCI4\" class=\"articleBodyBlock article--paragraph\" style=\"text-align: left;\"><span style=\"color: #000080;\">To nie by\u0142 g\u0142\u00f3wny cel mojego przyjazdu. By\u0142o nim, jak powiedzia\u0142em, przywr\u00f3cenie naszych stosunk\u00f3w na w\u0142a\u015bciwe tory. Co do Ukrainy \u2013 i\u00a0ja, i\u00a0rz\u0105d izraelski byli\u015bmy pod wielkim wra\u017ceniem tego, w\u00a0jaki spos\u00f3b Polacy opiekuj\u0105 si\u0119 milionami Ukrai\u0144c\u00f3w. Przyjecha\u0142em tu 28 lutego, cztery dni po rozpocz\u0119ciu wojny. Kilka dni p\u00f3\u017aniej by\u0142em na granicy. Pochodz\u0119 z\u00a0kraju, w\u00a0kt\u00f3rym niestety wiemy, co to jest wojna. Wiemy te\u017c o\u00a0niekonwencjonalnych dzia\u0142aniach, kt\u00f3re podejmuj\u0105 w\u0142adze, i\u00a0o\u00a0ba\u0142aganie \u2013 my w\u00a0hebrajskim te\u017c mamy takie s\u0142owo \u2013 kt\u00f3ry cz\u0119sto pojawia si\u0119 w\u00a0nadzwyczajnych sytuacjach. Ale to, co zobaczy\u0142em na przej\u015bciach granicznych w\u00a0Medyce i\u00a0Korczowej, gdzie by\u0142y wielkie punkty recepcyjne dla wielu tysi\u0119cy uchod\u017ac\u00f3w, robi\u0142o wielkie wra\u017cenie.<\/span><\/p>\n<p id=\"block-id-YavCZ4iC5U\" class=\"articleBodyBlock article--paragraph\"><b>Ilu uchod\u017ac\u00f3w z\u00a0Ukrainy dotar\u0142o przez Polsk\u0119 do Izraela?<\/b><\/p>\n<p id=\"block-id-W4w9_KNw6F\" class=\"articleBodyBlock article--paragraph\" style=\"text-align: left;\"><span style=\"color: #000080;\">Wed\u0142ug danych z\u00a0ko\u0144ca czerwca by\u0142o w\u00a0Izraelu ponad 35 tysi\u0119cy uchod\u017ac\u00f3w z\u00a0Ukrainy. Przez te kilka miesi\u0119cy przyjecha\u0142o wi\u0119cej, ale cz\u0119\u015b\u0107 wr\u00f3ci\u0142a czy pojecha\u0142a gdzie indziej. Jedna trzecia z\u00a0tych uchod\u017ac\u00f3w spe\u0142nia warunki aliji (mo\u017ce uzyska\u0107 obywatelstwo Izraela ze wzgl\u0119du na \u017cydowskie pochodzenie \u2013 przyp. red.). Od pocz\u0105tku izraelski premier i\u00a0szef MSZ nie ukrywali, co my\u015bl\u0105 o\u00a0tej wojnie. Faktem jest te\u017c, \u017ce ponad 1,2 miliona Izraelczyk\u00f3w pochodzi z\u00a0dawnego Zwi\u0105zku Radzieckiego, z\u00a0tego po p\u00f3\u0142 miliona z\u00a0Rosji i\u00a0Ukrainy. Nazwy miejscowo\u015bci, kt\u00f3re s\u0142yszeli\u015bmy w\u00a0wiadomo\u015bciach o\u00a0wojnie, nie s\u0105 obce wielu Izraelczykom, nie tylko tym, kt\u00f3rzy si\u0119 stamt\u0105d wywodz\u0105. Jak Odessa, przez kt\u00f3r\u0105 wielu \u017byd\u00f3w emigrowa\u0142o. W\u00a0\u015brodku Tel Awiwu wi\u0119kszo\u015b\u0107 nazw upami\u0119tnia osoby pochodz\u0105ce z\u00a0teren\u00f3w, kt\u00f3re najpierw nale\u017ca\u0142y do Polski, a\u00a0potem sta\u0142y si\u0119 cz\u0119\u015bci\u0105 Rosji. To wszystko tworzy wi\u0119zi, tak\u017ce emocjonalne. I\u00a0wywo\u0142a\u0142o pozytywne uczucia wobec ludzi zagro\u017conych i\u00a0w\u00a0potrzebie. Izrael dzia\u0142a\u0142 zgodnie z\u00a0tym, co uwa\u017ca\u0142 za w\u0142a\u015bciwie z\u00a0punktu widzenia prawa mi\u0119dzynarodowego, a\u00a0jednocze\u015bnie zgodnie z\u00a0odczuciami Izraelczyk\u00f3w wobec tego regionu.<\/span><\/p>\n<p id=\"block-id-cmPbJ5xPc4\" class=\"articleBodyBlock article--paragraph\"><b>Ale Izrael nie dzia\u0142a\u0142 jak zjednoczony Zach\u00f3d. Nie przy\u0142\u0105czy\u0142 si\u0119 do sankcji nak\u0142adanych na Rosj\u0119. Prezydent Ze\u0142enski powiedzia\u0142 pod koniec czerwca studentom Uniwersytetu Hebrajskiego w\u00a0Jerozolimie: \u201eJeste\u015bmy wdzi\u0119czni waszemu wspania\u0142emu narodowi, ale chcieliby\u015bmy tak\u017ce dosta\u0107 wsparcie od waszego rz\u0105du\u201d. Dlaczego rz\u0105d izraelski nie przy\u0142\u0105czy\u0142 si\u0119 do sankcji?<\/b><\/p>\n<p id=\"block-id-LsYT0KrDSU\" class=\"articleBodyBlock article--paragraph\" style=\"text-align: left;\"><span style=\"color: #000080;\">Rz\u0105d Izraela zrobi\u0142 du\u017co, by pom\u00f3c Ukrainie. Jako, z\u00a0tego co mi wiadomo, jedyny kraj otworzyli\u015bmy szpital polowy na terenie Ukrainy, niedaleko polskiej granicy. To by\u0142o mo\u017cliwe tak\u017ce dzi\u0119ki pomocy polskich w\u0142adz, ca\u0142y personel i\u00a0ca\u0142e wyposa\u017cenie dotar\u0142o tam przez Polsk\u0119. W\u00a0szpitalu znalaz\u0142o opiek\u0119 ponad 6 tysi\u0119cy pacjent\u00f3w. To jeden z\u00a0przyk\u0142ad\u00f3w.<\/span><\/p>\n<p id=\"block-id-lkNVotS5Hv\" class=\"articleBodyBlock article--paragraph\"><b>Ale w\u00a0tej konfrontacji mi\u0119dzy Rosj\u0105 a\u00a0Zachodem najwa\u017cniejsze s\u0105 sankcje nak\u0142adane na Moskw\u0119 i\u00a0dostawy broni dla Kijowa. Izrael w\u00a0tym nie uczestniczy.<\/b><\/p>\n<p id=\"block-id-dcnI6E1QU3\" class=\"articleBodyBlock article--paragraph\" style=\"text-align: left;\"><span style=\"color: #000080;\">Jest r\u00f3\u017cne podej\u015bcie do tej kwestii. Pa\u0144stwa dzia\u0142aj\u0105 zgodnie z\u00a0w\u0142asnymi mo\u017cliwo\u015bciami, potrzebami, interesami i\u00a0z\u00a0postrzeganiem zagro\u017ce\u0144. M\u00f3wi\u0105c o\u00a0stosunkach mi\u0119dzy Izraelem i\u00a0Rosj\u0105 nie mo\u017cemy ignorowa\u0107 tego, \u017ce mamy wyj\u0105tkowo trudn\u0105 sytuacj\u0105 na naszej p\u00f3\u0142nocnej granicy. Fundamentali\u015bci, ekstremi\u015bci. Re\u017cim ira\u0144ski robi wszystko, by przekszta\u0142ci\u0107 ten rejon w\u00a0Syrii i\u00a0nie tylko w\u00a0Syrii w\u00a0miejsce, z\u00a0kt\u00f3rego powi\u0105zane z\u00a0nim si\u0142y mog\u0105 nas atakowa\u0107. Izrael powtarza, \u017ce na to nie pozwoli. Nie jest tajemnic\u0105, \u017ce nie tylko o\u00a0tym m\u00f3wimy, ale i\u00a0dzia\u0142amy, by nie dopu\u015bci\u0107 do tego zagro\u017cenia. Nie jest tak\u017ce tajemnic\u0105, \u017ce od 2015 roku rosyjskie lotnictwo jest obecne w\u00a0Syrii i\u00a0\u017ce Izraelowi by\u0142oby wyj\u0105tkowo trudno prowadzi\u0107 tak\u0105 polityk\u0119 bez dialogu z\u00a0Moskw\u0105. Dla bezpiecze\u0144stwa Izraela najwa\u017cniejszym problemem jest zagro\u017cenie ze strony Iranu, kraju, kt\u00f3ry co chwil\u0119 og\u0142asza, \u017ce chce zniszczy\u0107 jedyne pa\u0144stwo \u017cydowskie na \u015bwiecie, broni\u0105 nuklearn\u0105 czy w\u00a0inny spos\u00f3b. Musimy to bra\u0107 pod uwag\u0119. Poza tym w\u00a0Rosji i\u00a0na Ukrainie \u017cyj\u0105 du\u017ce spo\u0142eczno\u015bci \u017cydowskie i\u00a0ich bezpiecze\u0144stwo oraz dobrobyt nie mog\u0105 by\u0107 nam oboj\u0119tne. Te dwie kwestie t\u0142umacz\u0105 specyficzn\u0105 sytuacj\u0119, w\u00a0jakiej znajduje si\u0119 Izrael. Przy okazji umo\u017cliwia to nam rozmowy zar\u00f3wno z\u00a0Moskw\u0105, jak i\u00a0z\u00a0Kijowem. Co, jak si\u0119 wydawa\u0142o par\u0119 miesi\u0119cy temu, da szans\u0119 przyczyni\u0107 si\u0119 do powstrzymania tej strasznej wojny.<\/span><\/p>\n<p id=\"block-id-9S3AVgTRHQ\" class=\"articleBodyBlock article--paragraph\"><b>Powiedzia\u0142 pan o\u00a0tej zale\u017cno\u015bci Izraela od Rosji i\u00a0Putina\u2026<\/b><\/p>\n<p id=\"block-id-4DG1_KjYQI\" class=\"articleBodyBlock article--paragraph\" style=\"text-align: left;\"><span style=\"color: #000080;\">Nie m\u00f3wi\u0142em o\u00a0zale\u017cno\u015bci, lecz o\u00a0tym, \u017ce kontakty z\u00a0Rosj\u0105 s\u0105 wa\u017cne.<\/span><\/p>\n<p id=\"block-id-PA81Vctmta\" class=\"articleBodyBlock article--paragraph\"><b>Putin odpowiada za \u015bmier\u0107 tysi\u0119cy cywil\u00f3w, za wyp\u0119dzenie milion\u00f3w, z\u00a0kt\u00f3rych wi\u0119kszo\u015b\u0107 pewnie nie b\u0119dzie mia\u0142a szansy wr\u00f3ci\u0107 do swoich dom\u00f3w, za zniszczenie wielu szpitali, szk\u00f3\u0142, miast i\u00a0za plany \u201ereedukacji\u201d Ukrai\u0144c\u00f3w, by zrozumieli, \u017ce s\u0105 Rosjanami. To przede wszystkim widz\u0105 Ukrai\u0144cy, a\u00a0tak\u017ce Polacy czy Esto\u0144czycy. I\u00a0s\u0142ysz\u0105 gro\u017aby, tak\u017ce nuklearne, a\u00a0Rosja ma tysi\u0105ce rakiet z\u00a0g\u0142owicami j\u0105drowymi.<\/b><\/p>\n<p id=\"block-id-mkDZh2mEH9\" class=\"articleBodyBlock article--paragraph\" style=\"text-align: left;\"><span style=\"color: #000080;\">Nie jest moim zadaniem doradza\u0107 pa\u0144stwom w\u00a0Europie, stykaj\u0105cym si\u0119 z\u00a0nowymi zagro\u017ceniami i\u00a0rzeczywisto\u015bci\u0105 wojny, kt\u00f3rej tu od wielu dekad nie by\u0142o. Mog\u0119 si\u0119 podzieli\u0107 izraelskim do\u015bwiadczeniem. Od lat \u017cyjemy w\u00a0zagro\u017ceniu, ze strony cz\u0119\u015bci naszych s\u0105siad\u00f3w oraz ze strony organizacji terrorystycznych. Rok temu byli\u015bmy atakowani przez organizacj\u0119 terrorystyczn\u0105 ze Strefy Gazy. Nauczyli\u015bmy si\u0119, \u017ce musimy mie\u0107 przyjaci\u00f3\u0142 na arenie mi\u0119dzynarodowej. Wierz\u0119, \u017ce Izrael i\u00a0Polska, ze wzgl\u0119du na histori\u0119 i\u00a0wsp\u00f3lne dziedzictwo, ale tak\u017ce w\u00a0\u015bwietle obecnych wyzwa\u0144, powinny powr\u00f3ci\u0107 do wsp\u00f3\u0142pracy i\u00a0rozwin\u0105\u0107 j\u0105 ponad to, co mieli\u015bmy w\u00a0przesz\u0142o\u015bci.<\/span><\/p>\n<div id=\"articleBody\" class=\"body articleBody \" data-io-article-url=\"https:\/\/www.rp.pl\/dyplomacja\/art36703681-ambasador-izraela-jakow-liwne-chcemy-by-relacje-z-polska-wrocily-na-wlasciwe-tory\">\n<p id=\"block-id-daqKIYTM4K\" class=\"articleBodyBlock article--paragraph\"><b>Jaki jest wp\u0142yw na izraelsk\u0105 polityk\u0119 polityk\u00f3w i\u00a0dyplomat\u00f3w urodzonych w\u00a0dawnym Zwi\u0105zku Radzieckim? Pan te\u017c si\u0119 tam urodzi\u0142. Na Twitterze jest pana zdj\u0119cie z\u00a0obchod\u00f3w Dnia Zwyci\u0119stwa na placu Czerwonym w\u00a0Moskwie w\u00a02020 roku. Mia\u0142 pan na g\u0142owie radzieck\u0105 fura\u017cerk\u0119 z\u00a0czerwon\u0105 gwiazd\u0105. Liderzy pa\u0144stw zachodnich bojkotowali te uroczysto\u015bci ze wzgl\u0119du na agresywn\u0105 polityk\u0119 Moskwy. Jak to wyt\u0142umaczy\u0107?<\/b><\/p>\n<p id=\"block-id-5q4LPy277t\" class=\"articleBodyBlock article--paragraph\" style=\"text-align: left;\"><span style=\"color: #000080;\">By\u0142em wtedy charg\u00e9 d\u2019affaires w\u00a0Moskwie. Wszyscy ambasadorowie byli zaproszeni. Brali udzia\u0142.<\/span><\/p>\n<p id=\"block-id-RrKB3TZoRV\" class=\"articleBodyBlock article--paragraph\"><b>Ale tylko pan mia\u0142 fura\u017cerk\u0119 z\u00a0czerwon\u0105 gwiazd\u0105 na g\u0142owie.<\/b><\/p>\n<p id=\"block-id-JZzzcFxIhy\" class=\"articleBodyBlock article--paragraph\" style=\"text-align: left;\"><span style=\"color: #000080;\">Czapka by\u0142a w zestawie rozdawanym przez organizator\u00f3w. Trzeba pami\u0119ta\u0107, \u017ce zwyci\u0119stwo nad nazizmem by\u0142o dla \u017byd\u00f3w kwesti\u0105 dalszej egzystencji, a s\u0105dz\u0119, \u017ce i dla Polak\u00f3w r\u00f3wnie\u017c, niezale\u017cnie od tego, co p\u00f3\u017aniej zrobi\u0142 re\u017cim komunistyczny. To zwyci\u0119stwo ocali\u0142o wielu \u017byd\u00f3w i przedstawicieli innych narodowo\u015bci w Europie. Moim zdaniem ocali\u0142o \u015bwiat. Co nie znaczy, \u017ce re\u017cim komunistyczny nie dokonywa\u0142 zbrodni i wcze\u015bniej, i p\u00f3\u017aniej.<\/span><\/p>\n<\/div>\n<\/div>\n<\/div>\n<\/div>\n<hr style=\"height: 15px; background: #d0e6fa; width: 100%;\" \/>\n<div id=\"content\" class=\"content-alignment\">\n<div id=\"watch-description\" class=\"yt-uix-button-panel\">\n<div id=\"watch-description-text\" style=\"text-align: center;\">\n<p><em>Zawarto\u015b\u0107 publikowanych artyku\u0142\u00f3w i materia\u0142\u00f3w nie reprezentuje pogl\u0105d\u00f3w ani opinii Reunion&#8217;68,<\/em><em><br \/>\nani te\u017c webmastera Blogu Reunion&#8217;68, chyba ze jest to wyra\u017anie zaznaczone.<br \/>\nTwoje uwagi, linki, w\u0142asne artyku\u0142y lub wiadomo\u015bci prze\u015blij na adres:<br \/>\n<\/em><span style=\"color: #000080;\"><strong><em><a style=\"color: #000080;\" href=\"mailto:webmaster@reunion68.com\"><span style=\"text-decoration: underline;\">webmaster@reunion68.com<\/span><\/a><\/em><\/strong><\/span><\/p>\n<\/div>\n<\/div>\n<\/div>\n<hr style=\"width: 100%;\" \/>\n","protected":false},"excerpt":{"rendered":"<p>Foto: JAKUB SZYMCZUK\\KPRP Ambasador Izraela Jakow Liwne: Chcemy, by relacje z Polsk\u0105 wr\u00f3ci\u0142y na w\u0142a\u015bciwe tory Jerzy Haszczy\u0144ski O wizerunku Polski, pomocy Ukrainie, dialogu z Rosj\u0105 i ira\u0144skim zagro\u017ceniu m\u00f3wi Jakow Liwne, nowy ambasador Izraela w Warszawie. . We wtorek w\u00a0ko\u0144cu z\u0142o\u017cy\u0142 pan listy uwierzytelniaj\u0105ce polskiemu prezydentowi, po d\u0142ugim izraelsko-polskim sporze dyplomatycznym. Czy Polska jest [&hellip;]<\/p>\n","protected":false},"author":1,"featured_media":0,"comment_status":"closed","ping_status":"closed","sticky":false,"template":"","format":"standard","meta":[],"categories":[6],"tags":[26,24],"_links":{"self":[{"href":"https:\/\/www.reunion68.se\/index.php?rest_route=\/wp\/v2\/posts\/96783"}],"collection":[{"href":"https:\/\/www.reunion68.se\/index.php?rest_route=\/wp\/v2\/posts"}],"about":[{"href":"https:\/\/www.reunion68.se\/index.php?rest_route=\/wp\/v2\/types\/post"}],"author":[{"embeddable":true,"href":"https:\/\/www.reunion68.se\/index.php?rest_route=\/wp\/v2\/users\/1"}],"replies":[{"embeddable":true,"href":"https:\/\/www.reunion68.se\/index.php?rest_route=%2Fwp%2Fv2%2Fcomments&post=96783"}],"version-history":[{"count":5,"href":"https:\/\/www.reunion68.se\/index.php?rest_route=\/wp\/v2\/posts\/96783\/revisions"}],"predecessor-version":[{"id":96792,"href":"https:\/\/www.reunion68.se\/index.php?rest_route=\/wp\/v2\/posts\/96783\/revisions\/96792"}],"wp:attachment":[{"href":"https:\/\/www.reunion68.se\/index.php?rest_route=%2Fwp%2Fv2%2Fmedia&parent=96783"}],"wp:term":[{"taxonomy":"category","embeddable":true,"href":"https:\/\/www.reunion68.se\/index.php?rest_route=%2Fwp%2Fv2%2Fcategories&post=96783"},{"taxonomy":"post_tag","embeddable":true,"href":"https:\/\/www.reunion68.se\/index.php?rest_route=%2Fwp%2Fv2%2Ftags&post=96783"}],"curies":[{"name":"wp","href":"https:\/\/api.w.org\/{rel}","templated":true}]}}