{"id":96785,"date":"2022-07-16T17:05:25","date_gmt":"2022-07-16T15:05:25","guid":{"rendered":"http:\/\/www.reunion68.se\/?p=96785"},"modified":"2022-07-15T05:46:46","modified_gmt":"2022-07-15T03:46:46","slug":"24-05-77","status":"publish","type":"post","link":"https:\/\/www.reunion68.se\/?p=96785","title":{"rendered":"The Washington Post Publishes Op-Ed by J Street Founder That Manipulates Facts as Biden Visits Israel"},"content":{"rendered":"<h5 style=\"text-align: center;\"><a href=\"https:\/\/www.algemeiner.com\/\" target=\"_blank\" rel=\"noopener noreferrer\"><img decoding=\"async\" class=\"center alignleft\" src=\"http:\/\/www.reunion68.com\/Biuletyn\/img\/algem.png\" alt=\"\" width=\"35%\" \/><\/a><span style=\"text-decoration: underline; color: #000080;\"><span><strong><a style=\"color: #000080; text-decoration: underline;\" href=\"https:\/\/www.algemeiner.com\/2022\/07\/14\/the-washington-post-publishes-op-ed-by-j-street-founder-that-manipulates-facts-as-biden-visits-israel\/\" target=\"_blank\" rel=\"noopener noreferrer\">The Washington Post Publishes Op-Ed by J Street Founder That Manipulates Facts as Biden Visits Israel<\/a><\/strong><\/span><\/span><\/h5>\n<p style=\"text-align: center;\"><span style=\"color: #000000;\"><strong>Gidon Ben-Zvi<\/strong><\/span><\/p>\n<hr style=\"height: 15px; background: #d0e6fa; width: 100%;\" \/>\n<p style=\"text-align: center;\"><img decoding=\"async\" class=\"aligncenter\" src=\"https:\/\/www.algemeiner.com\/wp-content\/uploads\/2017\/10\/washington-Post-2.jpg\" width=\"100%\" \/><span style=\"color: #808080;\"><em>The former Washington Post building. Photo: Wikimedia Commons.<\/em><\/span><\/p>\n<p style=\"text-align: left;\"><span style=\"color: #000080;\">The arrival of US President Joe Biden in Israel is being used by an ostensibly \u201cpro-Israel, pro-peace advocacy group\u201d as a pretext for accusing the Jewish state of being responsible for the ongoing conflict with the Palestinians.<\/span><\/p>\n<p style=\"text-align: left;\"><span style=\"color: #000080;\">To readers of\u00a0<em>The Washington Post\u2019<\/em>s July 11 opinion piece by Jeremy Ben-Ami, founder and president of J Street, it\u2019s as if the ceaseless Palestinian incitement and chronic rejection of Israeli peace overtures by Hamas and the Palestinian Authority (PA) simply don\u2019t exist.<\/span><\/p>\n<div class=\"elementor elementor-323780 elementor-location-single\" data-elementor-type=\"section\" data-elementor-id=\"323780\">\n<div class=\"elementor-section-wrap\">\n<section class=\"elementor-section elementor-top-section elementor-element elementor-element-74e18c8 elementor-section-full_width homepage_newsletter_form elementor-section-height-default elementor-section-height-default\" data-id=\"74e18c8\" data-element_type=\"section\">\n<div class=\"elementor-container elementor-column-gap-no\">\n<div class=\"elementor-row\">\n<div class=\"elementor-column elementor-col-100 elementor-top-column elementor-element elementor-element-7862794\" data-id=\"7862794\" data-element_type=\"column\" data-settings=\"{&quot;background_background&quot;:&quot;classic&quot;}\">\n<div class=\"elementor-column-wrap elementor-element-populated\">\n<div class=\"elementor-widget-wrap\">\n<section class=\"elementor-section elementor-inner-section elementor-element elementor-element-500ba0b elementor-section-full_width elementor-section-height-default elementor-section-height-default\" data-id=\"500ba0b\" data-element_type=\"section\">\n<div class=\"elementor-container elementor-column-gap-no\">\n<div class=\"elementor-row\">\n<div class=\"elementor-column elementor-col-100 elementor-inner-column elementor-element elementor-element-0d630e4\" data-id=\"0d630e4\" data-element_type=\"column\">\n<div class=\"elementor-column-wrap elementor-element-populated\">\n<div class=\"elementor-widget-wrap\">\n<div class=\"elementor-element elementor-element-4159a03 elementor-widget elementor-widget-heading\" data-id=\"4159a03\" data-element_type=\"widget\" data-widget_type=\"heading.default\">\n<div class=\"elementor-widget-container\">\n<p style=\"text-align: left;\"><span style=\"color: #000080;\">Titled,\u00a0<a style=\"color: #000080;\" href=\"https:\/\/www.washingtonpost.com\/opinions\/2022\/07\/11\/biden-israel-palestine-crisis-occupation-west-bank\/\" target=\"_blank\" rel=\"noopener noreferrer\">\u201cBiden needs to address the coming crisis between Israel and Palestine<\/a>,\u201d Ben-Ami\u2019s\u00a0<em>Washington Post<\/em>\u00a0piece cites Israel 77 times. Although he does mention the word \u2018Palestinian\u2019 48 times, neither the Palestinian Authority or Hamas are referenced at all.<\/span><\/p>\n<p style=\"text-align: left;\"><span style=\"color: #000080;\">Such glaring omissions make it possible for Ben-Ami to suggest that Israel is to blame for the Palestinian terrorism that was unleashed against innocent civilians:<\/span><\/p>\n<blockquote>\n<p style=\"text-align: left;\"><strong>On the ground, settlements are expanding at a steady pace, demolitions and evictions of Palestinians are increasing, and settler violence is growing bolder \u2014 with almost no effective action by Israeli authorities to restrain it. Palestinian terrorism is on the rise, and the status quo on the Temple Mount is cracking\u2026[Israel\u2019s] policy and actions continue to push inexorably toward de facto annexation of large swaths of the West Bank. These steps violate international law and in many cases seem deliberately designed to obstruct the achievement of a two-state solution.<\/strong><\/p>\n<\/blockquote>\n<p style=\"text-align: left;\"><span style=\"color: #000080;\">By not being informed of the frequent Palestinian incitement that precipitated the latest wave of terror,\u00a0<em>Washington Post<\/em>\u00a0readers are likely to come away with a mistaken impression that Israeli policies are the root cause for the outbreak of violence.<\/span><\/p>\n<\/div>\n<\/div>\n<\/div>\n<\/div>\n<\/div>\n<\/div>\n<\/div>\n<\/section>\n<\/div>\n<\/div>\n<\/div>\n<\/div>\n<\/div>\n<\/section>\n<\/div>\n<\/div>\n<p style=\"text-align: left;\"><span style=\"color: #000080;\">For example, in the days leading up to last year\u2019s Hamas-initiated conflict that saw thousands of rockets fired from the Gaza Strip at Israeli towns and cities,\u00a0<a style=\"color: #000080;\" href=\"https:\/\/honestreporting.com\/5-ways-the-media-is-twisting-coverage-of-israel-hamas-conflict\/\" target=\"_blank\" rel=\"noopener noreferrer\">Palestinian incitement sparked waves of mob violence<\/a>\u00a0perpetrated by Muslims at the Al-Aqsa Mosque in Jerusalem during the religious period of Ramadan.<\/span><\/p>\n<p style=\"text-align: left;\"><span style=\"color: #000080;\">Indeed, there is almost\u00a0<i>always<\/i>\u00a0an uptick in violence during the Muslim holy month, with historical data indicating a\u00a0<a style=\"color: #000080;\" href=\"https:\/\/honestreporting.com\/what-media-wont-tell-you-the-root-cause-of-riots-in-jerusalem\/\" target=\"_blank\" rel=\"noopener noreferrer\">200 percent increase<\/a>\u00a0in terrorist attacks around the world.<\/span><\/p>\n<p style=\"text-align: left;\"><span style=\"color: #000080;\">Apparently, Ben-Ami missed that salient fact.<\/span><\/p>\n<p style=\"text-align: left;\"><span style=\"color: #000080;\">Meanwhile in Ramallah, the incentivizing of violence against Israelis forms official Palestinian Authority policy. The Palestinian Budget Book states that payments must be made to killed or imprisoned Palestinian terrorists and their families from the\u00a0<a style=\"color: #000080;\" href=\"https:\/\/honestreporting.com\/wapo-ap-reuters-omit-critical-context-about-pas-pay-for-slay-turn-facts-about-policy-into-israeli-claims\/\" target=\"_blank\" rel=\"noopener noreferrer\">Martyrs Fund<\/a>\u00a0because the recipients constitute a \u201cfighting sector.\u201d<\/span><\/p>\n<p style=\"text-align: left;\"><span style=\"color: #000080;\">Notably, the amount paid out increases in proportion to the severity of the crime.<\/span><\/p>\n<p style=\"text-align: left;\"><span style=\"color: #000080;\">Paying no heed to these grim realities, Ben-Ami doubles down on Israeli culpability:<\/span><\/p>\n<blockquote>\n<p style=\"text-align: left;\"><strong>Over one-tenth of Israel\u2019s Jewish population now lives in occupied territory, governed by different laws and with greater rights than the millions of Palestinians who live next to them in the same territory. The seeming irreversibility of this situation is fueling instability in Palestinian politics and society.<\/strong><\/p>\n<\/blockquote>\n<p style=\"text-align: left;\"><span style=\"color: #000080;\">First, there\u2019s the issue of sourcing. The statistic Ben-Ami cites is taken from\u00a0<em>Al Jazeera<\/em>, a worldwide media organization endowed by a Qatari government that has a long history of attempting to create<a style=\"color: #000080;\" href=\"https:\/\/freebeacon.com\/national-security\/inside-qatars-multimillion-dollar-plan-to-mainstream-anti-israel-journalists\/\" target=\"_blank\" rel=\"noopener noreferrer\">\u00a0an anti-Israel narrative<\/a>\u00a0within its coverage of the Jewish state.<\/span><\/p>\n<p style=\"text-align: left;\"><span style=\"color: #000080;\">More significant is Ben-Ami\u2019s claim that the existence of Jewish communities in the West Bank has led to a \u201cseeming irreversibility\u201d that is \u201cfueling instability in Palestinian politics and society.\u201d He fails to even reference the Israeli government\u2019s repeated good-faith efforts to jump-start the peace process or the Palestinian leadership\u2019s ceaseless intransigence.<\/span><\/p>\n<p style=\"text-align: left;\"><span style=\"color: #000080;\">The truth is that it has been the PA\u2019s rejection of repeated Israeli attempts to revive peace talks and\u00a0<a style=\"color: #000080;\" href=\"https:\/\/honestreporting.com\/newsflash-normalization-blow-to-palestinians-a-self-inflicted-wound\/\" target=\"_blank\" rel=\"noopener noreferrer\">non-stop incitement to violence<\/a>\u00a0that have led to countless rounds of war, as well as the prolonged suffering of the Palestinian people.<\/span><\/p>\n<div>\n<p style=\"text-align: left;\"><span style=\"color: #000080;\">Jeremy Ben-Ami is entitled to his opinions. However,\u00a0<em>The Washington Post<\/em>, by not checking Ben-Ami\u2019s facts, is allowing its vast readership to be misled by J Street \u2014 a group with an evident anti-Israel agenda.<\/span><\/p>\n<p style=\"text-align: left;\"><span style=\"color: #000080;\">For example, this \u201cpro-Israel, pro-peace advocacy group\u201d\u00a0<a style=\"color: #000080;\" href=\"https:\/\/jstreet.org\/stop-the-meltdown-over-ben-jerrys-israel-decision\/#.YP_DuI4vPIV\" target=\"_blank\" rel=\"noopener noreferrer\">came out in favor<\/a>\u00a0of Ben &amp; Jerry\u2019s decision last year to\u00a0<a style=\"color: #000080;\" href=\"https:\/\/honestreporting.com\/washington-post-new-york-times-cover-up-genocidal-goal-of-ben-jerrys-boycott\/\" target=\"_blank\" rel=\"noopener noreferrer\">boycott Jewish communities in the West Bank<\/a>. J Street even started a petition to\u00a0<a style=\"color: #000080;\" href=\"https:\/\/act.jstreet.org\/sign\/protect-ben-jerrys-right-oppose-occupation\/\" target=\"_blank\" rel=\"noopener noreferrer\">Protect Ben &amp; Jerry\u2019s Right to Oppose the Occupation.<\/a><\/span><\/p>\n<p style=\"text-align: left;\"><span style=\"color: #000080;\">In June, J Street was one of a handful of pro-boycott organizations, including Jewish Voice for Peace and the\u00a0<a style=\"color: #000080;\" href=\"https:\/\/honestreporting.com\/cairless-why-do-media-cite-a-group-that-called-for-tel-avivs-liberation-video\/\" target=\"_blank\" rel=\"noopener noreferrer\">Council on American Islamic Relations (CAIR)<\/a>, to\u00a0<a style=\"color: #000080;\" href=\"https:\/\/www.jpost.com\/bds-threat\/article-710138\" target=\"_blank\" rel=\"noopener noreferrer\">speak out against<\/a>\u00a0a Federal appeals court decision to uphold an Arkansas state law that requires all public contractors to promise they won\u2019t target Israel via Boycott, Divestment, and Sanctions (BDS).<\/span><\/p>\n<p style=\"text-align: left;\"><span style=\"color: #000080;\">And as recently as July 12, J Street expressed its support for the decision of nine member states of the European Union to continue\u00a0<a style=\"color: #000080;\" href=\"https:\/\/www.middleeasteye.net\/news\/nine-eu-states-will-continue-backing-palestinian-civil-society-groups\" target=\"_blank\" rel=\"noopener noreferrer\">working with the six Palestinian groups\u00a0<\/a>that Israel\u00a0<a style=\"color: #000080;\" href=\"https:\/\/honestreporting.com\/media-fail-to-connect-dots-between-palestinian-ngos-and-pflp-terrorist-group\/\" target=\"_blank\" rel=\"noopener noreferrer\">designated as terrorist organizations<\/a>\u00a0in\u00a0October of last year.<\/span><\/p>\n<p style=\"text-align: left;\"><span style=\"color: #000080;\">If Jeremy Ben-Ami is serious about addressing the conflict between Israel and \u201cPalestine,\u201d he may want to consider that there is already a clear path to Palestinian self-rule.<\/span><\/p>\n<p style=\"text-align: left;\"><span style=\"color: #000080;\">The Oslo Accords forged in 1993 between Israel and the Palestine Liberation Organization led to the creation of the Palestinian Authority the following year. The agreement was based on a\u00a0<a style=\"color: #000080;\" href=\"https:\/\/mfa.gov.il\/mfa\/foreignpolicy\/peace\/guide\/pages\/israel-plo%20recognition%20-%20exchange%20of%20letters%20betwe.aspx\" target=\"_blank\" rel=\"noopener noreferrer\">promise by the Palestinian leadership to renounce terrorism<\/a>\u00a0and resolve all outstanding issues with Israel via bilateral negotiations.<\/span><\/p>\n<p style=\"text-align: left;\"><span style=\"color: #000080;\">To date, the Palestinian leadership has failed to live up to its obligations.<\/span><\/p>\n<p style=\"text-align: left;\"><span style=\"color: #000080;\">Either way,\u00a0<em>The Washington Post<\/em>\u00a0has a responsibility to get the facts right on a topic as complex and nuanced as the Israeli-Palestinian conflict. As things stand, the paper is effectively normalizing sometimes violent unilateral Palestinian efforts to achieve statehood.<\/span><\/p>\n<p style=\"text-align: left;\"><span style=\"color: #000080;\">For there to be any chance of restarting peace talks during Joe Biden\u2019s visit to the Middle East, prominent media outlets such as\u00a0<em>The Washington Post<\/em>\u00a0should refrain from uncritically pushing the agendas of known anti-Israel groups and activists.<\/span><\/p>\n<hr \/>\n<\/div>\n<div style=\"text-align: left;\"><span style=\"color: #808080;\"><i>The <strong>author<\/strong> is a contributor to <strong>HonestReporting<\/strong>, a Jerusalem-based media watchdog with a focus on antisemitism and anti-Israel bias \u2014 where a version of this article<a style=\"color: #808080;\" href=\"https:\/\/honestreporting.com\/the-washington-post-publishes-op-ed-by-j-street-founder-that-manipulates-facts-as-biden-visits-israel\/\" target=\"_blank\" rel=\"noopener noreferrer\" data-saferedirecturl=\"https:\/\/www.google.com\/url?q=https:\/\/honestreporting.com\/its-not-the-economy-axios-article-diagnoses-intra-palestinian-violence-as-ailment-prescribes-wrong-remedy\/&amp;source=gmail&amp;ust=1657869728861000&amp;usg=AOvVaw32g_UeZFYDlaEpvHV4J2oq\">\u00a0first appeared.<\/a><\/i><\/span><\/div>\n<hr style=\"height: 15px; background: #d0e6fa; width: 100%;\" \/>\n<div id=\"content\" class=\"content-alignment\">\n<div id=\"watch-description\" class=\"yt-uix-button-panel\">\n<div id=\"watch-description-text\" style=\"text-align: center;\">\n<p><em>Zawarto\u015b\u0107 publikowanych artyku\u0142\u00f3w i materia\u0142\u00f3w nie reprezentuje pogl\u0105d\u00f3w ani opinii Reunion&#8217;68,<\/em><em><br \/>\nani te\u017c webmastera Blogu Reunion&#8217;68, chyba ze jest to wyra\u017anie zaznaczone.<br \/>\nTwoje uwagi, linki, w\u0142asne artyku\u0142y lub wiadomo\u015bci prze\u015blij na adres:<br \/>\n<\/em><span style=\"color: #000080;\"><strong><em><a style=\"color: #000080;\" href=\"mailto:webmaster@reunion68.com\"><span style=\"text-decoration: underline;\">webmaster@reunion68.com<\/span><\/a><\/em><\/strong><\/span><\/p>\n<\/div>\n<\/div>\n<\/div>\n<hr style=\"width: 100%;\" \/>\n","protected":false},"excerpt":{"rendered":"<p>The Washington Post Publishes Op-Ed by J Street Founder That Manipulates Facts as Biden Visits Israel Gidon Ben-Zvi The former Washington Post building. Photo: Wikimedia Commons. The arrival of US President Joe Biden in Israel is being used by an ostensibly \u201cpro-Israel, pro-peace advocacy group\u201d as a pretext for accusing the Jewish state of being [&hellip;]<\/p>\n","protected":false},"author":1,"featured_media":0,"comment_status":"closed","ping_status":"closed","sticky":false,"template":"","format":"standard","meta":[],"categories":[6],"tags":[26,24],"_links":{"self":[{"href":"https:\/\/www.reunion68.se\/index.php?rest_route=\/wp\/v2\/posts\/96785"}],"collection":[{"href":"https:\/\/www.reunion68.se\/index.php?rest_route=\/wp\/v2\/posts"}],"about":[{"href":"https:\/\/www.reunion68.se\/index.php?rest_route=\/wp\/v2\/types\/post"}],"author":[{"embeddable":true,"href":"https:\/\/www.reunion68.se\/index.php?rest_route=\/wp\/v2\/users\/1"}],"replies":[{"embeddable":true,"href":"https:\/\/www.reunion68.se\/index.php?rest_route=%2Fwp%2Fv2%2Fcomments&post=96785"}],"version-history":[{"count":4,"href":"https:\/\/www.reunion68.se\/index.php?rest_route=\/wp\/v2\/posts\/96785\/revisions"}],"predecessor-version":[{"id":96799,"href":"https:\/\/www.reunion68.se\/index.php?rest_route=\/wp\/v2\/posts\/96785\/revisions\/96799"}],"wp:attachment":[{"href":"https:\/\/www.reunion68.se\/index.php?rest_route=%2Fwp%2Fv2%2Fmedia&parent=96785"}],"wp:term":[{"taxonomy":"category","embeddable":true,"href":"https:\/\/www.reunion68.se\/index.php?rest_route=%2Fwp%2Fv2%2Fcategories&post=96785"},{"taxonomy":"post_tag","embeddable":true,"href":"https:\/\/www.reunion68.se\/index.php?rest_route=%2Fwp%2Fv2%2Ftags&post=96785"}],"curies":[{"name":"wp","href":"https:\/\/api.w.org\/{rel}","templated":true}]}}