{"id":9679,"date":"2014-11-26T19:06:38","date_gmt":"2014-11-26T17:06:38","guid":{"rendered":"http:\/\/www.reunion68.se\/?p=9679"},"modified":"2014-11-25T17:55:16","modified_gmt":"2014-11-25T15:55:16","slug":"9679","status":"publish","type":"post","link":"https:\/\/www.reunion68.se\/?p=9679","title":{"rendered":"Antysemityzm subiektywnie"},"content":{"rendered":"<h5 style=\"text-align: center;\"><a href=\"http:\/\/kulturaliberalna.pl\/\" target=\"_blank\"><img decoding=\"async\" class=\"center alignleft\" src=\"http:\/\/www.reunion68.com\/Biuletyn\/img\/k-liberalna.png\" alt=\"\" \/><\/a><span style=\"text-decoration: underline; color: #000080;\"><span style=\"text-decoration: underline;\"><strong><a style=\"color: #000080; text-decoration: underline;\" href=\"http:\/\/kulturaliberalna.pl\/2014\/11\/25\/antysemityzm-subiektywnie-katarzyna-kasia\/\" target=\"_blank\">Antysemityzm subiektywnie<\/a><\/strong><\/span><\/span><\/h5>\n<p style=\"text-align: center;\"><span style=\"color: #333333;\"><strong><em>Katarzyna Kasia<\/em><\/strong><\/span><\/p>\n<hr style=\"height: 15px; background: #d0e6fa; width: 710px;\" \/>\n<div id=\"attachment_44674\" style=\"width: 360px\" class=\"wp-caption alignright\"><img aria-describedby=\"caption-attachment-44674\" decoding=\"async\" class=\"wp-image-44674\" src=\"http:\/\/kulturaliberalna.pl\/wp-content\/uploads\/2014\/11\/ilu2-Tekst-Kasi-Kasi-550x388.jpg\" alt=\"ilu2-Tekst Kasi Kasi\" width=\"350\" \/><p id=\"caption-attachment-44674\" class=\"wp-caption-text\"><span style=\"color: #000080;\"><em>Magdalena Marcinkowska<\/em><\/span><\/p><\/div>\n<p style=\"text-align: left;\"><strong><span style=\"color: #333333;\">Kiedy mia\u0142am 12, a mo\u017ce 13 lat \u2013 nie pami\u0119tam ju\u017c dok\u0142adnie \u2013 mniej wi\u0119cej w po\u0142owie lat 90., do Polski przyjecha\u0142 go\u015b\u0107, kt\u00f3ry raz na zawsze zmieni\u0142 m\u00f3j spos\u00f3b my\u015blenia o \u017cyciu i o \u015bwiecie. Nazywa\u0142 si\u0119 Samuel Pisar, by\u0142 francuskim prawnikiem mieszkaj\u0105cym w Stanach Zjednoczonych oraz polskim \u017bydem z Bia\u0142egostoku.<\/span><\/strong><\/p>\n<p style=\"text-align: left;\"><span style=\"color: #000080;\">Kiedy wybuch\u0142a II wojna \u015bwiatowa, mia\u0142 10 lat. Prze\u017cy\u0142 Majdanek, Auschwitz i Dachau. Przetrwa\u0142 jako jedyny w swojej rodzinie. Spotka\u0142am go, kiedy po raz pierwszy od czasu swojego cudownego ocalenia, a w\u0142a\u015bciwie ca\u0142ej serii nieoczekiwanych ocale\u0144, przyjecha\u0142 do Polski w zwi\u0105zku z wydaniem ksi\u0105\u017cki \u201eZ krwi i nadziei\u201d, w kt\u00f3rej opisa\u0142 swoj\u0105 histori\u0119. Krzysztof Krauze postanowi\u0142 nakr\u0119ci\u0107 film dokumentalny o tej wizycie. Zaprosi\u0142 do wsp\u00f3\u0142pracy grup\u0119 \u017cydowskich dzieci, kt\u00f3re mia\u0142y razem z Pisarem odwiedzi\u0107 wszystkie wa\u017cne dla niego miejsca w Polsce.<\/span><\/p>\n<p style=\"text-align: left;\"><span style=\"color: #000080;\">Najbardziej utkwi\u0142o we mnie jedno wspomnienie: pan Samuel nie m\u00f3wi\u0142 po polsku, rozmawiali\u015bmy z nim po angielsku, ale pewnego dnia powiedzia\u0142, \u017ce kiedy przyjedziemy do jego rodzinnego domu w Bia\u0142ymstoku, on swoj\u0105 polszczyzn\u0119 odzyska, bo przecie\u017c j\u0119zyk, wyparty przez traum\u0119, gdzie\u015b musi by\u0107 jednak w g\u0142owie zapisany. Wyjechali\u015bmy z Warszawy o \u015bwicie. Nasz go\u015b\u0107 by\u0142 bardzo przej\u0119ty i te emocje wszystkim nam si\u0119 udziela\u0142y. Na miejscu okaza\u0142o si\u0119, \u017ce dom przetrwa\u0142 wojn\u0119, stoi w\u0142a\u015bciwie niezmieniony \u2013 du\u017cy dom, kamienica z czerwonej ceg\u0142y. Weszli\u015bmy do \u015brodka, zapukali\u015bmy do drzwi mieszkania. Zostali\u015bmy wpuszczeni. I po przekroczeniu progu wydarzy\u0142 si\u0119 obiecywany cud: Samuel Pisar odzyska\u0142 zdolno\u015b\u0107 m\u00f3wienia po polsku. By\u0142o to tym bardziej przejmuj\u0105ce, \u017ce zacz\u0105\u0142 do nas m\u00f3wi\u0107 przedwojennym j\u0119zykiem \u017cydowskiego 10-latka z Bia\u0142egostoku. Jego polszczyzna nie ewoluowa\u0142a ani nie zmieni\u0142y jej \u017cadne obce nalecia\u0142o\u015bci: zosta\u0142a zamro\u017cona, zatrzymana w czasie.<\/span><\/p>\n<p style=\"text-align: left;\"><span style=\"color: #000080;\">Kilka miesi\u0119cy p\u00f3\u017aniej film Krauzego zosta\u0142 wieczorem wyemitowany przez Telewizj\u0119 Polsk\u0105. Kiedy nast\u0119pnego dnia rano wychodzi\u0142am do szko\u0142y, ca\u0142a klatka schodowa by\u0142a pokryta Gwiazdami Dawida na szubienicach, napisami \u201eJude raus!\u201d oraz sugestiami, \u017ce mam wyp\u2026\u0107 do Izraela. Chyba wtedy po raz pierwszy poczu\u0142am sprzeciw wobec antysemityzmu. Ale o wiele mocniej poczu\u0142am potworny, parali\u017cuj\u0105cy strach. Po kilku godzinach, z dusz\u0105 na ramieniu, wraca\u0142am do domu. Po napisach nie by\u0142o ju\u017c \u015bladu, a nasze s\u0105siadki rozwiesza\u0142y na sznurach wyprane z rozpuszczalnika \u015bcierki, kt\u00f3rych nie pozwoli\u0142y nawet dotkn\u0105\u0107 moim rodzicom<\/span><\/p>\n<p style=\"text-align: center;\"><span style=\"color: #333333;\"><strong><em> Pytanie o powody antysemityzmu nie ma sensu, poniewa\u017c zak\u0142ada, \u017ce da si\u0119 go racjonalnie uzasadni\u0107. Tymczasem wcale si\u0119 nie da. <\/em><\/strong><\/span><\/p>\n<p style=\"text-align: left;\"><span style=\"color: #000080;\">Tamto do\u015bwiadczenie sprawi\u0142o, \u017ce zacz\u0119\u0142am si\u0119 zastanawia\u0107 nad dynamik\u0105 nienawi\u015bci. Nie rozumia\u0142am i nie zrozumiem pewnie nigdy \u2013 mimo licznych lektur i rozm\u00f3w \u2013 sk\u0105d bierze si\u0119 antysemityzm. Jak mo\u017ce istnie\u0107 w Polsce? W kraju, kt\u00f3ry wedle Paula Celana jest zamarzni\u0119tym jeziorem \u017cydowskiej krwi. Czy od tamtego czasu co\u015b si\u0119 zmieni\u0142o w mentalno\u015bci? Momentem prze\u0142omowym by\u0142o niew\u0105tpliwie Jedwabne i \u201eS\u0105siedzi\u201d Jana Tomasz Grossa, jedna z najwa\u017cniejszych ksi\u0105\u017cek ostatnich lat. Pytanie o powody antysemityzmu nie ma sensu, poniewa\u017c zak\u0142ada, \u017ce da si\u0119 go racjonalnie uzasadni\u0107. Tymczasem wcale si\u0119 nie da. Jedynym tropem interpretacyjnym mo\u017ce by\u0107 sformu\u0142owana przez Ren\u00e9 Girarda koncepcja koz\u0142a ofiarnego, w my\u015bl kt\u00f3rej pierwotny mord (i wsp\u00f3lny wr\u00f3g) jest fundamentem wsp\u00f3lnoty. Z drugiej strony wa\u017cna jest postawa moich cio\u0107-s\u0105siadek, kt\u00f3re wiele lat temu poczu\u0142y si\u0119 tamtym aktem nienawi\u015bci osobi\u015bcie dotkni\u0119te. Umy\u0142y \u015bciany, \u017cebym mia\u0142a \u015bwiadomo\u015b\u0107, \u017ce za mn\u0105 stoj\u0105 i nie pozwol\u0105, abym ja i moja rodzina by\u0142a atakowana. Przywracaj\u0105c porz\u0105dek na klatce schodowej, chcia\u0142y przywr\u00f3ci\u0107 mi, chocia\u017c w nik\u0142ym stopniu, poczucie bezpiecze\u0144stwa. Do dzisiaj jestem im za to bezgranicznie wdzi\u0119czna.<\/span><\/p>\n<p style=\"text-align: right;\"><span style=\"color: #000080;\">Czytaj dalej tu: <span style=\"text-decoration: underline;\"><strong><a style=\"color: #000080; text-decoration: underline;\" href=\"http:\/\/kulturaliberalna.pl\/2014\/11\/25\/antysemityzm-subiektywnie-katarzyna-kasia\/\" target=\"_blank\">Antysemityzm subiektywnie<\/a><\/strong><\/span><\/span><\/p>\n<hr style=\"height: 15px; background: #d0e6fa; width: 710px;\" \/>\n<div id=\"content\" class=\"  content-alignment&lt;br \/&gt;&lt;br \/&gt; \">\n<div id=\"watch-description\" class=\"yt-uix-button-panel\">\n<div id=\"watch-description-text\">\n<p style=\"text-align: center;\"><span style=\"color: #808080;\"> twoje uwagi, linki, wlasne artykuly, lub wiadomosci przeslij do: <strong><span style=\"text-decoration: underline;\"><span style=\"color: #808080; text-decoration: underline;\"><a href=\"mailto:webmaster@reunion68.com\">webmaster@reunion68.com<\/a><\/span><\/span><\/strong><\/span><\/p>\n<\/div>\n<\/div>\n<\/div>\n<p>&nbsp;<\/p>\n<hr style=\"width: 710px;\" \/>\n","protected":false},"excerpt":{"rendered":"<p>Antysemityzm subiektywnie Katarzyna Kasia Kiedy mia\u0142am 12, a mo\u017ce 13 lat \u2013 nie pami\u0119tam ju\u017c dok\u0142adnie \u2013 mniej wi\u0119cej w po\u0142owie lat 90., do Polski przyjecha\u0142 go\u015b\u0107, kt\u00f3ry raz na zawsze zmieni\u0142 m\u00f3j spos\u00f3b my\u015blenia o \u017cyciu i o \u015bwiecie. Nazywa\u0142 si\u0119 Samuel Pisar, by\u0142 francuskim prawnikiem mieszkaj\u0105cym w Stanach Zjednoczonych oraz polskim \u017bydem z [&hellip;]<\/p>\n","protected":false},"author":1,"featured_media":0,"comment_status":"closed","ping_status":"closed","sticky":false,"template":"","format":"standard","meta":[],"categories":[4],"tags":[24],"_links":{"self":[{"href":"https:\/\/www.reunion68.se\/index.php?rest_route=\/wp\/v2\/posts\/9679"}],"collection":[{"href":"https:\/\/www.reunion68.se\/index.php?rest_route=\/wp\/v2\/posts"}],"about":[{"href":"https:\/\/www.reunion68.se\/index.php?rest_route=\/wp\/v2\/types\/post"}],"author":[{"embeddable":true,"href":"https:\/\/www.reunion68.se\/index.php?rest_route=\/wp\/v2\/users\/1"}],"replies":[{"embeddable":true,"href":"https:\/\/www.reunion68.se\/index.php?rest_route=%2Fwp%2Fv2%2Fcomments&post=9679"}],"version-history":[{"count":19,"href":"https:\/\/www.reunion68.se\/index.php?rest_route=\/wp\/v2\/posts\/9679\/revisions"}],"predecessor-version":[{"id":9698,"href":"https:\/\/www.reunion68.se\/index.php?rest_route=\/wp\/v2\/posts\/9679\/revisions\/9698"}],"wp:attachment":[{"href":"https:\/\/www.reunion68.se\/index.php?rest_route=%2Fwp%2Fv2%2Fmedia&parent=9679"}],"wp:term":[{"taxonomy":"category","embeddable":true,"href":"https:\/\/www.reunion68.se\/index.php?rest_route=%2Fwp%2Fv2%2Fcategories&post=9679"},{"taxonomy":"post_tag","embeddable":true,"href":"https:\/\/www.reunion68.se\/index.php?rest_route=%2Fwp%2Fv2%2Ftags&post=9679"}],"curies":[{"name":"wp","href":"https:\/\/api.w.org\/{rel}","templated":true}]}}