{"id":96838,"date":"2022-08-05T17:09:08","date_gmt":"2022-08-05T15:09:08","guid":{"rendered":"http:\/\/www.reunion68.se\/?p=96838"},"modified":"2022-08-03T13:30:56","modified_gmt":"2022-08-03T11:30:56","slug":"27-09-75","status":"publish","type":"post","link":"https:\/\/www.reunion68.se\/?p=96838","title":{"rendered":"Masowe mordy ludno\u015bci \u017cydowskiej w Jedwabnem, Radzi\u0142owie i innych miejscowo\u015bciach na wschodnim Mazowszu w lecie 1941 roku"},"content":{"rendered":"<p><img decoding=\"async\" src=\"https:\/\/www.jhi.pl\/storage\/image\/core_files\/2020\/11\/13\/36ca6d1a6f465548988ef915b874a2d7\/jpg\/jhi\/header\/treblinka_2.webp\" width=\"100%\"><\/p>\n<hr>\n<h5 style=\"text-align: center;\"><a href=\"https:\/\/www.jhi.pl\/\" target=\"_blank\" rel=\"noopener noreferrer\"><img decoding=\"async\" class=\"center alignleft\" src=\"http:\/\/www.reunion68.com\/Biuletyn\/img\/zih-1.png\" alt=\"\" width=\"35%\"><\/a><span style=\"text-decoration: underline; color: #000080;\"><strong><a style=\"color: #000080; text-decoration: underline;\" href=\"https:\/\/www.jhi.pl\/artykuly\/masowe-mordy-ludnosci-zydowskiej-jedwabne,661\" target=\"_blank\" rel=\"noopener noreferrer\">Masowe mordy ludno\u015bci \u017cydowskiej w Jedwabnem, Radzi\u0142owie i innych miejscowo\u015bciach na wschodnim Mazowszu w lecie 1941 roku<\/a><\/strong><\/span><\/h5>\n<p style=\"text-align: center;\"><span style=\"color: #000000;\"><strong>prof. dr hab. Andrzej \u017bbikowski<\/strong><\/span><\/p>\n<hr style=\"height: 15px; background: #d0e6fa; width: 100%;\">\n<h4 class=\"description-box\" style=\"text-align: center;\"><span style=\"color: #808080;\"><strong>22 czerwca 1941 r.&nbsp;wybuch\u0142a wojna niemiecko-sowiecka. Niemcy w&nbsp;ci\u0105gu kilku tygodni zaj\u0119li p\u00f3\u0142nocne Mazowsze, Podlasie i&nbsp;Kresy P\u00f3\u0142nocno-Wschodnie, kt\u00f3re w&nbsp;1939 r.&nbsp;zagarn\u0119li Sowieci, i&nbsp;przy\u0142\u0105czyli do&nbsp;Prus Wschodnich jako okr\u0119g bia\u0142ostocki. Wybuch wojny niemiecko-sowieckiej by\u0142 punktem zwrotnym drugiej wojny \u015bwiatowej. Artyku\u0142 omawia okoliczno\u015bci pogrom\u00f3w w&nbsp;Jedwabnem i&nbsp;pobliskich miejscowo\u015bciach, do&nbsp;kt\u00f3rych dosz\u0142o po&nbsp;wkroczeniu Niemc\u00f3w na&nbsp;te&nbsp;tereny.<\/strong><\/span><\/h4>\n<div>.<\/div>\n<p style=\"text-align: center;\"><img decoding=\"async\" class=\"aligncenter\" src=\"https:\/\/www.jhi.pl\/storage\/image\/core_files\/2021\/5\/26\/bb46e7d0ba63d7342e5e78b54668ed30\/jpg\/jhi\/normal_big\/jedwabne_1944_fb.webp\" width=\"100%\"><span style=\"color: #808080;\"><em><span class=\"name\">Jedwabne, na podstawie: fragment niemieckiej mapy wojskowej z 1944 r.<\/span>&nbsp;&nbsp;\/&nbsp;&nbsp;<span class=\"author\">Polona<\/span><\/em><\/span><\/p>\n<p style=\"text-align: left;\"><span style=\"color: #000080;\">Przez kilka pierwszych tygodni lata 1941 r.&nbsp;walki toczy\u0142y si\u0119 g\u0142\u00f3wnie na&nbsp;przedwojennym polskim terytorium. Z&nbsp;tego powodu zagro\u017ceni byli w&nbsp;pierwszej kolejno\u015bci polscy obywatele, w&nbsp;tym przede wszystkim miejscowi \u017bydzi. Do&nbsp;ko\u0144ca 1941 r.&nbsp;Niemcy zamordowali kilkadziesi\u0105t tysi\u0119cy Polak\u00f3w i&nbsp;Bia\u0142orusin\u00f3w oraz oko\u0142o p\u00f3\u0142 miliona \u017byd\u00f3w. Stworzyli tak\u017ce warunki, by&nbsp;zabija\u0107 lub szykanowa\u0107 \u017byd\u00f3w mogli ich chrze\u015bcija\u0144scy s\u0105siedzi.<\/span><\/p>\n<p style=\"text-align: left;\"><span style=\"color: #000080;\">W Jedwabnem 10&nbsp;lipca 1941 r.&nbsp;miejscowi Polacy spalili w&nbsp;stodole oraz zamordowali w&nbsp;jej okolicy prawie wszystkich tutejszych \u017byd\u00f3w, \u0142\u0105cznie ponad tysi\u0105c os\u00f3b. Spo\u015br\u00f3d wielu innych mord\u00f3w pope\u0142nionych na&nbsp;Bia\u0142ostocczy\u017anie i&nbsp;w&nbsp;\u0141om\u017cy\u0144skiem latem 1941 r.&nbsp;ten wyr\u00f3\u017cnia liczba ofiar oraz liczba os\u00f3b postawionych po&nbsp;wojnie przed s\u0105dem, uznanych za&nbsp;wsp\u00f3\u0142winnych \u015bmierci \u017byd\u00f3w lub od&nbsp;tego zarzutu uwolnionych. W&nbsp;ca\u0142ym materiale dowodowym wspomina si\u0119 a\u017c&nbsp;o&nbsp;102 mieszka\u0144cach Jedwabnego i&nbsp;najbli\u017cszych okolic, kt\u00f3rzy albo brali udzia\u0142 w&nbsp;zbrodni albo byli jej bezpo\u015brednimi \u015bwiadkami.<\/span><\/p>\n<p style=\"text-align: left;\"><span style=\"color: #000080;\">Geneza zbrodni w&nbsp;Jedwabnem jest bardzo z\u0142o\u017cona i&nbsp;historycy po\u015bwi\u0119cili jej wiele studi\u00f3w, zapocz\u0105tkowanych przez ksi\u0105\u017ck\u0119 Jana T.&nbsp;Grossa, opublikowan\u0105 w&nbsp;2000 r.&nbsp;pt.&nbsp;<em>S\u0105siedzi. Zag\u0142ada \u017cydowskiego miasteczka.<\/em>&nbsp;Obraz naszkicowany przez Grossa pog\u0142\u0119bi\u0142y w&nbsp;istotny spos\u00f3b prace \u2013&nbsp;Anny Bikont&nbsp;<em>My z&nbsp;Jedwabnego<\/em>&nbsp;i&nbsp;wydana przez IPN w&nbsp;2002 r.&nbsp;dwutomowa praca zbiorowa&nbsp;<em>Wok\u00f3\u0142 Jedwabnego<\/em>&nbsp;(red. P.&nbsp;Machcewicz i&nbsp;K.&nbsp;Persak). Dzi\u0119ki nim otrzymali\u015bmy wiarygodn\u0105 charakterystyk\u0119 grupy, kt\u00f3ra wymordowa\u0142a \u017byd\u00f3w w&nbsp;Jedwabnem z&nbsp;poduszczenia niemieckich esesman\u00f3w. Byli to&nbsp;\u201ezwykli ludzie\u201d, niczym si\u0119 wcze\u015bniej niewyr\u00f3\u017cniaj\u0105cy mieszka\u0144cy tego miasteczka.<\/span><\/p>\n<p style=\"text-align: left;\"><span style=\"color: #000080;\">O kontek\u015bcie, w&nbsp;jakim dosz\u0142o do&nbsp;zbrodni w&nbsp;Jedwabnem i&nbsp;kilkudziesi\u0119ciu nieodleg\u0142ych od&nbsp;tego miasteczka miejscowo\u015bciach, pisa\u0142em w&nbsp;ksi\u0105\u017cce&nbsp;<em>U genezy<\/em>. Ustali\u0142em, \u017ce&nbsp;do&nbsp;po\u0142owy lipca 1941 r.&nbsp;w&nbsp;tym samym czasie do&nbsp;mordowania \u017byd\u00f3w przez ich chrze\u015bcija\u0144skich s\u0105siad\u00f3w dosz\u0142o w&nbsp;67&nbsp;miejscowo\u015bciach. W&nbsp;wi\u0119kszo\u015bci z&nbsp;nich do&nbsp;niemieckiej policji, oddzia\u0142\u00f3w specjalnych b\u0105d\u017a Wehrmachtu przy\u0142\u0105cza\u0142a si\u0119 miejscowa ludno\u015b\u0107 nie\u017cydowska, najcz\u0119\u015bciej Polacy. W&nbsp;51&nbsp;miejscowo\u015bciach gwa\u0142ty na&nbsp;\u017bydach zacz\u0119\u0142y si\u0119 przed 4&nbsp;lipca \u2013&nbsp;tego dnia do&nbsp;Bia\u0142egostoku dotar\u0142 specjalny oddzia\u0142 niemieckiej Policji Bezpiecze\u0144stwa z&nbsp;Warszawy, dowodzony przez SS-Hauptsturmf\u00fchrera Wolfganga Birknera. Wzbieraj\u0105ca przez pierwsze dwa tygodnie wojny wrogo\u015b\u0107 miejscowej ludno\u015bci wybuch\u0142a z&nbsp;ca\u0142\u0105 si\u0142\u0105 w&nbsp;nast\u0119pnym tygodniu. Zawsze te\u017c zachodzi\u0142 w\u00f3wczas zwi\u0105zek mi\u0119dzy obecno\u015bci\u0105 w&nbsp;danej miejscowo\u015bci pododdzia\u0142u&nbsp;<a style=\"color: #000080;\" href=\"https:\/\/www.jhi.pl\/psj\/Einsatzgruppen_des_Sicherheitsdienstes_und_der_Sicherheitspolizei\">Einsatzgruppe<\/a>&nbsp;B&nbsp;Policji Bezpiecze\u0144stwa (cztery takie grupy policyjne pod\u0105\u017ca\u0142y za&nbsp;Wehrmachtem) b\u0105d\u017a jednego ze&nbsp;specjalnych niemieckich oddzia\u0142\u00f3w skierowanych na&nbsp;wsch\u00f3d z&nbsp;Generalnego Gubernatorstwa, dystryktu ciechanowskiego i&nbsp;Tyl\u017cy.<\/span><\/p>\n<p style=\"text-align: left;\"><span style=\"color: #000080;\">Mordy w&nbsp;Jedwabnem i&nbsp;Radzi\u0142owie poprzedzi\u0142y rozruchy anty\u017cydowskie w&nbsp;innych miejscowo\u015bciach; zwykle mia\u0142y podobny przebieg, nasilenie i&nbsp;skutki. W&nbsp;niekt\u00f3rych z&nbsp;nich gwa\u0142t\u00f3w i&nbsp;napa\u015bci dopuszczali si\u0119 stosunkowo nieliczni \u201eaktywi\u015bci\u201d, w&nbsp;innych \u2013&nbsp;ca\u0142e (lub prawie ca\u0142e) spo\u0142eczno\u015bci.<\/span><\/p>\n<h5 style=\"text-align: left;\"><strong>Sytuacja \u017byd\u00f3w pod dwiema okupacjami<\/strong><\/h5>\n<p style=\"text-align: left;\"><span style=\"color: #000080;\">W zeznaniach \u017byd\u00f3w sk\u0142adanych przed s\u0105dem w&nbsp;trakcie powojennych proces\u00f3w opartych na&nbsp;dekrecie PKWN z&nbsp;sierpnia 1944 r.&nbsp;o&nbsp;karaniu zdrajc\u00f3w narodu polskiego cz\u0119\u015bciej jest mowa o&nbsp;wrogich zachowaniach polskich s\u0105siad\u00f3w ni\u017c o&nbsp;konsekwentnych, morderczych posuni\u0119ciach Niemc\u00f3w. Wi\u0119kszo\u015b\u0107 z&nbsp;nich podawa\u0142a najbardziej oczywiste, bezpo\u015brednie uzasadnienia agresji, jak zawi\u015b\u0107 na&nbsp;tle maj\u0105tkowym, bezpo\u015brednio prowadz\u0105ca do&nbsp;rabunku, ch\u0119\u0107 upokorzenia b\u0105d\u017a zemsta na&nbsp;zamo\u017cniejszych przed wojn\u0105 s\u0105siadach, w&nbsp;znacznej cz\u0119\u015bci tak\u017ce dobrze sobie radz\u0105cych podczas okupacji sowieckiej.<\/span><\/p>\n<p style=\"text-align: left;\"><span style=\"color: #000080;\">Na podstawie zachowanych relacji i&nbsp;zezna\u0144 trudno dok\u0142adnie ustali\u0107, ile by\u0142o ofiar w&nbsp;poszczeg\u00f3lnych miejscowo\u015bciach, a&nbsp;ilu uczestnik\u00f3w pogrom\u00f3w. Niemal wszyscy \u017bydzi, sk\u0142adaj\u0105cy zeznania b\u0105d\u017a relacje, m\u00f3wili o&nbsp;masowym udziale w&nbsp;nich miejscowych Polak\u00f3w. Je\u017celi po&nbsp;wojnie udawa\u0142o si\u0119 ustali\u0107 winnych udzia\u0142u w&nbsp;pogromach, to&nbsp;byli nimi niemal\u017ce wy\u0142\u0105cznie cz\u0142onkowie polskiej pomocniczej formacji policyjnej; cz\u0119\u015bciej jednak sprawcami okazywali si\u0119 jacy\u015b nieznani \u015bwiadkom z&nbsp;nazwiska mieszka\u0144cy okolicznych wsi.<\/span><\/p>\n<p style=\"text-align: left;\"><span style=\"color: #000080;\">Co by\u0142o przyczyn\u0105 tego wybuchu nienawi\u015bci ze&nbsp;strony polskich chrze\u015bcijan do&nbsp;ich \u017cydowskich s\u0105siad\u00f3w? Przedwojenny dystans powi\u0119kszy\u0142 si\u0119 znacznie z&nbsp;powodu zachowa\u0144 cz\u0119\u015bci ludno\u015bci \u017cydowskiej pod okupacj\u0105 sowieck\u0105 i&nbsp;reakcji na&nbsp;nie strony polskiej. Mowa tu&nbsp;o&nbsp;entuzjazmie dla wkraczaj\u0105cej po&nbsp;17&nbsp;wrze\u015bnia 1939 r.&nbsp;na&nbsp;ziemie polskie Armii Czerwonej, kt\u00f3rego nie t\u0142umaczy\u0142o wystarczaj\u0105co poczucie zagro\u017cenia, wszak nikt nie przewidywa\u0142, \u017ce&nbsp;polityka Niemc\u00f3w wobec \u017byd\u00f3w doprowadzi do Zag\u0142ady. Z&nbsp;czego bra\u0142 si\u0119 ten entuzjazm? Po&nbsp;cz\u0119\u015bci by\u0142 on&nbsp;\u201emanifestacj\u0105 odr\u0119bno\u015bci, odci\u0119cia si\u0119 od&nbsp;tych, z&nbsp;kt\u00f3rymi Sowiety prowadzi\u0142y wojn\u0119 \u2013&nbsp;od&nbsp;Polak\u00f3w \u2013&nbsp;zrzuceniem z&nbsp;siebie odpowiedzialno\u015bci za&nbsp;Pa\u0144stwo Polskie\u201d. Pa\u0144stwo, kt\u00f3re w&nbsp;latach 30. prowadzi\u0142o polityk\u0119 jawnie antysemick\u0105.<\/span><\/p>\n<p style=\"text-align: left;\"><span style=\"color: #000080;\">Gdyby gleba nie nasi\u0105k\u0142a przed wojn\u0105 antysemityzmem, nowych do\u015bwiadcze\u0144 nie generalizowano by&nbsp;tak \u0142atwo i&nbsp;tak powszechnie. Poza tym, no\u015bnikiem negatywnej opinii o&nbsp;zachowaniu \u017byd\u00f3w by\u0142y \u015brodowiska, kt\u00f3re bezpo\u015brednio po&nbsp;ucieczce Sowiet\u00f3w podj\u0119\u0142y dzia\u0142alno\u015b\u0107 konspiracyjn\u0105. Nale\u017ca\u0142y do&nbsp;nich osoby z&nbsp;pewno\u015bci\u0105 wyr\u00f3\u017cniaj\u0105ce si\u0119 wysok\u0105 \u015bwiadomo\u015bci\u0105 narodow\u0105, aktywno\u015bci\u0105 i&nbsp;odwag\u0105. Na&nbsp;Kresach od&nbsp;wiek\u00f3w narodowa symbolika odwo\u0142ywa\u0142a si\u0119 do&nbsp;cywilizacyjnego i&nbsp;kulturotw\u00f3rczego znaczenia polskiej kolonizacji \u2013&nbsp;polsko\u015b\u0107 to&nbsp;twierdza otoczona morzem barbarzy\u0144stwa. W&nbsp;czerwcu 1941 r.&nbsp;nadszed\u0142 d\u0142ugo oczekiwany czas rewan\u017cu za&nbsp;poni\u017cenie podczas okupacji sowieckiej.<\/span><\/p>\n<p style=\"text-align: left;\"><span style=\"color: #000080;\">T\u0119 opini\u0119 potwierdzaj\u0105 raporty polskiej konspiracji, rozwijaj\u0105cej si\u0119 na&nbsp;Kresach znacznie wolniej ni\u017c pod okupacj\u0105 niemieck\u0105. Wsp\u00f3lny dla raport\u00f3w wysy\u0142anych przez r\u00f3\u017cne \u015brodowiska by\u0142 s\u0105d o&nbsp;faworyzowaniu przez w\u0142adze sowieckie ludno\u015bci \u017cydowskiej. Pisano w&nbsp;nich, \u017ce&nbsp;wrogie Polsce mia\u0142y by\u0107 szczeg\u00f3lnie \u017cydowskie \u201edo\u0142y\u201d (masy, biedota, mot\u0142och), podczas gdy w&nbsp;warstwach wy\u017cszych (plutokracja, inteligencja, finansjera) przewa\u017ca\u0142o przywi\u0105zanie do&nbsp;polskiego pa\u0144stwa.<\/span><\/p>\n<p style=\"text-align: left;\"><span style=\"color: #000080;\">Szefowie SS&nbsp;s\u0142usznie przewidywali, \u017ce&nbsp;fala wrogo\u015bci wobec \u017byd\u00f3w rozleje si\u0119 szeroko po&nbsp;dawnych ziemiach polskich, litewskich i&nbsp;rumu\u0144skich. Pogromy anty\u017cydowskie w&nbsp;czasie pierwszych tygodni wojny niemiecko-rosyjskiej nie by\u0142y jednak wynikiem niemieckiej intrygi, cho\u0107 obecno\u015b\u0107 niemieckich \u017co\u0142nierzy i&nbsp;policjant\u00f3w bardzo sprzyja\u0142a ich eskalacji. Pogromy u\u0142atwia\u0142y Niemcom realizacj\u0119 ich g\u0142\u00f3wnego celu \u2013&nbsp;pacyfikacj\u0119 zajmowanego terytorium stosunkowo niewielkimi si\u0142ami.<\/span><\/p>\n<p style=\"text-align: left;\"><span style=\"color: #000080;\">W ten spos\u00f3b nale\u017cy interpretowa\u0107 rozkazy szefa G\u0142\u00f3wnego Urz\u0119du Bezpiecze\u0144stwa Rzeszy Reinharda Heydricha z&nbsp;29&nbsp;czerwca i&nbsp;2&nbsp;lipca 1941 r.&nbsp;dotycz\u0105ce przeprowadzania przez Einsatzgruppen (grupy operacyjne Policji Bezpiecze\u0144stwa i&nbsp;S\u0142u\u017cby Bezpiecze\u0144stwa) na&nbsp;terytoriach zajmowanych przez Wehrmacht \u201eakcji oczyszczania\u201d oraz wspomagania \u201eakcji samooczyszczania\u201d organizowanych przez miejscowe si\u0142y antykomunistyczne. Akcje mia\u0142y obj\u0105\u0107 osoby arbitralnie uznane za&nbsp;podpor\u0119 rz\u0105d\u00f3w sowieckich \u2013&nbsp;komisarzy i&nbsp;\u017byd\u00f3w \u201ena stanowiskach partyjnych i&nbsp;pa\u0144stwowych\u201d.<\/span><\/p>\n<h5 style=\"text-align: left;\"><strong>Cele Niemc\u00f3w<\/strong><\/h5>\n<p style=\"text-align: left;\"><span style=\"color: #000080;\">Lokalne pogromy sta\u0142y si\u0119 wa\u017cnym fragmentem gwa\u0142townie rozwijaj\u0105cej si\u0119 spirali dzia\u0142a\u0144 eksterminacyjnych, prowadz\u0105cej do&nbsp;ca\u0142kowitej zag\u0142ady ludno\u015bci \u017cydowskiej. Pierwsze tygodnie niemieckiej okupacji okre\u015bli\u0142bym mianem chaotycznego terroru. W\u0119druj\u0105ce od&nbsp;miasta do&nbsp;miasta Einsatztruppen mordowa\u0142y dziesi\u0105tki \u017cydowskich m\u0119\u017cczyzn, zwykle zadenuncjowanych przez chrze\u015bcija\u0144skich s\u0105siad\u00f3w, i&nbsp;pojedynczych nie\u017cydowskich sympatyk\u00f3w w\u0142adz sowieckich. Dokumenty niemieckie m\u00f3wi\u0105 o&nbsp;tym, \u017ce&nbsp;wkraczaniu oddzia\u0142\u00f3w niemieckich towarzyszy\u0142 \u201eradosny nastr\u00f3j\u201d, a&nbsp;stosunek do&nbsp;nowego okupanta oscylowa\u0142 od&nbsp;wyra\u017anej rado\u015bci na&nbsp;Litwie i&nbsp;ziemiach zamieszkanych przez ludno\u015b\u0107 ukrai\u0144sk\u0105, po&nbsp;\u201eprzyjacielsko neutralny\u201d stosunek Polak\u00f3w.<\/span><\/p>\n<p style=\"text-align: left;\"><span style=\"color: #000080;\">O ile nie ma&nbsp;jednak podstaw, by&nbsp;s\u0105dzi\u0107, \u017ce&nbsp;niemieccy \u017co\u0142nierze dzia\u0142ali w&nbsp;my\u015bl jakiej\u015b instrukcji, o&nbsp;tyle istnienie sta\u0142ego wzorca zachowa\u0144 wobec ludno\u015bci \u017cydowskiej jest bezsporne. Buta, ch\u0119\u0107 poni\u017cenia ofiar, okrucie\u0144stwo; we&nbsp;wszystkich relacjach powtarzaj\u0105 si\u0119 opisy przemocy \u2013&nbsp;tak jak w&nbsp;Jedwabnem bicie, obcinanie br\u00f3d, zmuszanie do&nbsp;upokarzaj\u0105cej \u201egimnastyki\u201d. \u017bo\u0142nierze bezczeszcz\u0105 synagogi i&nbsp;domy modlitwy, wyci\u0105gaj\u0105 z&nbsp;nich \u015bwi\u0119te ksi\u0119gi i&nbsp;niszcz\u0105 je&nbsp;b\u0105d\u017a zmuszaj\u0105 do&nbsp;ich niszczenia ubranych w&nbsp;stroje religijne \u017byd\u00f3w. Czasami pal\u0105 synagogi, tak jak w&nbsp;Bia\u0142ymstoku i&nbsp;o\u015bmiu innych podlaskich miasteczkach.<\/span><\/p>\n<p style=\"text-align: left;\"><span style=\"color: #000080;\">W czerwcu i&nbsp;lipcu 1941 r.&nbsp;niemiecka w\u0142adza na&nbsp;tym terenie opiera\u0142a si\u0119 w&nbsp;istocie na&nbsp;niewielkich i&nbsp;s\u0142abo obsadzonych posterunkach \u017candarmerii wojskowej. Praktycznie w&nbsp;ka\u017cdej z&nbsp;wi\u0119kszych miejscowo\u015bci przebywa\u0142 \u2013&nbsp;kr\u00f3cej lub d\u0142u\u017cej \u2013&nbsp;jaki\u015b oddzia\u0142 niemiecki (albo tu\u017c po&nbsp;22&nbsp;czerwca, albo mi\u0119dzy 5&nbsp;a&nbsp;15&nbsp;lipca b\u0105d\u017a na&nbsp;prze\u0142omie lipca i&nbsp;sierpnia). Obecno\u015b\u0107 policji b\u0105d\u017a wojska w&nbsp;tym okresie zawsze mia\u0142a wp\u0142yw na&nbsp;po\u0142o\u017cenie ludno\u015bci \u017cydowskiej, skala represji niemieckich by\u0142a jednak r\u00f3\u017cna.<\/span><\/p>\n<p style=\"text-align: left;\"><span style=\"color: #000080;\">Pierwsze represje wobec \u017byd\u00f3w w&nbsp;mazowieckich i&nbsp;podlaskich miejscowo\u015bciach by\u0142y \u015bci\u015ble zwi\u0105zane z&nbsp;przej\u015bciem frontu. W&nbsp;Jedwabnem jeden z&nbsp;oskar\u017conych, Karol Bardo\u0144, dzie\u0144 po&nbsp;wkroczeniu Niemc\u00f3w, czyli 24&nbsp;czerwca, obserwowa\u0142 na&nbsp;rynku maltretowanie trzech Polak\u00f3w i&nbsp;trzech \u017byd\u00f3w z&nbsp;powodu ich wcze\u015bniejszej wsp\u00f3\u0142pracy z&nbsp;w\u0142adzami sowieckimi. Jak zanotowa\u0142: \u201etych sze\u015bciu krwawi\u0105cych otoczeni byli Niemcami. Przed Niemcami sta\u0142o kilku cywil\u00f3w z&nbsp;kijami jak orczyk grube i&nbsp;do&nbsp;tych wo\u0142a\u0142 Niemiec: \u00abNie zabija\u0107 naraz! Poma\u0142u bi\u0107, niech cierpi\u0105\u00bb. Pobitym r\u0119ce opada\u0142y. Tych cywil\u00f3w, co&nbsp;bili, nie pozna\u0142em, gdy\u017c byli du\u017c\u0105 grup\u0105 Niemc\u00f3w otoczeni\u201d. Doda\u0142 te\u017c, \u017ce&nbsp;na&nbsp;rynku by\u0142o wiele wojskowych samochod\u00f3w.<\/span><\/p>\n<p style=\"text-align: left;\"><span style=\"color: #000080;\">Dzia\u0142ania niemieckiej policji, planowe i&nbsp;systematyczne, mia\u0142y doprowadzi\u0107 do&nbsp;wykrycia i&nbsp;likwidacji sympatyk\u00f3w poprzedniej w\u0142adzy, przy czym ich skuteczno\u015b\u0107 zale\u017ca\u0142a jednak od&nbsp;pomocy miejscowej ludno\u015bci polskiej. Z&nbsp;za\u0142o\u017cenia sympatyk\u00f3w komunizmu szukano przede wszystkim w&nbsp;\u015brodowisku \u017cydowskim. Zazwyczaj wystarcza\u0142y aresztowania wed\u0142ug listy proskrypcyjnej, u\u0142o\u017conej przez miejscowych b\u0105d\u017a przez policj\u0119 na&nbsp;podstawie donos\u00f3w.<\/span><\/p>\n<p style=\"text-align: left;\"><span style=\"color: #000080;\">Innym razem urz\u0105dzano wielki spektakl strachu, kt\u00f3ry by\u0142 symbolicznym zako\u0144czeniem rz\u0105d\u00f3w sowieckich i&nbsp;jednocze\u015bnie obarczeniem \u017byd\u00f3w win\u0105 za&nbsp;zbrodnie sowieckie. Tylko w&nbsp;dw\u00f3ch miejscowo\u015bciach \u2013&nbsp;Radzi\u0142owie i&nbsp;Jedwabnem (7&nbsp;i&nbsp;10&nbsp;lipca 1941 r.) \u2013&nbsp;\u00f3w&nbsp;spektakl sta\u0142 si\u0119 preludium masowego mordu lokalnej spo\u0142eczno\u015bci \u017cydowskiej. W&nbsp;Zar\u0119bach Ko\u015bcielnych i&nbsp;Siemiatyczach taki spektakl urz\u0105dzili sami Polacy, nie przerodzi\u0142 si\u0119 jednak w&nbsp;pogrom.<\/span><\/p>\n<h5 style=\"text-align: left;\"><strong>Motywy i&nbsp;organizacja sprawc\u00f3w<\/strong><\/h5>\n<p style=\"text-align: left;\"><span style=\"color: #000080;\">O postawach przedstawicieli polskich elit, poza osobami, kt\u00f3re wesz\u0142y w&nbsp;sk\u0142ad tymczasowych w\u0142adz lokalnych, prawie nic nie wiemy. Polscy duchowni \u2013&nbsp;je\u015bli zaufa\u0107 \u017ar\u00f3d\u0142om \u017cydowskim \u2013&nbsp;reagowali w&nbsp;tych dramatycznych momentach bardzo r\u00f3\u017cnie. W&nbsp;Grajewie, Jasion\u00f3wce i&nbsp;Knyszynie ksi\u0119\u017ca starali si\u0119 uspokoi\u0107 nastroje, niekiedy odwa\u017cnie ujmuj\u0105c si\u0119 za&nbsp;prze\u015bladowanymi, w&nbsp;Radzi\u0142owie i&nbsp;Jedwabnem zachowali si\u0119 biernie wobec \u017cydowskiej tragedii.<\/span><\/p>\n<p style=\"text-align: left;\"><span style=\"color: #000080;\">Motyw rabunkowy jako przyczyna pogromu jest wymieniany praktycznie w&nbsp;ka\u017cdej relacji \u017cydowskiej. By\u0142a to&nbsp;interpretacja naj\u0142atwiejsza do&nbsp;zrozumienia powod\u00f3w nag\u0142ego wybuchu agresji u&nbsp;znanych od&nbsp;lat s\u0105siad\u00f3w. A&nbsp;przecie\u017c polscy \u015bwiadkowie rzadko m\u00f3wi\u0105 o&nbsp;zamo\u017cno\u015bci swoich \u017cydowskich s\u0105siad\u00f3w z&nbsp;miasteczka.<\/span><\/p>\n<p style=\"text-align: left;\"><span style=\"color: #000080;\">Drugi rys powtarzaj\u0105cy si\u0119 w&nbsp;tych relacjach to&nbsp;wspomnienie niebywa\u0142ego, skrajnego okrucie\u0144stwa \u2013&nbsp;gwa\u0142cono kobiety, zabijano je, m\u0119\u017cczy\u017ani i&nbsp;dzieci gin\u0119li zak\u0142uci no\u017cami i&nbsp;wid\u0142ami, toporami, siekierami. \u017badnych odruch\u00f3w wsp\u00f3\u0142czucia, co&nbsp;najwy\u017cej wstydliwe odwracanie g\u0142owy. Nie dziwi, \u017ce&nbsp;w&nbsp;relacjach pada\u0142y okre\u015blenia: dzicz, chuligani, bandyci.<\/span><\/p>\n<p style=\"text-align: left;\"><span style=\"color: #000080;\">W czasach nowoczesnych \u2013&nbsp;nawet w&nbsp;okresach chaosu i&nbsp;anarchii \u2013&nbsp;do&nbsp;pogrom\u00f3w \u017byd\u00f3w dochodzi\u0142o najcz\u0119\u015bciej tam, gdzie mieszka\u0144cy przez d\u0142u\u017cszy czas pozostawali w&nbsp;orbicie oddzia\u0142ywania ugrupowa\u0144 nacjonalistycznych. Ideologie g\u0142oszone przez te&nbsp;partie zawiera\u0142y definicje najgro\u017aniejszego dla wsp\u00f3lnoty wroga, kt\u00f3rego cechy okre\u015blano w&nbsp;opozycji do&nbsp;pozytywnych cech w\u0142asnych. Wydaje si\u0119, \u017ce&nbsp;co&nbsp;najmniej od&nbsp;lat 30. tak\u017ce znaczna cz\u0119\u015b\u0107 mieszka\u0144c\u00f3w \u0141om\u017cy\u0144skiego i&nbsp;Podlasia za&nbsp;najwi\u0119kszego swojego wroga uwa\u017ca\u0142a w\u0142a\u015bnie \u017byd\u00f3w. Pod tym wzgl\u0119dem nie by\u0142 to&nbsp;w&nbsp;Europie \u015arodkowowschodniej wyj\u0105tek.<\/span><\/p>\n<p style=\"text-align: left;\"><span style=\"color: #000080;\">Nale\u017cy r\u00f3wnie\u017c podkre\u015bli\u0107 za&nbsp;Dariuszem Stol\u0105<a style=\"color: #000080;\">[i]<\/a>, \u017ce&nbsp;masowy mord w&nbsp;Jedwabnem by\u0142 mo\u017cliwy g\u0142\u00f3wnie dzi\u0119ki dobrej organizacji jego sprawc\u00f3w, kierowanych przez samozwa\u0144czego burmistrza Mariana Karolaka i&nbsp;jego najbli\u017csze otoczenie. Organizacja ta&nbsp;polega\u0142a na&nbsp;odpowiednim przydzieleniu r\u00f3l uczestnikom z\u0142o\u017conego, kilkuetapowego przedsi\u0119wzi\u0119cia, polegaj\u0105cego na&nbsp;zgromadzeniu \u017byd\u00f3w w&nbsp;jednym miejscu, obezw\u0142adnieniu ich, pozbawieniu wszelkiej nadziei ratunku oraz uniemo\u017cliwieniu ucieczki, wst\u0119pnej eliminacji os\u00f3b zdolnych do&nbsp;oporu, a&nbsp;w&nbsp;ko\u0144cu zap\u0119dzeniu do&nbsp;stodo\u0142y i&nbsp;spaleniu. O&nbsp;tym, kt\u00f3ry z&nbsp;morderc\u00f3w do&nbsp;jakiej \u201epracy\u201d si\u0119 nadawa\u0142, z&nbsp;pewno\u015bci\u0105 nie decydowa\u0142 Karolak. Wed\u0142ug mnie mordowali ci, kt\u00f3rzy chcieli mordowa\u0107; ci, kt\u00f3rzy \u2013&nbsp;wzbraniaj\u0105c si\u0119 przed zabijaniem \u2013&nbsp;chcieli jednak wzi\u0105\u0107 czynny udzia\u0142 w&nbsp;wydarzeniu, pilnowali, by&nbsp;\u017bydzi nie uciekali. Najwi\u0119cej by\u0142o biernych \u015bwiadk\u00f3w, to&nbsp;oni tworzyli \u00f3w&nbsp;szczelny kordon, tak straszny dla ofiar, bo&nbsp;odbieraj\u0105cy wszelk\u0105 nadziej\u0119 na&nbsp;ratunek. Niekt\u00f3rzy m\u0119\u017cczy\u017ani z&nbsp;tej ostatniej grupy z&nbsp;pewno\u015bci\u0105 dzia\u0142ali pod przymusem aktywist\u00f3w i&nbsp;obecnych w&nbsp;mie\u015bcie kilkunastu niemieckich \u017candarm\u00f3w. Niemniej jednak bez tego swoistego, dobrowolnego podzia\u0142u pracy zamordowanie wielu setek os\u00f3b (\u0142\u0105cznie ofiar by\u0142o od&nbsp;600 do&nbsp;tysi\u0105ca) by\u0142oby niemo\u017cliwe. Wiemy przecie\u017c, \u017ce&nbsp;nieliczni Niemcy w&nbsp;Jedwabnem, a&nbsp;tak\u017ce w&nbsp;Radzi\u0142owie nie strzelali, ani nie podpalali domostw. Wystarczy\u0142a sama ich obecno\u015b\u0107.<\/span><\/p>\n<p style=\"text-align: left;\"><span style=\"color: #000080;\">Odpowiednia organizacja pozwoli\u0142a w&nbsp;Jedwabnem zaprz\u0105c do&nbsp;wsp\u00f3lnego dzia\u0142ania od&nbsp;kilkudziesi\u0119ciu do&nbsp;stu m\u0119\u017cczyzn, kt\u00f3rzy nie mieli \u017cadnych wsp\u00f3lnych do\u015bwiadcze\u0144 w&nbsp;dzia\u0142aniach wojskowych czy policyjnych. W&nbsp;wi\u0119kszo\u015bci nie byli to&nbsp;te\u017c ludzie z&nbsp;marginesu spo\u0142ecznego. Bardzo zbli\u017cony by\u0142 \u201epodzia\u0142 pracy\u201d oraz baza socjalna i&nbsp;motywacje sprawc\u00f3w mordu w&nbsp;Radzi\u0142owie; tu&nbsp;jeszcze wyra\u017aniejszy jest pretekst, kt\u00f3ry pom\u00f3g\u0142 mordercom prze\u0142ama\u0107 pocz\u0105tkowe opory. Je\u015bli zawierzy\u0107 zeznaniom Henryka Dzieko\u0144skiego (jeden z&nbsp;oskar\u017conych o&nbsp;udzia\u0142 w&nbsp;pogromie), przybyli do&nbsp;miasteczka esesmani podpowiedzieli cz\u0142onkom stra\u017cy obywatelskiej, \u017ce&nbsp;to&nbsp;z&nbsp;winy miejscowych \u017byd\u00f3w spora grupa Polak\u00f3w zosta\u0142a deportowana przez Sowiet\u00f3w na&nbsp;Sybir. Teraz mogli wzi\u0105\u0107 za&nbsp;to&nbsp;odwet. Zrozumieli, \u017ce&nbsp;mog\u0105 wszystkich \u017byd\u00f3w zamordowa\u0107.<\/span><\/p>\n<p style=\"text-align: left;\"><span style=\"color: #000080;\">Tego typu uj\u0119cie pomaga rzeczywi\u015bcie zrozumie\u0107, jak to&nbsp;si\u0119 sta\u0142o, \u017ce&nbsp;w&nbsp;Radzi\u0142owie i&nbsp;Jedwabnem zamordowano wszystkich \u017byd\u00f3w, nie daje jednak odpowiedzi na&nbsp;jeszcze wa\u017cniejsze pytanie: dlaczego tak si\u0119 sta\u0142o. Dla zrozumienia, dlaczego wydarzy\u0142y si\u0119 takie mordy jak w&nbsp;Radzi\u0142owie i&nbsp;Jedwabnem, nie wystarczy jednak wyr\u00f3\u017cnienie \u017ar\u00f3de\u0142 antagonizmu polsko-\u017cydowskiego oraz rekonstrukcja kontekstu sytuacyjnego, kiedy to&nbsp;nasilaj\u0105ce si\u0119 akty agresji w&nbsp;pewnym momencie przekracza\u0142y punkt krytyczny, by&nbsp;przerodzi\u0107 si\u0119 w&nbsp;\u201ekakofoni\u0119\u201d mordu. Radzi\u0142owa i&nbsp;Jedwabnego nie zrozumiemy bez analizy przebiegu ostatniego \u201eklasycznego\u201d pogromu \u017byd\u00f3w w&nbsp;odleg\u0142ym o&nbsp;30&nbsp;km&nbsp;W\u0105soszu, w&nbsp;nocy z&nbsp;4&nbsp;na&nbsp;5&nbsp;lipca. W\u00f3wczas to&nbsp;stosunkowo nieliczna grupa morderc\u00f3w w&nbsp;ciemno\u015bciach zamordowa\u0142a w&nbsp;skrajnie okrutny spos\u00f3b, siekierami i&nbsp;\u017celaznymi dr\u0105gami, kilkudziesi\u0119ciu \u017cydowskich mieszka\u0144c\u00f3w osady, bez wzgl\u0119du na&nbsp;wiek i&nbsp;p\u0142e\u0107. 6&nbsp;lipca mordercy z&nbsp;W\u0105sosza przyjechali do&nbsp;Radzi\u0142owa ju\u017c jako uformowana jednostka stra\u017cy obywatelskiej, gotowi do&nbsp;dalszych systematycznych mord\u00f3w, gwa\u0142t\u00f3w i&nbsp;rabunk\u00f3w. Miejscowi do&nbsp;mordowania \u201eswoich\u201d \u017byd\u00f3w przyjezdnych nie dopu\u015bcili, nie dlatego jednak, by&nbsp;ich obroni\u0107, lecz by&nbsp;we&nbsp;w\u0142asny, nowatorski spos\u00f3b zabi\u0107 ich wszystkich i&nbsp;zagarn\u0105\u0107 ich maj\u0105tek.<\/span><\/p>\n<p style=\"text-align: left;\"><span style=\"color: #000080;\">W\u0105sosz wydaje si\u0119 znacznie bardziej typowy dla wydarze\u0144 z&nbsp;lata 1941 r.&nbsp;ni\u017c szokuj\u0105ce swoj\u0105 \u201einnowacyjno\u015bci\u0105\u201d organizacyjn\u0105 zbrodnie w&nbsp;Radzi\u0142owie i&nbsp;Jedwabnem. W&nbsp;dziesi\u0105tkach, a&nbsp;mo\u017ce nawet setkach takich W\u0105soszy dokonywa\u0142 si\u0119 w&nbsp;tym czasie \u201eproces spo\u0142eczny, kt\u00f3ry przekszta\u0142ca indywidualne motywacje w&nbsp;dzia\u0142ania zbiorowe\u201d. W&nbsp;czasie tego procesu zdemoralizowane dwoma latami okupacji sowieckiej spo\u0142ecze\u0144stwo reorganizowa\u0142o si\u0119 nie dla przeciwstawienia si\u0119 silnym Niemcom, ale dla wybicia bezbronnych \u017byd\u00f3w.<\/span><\/p>\n<hr>\n<p style=\"text-align: left;\"><strong><span style=\"color: #808080;\"><em>Przypis:<\/em><\/span><\/strong><\/p>\n<p style=\"text-align: left;\"><span style=\"color: #808080;\"><em>[i] <strong>D. Stola, Pomnik<\/strong> ze s\u0142\u00f3w, \u201eRzeczpospolita\u201d, 1\u20132 czerwiec 2001.<\/em><\/span><\/p>\n<hr>\n<p style=\"text-align: left;\"><strong><span style=\"color: #808080;\"><em>prof. dr hab. Andrzej \u017bbikowski &#8211;&nbsp;<\/em><\/span><\/strong><span style=\"color: #808080;\"><em>kierownik Dzia\u0142u Naukowego \u017bIH, profesor w Studium Europy Wschodniej Uniwersytetu Warszawskiego<\/em><\/span><\/p>\n<hr style=\"height: 15px; background: #d0e6fa; width: 100%;\">\n<div id=\"content\" class=\"content-alignment\">\n<div id=\"watch-description\" class=\"yt-uix-button-panel\">\n<div id=\"watch-description-text\" style=\"text-align: center;\">\n<p><em>Zawarto\u015b\u0107 publikowanych artyku\u0142\u00f3w i materia\u0142\u00f3w nie reprezentuje pogl\u0105d\u00f3w ani opinii Reunion&#8217;68,<\/em><em><br \/>\nani te\u017c webmastera Blogu Reunion&#8217;68, chyba ze jest to wyra\u017anie zaznaczone.<br \/>\nTwoje uwagi, linki, w\u0142asne artyku\u0142y lub wiadomo\u015bci prze\u015blij na adres:<br \/>\n<\/em><span style=\"color: #000080;\"><strong><em><a style=\"color: #000080;\" href=\"mailto:webmaster@reunion68.com\"><span style=\"text-decoration: underline;\">webmaster@reunion68.com<\/span><\/a><\/em><\/strong><\/span><\/p>\n<\/div>\n<\/div>\n<\/div>\n<hr style=\"width: 100%;\">\n","protected":false},"excerpt":{"rendered":"<p>Masowe mordy ludno\u015bci \u017cydowskiej w Jedwabnem, Radzi\u0142owie i innych miejscowo\u015bciach na wschodnim Mazowszu w lecie 1941 roku prof. dr hab. Andrzej \u017bbikowski 22 czerwca 1941 r.&nbsp;wybuch\u0142a wojna niemiecko-sowiecka. Niemcy w&nbsp;ci\u0105gu kilku tygodni zaj\u0119li p\u00f3\u0142nocne Mazowsze, Podlasie i&nbsp;Kresy P\u00f3\u0142nocno-Wschodnie, kt\u00f3re w&nbsp;1939 r.&nbsp;zagarn\u0119li Sowieci, i&nbsp;przy\u0142\u0105czyli do&nbsp;Prus Wschodnich jako okr\u0119g bia\u0142ostocki. Wybuch wojny niemiecko-sowieckiej by\u0142 punktem zwrotnym drugiej [&hellip;]<\/p>\n","protected":false},"author":1,"featured_media":0,"comment_status":"closed","ping_status":"closed","sticky":false,"template":"","format":"standard","meta":[],"categories":[6],"tags":[26,24],"_links":{"self":[{"href":"https:\/\/www.reunion68.se\/index.php?rest_route=\/wp\/v2\/posts\/96838"}],"collection":[{"href":"https:\/\/www.reunion68.se\/index.php?rest_route=\/wp\/v2\/posts"}],"about":[{"href":"https:\/\/www.reunion68.se\/index.php?rest_route=\/wp\/v2\/types\/post"}],"author":[{"embeddable":true,"href":"https:\/\/www.reunion68.se\/index.php?rest_route=\/wp\/v2\/users\/1"}],"replies":[{"embeddable":true,"href":"https:\/\/www.reunion68.se\/index.php?rest_route=%2Fwp%2Fv2%2Fcomments&post=96838"}],"version-history":[{"count":11,"href":"https:\/\/www.reunion68.se\/index.php?rest_route=\/wp\/v2\/posts\/96838\/revisions"}],"predecessor-version":[{"id":97042,"href":"https:\/\/www.reunion68.se\/index.php?rest_route=\/wp\/v2\/posts\/96838\/revisions\/97042"}],"wp:attachment":[{"href":"https:\/\/www.reunion68.se\/index.php?rest_route=%2Fwp%2Fv2%2Fmedia&parent=96838"}],"wp:term":[{"taxonomy":"category","embeddable":true,"href":"https:\/\/www.reunion68.se\/index.php?rest_route=%2Fwp%2Fv2%2Fcategories&post=96838"},{"taxonomy":"post_tag","embeddable":true,"href":"https:\/\/www.reunion68.se\/index.php?rest_route=%2Fwp%2Fv2%2Ftags&post=96838"}],"curies":[{"name":"wp","href":"https:\/\/api.w.org\/{rel}","templated":true}]}}