{"id":96883,"date":"2022-07-23T17:09:47","date_gmt":"2022-07-23T15:09:47","guid":{"rendered":"http:\/\/www.reunion68.se\/?p=96883"},"modified":"2022-07-22T10:11:45","modified_gmt":"2022-07-22T08:11:45","slug":"30-09-62","status":"publish","type":"post","link":"https:\/\/www.reunion68.se\/?p=96883","title":{"rendered":"Prezes IPN: nadal konsekwentnie b\u0119dziemy realizowa\u0107 misj\u0119 Instytutu"},"content":{"rendered":"<p style=\"text-align: center;\"><img decoding=\"async\" class=\"aligncenter\" src=\"https:\/\/dzieje.pl\/sites\/default\/files\/styles\/open_article_750x0_\/public\/202207\/Nawrocki_1_.jpg?itok=ntV6oUKd\" width=\"100%\"><span style=\"color: #808080;\"><em>Dr Karol Nawrocki. Fot. PAP\/M. Zakrzewski<\/em><\/span><\/p>\n<hr>\n<h5 style=\"text-align: center;\"><a href=\"https:\/\/dzieje.pl\/\" target=\"_blank\" rel=\"noopener noreferrer\"><img decoding=\"async\" class=\"center alignleft\" src=\"http:\/\/www.reunion68.com\/Biuletyn\/img\/dzieje_logo.png\" alt=\"\" width=\"35%\"><\/a><span style=\"text-decoration: underline; color: #000080;\"><span style=\"text-decoration: underline;\"><strong><a style=\"color: #000080; text-decoration: underline;\" href=\"https:\/\/dzieje.pl\/wiadomosci\/prezes-ipn-nadal-konsekwentnie-bedziemy-realizowac-misje-instytutu\" target=\"_blank\" rel=\"noopener noreferrer\">Prezes IPN: nadal konsekwentnie b\u0119dziemy realizowa\u0107 misj\u0119 Instytutu<\/a><\/strong><\/span><\/span><\/h5>\n<p style=\"text-align: center;\"><span style=\"color: #000000;\"><strong>Micha\u0142 Szuka\u0142a<\/strong><\/span><\/p>\n<hr style=\"height: 15px; background: #d0e6fa; width: 100%;\">\n<p><strong>Najwi\u0119kszym zadaniem jest utrzymanie dynamiki dzia\u0142ania instytucji z pierwszego roku prezesury. Jak to si\u0119 uda \u2013 a si\u0119 uda \u2013 to jestem spokojny o efekty \u2013 m\u00f3wi PAP prezes IPN dr Karol Nawrocki. Mija rok od obj\u0119cia przez dr. Nawrockiego funkcji prezesa Instytutu Pami\u0119ci Narodowej.<\/strong><\/p>\n<div class=\"field field--name-body field--type-text-with-summary field--label-hidden field__item\">\n<p><strong>Polska Agencja Prasowa: W jednym z wywiad\u00f3w po obj\u0119ciu urz\u0119du prezesa IPN zapowiada\u0142 pan, \u017ce pierwsze miesi\u0105ce pe\u0142nienia tej funkcji po\u015bwi\u0119ci na stworzenie pewnego rodzaju raportu otwarcia. Jakie wnioski uda\u0142o si\u0119 panu wyci\u0105gn\u0105\u0107?<\/strong><\/p>\n<p style=\"text-align: left;\"><span style=\"color: #000080;\"><strong>Dr Karol Nawrocki:<\/strong>&nbsp;Mog\u0119 powiedzie\u0107, \u017ce nie pomyli\u0142em si\u0119 we wst\u0119pnej diagnozie. To instytucja o ogromnym, dotychczas w niekt\u00f3rych sektorach u\u015bpionym, potencjale. Trudna w zarz\u0105dzaniu przez rozbudowan\u0105 struktur\u0119 i wielo\u015b\u0107 zada\u0144 w infrastrukturze pa\u0144stwa polskiego, ale jednocze\u015bnie z\u0142o\u017cona z wielu bardzo kompetentnych, cz\u0119sto ukrytych g\u0142\u0119boko w trybach urz\u0119du, ludzi. Wystarczy wspomnie\u0107, \u017ce gdy zosta\u0142em prezesem w lipcu 2021 r., rozpocz\u0119li\u015bmy trudny proces kreowania nowych biur: Biura Rzecznika Prasowego, Biura Nowych Technologii, Biura Przystank\u00f3w Historia, Biura Wydarze\u0144 Kulturalnych. Nie by\u0142oby to mo\u017cliwe, gdyby nie odchudzenie administracji o 61 etat\u00f3w, z kt\u00f3rych zasadnicza cz\u0119\u015b\u0107 \u2013 przy wsparciu biur merytorycznych i nowych pracownik\u00f3w z zewn\u0105trz \u2013 sta\u0142a si\u0119 fundamentem nowych aktywno\u015bci.<\/span><\/p>\n<p style=\"text-align: left;\"><span style=\"color: #000080;\">Druga z wielu, zak\u0142adam ciekawa diagnoza, dotyczy odbiorc\u00f3w naszej oferty: badania i ewaluacja wykaza\u0142y wprost, \u017ce \u015bwiat wok\u00f3\u0142 Instytutu drastycznie si\u0119 zmieni\u0142. Musi si\u0119 wi\u0119c w pewnym zakresie zmieni\u0107 i Instytut Pami\u0119ci Narodowej \u2013 pozosta\u0107 na fundamencie historycznej prawdy, misyjnych dzia\u0142a\u0144 w sektorze archiw\u00f3w, wydawnictw, poszukiwa\u0144 i identyfikacji bohater\u00f3w oraz ofiar, a tak\u017ce realizowania procesu transformacyjnej sprawiedliwo\u015bci \u2013 a jednocze\u015bnie wej\u015b\u0107 w \u015bwiat dla Instytutu dotychczas w\u0142a\u015bciwie obcy: nowe technologie, kultur\u0119, sztuk\u0119, nowe \u015brodowiska, skuteczn\u0105 opowie\u015b\u0107. Kreacja, nie reakcja. To si\u0119 w\u0142a\u015bnie wydarzy\u0142o ju\u017c w pierwszym roku mojej prezesury.<\/span><\/p>\n<p><strong>PAP: W czasie minionych dwunastu miesi\u0119cy zmieni\u0142a si\u0119 otaczaj\u0105ca nas rzeczywisto\u015b\u0107. Historia na wschodzie przypomnia\u0142a o sobie. Dosz\u0142o do o\u017cywienia pami\u0119ci historycznej, ale jednocze\u015bnie wielu pr\u00f3b manipulowania histori\u0105. Jak ta nowa sytuacja wp\u0142ywa na dzia\u0142ania Instytutu Pami\u0119ci Narodowej?<\/strong><\/p>\n<p style=\"text-align: left;\"><span style=\"color: #000080;\"><strong>Dr Karol Nawrocki:&nbsp;<\/strong>Zaskocz\u0119 pana redaktora \u2013 w \u017caden spos\u00f3b. To dlatego, \u017ce historycy i wszyscy inni pracownicy Instytutu, po\u015bwi\u0119caj\u0105c si\u0119 od lat badaniu wielu aspekt\u00f3w prawdy i pami\u0119ci o systemach totalitarnych i cech je definiuj\u0105cych, nie mog\u0105 by\u0107 zaskoczeni oczywistym, jasno od lat deklarowanym nowym wcieleniem sowieckiego imperializmu, kt\u00f3ry p\u0142ynie dzi\u015b z Moskwy. Zreszt\u0105 skoro ju\u017c 13 lat temu m\u00f3wi\u0142 o tym publicznie do milion\u00f3w Polak\u00f3w \u015bwi\u0119tej pami\u0119ci prezydent Lech Kaczy\u0144ski i regularnie powtarza\u0142a to powa\u017cna cz\u0119\u015b\u0107 elit politycznych, to zaskoczeni czu\u0107 si\u0119 mog\u0105 jedynie ludzie m\u0142odzi \u2013 a to w tym wieku wci\u0105\u017c naturalni, historyczni dyletanci, niereformowalni rusofile lub ludzie z\u0142ych intencji wobec bezpiecze\u0144stwa Polski i wolnej Europy.<\/span><\/p>\n<p style=\"text-align: left;\"><span style=\"color: #000080;\">Oczywi\u015bcie sytuacja rosyjskiej agresji na Ukrain\u0119 wp\u0142yn\u0119\u0142a na takie reakcje jak zaanga\u017cowanie wielu pracownik\u00f3w i samej instytucji w pomoc Ukrai\u0144com czy na otwarto\u015b\u0107 samorz\u0105d\u00f3w na proces dekomunizacji przestrzeni publicznej. W sensie zasadniczym jednak w bardzo brutalny spos\u00f3b dowiedzieli\u015bmy si\u0119 wszyscy, \u017ce historia ma ogromne znaczenie.<\/span><\/p>\n<p><strong>PAP: Jest pan autorem nowych inicjatyw, m.in. Biura Nowych Technologii. Co ju\u017c uda\u0142o si\u0119 zrobi\u0107? Czy nowe technologie mog\u0105 by\u0107 podstaw\u0105 edukacji historycznej?<\/strong><\/p>\n<p style=\"text-align: left;\"><span style=\"color: #000080;\"><strong>Dr Karol Nawrocki:&nbsp;<\/strong>Biuro Nowych Technologii jest symbolem nowo\u015bci, ale po tych kilku miesi\u0105cach mog\u0119 \u015bmia\u0142o powiedzie\u0107, \u017ce tak\u017ce symbolem sprawno\u015bci nowej oferty Instytutu. Pierwsze sukcesy Biura Nowych Technologii zamykaj\u0105 si\u0119 w twardych liczbach \u2013 kiedy pierwsz\u0105 fabularn\u0105 gr\u0119 historyczn\u0105, \u201eGr\u0119 Szyfr\u00f3w\u201d o wojnie Polski z bolszewikami, z platformy Steam \u015bci\u0105ga ponad 60 tys. os\u00f3b, a gra ma prawie 12 mln wy\u015bwietle\u0144 i zagra\u0142o w ni\u0105 ponad 300 tys. os\u00f3b, to mo\u017cemy czu\u0107 satysfakcj\u0119. Co wa\u017cne, gra powsta\u0142a przy g\u0142\u0119bokiej wsp\u00f3\u0142pracy ludzi z r\u00f3\u017cnych \u015bwiat\u00f3w \u2013 historyk\u00f3w i fachowc\u00f3w od nowych technologii \u2013 a przede wszystkim niesie w sobie g\u0142\u0119bokie walory edukacyjne. Zreszt\u0105 decyzja Ministerstwa Edukacji i Nauki, aby \u201eGra Szyfr\u00f3w\u201d sta\u0142a si\u0119 cz\u0119\u015bci\u0105 podstawy programowej, trafiaj\u0105c tym samym do wszystkich szk\u00f3\u0142 w Polsce, jest r\u00f3wnie dobr\u0105 rekomendacj\u0105 jak liczby. To pierwsza oferta IPN od ponad 20 lat, kt\u00f3ra znalaz\u0142a swoje miejsce w podstawie programowej.<\/span><\/p>\n<p style=\"text-align: left;\"><span style=\"color: #000080;\">Co ciekawe, od kilku miesi\u0119cy wraz z Infuture Institute, czyli instytutem bada\u0144 nad przysz\u0142o\u015bci\u0105, realizowali\u015bmy pog\u0142\u0119bione badania, a w ich wyniku powsta\u0142 raport \u201eImmersyjna Edukacja Historyczna \u2013 w stron\u0119 nowych \u015bcie\u017cek edukacyjnych\u201d. G\u0142\u00f3wne konkluzje to w\u0142a\u015bnie diagnoza trendu \u201eself study\u201d, gdzie m\u0142odzie\u017c rozwija swoje pasje i zainteresowania przez projekty edukacyjne z poziomu komputera czy w wirtualnej rzeczywisto\u015bci. Kolejny wniosek z raportu b\u0119dzie r\u00f3wnie\u017c wzi\u0119ty pod uwag\u0119 w kolejnych projektach Biura Nowych Technologii \u2013 chodzi o koncepcj\u0119 \u201ephygital edutainment\u201d, czyli tworzenia immersyjnych projekt\u00f3w, kt\u00f3re przez do\u015bwiadczanie historii, technologie ubieralne, rzeczywisto\u015b\u0107 rozszerzon\u0105 i wirtualn\u0105, stymulacj\u0119 wielozmys\u0142ow\u0105 oraz wcielanie si\u0119 w postaci bohater\u00f3w i storytelling pozwol\u0105 m\u0142odzie\u017cy jeszcze lepiej i w nowoczesny spos\u00f3b pozna\u0107 histori\u0119 swojego kraju.<\/span><\/p>\n<p style=\"text-align: left;\"><span style=\"color: #000080;\">Nie oznacza to oczywi\u015bcie, \u017ce chcemy, aby gry by\u0142y podstaw\u0105 edukacji \u2013 stawiamy na histori\u0119 w rzeczywisto\u015bci, na ksi\u0105\u017cki, odwiedzanie miejsc pami\u0119ci, ale \u015bwiata wirtualnego po prostu nie zostawimy na pastw\u0119 dekonstrukcji historycznej. Wed\u0142ug najnowszych bada\u0144 w bie\u017c\u0105cym roku liczba graczy na ca\u0142ym \u015bwiecie przekroczy 3 mld. W \u015bwiecie wirtualnym te\u017c toczy si\u0119 \u017cycie i proces edukacji, wi\u0119c mo\u017cna nas tam spotka\u0107.<\/span><\/p>\n<p><strong>PAP: Jakie inne formy szerszego otwarcia IPN uwa\u017ca pan za istotne? Ponad rok temu stwierdzi\u0142 pan, \u017ce uwa\u017ca, i\u017c nale\u017cy szerzej otworzy\u0107 archiwa Instytutu. Czy proces ten zak\u0142ada przyspieszenie cyfryzacji archiw\u00f3w?<\/strong><\/p>\n<p style=\"text-align: left;\"><span style=\"color: #000080;\"><strong>Dr Karol Nawrocki:&nbsp;<\/strong>Oczywi\u015bcie trwa sta\u0142y proces digitalizacji, cyfryzacji naszego zasobu archiwalnego. Zas\u00f3b liczy obecnie 93 km akt, do tej pory opublikowali\u015bmy 2,5 mln opis\u00f3w jednostek archiwalnych. Upro\u015bcili\u015bmy r\u00f3wnie\u017c form\u0119 sk\u0142adania wniosk\u00f3w. Ponadto Archiwum Instytutu w tym roku zaproponowa\u0142o now\u0105, bardzo atrakcyjn\u0105 ofert\u0119 w ramach projektu \u201eArchiwum Pe\u0142ne Pami\u0119ci\u201d skierowanego do archiw\u00f3w polonijnych i prywatnych na ca\u0142ym \u015bwiecie. To projekt z ogromnym potencja\u0142em, pierwszymi efektami \u2013 zaanga\u017cowa\u0142o si\u0119 w niego 1600 darczy\u0144c\u00f3w z ca\u0142ego \u015bwiata \u2013 i otwarciem nowych kierunk\u00f3w dzia\u0142a\u0144. Ponadto nowym otwarciem jest Biuro Wydarze\u0144 Kulturalnych. Setki os\u00f3b na koncertach po\u015bwi\u0119conych \u201eArtystom Andersa\u201d czy \u201eHistorii Niewyp\u0142akanej\u201d \u2013 najcz\u0119\u015bciej w mniejszych miejscowo\u015bciach, gdzie opowiadamy trudn\u0105 histori\u0119 XX wieku z muzycznej sceny \u2013 jest najlepszym dowodem na to, \u017ce potrafimy.<\/span><\/p>\n<p><strong>PAP: IPN zintensyfikowa\u0142 dzia\u0142ania poza granicami. Jakie najwa\u017cniejsze tematy polskiej historii powinny by\u0107 szerzej poznane na \u015bwiecie?<\/strong><\/p>\n<p style=\"text-align: left;\"><span style=\"color: #000080;\"><strong>Dr Karol Nawrocki:&nbsp;<\/strong>\u015awiat w najbli\u017cszych latach dowie si\u0119 o wk\u0142adzie Polak\u00f3w w woln\u0105 od niemieckiego nazizmu Europ\u0119. To za spraw\u0105 projektu, kt\u00f3ry wsp\u00f3lnie z Ministerstwem Spraw Zagranicznych zainaugurowali\u015bmy w 2021 r. Projekt \u201eSzlaki Nadziei. Odyseja Wolno\u015bci\u201d ukazuje w\u0119dr\u00f3wk\u0119 ponad 116 tys. cywil\u00f3w i \u017co\u0142nierzy gen. W\u0142adys\u0142awa Andersa, szlaku bojowego 1. Dywizji Pancernej gen. Stanis\u0142awa Maczka czy polskich dow\u00f3dc\u00f3w i \u017co\u0142nierzy walcz\u0105cych od Narwiku, przez Afryk\u0119, po niebo Wielkiej Brytanii, i inne miejsca. Niniejszy projekt b\u0119dziemy realizowa\u0107 do 2025 r., czyli do 80. rocznicy zako\u0144czenia II wojny \u015bwiatowej. Chcemy w ten spos\u00f3b godnie upami\u0119tni\u0107 polskich \u017co\u0142nierzy i osoby cywilne, kt\u00f3re z\u0142o\u017cy\u0142y najwy\u017csz\u0105 ofiar\u0119 w walce o niepodleg\u0142\u0105 Polsk\u0119 \u2013 do kt\u00f3rej nie doszli \u2013 i po prostu o wolny od totalitaryzm\u00f3w \u015bwiat. Dodatkowo, eksponuj\u0105c wystaw\u0119 w miejscach historycznych, zwi\u0105zanych z pobytem naszych rodak\u00f3w, pragniemy przywr\u00f3ci\u0107 lokalnym spo\u0142eczno\u015bciom pami\u0119\u0107 o wojennych losach naszych przodk\u00f3w. Cz\u0119\u015bci\u0105 projektu jest r\u00f3wnie\u017c poszukiwanie, zabezpieczanie i prezentacja \u015bwiadectw wojennej tu\u0142aczki Polak\u00f3w dla przysz\u0142ych pokole\u0144, a nawet poszukiwanie ich miejsc poch\u00f3wku \u2013 co robimy za spraw\u0105 Biura Poszukiwa\u0144 i Identyfikacji.<\/span><\/p>\n<p style=\"text-align: left;\"><span style=\"color: #000080;\">Szlaki Nadziei to tak\u017ce okazja, aby dotrze\u0107 w miejsca bardzo odleg\u0142e od Polski i odrestaurowa\u0107 polskie \u015blady, jakie tam pozosta\u0142y \u2014 tablice, pomniki czy wojenne groby naszych bohater\u00f3w. Ju\u017c teraz mog\u0119 z dum\u0105 powiedzie\u0107, \u017ce IPN odnowi\u0142 cho\u0107by cmentarz polski w Rusape w Zimbabwe, gdzie znajduj\u0105 si\u0119 groby naszych rodak\u00f3w. Sama wystawa by\u0142a dotychczas prezentowana w pi\u0119ciu miejscach w Polsce: w Warszawie \u2013 na Zamku Kr\u00f3lewskim i \u0141azienkach Kr\u00f3lewskich, Gda\u0144sku, Lublinie i D\u0119blinie oraz za granic\u0105: w Afryce \u2013 w Pretorii i Johannesburgu, w Azji Mniejszej \u2013 w Teheranie i Isfahanie, w Stanach Zjednoczonych \u2013 w Houston, w Kazachstanie \u2013 w Nur-Su\u0142tanie. Warto te\u017c wspomnie\u0107, \u017ce Narodowe Muzeum Historii Wojskowo\u015bci RPA w Johannesburgu podj\u0119\u0142o decyzj\u0119 o w\u0142\u0105czeniu eksponat\u00f3w wystawy \u201eSzlaki Nadziei. Odyseja Wolno\u015bci\u201d do swej ekspozycji sta\u0142ej. To du\u017cy sukces, bo obejrzy j\u0105 kilkadziesi\u0105t tysi\u0119cy os\u00f3b.<\/span><\/p>\n<p style=\"text-align: left;\"><span style=\"color: #000080;\">Wkr\u00f3tce wystaw\u0119 zobacz\u0105 mieszka\u0144cy Gruzji czy Kanady. Chcemy, aby projekt dotar\u0142 do jak najszerszego grona odbiorc\u00f3w na \u015bwiecie. S\u0142u\u017cy\u0107 temu ma r\u00f3wnie\u017c strona internetowa po\u015bwi\u0119cona projektowi: www.szlakinadziei.ipn.gov.pl, na kt\u00f3rej umieszczane s\u0105 wszelkie informacje dotycz\u0105ce aktywno\u015bci Instytutu w ramach projektu, a tak\u017ce inne, cenne informacje wok\u00f3\u0142 historii Polak\u00f3w rozsianych po ca\u0142ym \u015bwiecie w wyniku wojennej zawieruchy.<\/span><\/p>\n<p style=\"text-align: left;\"><span style=\"color: #000080;\">Oczywi\u015bcie poza wystaw\u0105 organizujemy wiele wydarze\u0144 towarzysz\u0105cych: konferencji, spotka\u0144, koncert\u00f3w czy zaj\u0119\u0107 edukacyjnych, kt\u00f3rymi chcemy zach\u0119ci\u0107 ka\u017cdego do zg\u0142\u0119biania historii Polski. Temu s\u0142u\u017cy te\u017c powo\u0142ane w styczniu 2022 r. Biuro Przystank\u00f3w Historia, kt\u00f3re rozwija ofert\u0119 Biura Edukacji Narodowej przez organizowanie m.in. lekcji dla polskich uczni\u00f3w zamieszka\u0142ych poza krajem \u2013 np. w Belgii przeprowadzili\u015bmy takie zaj\u0119cia dla ponad tysi\u0105ca uczni\u00f3w. Nieod\u0142\u0105cznym elementem dzia\u0142alno\u015bci IPN s\u0105 r\u00f3wnie\u017c publikacje naukowe. W 2021 r. Wydawnictwo IPN opublikowa\u0142o wiele warto\u015bciowych i dobrze przyj\u0119tych na rynku tytu\u0142\u00f3w nie tylko w j\u0119zyku polskim, ale te\u017c angielskim, niemieckim i rosyjskim oraz w mniej popularnych: portugalskim, hebrajskim, litewskim czy gruzi\u0144skim. Jeste\u015bmy wi\u0119c z nasz\u0105 ofert\u0105 na ca\u0142ym \u015bwiecie.<\/span><\/p>\n<p><strong>PAP: Jakie jest najwi\u0119ksze wyzwanie dla IPN po do\u015bwiadczeniach tych 12 miesi\u0119cy?<\/strong><\/p>\n<p style=\"text-align: left;\"><span style=\"color: #000080;\"><strong>Dr Karol Nawrocki:&nbsp;<\/strong>Wyzwa\u0144 z ca\u0142\u0105 pewno\u015bci\u0105 nie zabraknie. Przede wszystkim chcemy doko\u0144czy\u0107 proces dekomunizacji przestrzeni publicznej w Polsce, odnale\u017a\u0107, zidentyfikowa\u0107 i pochowa\u0107 kolejnych naszych bohater\u00f3w, wyja\u015bni\u0107 ponownie cz\u0119\u015b\u0107 zagadkowych mord\u00f3w dzia\u0142aczy antykomunistycznych oraz duchownych katolickich z lat osiemdziesi\u0105tych. Po prostu nadal konsekwentnie b\u0119dziemy realizowa\u0107 misj\u0119 IPN \u2013 unikatowej instytucji w skali \u015bwiata. Mamy ponadto w planach i w realizacji kilka kluczowych zada\u0144 inwestycyjnych &#8211; w Warszawie, Krakowie, Gda\u0144sku, Opolu i Waszyngtonie. W\u015br\u00f3d nich wa\u017cne zadanie budowy Muzeum \u017bo\u0142nierzy Wykl\u0119tych i Wi\u0119\u017ani\u00f3w Politycznych PRL przy ul. Rakowieckiej w Warszawie. Szczerze jednak najwi\u0119kszym zadaniem jest utrzymanie dynamiki dzia\u0142ania instytucji z pierwszego roku prezesury. Jak to si\u0119 uda \u2013 a si\u0119 uda \u2013 to jestem spokojny o efekty.(PAP)<\/span><\/p>\n<\/div>\n<hr style=\"height: 15px; background: #d0e6fa; width: 100%;\">\n<div id=\"content\" class=\"content-alignment\">\n<div id=\"watch-description\" class=\"yt-uix-button-panel\">\n<div id=\"watch-description-text\" style=\"text-align: center;\">\n<p><em>Zawarto\u015b\u0107 publikowanych artyku\u0142\u00f3w i materia\u0142\u00f3w nie reprezentuje pogl\u0105d\u00f3w ani opinii Reunion&#8217;68,<\/em><em><br \/>\nani te\u017c webmastera Blogu Reunion&#8217;68, chyba ze jest to wyra\u017anie zaznaczone.<br \/>\nTwoje uwagi, linki, w\u0142asne artyku\u0142y lub wiadomo\u015bci prze\u015blij na adres:<br \/>\n<\/em><span style=\"color: #000080;\"><strong><em><a style=\"color: #000080;\" href=\"mailto:webmaster@reunion68.com\"><span style=\"text-decoration: underline;\">webmaster@reunion68.com<\/span><\/a><\/em><\/strong><\/span><\/p>\n<\/div>\n<\/div>\n<\/div>\n","protected":false},"excerpt":{"rendered":"<p>Dr Karol Nawrocki. Fot. PAP\/M. Zakrzewski Prezes IPN: nadal konsekwentnie b\u0119dziemy realizowa\u0107 misj\u0119 Instytutu Micha\u0142 Szuka\u0142a Najwi\u0119kszym zadaniem jest utrzymanie dynamiki dzia\u0142ania instytucji z pierwszego roku prezesury. Jak to si\u0119 uda \u2013 a si\u0119 uda \u2013 to jestem spokojny o efekty \u2013 m\u00f3wi PAP prezes IPN dr Karol Nawrocki. Mija rok od obj\u0119cia przez dr. [&hellip;]<\/p>\n","protected":false},"author":1,"featured_media":0,"comment_status":"closed","ping_status":"closed","sticky":false,"template":"","format":"standard","meta":[],"categories":[6],"tags":[26,24],"_links":{"self":[{"href":"https:\/\/www.reunion68.se\/index.php?rest_route=\/wp\/v2\/posts\/96883"}],"collection":[{"href":"https:\/\/www.reunion68.se\/index.php?rest_route=\/wp\/v2\/posts"}],"about":[{"href":"https:\/\/www.reunion68.se\/index.php?rest_route=\/wp\/v2\/types\/post"}],"author":[{"embeddable":true,"href":"https:\/\/www.reunion68.se\/index.php?rest_route=\/wp\/v2\/users\/1"}],"replies":[{"embeddable":true,"href":"https:\/\/www.reunion68.se\/index.php?rest_route=%2Fwp%2Fv2%2Fcomments&post=96883"}],"version-history":[{"count":7,"href":"https:\/\/www.reunion68.se\/index.php?rest_route=\/wp\/v2\/posts\/96883\/revisions"}],"predecessor-version":[{"id":96918,"href":"https:\/\/www.reunion68.se\/index.php?rest_route=\/wp\/v2\/posts\/96883\/revisions\/96918"}],"wp:attachment":[{"href":"https:\/\/www.reunion68.se\/index.php?rest_route=%2Fwp%2Fv2%2Fmedia&parent=96883"}],"wp:term":[{"taxonomy":"category","embeddable":true,"href":"https:\/\/www.reunion68.se\/index.php?rest_route=%2Fwp%2Fv2%2Fcategories&post=96883"},{"taxonomy":"post_tag","embeddable":true,"href":"https:\/\/www.reunion68.se\/index.php?rest_route=%2Fwp%2Fv2%2Ftags&post=96883"}],"curies":[{"name":"wp","href":"https:\/\/api.w.org\/{rel}","templated":true}]}}