{"id":96950,"date":"2022-08-30T17:09:42","date_gmt":"2022-08-30T15:09:42","guid":{"rendered":"http:\/\/www.reunion68.se\/?p=96950"},"modified":"2022-08-21T06:52:54","modified_gmt":"2022-08-21T04:52:54","slug":"01-09-66","status":"publish","type":"post","link":"https:\/\/www.reunion68.se\/?p=96950","title":{"rendered":"Konkurs Chopinowski: jak to si\u0119 zacz\u0119\u0142o?"},"content":{"rendered":"<h5 style=\"text-align: center;\"><a href=\"https:\/\/culture.pl\/\" target=\"_blank\" rel=\"noopener noreferrer\"><img decoding=\"async\" class=\"center alignleft\" src=\"http:\/\/www.reunion68.com\/Biuletyn\/img\/culture.png\" alt=\"\" width=\"35%\"><\/a><span style=\"text-decoration: underline; color: #000080;\"><strong><a style=\"color: #000080; text-decoration: underline;\" href=\"https:\/\/culture.pl\/pl\/artykul\/konkurs-chopinowski-jak-to-sie-zaczelo\" target=\"_blank\" rel=\"noopener noreferrer\">Konkurs Chopinowski: jak to si\u0119 zacz\u0119\u0142o?<\/a><\/strong><\/span><\/h5>\n<p style=\"text-align: center;\"><span style=\"color: #000080;\"><strong>Stanis\u0142aw Dybowski<\/strong><\/span><\/p>\n<hr style=\"height: 15px; background: #d0e6fa; width: 100%;\">\n<p style=\"text-align: center;\"><img decoding=\"async\" class=\"aligncenter\" title=\"Plakat I Mi\u0119dzynarodowego Konkursu Pianistycznego im. Fryderyka Chopina z 1926 r.\" src=\"https:\/\/api.culture.pl\/sites\/default\/files\/styles\/1920_auto\/public\/images\/imported\/konkurs-chopin-plakat-1926.jpg?itok=TqzxSJDu\" alt=\"Plakat I Mi\u0119dzynarodowego Konkursu Pianistycznego im. Fryderyka Chopina z 1926 r.\" width=\"100%\" data-src=\"https:\/\/api.culture.pl\/sites\/default\/files\/styles\/1920_auto\/public\/images\/imported\/konkurs-chopin-plakat-1926.jpg?itok=TqzxSJDu\"><span style=\"color: #808080;\"><em>Plakat I Mi\u0119dzynarodowego Konkursu Pianistycznego im. Fryderyka Chopina z 1926 roku, fot. domena publiczna<\/em><\/span><\/p>\n<p style=\"text-align: left;\"><span style=\"color: #000080;\">Otwarcie nie oby\u0142o si\u0119 bez k\u0142opot\u00f3w. Pocz\u0105tkowo planowano, \u017ce Konkurs Chopinowski rozpocznie si\u0119 niemal w wigili\u0119 \u015bmierci Chopina, 15 pa\u017adziernika 1926 r. Dat\u0119 t\u0119 wybrano, \u017ceby powi\u0105za\u0107 j\u0105 z uroczysto\u015bci\u0105 ods\u0142oni\u0119cia pomnika Chopina w \u0141azienkach Kr\u00f3lewskich, na kt\u00f3rego powstanie Polacy czekali tak d\u0142ugo. Poniewa\u017c budowniczowie na termin nie zd\u0105\u017cyli, Konkurs przeniesiono na ostatni\u0105 dekad\u0119 stycznia roku nast\u0119pnego.<\/span><\/p>\n<p style=\"text-align: left;\"><span style=\"color: #000080;\">Utar\u0142o si\u0119 przekonanie, \u017ce tw\u00f3rc\u0105 Konkurs\u00f3w Chopinowskich jest profesor Jerzy \u017burawlew (1887-1980). Po cz\u0119\u015bci jest ono prawdziwe, ale impuls do powo\u0142ania turnieju da\u0142 Aleksander Micha\u0142owski (1851-1938), profesor Wy\u017cszej Szko\u0142y Muzycznej w Warszawie, wspania\u0142y pianista i spadkobierca wielkiej tradycji chopinowskiej. To on zwr\u00f3ci\u0142 uwag\u0119, \u017ce od czasu odzyskania przez Polsk\u0119 niepodleg\u0142o\u015bci w 1918 roku wykonawcy dzie\u0142 geniusza z \u017belazowej Woli coraz bardziej odchodz\u0105 od ducha jego muzyki. Szuka\u0142 sposobu, by zahamowa\u0107 t\u0119 tendencj\u0119. Uzna\u0142, \u017ce dobrym pomys\u0142em by\u0142by konkurs muzyczny. Zacz\u0105\u0142 organizowa\u0107 spotkania muzyczne \u2013 najpierw na uczelni, a potem w swoim mieszkaniu \u2013 by przekona\u0107 do swego pomys\u0142u innych.<\/span><\/p>\n<p style=\"text-align: left;\"><span style=\"color: #000080;\">Wielkim entuzjast\u0105 pomys\u0142u Micha\u0142owskiego sta\u0142 si\u0119 jego uzdolniony ucze\u0144 i asystent,&nbsp;<span style=\"text-decoration: underline;\"><strong><a style=\"color: #000080; text-decoration: underline;\" href=\"http:\/\/culture.pl\/pl\/tworca\/jerzy-zurawlew\">Jerzy \u017burawlew<\/a>.<\/strong><\/span> O swoim zaanga\u017cowaniu w spraw\u0119 po latach napisa\u0142:<\/span><\/p>\n<blockquote>\n<p style=\"text-align: left;\"><strong>&#8220;Po pierwszej wojnie \u015bwiatowej [&#8230;] kult Chopina jakby przygas\u0142. [&#8230;] O Chopinie zacz\u0119to m\u00f3wi\u0107, \u017ce jest za ma\u0142o nowoczesny, przesubtelniony, a niekt\u00f3rzy posuwali si\u0119 nawet dalej \u2013 \u017ce nie jest wskazane umieszczenie go w programach szkolnych. Wychowany w najlepszych tradycjach muzyki Chopina, nie mog\u0142em si\u0119 z tym pogodzi\u0107. [&#8230;] Obserwuj\u0105c m\u0142odzie\u017c [&#8230;] zrozumia\u0142em, \u017ce jedynie impreza o charakterze szlachetnej rywalizacji ma szanse zjednania m\u0142odych adept\u00f3w dla muzyki Chopina. A wi\u0119c konkurs. [&#8230;] Zacz\u0105\u0142em nie\u015bmia\u0142o zabiega\u0107 o przed\u0142o\u017cenie plan\u00f3w. Spotka\u0142em si\u0119 z absolutnym niezrozumieniem, oboj\u0119tno\u015bci\u0105, a nawet niech\u0119ci\u0105. Opinia muzyk\u00f3w by\u0142a jednomy\u015blna: Chopin jest tak wielki, \u017ce sam si\u0119 obroni. W Ministerstwie Wyzna\u0144 Religijnych i O\u015bwiecenia Publicznego oznajmiono, \u017ce nie ma \u015brodk\u00f3w, [&#8230;] a w og\u00f3le pomys\u0142 jest nierealny do wykonania. Nie poddawa\u0142em si\u0119; wysiadywa\u0142em godzinami pod drzwiami dygnitarzy w Ministerstwie, znosi\u0142em wiele upokorze\u0144.&#8221;<\/strong><\/p>\n<\/blockquote>\n<blockquote><p><strong>&#8220;Pierwsz\u0105 instytucj\u0105, kt\u00f3ra doceni\u0142a znaczenie Konkurs\u00f3w Chopinowskich w Polsce by\u0142o Warszawskie Towarzystwo Muzyczne. Jeden z cz\u0142onk\u00f3w towarzystwa [dyrektor Monopolu Zapa\u0142czanego \u2013 przyp. sd] z w\u0142asnych funduszy zagwarantowa\u0142 15 tysi\u0119cy z\u0142otych, co umo\u017cliwi\u0142o uruchomienie imprezy. Zdawa\u0142em sobie jednak spraw\u0119, \u017ce dla rozg\u0142osu konkursu za granic\u0105 musz\u0119 mie\u0107 do pomocy nasze plac\u00f3wki dyplomatyczne, a tych nie zdob\u0119d\u0119 bez protektoratu prezydenta. Prezydent [&#8230;] odm\u00f3wi\u0142 naszej pro\u015bbie o protektorat. Po\u0142o\u017cenie by\u0142o bez wyj\u015bcia.&#8221;<\/strong><\/p><\/blockquote>\n<blockquote>\n<p style=\"text-align: left;\"><strong>&#8220;Tymczasem nast\u0105pi\u0142a w Polsce zmiana w\u0142adzy. Postanowi\u0142em to wykorzysta\u0107 [&#8230;]. Korzystaj\u0105c z protekcji [&#8230;] zosta\u0142em przyj\u0119ty przez prezydenta Ignacego Mo\u015bcickiego [wybitnego chemika i \u015bwiat\u0142ego intelektualist\u0119 \u2013 przyp. sd]. Prezydent zainteresowa\u0142 si\u0119 spraw\u0105 konkursu, z miejsca wyrazi\u0142 zgod\u0119, udzieli\u0142 wysokiego protektoratu i przyzna\u0142 I nagrod\u0119 swojego imienia. [&#8230;] Od tego momentu sprawy potoczy\u0142y si\u0119 w b\u0142yskawicznym tempie.[&#8230;] Komitet Organizacyjny, do kt\u00f3rego powo\u0142ano najwybitniejszych przedstawicieli \u015bwiata muzycznego, mia\u0142 za zadanie opracowanie statutu Konkursu, programu muzycznego, wyb\u00f3r jury Konkursu; jednym s\u0142owem wszystkiego, co tyczy\u0142o strony merytorycznej imprezy.&#8221;<\/strong><\/p>\n<\/blockquote>\n<p style=\"text-align: left;\"><span style=\"color: #000080;\">Wszystkim tym, czego ju\u017c przez skromno\u015b\u0107 \u017burawlew nie napisa\u0142, zaj\u0105\u0142 si\u0119 on sam. Jako cz\u0142owiek rzutki i przekonany o s\u0142uszno\u015bci sprawy, doprowadzi\u0142 do szcz\u0119\u015bliwego ko\u0144ca organizacj\u0119 I Mi\u0119dzynarodowego Konkursu Pianistycznego im. Fryderyka Chopina. W\u0142a\u015bcicielem imprezy zosta\u0142o Warszawskie Towarzystwo Muzyczne, na kt\u00f3rym spoczywa\u0142a odpowiedzialno\u015b\u0107 za jej organizacj\u0119. Merytorycznie wspiera\u0142a j\u0105 Wy\u017csza Szko\u0142a Muzyczna im. Chopina, a finansowo \u2013 Ministerstwo Wyzna\u0144 Religijnych i O\u015bwiecenia Publicznego (odpowiednik dzisiejszego Ministerstwa Kultury i Dziedzictwa Narodowego).<\/span><\/p>\n<p style=\"text-align: center;\"><span style=\"color: #808080;\"><em><img decoding=\"async\" class=\"aligncenter\" src=\"https:\/\/api.culture.pl\/sites\/default\/files\/styles\/1024_512\/public\/2021-09\/jerzy-zurawlew-lata-70-fot-krzysztof-baranski-forum-0431112120-s.jpg\" width=\"100%\">Jerzy \u017burawlew, lata 70. XX wieku, fot. Krzysztof Bara\u0144ski \/ Forum<\/em><\/span><\/p>\n<div class=\"paragraph paragraph-text-formatted\">\n<div class=\"container\">\n<div class=\"content\">\n<p style=\"text-align: left;\"><span style=\"color: #000080;\">Dzia\u0142ania prof. \u017burawlewa wspar\u0142 Komitet Organizacyjny z\u0142o\u017cony z luminarzy \u00f3wczesnego \u017cycia muzycznego; tworzyli go:&nbsp;<span style=\"text-decoration: underline;\"><strong><a style=\"color: #000080; text-decoration: underline;\" href=\"https:\/\/culture.pl\/pl\/tworca\/aleksander-michalowski\">Aleksander Micha\u0142owski<\/a>,<\/strong><\/span> Antoni Ponikowski (prezes Zjednoczenia Polskich Zwi\u0105zk\u00f3w \u015apiewaczych i Muzycznych), Tadeusz Grabowski (historyk), W\u0142odzimierz Czetwerty\u0144ski (prezes Warszawskiego Towarzystwa Muzycznego), Felicjan Szopski (kompozytor, krytyk muzyczny), Ferdynand Hoesick (chopinolog, wydawca), W\u0142adys\u0142aw de Bondy, Tadeusz Czerniawski (kompozytor),&nbsp;<span style=\"text-decoration: underline;\"><strong><a style=\"color: #000080; text-decoration: underline;\" href=\"https:\/\/culture.pl\/pl\/tworca\/witold-maliszewski\">Witold Maliszewski<\/a><\/strong><\/span>&nbsp;(kompozytor, dyrektor Warszawskiego Towarzystwa Muzycznego), J\u00f3zef \u015amidowicz (pianista, profesor Wy\u017cszej Szko\u0142y Muzycznej im. Fryderyka Chopina), Leopold Binental (skrzypek, chopinolog), Mateusz Gli\u0144ski (dyrygent, krytyk muzyczny),&nbsp;<span style=\"text-decoration: underline;\"><strong><a style=\"color: #000080; text-decoration: underline;\" href=\"http:\/\/culture.pl\/pl\/tworca\/juliusz-kaden-bandrowski\">Juliusz Kaden-Bandrowski<\/a>&nbsp;<\/strong><\/span>(pisarz, publicysta) i Micha\u0142 Wyszy\u0144ski (dyrygent).<\/span><\/p>\n<\/div>\n<\/div>\n<\/div>\n<div class=\"paragraph paragraph-text-formatted\">\n<div class=\"container\">\n<div class=\"content\">\n<div class=\"embed\" style=\"text-align: left;\"><\/div>\n<p style=\"text-align: left;\"><span style=\"color: #000080;\">Otwarcie Konkursu nie oby\u0142o si\u0119 bez k\u0142opot\u00f3w. Pocz\u0105tkowo planowano, \u017ce rozpocznie si\u0119 on niemal w wigili\u0119 \u015bmierci Chopina, 15 pa\u017adziernika 1926 r. Dat\u0119 t\u0119 wybrano, \u017ceby powi\u0105za\u0107 j\u0105 z uroczysto\u015bci\u0105 ods\u0142oni\u0119cia pomnika Chopina w \u0141azienkach Kr\u00f3lewskich, zaprojektowanego przez&nbsp;<span style=\"text-decoration: underline;\"><strong><a style=\"color: #000080; text-decoration: underline;\" href=\"http:\/\/culture.pl\/pl\/tworca\/waclaw-szymanowski\">Wac\u0142awa Szymanowskiego<\/a><\/strong><\/span>&nbsp;\u2013 pomnika, na kt\u00f3rego powstanie Polacy czekali tak d\u0142ugo. Poniewa\u017c budowniczowie na termin nie zd\u0105\u017cyli, Konkurs przeniesiono na ostatni\u0105 dekad\u0119 stycznia roku nast\u0119pnego. Wykorzystany w\u00f3wczas plakat, mylnie podaje rok 1926.<\/span><\/p>\n<hr>\n<p style=\"text-align: left;\"><span style=\"color: #808080;\"><em>Tekst pochodzi z 12. numeru gazety&nbsp;<a style=\"color: #808080;\" href=\"http:\/\/culture.pl\/pl\/node\/10777\">&#8220;Chopin Express&#8221;<\/a>, wydawanej z okazji&nbsp;<span style=\"text-decoration: underline;\"><strong><a style=\"color: #808080; text-decoration: underline;\" href=\"http:\/\/culture.pl\/pl\/node\/10049\">16. Mi\u0119dzynarodowego Konkursu Pianistycznego im. Fryderyka Chopina<\/a>.<\/strong><\/span><\/em><\/span><\/p>\n<\/div>\n<\/div>\n<\/div>\n<hr style=\"height: 15px; background: #d0e6fa; width: 100%;\">\n<div id=\"content\" class=\"content-alignment\">\n<div id=\"watch-description\" class=\"yt-uix-button-panel\">\n<div id=\"watch-description-text\" style=\"text-align: center;\">\n<p><em>Zawarto\u015b\u0107 publikowanych artyku\u0142\u00f3w i materia\u0142\u00f3w nie reprezentuje pogl\u0105d\u00f3w ani opinii Reunion&#8217;68,<\/em><em><br \/>\nani te\u017c webmastera Blogu Reunion&#8217;68, chyba ze jest to wyra\u017anie zaznaczone.<br \/>\nTwoje uwagi, linki, w\u0142asne artyku\u0142y lub wiadomo\u015bci prze\u015blij na adres:<br \/>\n<\/em><span style=\"color: #000080;\"><strong><em><a style=\"color: #000080;\" href=\"mailto:webmaster@reunion68.com\"><span style=\"text-decoration: underline;\">webmaster@reunion68.com<\/span><\/a><\/em><\/strong><\/span><\/p>\n<\/div>\n<\/div>\n<\/div>\n<hr style=\"width: 100%;\">\n","protected":false},"excerpt":{"rendered":"<p>Konkurs Chopinowski: jak to si\u0119 zacz\u0119\u0142o? Stanis\u0142aw Dybowski Plakat I Mi\u0119dzynarodowego Konkursu Pianistycznego im. Fryderyka Chopina z 1926 roku, fot. domena publiczna Otwarcie nie oby\u0142o si\u0119 bez k\u0142opot\u00f3w. Pocz\u0105tkowo planowano, \u017ce Konkurs Chopinowski rozpocznie si\u0119 niemal w wigili\u0119 \u015bmierci Chopina, 15 pa\u017adziernika 1926 r. Dat\u0119 t\u0119 wybrano, \u017ceby powi\u0105za\u0107 j\u0105 z uroczysto\u015bci\u0105 ods\u0142oni\u0119cia pomnika Chopina [&hellip;]<\/p>\n","protected":false},"author":1,"featured_media":0,"comment_status":"closed","ping_status":"closed","sticky":false,"template":"","format":"standard","meta":[],"categories":[6],"tags":[26,24],"_links":{"self":[{"href":"https:\/\/www.reunion68.se\/index.php?rest_route=\/wp\/v2\/posts\/96950"}],"collection":[{"href":"https:\/\/www.reunion68.se\/index.php?rest_route=\/wp\/v2\/posts"}],"about":[{"href":"https:\/\/www.reunion68.se\/index.php?rest_route=\/wp\/v2\/types\/post"}],"author":[{"embeddable":true,"href":"https:\/\/www.reunion68.se\/index.php?rest_route=\/wp\/v2\/users\/1"}],"replies":[{"embeddable":true,"href":"https:\/\/www.reunion68.se\/index.php?rest_route=%2Fwp%2Fv2%2Fcomments&post=96950"}],"version-history":[{"count":18,"href":"https:\/\/www.reunion68.se\/index.php?rest_route=\/wp\/v2\/posts\/96950\/revisions"}],"predecessor-version":[{"id":97260,"href":"https:\/\/www.reunion68.se\/index.php?rest_route=\/wp\/v2\/posts\/96950\/revisions\/97260"}],"wp:attachment":[{"href":"https:\/\/www.reunion68.se\/index.php?rest_route=%2Fwp%2Fv2%2Fmedia&parent=96950"}],"wp:term":[{"taxonomy":"category","embeddable":true,"href":"https:\/\/www.reunion68.se\/index.php?rest_route=%2Fwp%2Fv2%2Fcategories&post=96950"},{"taxonomy":"post_tag","embeddable":true,"href":"https:\/\/www.reunion68.se\/index.php?rest_route=%2Fwp%2Fv2%2Ftags&post=96950"}],"curies":[{"name":"wp","href":"https:\/\/api.w.org\/{rel}","templated":true}]}}