{"id":97159,"date":"2022-08-01T17:05:59","date_gmt":"2022-08-01T15:05:59","guid":{"rendered":"http:\/\/www.reunion68.se\/?p=97159"},"modified":"2022-08-01T15:38:47","modified_gmt":"2022-08-01T13:38:47","slug":"08-09-71","status":"publish","type":"post","link":"https:\/\/www.reunion68.se\/?p=97159","title":{"rendered":"\u201eTen dzie\u0144 by\u0142 dla nas dniem wyj\u0105tkowym\u201d. Zapraszamy na obchody 79. rocznicy buntu w Treblince"},"content":{"rendered":"<p><img decoding=\"async\" src=\"https:\/\/www.jhi.pl\/storage\/image\/core_files\/2021\/1\/4\/dc409bbfd765032572fe7e72e35c47f6\/jpg\/jhi\/header\/JHI_thumbnail_1.jpg\" alt=\"JHI_thumbnail_1.jpg\" width=\"100%\" \/><\/p>\n<hr \/>\n<h5 style=\"text-align: center;\"><a href=\"https:\/\/www.jhi.pl\/\" target=\"_blank\" rel=\"noopener noreferrer\"><img decoding=\"async\" class=\"center alignleft\" src=\"http:\/\/www.reunion68.com\/Biuletyn\/img\/zih-1.png\" alt=\"\" width=\"35%\" \/><\/a><span style=\"text-decoration: underline; color: #000080;\"><strong><a style=\"color: #000080; text-decoration: underline;\" href=\"https:\/\/www.jhi.pl\/artykuly\/ten-dzien-byl-dla-nas-dniem-wyjatkowym-79-rocznica-buntu-wiezniow-obozu-smierci-treblinka-ii,5930\" target=\"_blank\" rel=\"noopener noreferrer\">\u201eTen dzie\u0144 by\u0142 dla nas dniem wyj\u0105tkowym\u201d. Zapraszamy na obchody 79. rocznicy buntu w Treblince<\/a><\/strong><\/span><\/h5>\n<p style=\"text-align: center;\"><span style=\"color: #000000;\"><strong>\u017bydowski Instytut Historyczny<\/strong><\/span><\/p>\n<hr style=\"height: 15px; background: #d0e6fa; width: 100%;\" \/>\n<h5 style=\"text-align: center;\"><span style=\"color: #808080;\"><strong>2 sierpnia 1943 roku \u017cydowscy wi\u0119\u017aniowie niemieckiego nazistowskiego obozu zag\u0142ady Treblinka II podnie\u015bli bunt. Zaatakowali esesman\u00f3w, podpalili ob\u00f3z i wydostali si\u0119 na wolno\u015b\u0107. \u017bydowski Instytut Historyczny im. Emanuela Ringelbluma zaprasza na uroczysto\u015bci 79. rocznicy tego wydarzenia, nale\u017c\u0105ce do upami\u0119tnienia ofiar niemieckiej operacji \u201eReinhardt\u201d \u2013 Zag\u0142ady \u017byd\u00f3w polskich. Organizujemy bezp\u0142atny wyjazd autokarem na obchody \u2013 wi\u0119cej informacji poni\u017cej.<\/strong><\/span><br \/>\n.<\/h5>\n<p style=\"text-align: center;\"><img decoding=\"async\" src=\"https:\/\/www.jhi.pl\/storage\/image\/core_files\/2022\/7\/25\/eba5c1052c3d7a345b15a9ddf48508b2\/jpg\/jhi\/normal_big\/2022_Treblinka_grafika_border.webp\" width=\"100%\" \/><br \/>\n<span style=\"text-decoration: underline; color: #000080;\"><strong><a style=\"color: #000080; text-decoration: underline;\" href=\"https:\/\/www.facebook.com\/events\/410725644229827\" target=\"_blank\" rel=\"noopener noreferrer\">Zobacz wydarzenie na Facebooku<\/a><\/strong><\/span><\/p>\n<p style=\"text-align: left;\"><strong>W latach 1942-1943 w Treblince Niemcy zamordowali blisko 900 tysi\u0119cy \u017byd\u00f3w z okupowanej Polski i innych kraj\u00f3w Europy.<\/strong>\u00a0<span style=\"color: #000080;\">Pierwszymi ofiarami by\u0142o blisko 300 tysi\u0119cy \u017byd\u00f3w z getta warszawskiego, kt\u00f3rych upami\u0119tniamy w Warszawie podczas organizowanego przez \u017bIH corocznego Marszu Pami\u0119ci 22 lipca 1942. 2 sierpnia 1943 roku cz\u0142onkowie Sonderkommando \u2013 oddzia\u0142u \u017cydowskich wi\u0119\u017ani\u00f3w zmuszanych do pracy w obozie \u2013 wzniecili bunt, kt\u00f3rego celem by\u0142o zniszczenie Treblinki, zabicie esesman\u00f3w oraz uratowanie w\u0142asnego \u017cycia, by opowiedzie\u0107 \u015bwiatu o Zag\u0142adzie.<\/span><\/p>\n<p style=\"text-align: left;\"><span style=\"color: #000080;\">W 2022 roku oddajemy ho\u0142d ofiarom niemieckiej operacji \u201eReinhardt\u201d, kt\u00f3ra 80 lat temu doprowadzi\u0142a do likwidacji prawie wszystkich \u017cydowskich spo\u0142eczno\u015bci w Polsce. Obchody rocznicy powstania w Treblince, jednego z najwa\u017cniejszych akt\u00f3w oporu \u017byd\u00f3w przeciw Zag\u0142adzie, s\u0105 centralnym punktem tego upami\u0119tnienia. Zbrodnie nazistowskie by\u0142y na bie\u017c\u0105co dokumentowane przez Emanuela Ringelbluma i jego wsp\u00f3\u0142pracownik\u00f3w, tw\u00f3rc\u00f3w Podziemnego Archiwum Getta Warszawy, przechowywanego w \u017bydowskim Instytucie Historycznym. Pr\u00f3bowali przekaza\u0107 aliantom informacje o Zag\u0142adzie, jednak \u017bydzi nie otrzymali \u017cadnej pomocy. Pami\u0119\u0107 o nich jest naszym obowi\u0105zkiem i ostrze\u017ceniem dla przysz\u0142ych pokole\u0144.<\/span><\/p>\n<p style=\"text-align: left;\"><span style=\"color: #000080;\">W powstaniu 2 sierpnia 1943 roku wzi\u0119\u0142o udzia\u0142 ponad 700 wi\u0119\u017ani\u00f3w, oko\u0142o 200 z nich zdo\u0142a\u0142o uciec z obozu, a mniej wi\u0119cej 100 do\u017cy\u0142o ko\u0144ca wojny. Treblinka zosta\u0142a niemal w ca\u0142o\u015bci spalona. Po powstaniu Niemcy rozpocz\u0119li likwidacj\u0119 obozu, rozebrali wszystkie zabudowania i\u00a0instalacje, teren zaorali i obsiali \u0142ubinem, tak \u017ceby po jednej z najwi\u0119kszych zbrodni w historii nie pozosta\u0142 \u017caden \u015blad.<\/span><\/p>\n<p style=\"text-align: left;\"><span style=\"color: #000080;\">Uroczysto\u015bci rozpoczn\u0105 si\u0119\u00a0<\/span><strong>2 sierpnia o 12:00 w Muzeum Treblinka. Niemieckim nazistowskim obozie zag\u0142ady i obozie pracy (1941-1944)<\/strong>. <span style=\"color: #000080;\">Przedstawiciele rz\u0105du, samorz\u0105du, cz\u0142onkowie korpusu dyplomatycznego i duchowni wyg\u0142osz\u0105 przem\u00f3wienia, poprowadz\u0105 modlitw\u0119 i z\u0142o\u017c\u0105 wie\u0144ce pod monumentem Pomnika Ofiar Obozu Zag\u0142ady.<\/span><\/p>\n<hr \/>\n<p><em><strong>Program obchod\u00f3w:<\/strong><\/em><\/p>\n<p><em>9:15 \u2013 wyjazd autokarami z Warszawy, z Placu Bankowego (dla zainteresowanych)<\/em><\/p>\n<p><em>12:00 \u2013\u00a0g\u0142\u00f3wne uroczysto\u015bci pod pomnikiem w\u00a0centralnym miejscu pami\u0119ci Muzeum Treblinka. Niemieckiego nazistowskiego obozu zag\u0142ady i obozu pracy (1941-1944)<\/em><\/p>\n<p><em>13:00 \u2013 zako\u0144czenie oficjalnych obchod\u00f3w, zwiedzanie obozu zag\u0142ady Treblinka II\u00a0z\u00a0przewodnikami<\/em><\/p>\n<p><em>14:00 \u2013 zako\u0144czenie zwiedzania<\/em><\/p>\n<p><em>ok. 17:00 \u2013 powr\u00f3t do Warszawy<\/em><\/p>\n<p><em>\u017bydowski Instytut Historyczny organizuje bezp\u0142atny wyjazd autokarem na uroczysto\u015bci w Treblince. Zapisy pod adresem\u00a0<a href=\"mailto:rsvp@jhi.pl\">rsvp@jhi.pl<\/a><\/em><\/p>\n<hr \/>\n<p><em><strong>Kontakt:<\/strong><\/em><\/p>\n<p><em>Magdalena Szyszkowska,\u00a0<a href=\"mailto:mszyszkowska@jhi.pl\">mszyszkowska@jhi.pl<\/a>, 785 170 127<\/em><\/p>\n<p><em>Aleksandra Prze\u017adziecka-Kuja\u0142owicz,\u00a0<a href=\"mailto:aprzezdziecka@jhi.pl,\">aprzezdziecka@jhi.pl,<\/a>\u00a0785 170 126<\/em><\/p>\n<p><em>Dzia\u0142 Projekt\u00f3w Kulturalnych i Komunikacji \u017bIH<\/em><\/p>\n<hr \/>\n<p><em><strong>Organizatorzy:<\/strong>\u00a0<\/em><\/p>\n<p><em><strong>\u017bydowski Instytut Historyczny im. Emanuela Ringelbluma\u00a0<\/strong><\/em><\/p>\n<hr style=\"height: 15px; background: #d0e6fa; width: 100%;\" \/>\n<div id=\"content\" class=\"content-alignment\">\n<div id=\"watch-description\" class=\"yt-uix-button-panel\">\n<div id=\"watch-description-text\" style=\"text-align: center;\">\n<p><em>Zawarto\u015b\u0107 publikowanych artyku\u0142\u00f3w i materia\u0142\u00f3w nie reprezentuje pogl\u0105d\u00f3w ani opinii Reunion&#8217;68,<\/em><em><br \/>\nani te\u017c webmastera Blogu Reunion&#8217;68, chyba ze jest to wyra\u017anie zaznaczone.<br \/>\nTwoje uwagi, linki, w\u0142asne artyku\u0142y lub wiadomo\u015bci prze\u015blij na adres:<br \/>\n<\/em><span style=\"color: #000080;\"><strong><em><a style=\"color: #000080;\" href=\"mailto:webmaster@reunion68.com\"><span style=\"text-decoration: underline;\">webmaster@reunion68.com<\/span><\/a><\/em><\/strong><\/span><\/p>\n<\/div>\n<\/div>\n<\/div>\n<hr style=\"width: 100%;\" \/>\n","protected":false},"excerpt":{"rendered":"<p>\u201eTen dzie\u0144 by\u0142 dla nas dniem wyj\u0105tkowym\u201d. Zapraszamy na obchody 79. rocznicy buntu w Treblince \u017bydowski Instytut Historyczny 2 sierpnia 1943 roku \u017cydowscy wi\u0119\u017aniowie niemieckiego nazistowskiego obozu zag\u0142ady Treblinka II podnie\u015bli bunt. Zaatakowali esesman\u00f3w, podpalili ob\u00f3z i wydostali si\u0119 na wolno\u015b\u0107. \u017bydowski Instytut Historyczny im. Emanuela Ringelbluma zaprasza na uroczysto\u015bci 79. rocznicy tego wydarzenia, nale\u017c\u0105ce [&hellip;]<\/p>\n","protected":false},"author":1,"featured_media":0,"comment_status":"closed","ping_status":"closed","sticky":false,"template":"","format":"standard","meta":[],"categories":[6],"tags":[26,24],"_links":{"self":[{"href":"https:\/\/www.reunion68.se\/index.php?rest_route=\/wp\/v2\/posts\/97159"}],"collection":[{"href":"https:\/\/www.reunion68.se\/index.php?rest_route=\/wp\/v2\/posts"}],"about":[{"href":"https:\/\/www.reunion68.se\/index.php?rest_route=\/wp\/v2\/types\/post"}],"author":[{"embeddable":true,"href":"https:\/\/www.reunion68.se\/index.php?rest_route=\/wp\/v2\/users\/1"}],"replies":[{"embeddable":true,"href":"https:\/\/www.reunion68.se\/index.php?rest_route=%2Fwp%2Fv2%2Fcomments&post=97159"}],"version-history":[{"count":7,"href":"https:\/\/www.reunion68.se\/index.php?rest_route=\/wp\/v2\/posts\/97159\/revisions"}],"predecessor-version":[{"id":97218,"href":"https:\/\/www.reunion68.se\/index.php?rest_route=\/wp\/v2\/posts\/97159\/revisions\/97218"}],"wp:attachment":[{"href":"https:\/\/www.reunion68.se\/index.php?rest_route=%2Fwp%2Fv2%2Fmedia&parent=97159"}],"wp:term":[{"taxonomy":"category","embeddable":true,"href":"https:\/\/www.reunion68.se\/index.php?rest_route=%2Fwp%2Fv2%2Fcategories&post=97159"},{"taxonomy":"post_tag","embeddable":true,"href":"https:\/\/www.reunion68.se\/index.php?rest_route=%2Fwp%2Fv2%2Ftags&post=97159"}],"curies":[{"name":"wp","href":"https:\/\/api.w.org\/{rel}","templated":true}]}}