{"id":9722,"date":"2014-11-27T19:04:03","date_gmt":"2014-11-27T17:04:03","guid":{"rendered":"http:\/\/www.reunion68.se\/?p=9722"},"modified":"2014-11-27T10:35:47","modified_gmt":"2014-11-27T08:35:47","slug":"nie-zyje-kapitan-kloss","status":"publish","type":"post","link":"https:\/\/www.reunion68.se\/?p=9722","title":{"rendered":"Nie Zyje Kapitan Kloss"},"content":{"rendered":"<h5 style=\"text-align: center;\"><a href=\"http:\/\/www.polityka.pl\/\" target=\"_blank\"><img decoding=\"async\" class=\"center alignleft\" src=\"http:\/\/www.reunion68.com\/Biuletyn\/img\/polityka.jpg\" alt=\"\" \/><\/a><span style=\"text-decoration: underline; color: #000080;\"><span style=\"text-decoration: underline;\"><strong><a style=\"color: #000080; text-decoration: underline;\" href=\"http:\/\/www.polityka.pl\/tygodnikpolityka\/kultura\/1600739,1,nie-zyje-stanislaw-mikulski.read\" target=\"_blank\">Nie \u017cyje Stanis\u0142aw Mikulski<\/a><\/strong><\/span><\/span><\/h5>\n<hr style=\"height: 15px; background: #d0e6fa; width: 710px;\" \/>\n<div style=\"width: 360px\" class=\"wp-caption alignright\"><img decoding=\"async\" src=\"https:\/\/encrypted-tbn2.gstatic.com\/images?q=tbn:ANd9GcSI6s8psqr4JMZe1sDmp7cIVXiANV6rq8NgJWKcZ_qIz35TseMn\" alt=\"\" width=\"350\" \/><p class=\"wp-caption-text\"><span style=\"color: #000080;\"><em>Stanis\u0142aw Mikulski<\/em><\/span><\/p><\/div>\n<p><span style=\"color: #000080;\"><strong>Polski aktor zmar\u0142 nad ranem 27 listopada. Stanis\u0142aw Mikulski mia\u0142 85 lat.<\/strong><\/span><\/p>\n<p style=\"text-align: left;\"><span style=\"color: #000080;\">Informacj\u0119, podan\u0105 przez Radio Zet, potwierdzi\u0142 Krzysztof Ganczawski, wydawca ksi\u0105\u017cki \u201eNiech\u0119tnie o sobie\u201d, biografii Stanis\u0142awa Mikulskiego. Aktor od tygodnia mia\u0142 przebywa\u0107 w szpitalu.<\/span><\/p>\n<p style=\"text-align: left;\"><span style=\"color: #000080;\">Stanis\u0142aw Mikulski urodzi\u0142 si\u0119 w 1929 roku, karier\u0119 rozpoczyna\u0142 jako aktor teatralny jeszcze w latach 50. \u2013 w Lublinie, z czasem w Warszawie (gra\u0142 w Teatrze Powszechnym, Polskim, Ludowym oraz Narodowym). Karier\u0119 filmow\u0105 otworzy\u0142a mu rola w filmie \u201eKana\u0142\u201d Andrzeja Wajdy. Stworzy\u0142 w sumie blisko 80 kreacji teatralnych i 60 filmowych.<\/span><\/p>\n<p style=\"text-align: left;\"><span style=\"color: #000080;\">Ale najwi\u0119ksz\u0105 popularno\u015b\u0107 zawdzi\u0119cza zw\u0142aszcza serialowi \u201eStawka wi\u0119ksza ni\u017c \u017cycie\u201d, emitowanym w latach 1968\u20131969. W 2012 r. serial w pewnym sensie reaktywowano, tj. przeniesiono na du\u017cy ekran \u2013 \u201eHans Kloss. Stawka wi\u0119ksza ni\u017c \u015bmier\u0107\u201d, wed\u0142ug scenariusza Patryka Vegi, wyre\u017cyserowa\u0142 W\u0142adys\u0142aw Pasikowski.<\/span><\/p>\n<div style=\"width: 260px\" class=\"wp-caption alignleft\"><img decoding=\"async\" src=\"\/\/static.polityka.pl\/_resource\/res\/path\/f4\/d6\/f4d632f5-e35d-457b-b884-c4418e8a1312_470x\" alt=\"\" width=\"250\" \/><p class=\"wp-caption-text\"><span style=\"color: #000080;\"><em>Stanis\u0142aw Mikulski<\/em><\/span><\/p><\/div>\n<p style=\"text-align: left;\"><span style=\"color: #000080;\">W latach 1988\u201390 by\u0142 dyrektorem O\u015brodka Informacji i Kultury Polskiej w Moskwie. W latach 90. przeszed\u0142 na emerytur\u0119, ale wyst\u0119powa\u0142 sporadycznie na ma\u0142ym ekranie (jako prezenter telewizyjny i bohater serialowy).<\/span><\/p>\n<p style=\"text-align: left;\"><span style=\"color: #000080;\">\u201eKocha\u0142 najbli\u017cszych, zwierz\u0119ta i podr\u00f3\u017ce. Spok\u00f3j odnajdywa\u0142 na mazurskiej dzia\u0142ce, kt\u00f3ra by\u0142a jego ukochanym miejscem na Ziemi. Dawa\u0142 innym rado\u015b\u0107 i szcz\u0119\u015bcie\u201d \u2013 wspominaj\u0105 administratorzy strony \u201eStanis\u0142aw Mikulski. Niech\u0119tnie o sobie\u201d.<\/span><\/p>\n<hr style=\"height: 15px; background: #d0e6fa; width: 710px;\" \/>\n<div id=\"content\" class=\"  content-alignment&lt;br \/&gt;&lt;br \/&gt; \" style=\"text-align: center;\">\n<div id=\"watch-description\" class=\"yt-uix-button-panel\">\n<div id=\"watch-description-text\">\n<p style=\"text-align: center;\"><span style=\"color: #808080;\"> twoje uwagi, linki, wlasne artykuly, lub wiadomosci przeslij do: <strong><span style=\"text-decoration: underline;\"><span style=\"color: #808080; text-decoration: underline;\"><a href=\"mailto:webmaster@reunion68.com\">webmaster@reunion68.com<\/a><\/span><\/span><\/strong><\/span><\/p>\n<\/div>\n<\/div>\n<\/div>\n<hr style=\"width: 710px;\" \/>\n","protected":false},"excerpt":{"rendered":"<p>Nie \u017cyje Stanis\u0142aw Mikulski Polski aktor zmar\u0142 nad ranem 27 listopada. Stanis\u0142aw Mikulski mia\u0142 85 lat. Informacj\u0119, podan\u0105 przez Radio Zet, potwierdzi\u0142 Krzysztof Ganczawski, wydawca ksi\u0105\u017cki \u201eNiech\u0119tnie o sobie\u201d, biografii Stanis\u0142awa Mikulskiego. Aktor od tygodnia mia\u0142 przebywa\u0107 w szpitalu. Stanis\u0142aw Mikulski urodzi\u0142 si\u0119 w 1929 roku, karier\u0119 rozpoczyna\u0142 jako aktor teatralny jeszcze w latach 50. [&hellip;]<\/p>\n","protected":false},"author":1,"featured_media":0,"comment_status":"closed","ping_status":"closed","sticky":false,"template":"","format":"standard","meta":[],"categories":[6],"tags":[24],"_links":{"self":[{"href":"https:\/\/www.reunion68.se\/index.php?rest_route=\/wp\/v2\/posts\/9722"}],"collection":[{"href":"https:\/\/www.reunion68.se\/index.php?rest_route=\/wp\/v2\/posts"}],"about":[{"href":"https:\/\/www.reunion68.se\/index.php?rest_route=\/wp\/v2\/types\/post"}],"author":[{"embeddable":true,"href":"https:\/\/www.reunion68.se\/index.php?rest_route=\/wp\/v2\/users\/1"}],"replies":[{"embeddable":true,"href":"https:\/\/www.reunion68.se\/index.php?rest_route=%2Fwp%2Fv2%2Fcomments&post=9722"}],"version-history":[{"count":19,"href":"https:\/\/www.reunion68.se\/index.php?rest_route=\/wp\/v2\/posts\/9722\/revisions"}],"predecessor-version":[{"id":9737,"href":"https:\/\/www.reunion68.se\/index.php?rest_route=\/wp\/v2\/posts\/9722\/revisions\/9737"}],"wp:attachment":[{"href":"https:\/\/www.reunion68.se\/index.php?rest_route=%2Fwp%2Fv2%2Fmedia&parent=9722"}],"wp:term":[{"taxonomy":"category","embeddable":true,"href":"https:\/\/www.reunion68.se\/index.php?rest_route=%2Fwp%2Fv2%2Fcategories&post=9722"},{"taxonomy":"post_tag","embeddable":true,"href":"https:\/\/www.reunion68.se\/index.php?rest_route=%2Fwp%2Fv2%2Ftags&post=9722"}],"curies":[{"name":"wp","href":"https:\/\/api.w.org\/{rel}","templated":true}]}}