{"id":97387,"date":"2022-08-17T17:09:40","date_gmt":"2022-08-17T15:09:40","guid":{"rendered":"http:\/\/www.reunion68.se\/?p=97387"},"modified":"2022-08-16T07:46:02","modified_gmt":"2022-08-16T05:46:02","slug":"16-09-72","status":"publish","type":"post","link":"https:\/\/www.reunion68.se\/?p=97387","title":{"rendered":"\u201eNie by\u0142em w stanie ogarn\u0105\u0107 ogromu nieszcz\u0119\u015bcia\u201d. Pocz\u0105tek wielkiej deportacji z getta warszawskiego"},"content":{"rendered":"<p><img decoding=\"async\" src=\"https:\/\/www.jhi.pl\/storage\/image\/core_files\/2020\/11\/13\/36ca6d1a6f465548988ef915b874a2d7\/jpg\/jhi\/header\/treblinka_2.webp\" width=\"100%\"><\/p>\n<hr>\n<h5 style=\"text-align: center;\"><a href=\"https:\/\/www.jhi.pl\/\" target=\"_blank\" rel=\"noopener noreferrer\"><img decoding=\"async\" class=\"center alignleft\" src=\"http:\/\/www.reunion68.com\/Biuletyn\/img\/zih-1.png\" alt=\"\" width=\"35%\"><\/a><span style=\"text-decoration: underline; color: #000080;\"><strong><a style=\"color: #000080; text-decoration: underline;\" href=\"https:\/\/www.jhi.pl\/artykuly\/nie-bylem-w-stanie-ogarnac-ogromu-nieszczescia-poczatek-wielkiej-deportacji-z-getta-warszawskiego,686\" target=\"_blank\" rel=\"noopener noreferrer\">\u201eNie by\u0142em w stanie ogarn\u0105\u0107 ogromu nieszcz\u0119\u015bcia\u201d. Pocz\u0105tek wielkiej deportacji z getta warszawskiego<\/a><\/strong><\/span><\/h5>\n<p style=\"text-align: center;\"><span style=\"color: #000000;\"><strong>Przemys\u0142aw Batorski<\/strong><\/span><\/p>\n<hr style=\"height: 15px; background: #d0e6fa; width: 100%;\">\n<h4 style=\"text-align: center;\"><span style=\"color: #808080;\"><strong>80 lat temu, w \u015brodku upalnego lata, dla wi\u0119kszo\u015bci mieszka\u0144c\u00f3w getta warszawskiego zacz\u0105\u0142 si\u0119 ostatni rozdzia\u0142 \u017cycia. Do 21 wrze\u015bnia oko\u0142o 300 tysi\u0119cy \u017byd\u00f3w zosta\u0142o wywiezionych do obozu zag\u0142ady w Treblince. By\u0142 to kluczowy moment operacji \u201eReinhardt&#8221;, niemieckiego planu zag\u0142ady \u017cydowskich spo\u0142eczno\u015bci w okupowanej Polsce.<\/strong><\/span><\/h4>\n<p>.<\/p>\n<p style=\"text-align: center;\"><img decoding=\"async\" class=\"aligncenter\" src=\"https:\/\/www.jhi.pl\/storage\/image\/core_files\/2020\/10\/26\/679566588fbc2a8825fadb688ac47283\/jpg\/jhi\/normal_big\/umschlagplatz_IPN.webp\" width=\"100%\"><span style=\"color: #808080;\"><em>Umschlagplatz, 1942 r. \u017bydzi gromadzeni na deportacj\u0119 z getta warszawskiego \/ IPN<\/em><\/span><\/p>\n<p style=\"text-align: left;\"><span style=\"color: #000080;\">Oficjalnie Niemcy prowadzili \u201ewysiedlenie\u201d na&nbsp;roboty przymusowe na&nbsp;Wschodzie. \u017bydzi \u201ewysiedlani\u201d z&nbsp;Warszawy otrzymywali chleb i&nbsp;marmolad\u0119. Chocia\u017c do&nbsp;miasta dociera\u0142y ju\u017c pog\u0142oski o&nbsp;obozie zag\u0142ady w&nbsp;Treblince, a&nbsp;grupa Oneg Szabat od&nbsp;kilku miesi\u0119cy wiedzia\u0142a o&nbsp;podobnych obozach \u015bmierci w&nbsp;Che\u0142mnie nad Nerem i&nbsp;Be\u0142\u017ccu, chocia\u017c szybko zauwa\u017cono, \u017ce&nbsp;poci\u0105gi, kt\u00f3re odje\u017cd\u017caj\u0105 z&nbsp;miasta, powracaj\u0105 do&nbsp;niego dziwnie szybko, zbyt szybko, by&nbsp;mog\u0142y w&nbsp;tym czasie dociera\u0107 do&nbsp;jakich\u015b odleg\u0142ych miejsc na&nbsp;Wschodzie, wielu wyg\u0142odzonych, sterroryzowanych i&nbsp;zrozpaczonych \u017byd\u00f3w nadal sz\u0142o na&nbsp;<span style=\"text-decoration: underline;\"><strong><a style=\"color: #000080; text-decoration: underline;\" href=\"https:\/\/www.jhi.pl\/psj\/Umschlagplatz\">Umschlagplatz<\/a>.<\/strong><\/span><\/span><\/p>\n<p style=\"text-align: left;\"><span style=\"color: #000080;\">Marek Edelman wspomina\u0142:<\/span><\/p>\n<p style=\"text-align: left;\"><span style=\"color: #000080;\">\u201eTo by\u0142 Umschlagplatz.<\/span><\/p>\n<p style=\"text-align: left;\"><span style=\"color: #000080;\">Sta\u0142em, patrzy\u0142em, jak sz\u0142y te&nbsp;t\u0142umy. Ludzi p\u0119dzono ulic\u0105 Zamenhofa i&nbsp;kolumny wchodzi\u0142y na&nbsp;Stawki niemal wprost do&nbsp;bramy Umschlagplatzu. Teraz zosta\u0142y tylko nazwy, uk\u0142ad ulic jest zupe\u0142nie inny. Pami\u0119tam, kiedy by\u0142em w&nbsp;szkole powszechnej, esperanty\u015bci wywalczyli, \u017ce&nbsp;imieniem Zamenhofa nazwano fragment ulicy Dzikiej zaczynaj\u0105cy si\u0119, jak obecnie, na&nbsp;ty\u0142ach pa\u0142acu Mostowskich przy Nowolipkach, ale biegn\u0105cy lekkim skosem do&nbsp;Stawek. (\u2026) Sta\u0142y tam du\u017ce cztero-, pi\u0119ciopi\u0119trowe wielopodw\u00f3rzowe kamienice. Wystawa\u0142y ponad domami ulicy Niskiej i&nbsp;wida\u0107 je&nbsp;by\u0142o na&nbsp;Stawkach z&nbsp;bramy wiod\u0105cej na&nbsp;Umschlagplatz.<\/span><\/p>\n<p style=\"text-align: left;\"><span style=\"color: #000080;\">A na&nbsp;taborecie, po\u015brodku bramy wej\u015bciowej, sta\u0142 esesman i&nbsp;strzela\u0142. Strzela\u0142 w&nbsp;okna domu naprzeciwko, na&nbsp;Muranowskiej. Jak zobaczy\u0142 g\u0142ow\u0119 albo cie\u0144 jaki\u015b ruszaj\u0105cy si\u0119, to&nbsp;strzela\u0142 w&nbsp;to&nbsp;okno. Bo&nbsp;stamt\u0105d ludzie wypatrywali w&nbsp;p\u0119dzonym t\u0142umie swoich bliskich. Czy tam gin\u0119li ludzie? Trudno powiedzie\u0107, ale to&nbsp;by\u0142a ta&nbsp;atmosfera. \u015amierci.<\/span><\/p>\n<p style=\"text-align: left;\"><span style=\"color: #000080;\">To by\u0142 Umschlagplatz.<\/span><\/p>\n<p style=\"text-align: left;\"><span style=\"color: #000080;\">Jak si\u0119 da\u0142o, trzeba by\u0142o kogo\u015b stamt\u0105d wyci\u0105gn\u0105\u0107. Czasami si\u0119 udawa\u0142o, czasami nie\u2026<\/span><\/p>\n<p style=\"text-align: left;\"><span style=\"color: #000080;\">By\u0142o wiadomo, \u017ce&nbsp;jak si\u0119 tutaj wpadnie, to&nbsp;je\u017celi si\u0119 nie wydostaniesz przez okno szpitala, je\u017celi nie masz w&nbsp;szpitalu rodziny albo znajomych, albo przyjaci\u00f3\u0142, to&nbsp;nie masz \u017cadnych szans si\u0119 uratowa\u0107. Zdarza\u0142o si\u0119, \u017ce&nbsp;jak z\u0142apano jakie\u015b piel\u0119gniarki, to&nbsp;ich kole\u017canki pr\u0119dziutko wyrzuca\u0142y im&nbsp;przez okna mundury piel\u0119gniarskie i&nbsp;one przez okna parteru wchodzi\u0142y do&nbsp;szpitala, bo&nbsp;na&nbsp;terenie Umschlagplatzu by\u0142 szpital, te\u017c skazany na&nbsp;zag\u0142ad\u0119. Tam teoretycznie jeszcze dzia\u0142a\u0142o ambulatorium. W&nbsp;tym ambulatorium c\u00f3rki \u0142ama\u0142y matkom nogi i&nbsp;pogotowie wywozi\u0142o je&nbsp;jako chore. Ten absurd, kt\u00f3ry Niemcy wprowadzili, \u017ce&nbsp;jedzie si\u0119 do&nbsp;pracy \u2013&nbsp;bo&nbsp;nie zabiera si\u0119 chorych ze&nbsp;z\u0142aman\u0105 nog\u0105, a&nbsp;jeszcze chleb dawali na&nbsp;drog\u0119 \u2013&nbsp;mami\u0142 ludzi. Niekt\u00f3rzy uwa\u017cali, \u017ce&nbsp;faktycznie jad\u0105 do&nbsp;pracy. Wi\u0119kszo\u015b\u0107 jednak p\u0142aka\u0142a. Trzeba by\u0142o zobaczy\u0107 ich twarze. Te&nbsp;dzieci prowadzone za&nbsp;r\u0105czk\u0119\u201d<a style=\"color: #000080;\">[1]<\/a>.<\/span><\/p>\n<p style=\"text-align: left;\"><span style=\"color: #000080;\">Emanuel Ringelblum, kt\u00f3ry jako cz\u0142onek \u017bydowskiej Samopomocy Spo\u0142ecznej by\u0142 nieco bardziej zabezpieczony przed wyw\u00f3zk\u0105, poszed\u0142 na&nbsp;Umschlagplatz, by&nbsp;wydosta\u0107 stamt\u0105d kilkoro znajomych, w&nbsp;tym doktora Icchaka Lipowskiego:<\/span><\/p>\n<p style=\"text-align: left;\"><span style=\"color: #000080;\">\u201eChcia\u0142em za&nbsp;wszelk\u0105 cen\u0119 dotrze\u0107 do&nbsp;Umschlagplatzu, \u017ceby na&nbsp;miejscu osobi\u015bcie interweniowa\u0107 w&nbsp;sprawie kilku os\u00f3b, kt\u00f3re zosta\u0142y zabrane na&nbsp;Umschlagplatz. Na\u0142o\u017cy\u0142em bia\u0142\u0105 opask\u0119 z&nbsp;napisem \u00abUmsiedlungsaktion\u00bb<a style=\"color: #000080;\">[2]<\/a>&nbsp;i&nbsp;wraz z&nbsp;grup\u0105 pracownik\u00f3w \u017bSS, ob\u0142adowanych chlebem, wszed\u0142em na&nbsp;Umschlagplatz. Na&nbsp;du\u017cym placu, ogrodzonym drutem kolczastym, ujrza\u0142em ogromny t\u0142um, kt\u00f3ry ca\u0142\u0105 si\u0142\u0105 par\u0142 do&nbsp;wyj\u015bcia. W&nbsp;pobli\u017cu drut\u00f3w zobaczy\u0142em siedz\u0105cego na&nbsp;ziemi s\u0142abego dr. Lipowskiego oraz jego jedyn\u0105 c\u00f3rk\u0119. Zwr\u00f3ci\u0142em si\u0119 do&nbsp;komendanta Umschlagplatzu, \u017cydowskiego oficera policji Szmerlinga<a style=\"color: #000080;\">[3]<\/a>&nbsp;(Niemcy nazywali go&nbsp;\u017cydowskim katem, \u017bydzi za\u015b, z&nbsp;uwagi na&nbsp;podobie\u0144stwo do&nbsp;w\u0142oskiego marsza\u0142ka, \u00abBalbo\u00bb). Interweniowa\u0142em wtedy u&nbsp;niego w&nbsp;sprawie trzech os\u00f3b: w&nbsp;sprawie dr. Lipowskiego, znanej pianistki Hanny Diksztajn i&nbsp;znanej malarki Reginy Mundlak. Szmerling obieca\u0142 mi&nbsp;uwolni\u0107 te&nbsp;osoby i&nbsp;um\u00f3wi\u0142 si\u0119 ze&nbsp;mn\u0105, abym przyszed\u0142 do&nbsp;niego za&nbsp;3&nbsp;godziny. Gdy przyszed\u0142em po&nbsp;paru godzinach po&nbsp;raz drugi, sytuacja by\u0142a zgo\u0142a inna. Szmerling, kat warszawskich \u017byd\u00f3w, mia\u0142 jeden ze&nbsp;swoich napad\u00f3w sza\u0142u, nie chcia\u0142 ju\u017c nic s\u0142ysze\u0107 o&nbsp;\u017cadnych artystach i&nbsp;naukowcach. Gdy zacz\u0105\u0142em energicznie \u017c\u0105da\u0107, wyj\u0105\u0142 pejcz i&nbsp;zacz\u0105\u0142 mi&nbsp;grozi\u0107, \u017ce&nbsp;zaraz i&nbsp;ja&nbsp;pojad\u0119 do&nbsp;Treblinki. Koniec by\u0142 taki, \u017ce&nbsp;dr&nbsp;Lipowski pojecha\u0142 do&nbsp;Treblinki\u201d<a style=\"color: #000080;\">[4]<\/a>.<\/span><\/p>\n<p style=\"text-align: left;\"><span style=\"color: #000080;\">Jankiel Wiernik, jeden z&nbsp;niewielu, kt\u00f3rzy prze\u017cyli Treblink\u0119, wspomina\u0142, jak 23&nbsp;sierpnia zosta\u0142 deportowany:<\/span><\/p>\n<p style=\"text-align: left;\"><span style=\"color: #000080;\">\u201eRozkaz wej\u015bcia do&nbsp;wagon\u00f3w. Pakuj\u0105 po&nbsp;80&nbsp;os\u00f3b. Droga powrotna jest zamkni\u0119ta. Mia\u0142em na&nbsp;sobie jedyne spodnie, koszul\u0119 i&nbsp;pantofle. W&nbsp;domu pozosta\u0142 plecak z&nbsp;przygotowanymi rzeczami i&nbsp;wysokie buty. Przyszykowa\u0142em wszystko, gdy\u017c kr\u0105\u017cy\u0142y wersje, \u017ce&nbsp;wy\u015bl\u0105 nas na&nbsp;Ukrain\u0119, gdzie b\u0119dziemy pracowali. Poci\u0105g zeszed\u0142 z&nbsp;jednej zapasowej linii na&nbsp;drug\u0105. Znaj\u0105c dobrze ten w\u0119ze\u0142 kolejowy, zrozumia\u0142em, \u017ce&nbsp;stoimy na&nbsp;jednym miejscu. Ukrai\u0144cy tymczasem bawili si\u0119 bardzo dobrze, dolatywa\u0142y do&nbsp;naszych uszu ich gwary i&nbsp;weso\u0142e \u015bmiechy. W&nbsp;wagonie coraz duszniej, brak tchu. Beznadziejnie, smutno i&nbsp;strasznie. Wzrok m\u00f3j ogarn\u0105\u0142 wszystkich i&nbsp;wszystko, lecz mimo to&nbsp;nie by\u0142em w&nbsp;stanie ogarn\u0105\u0107 ogromu nieszcz\u0119\u015bcia. Wierzy\u0142em w&nbsp;m\u0119k\u0119, poniewierk\u0119 i&nbsp;g\u0142\u00f3d, lecz nie uwierzy\u0142em, \u017ce&nbsp;bezlitosna r\u0119ka kata zawis\u0142a nad nami, naszymi dzie\u0107mi i&nbsp;ca\u0142ym naszym istnieniem. W\u015br\u00f3d bezgranicznych m\u0105k doje\u017cd\u017camy do&nbsp;Ma\u0142kini. Tam stali\u015bmy przez ca\u0142\u0105 noc. Do&nbsp;wagonu weszli ukrai\u0144cy i&nbsp;za\u017c\u0105dali drogocennych rzeczy. Wszyscy dawali, a\u017ceby na&nbsp;kr\u00f3tko ratowa\u0107 \u017cycie. Niestety nic nie mia\u0142em. Po&nbsp;pierwsze niespodziewanie wyszed\u0142em z&nbsp;domu, po&nbsp;drugie wszystko wyprzeda\u0142em podczas wojny, aby utrzyma\u0107 si\u0119 na&nbsp;powierzchni, gdy\u017c nie zarabia\u0142em. Rano ruszy\u0142 poci\u0105g i&nbsp;zajechali\u015bmy na&nbsp;stacj\u0119 Treblinki. Zauwa\u017cy\u0142em przeje\u017cd\u017caj\u0105cy poci\u0105g, a&nbsp;w&nbsp;nim obdartych i&nbsp;p\u00f3\u0142nagich wyg\u0142odnia\u0142ych ludzi. M\u00f3wili do&nbsp;nas, ale nie rozumieli\u015bmy. Dzie\u0144 by\u0142 upalny. Duszno\u015b\u0107 straszna. Byli\u015bmy wiec bardzo spragnieni. Wygl\u0105da\u0142em oknem. Wie\u015bniacy przynosili wod\u0119 i&nbsp;\u017c\u0105dali za&nbsp;butelk\u0119 100 z\u0142. Nie mia\u0142em pieni\u0119dzy, pr\u00f3cz 10&nbsp;z\u0142, a&nbsp;w&nbsp;srebrze 2,&nbsp;5,&nbsp;10&nbsp;z&nbsp;obrazem Marsza\u0142ka, kt\u00f3re przechowywa\u0142em na&nbsp;pami\u0105tk\u0119. Musia\u0142em wi\u0119c z&nbsp;wody zrezygnowa\u0107. Inni kupowali. Za&nbsp;jeden kg&nbsp;chleba razowego p\u0142acono 500 z\u0142. Do&nbsp;po\u0142udnia dr\u0119czy\u0142o mnie pragnienie. Nast\u0119pnie wszed\u0142 p\u00f3\u017aniejszy \u00abHauptsturmf\u00fchrer\u00bb. Wybra\u0142 dziesi\u0119ciu ludzi, kt\u00f3rzy przynie\u015bli nam wody. Zaspokoi\u0142em cz\u0119\u015bciowo pragnienie. Kazano usun\u0105\u0107 trupy, kt\u00f3rych jednak nie by\u0142o. O&nbsp;4&nbsp;pp. [po po\u0142udniu] ruszy\u0142 poci\u0105g, kilka minut p\u00f3\u017aniej zajechali\u015bmy do&nbsp;obozu Treblinki. Tam dopiero spad\u0142a nam zas\u0142ona z&nbsp;oczu. Na&nbsp;dachach nad barakami stali ukrai\u0144cy z&nbsp;karabinami i&nbsp;kaemami\u201d<a style=\"color: #000080;\">[5]<\/a>.<\/span><\/p>\n<p style=\"text-align: left;\"><span style=\"color: #000080;\">Wstrz\u0105\u015bni\u0119ty Ringelblum notowa\u0142 15&nbsp;pa\u017adziernika 1942 r., miesi\u0105c po&nbsp;zako\u0144czeniu wielkiej deportacji:<\/span><\/p>\n<p style=\"text-align: left;\"><span style=\"color: #000080;\">\u201eDlaczego? Dlaczego nie przeciwstawiono si\u0119, kiedy rozpocz\u0119li deportacj\u0119 300 000 \u017byd\u00f3w z&nbsp;Warszawy? Dlaczego dali si\u0119 prowadzi\u0107 jak owce na&nbsp;rze\u017a? Dlaczego przysz\u0142o to&nbsp;wrogowi tak \u0142atwo, tak g\u0142adko? Dlaczego oprawcy nie ponie\u015bli ani jednej ofiary? Dlaczego 50&nbsp;esesman\u00f3w (inni powiadaj\u0105, \u017ce&nbsp;nawet mniej) przy pomocy oddzia\u0142u 200 Ukrai\u0144c\u00f3w i&nbsp;tylu\u017c \u0141otysz\u00f3w mog\u0142o dokona\u0107 tego tak g\u0142adko?\u201d<a style=\"color: #000080;\">[6]<\/a>.<\/span><\/p>\n<p style=\"text-align: left;\"><span style=\"color: #000080;\">Z perspektywy czasu organizator Podziemnego Archiwum Getta Warszawy podkre\u015bla\u0142 znaczenie g\u0142odu dla skuteczno\u015bci deportacji czy podtrzymywanie przez Judenrat niemieckiej propagandy o&nbsp;\u201ewysiedleniu\u201d. \u201eRingelblum por\u00f3wnuje niemiecki program eks\u00adterminacji z&nbsp;dobrze zaplanowan\u0105 i&nbsp;sprawnie przeprowadzon\u0105 kampani\u0105 militarn\u0105 opart\u0105 na&nbsp;zaskoczeniu, zmyleniu przeciwnika, olbrzymiej prze\u00adwadze i&nbsp;szybko\u015bci dzia\u0142ania\u201d \u2013&nbsp;pisze Samuel Kassow. \u2013&nbsp;\u201eNiemcy obracali na&nbsp;swoj\u0105 korzy\u015b\u0107 ka\u017cdy szlachetny odruch, kt\u00f3ry ka\u017ce chroni\u0107 s\u0142abych i&nbsp;niezaradnych, czyli na&nbsp;przyk\u0142ad towarzyszy\u0107 dzieciom i&nbsp;rodzicom w&nbsp;drodze na&nbsp;\u015bmier\u0107, nawet kosztem w\u0142asnego \u017cycia\u201d<a style=\"color: #000080;\">[7]<\/a>.<\/span><\/p>\n<hr>\n<p><strong><br \/>\n<img decoding=\"async\" loading=\"lazy\" class=\"aligncenter\" src=\"https:\/\/www.jhi.pl\/storage\/image\/core_files\/2020\/12\/11\/f10aa2f8473e22e198a5258cd5f57e7d\/png\/jhi\/preview\/logos_TaubePhilanthropies.png\" alt=\"logos_TaubePhilanthropies.png [7.41 KB]\" width=\"300\" height=\"150\"><\/strong><\/p>\n<p style=\"text-align: center;\"><em>Projekt wsp\u00f3\u0142finansowany ze \u015brodk\u00f3w Taube Philanthropies.<\/em><\/p>\n<hr>\n<p style=\"text-align: left;\"><span style=\"color: #808080;\"><em><u>Przypisy:<\/u><\/em><\/span><\/p>\n<p style=\"text-align: left;\"><span style=\"color: #808080;\"><em><a style=\"color: #808080;\">[1]<\/a>&nbsp;Marek Edelman, Paula Sawicka,&nbsp;I by\u0142a mi\u0142o\u015b\u0107 w&nbsp;getcie, Warszawa 2009, s.&nbsp;100\u2013101.<\/em><\/span><\/p>\n<p style=\"text-align: left;\"><span style=\"color: #808080;\"><em><a style=\"color: #808080;\">[2]<\/a>&nbsp;Niem. \u201eakcja przesiedle\u0144cza\u201d.<\/em><\/span><\/p>\n<p style=\"text-align: left;\"><span style=\"color: #808080;\"><em><a style=\"color: #808080;\">[3]<\/a>&nbsp;Mieczys\u0142aw Szmerling, oficer S\u0142u\u017cby Porz\u0105dkowej, przewodnicz\u0105cy Kompanii Przeciwepidemicznej przy Wydziale Zdrowia Rady \u017bydowskiej, komendant Umschlagplatzu.<\/em><\/span><\/p>\n<p style=\"text-align: left;\"><span style=\"color: #808080;\"><em><a style=\"color: #808080;\">[4]<\/a>&nbsp;Archiwum Ringelbluma, t.&nbsp;29a,&nbsp;Pisma Emanuela Ringelbluma z&nbsp;bunkra, opracowali Eleonora Bergman, Tadeusz Epsztein, Magdalena Siek, Wydawnictwo \u017bIH, Warszawa 2018, s.&nbsp;190. Usuni\u0119to niekt\u00f3re przypisy.<\/em><\/span><\/p>\n<p style=\"text-align: left;\"><span style=\"color: #808080;\"><em><a style=\"color: #808080;\">[5]<\/a>&nbsp;Jankiel Wiernik,&nbsp;Rok w&nbsp;Treblince, przedmowa W\u0142adys\u0142aw Bartoszewski, Rada Ochrony Pami\u0119ci Walk i&nbsp;M\u0119cze\u0144stwa, Warszawa 2003, s.&nbsp;13. Wiernik zazwyczaj zapisywa\u0142 nazwy Niemc\u00f3w i&nbsp;Ukrai\u0144c\u00f3w ma\u0142\u0105 liter\u0105. Poprawiono zachowane w&nbsp;oryginale b\u0142\u0119dy zecerskie.<\/em><\/span><\/p>\n<p style=\"text-align: left;\"><span style=\"color: #808080;\"><em><a style=\"color: #808080;\">[6]<\/a>&nbsp;Archiwum Ringelbluma, t.&nbsp;29,&nbsp;Pisma Emanuela Ringelbluma z&nbsp;getta, opracowa\u0142a Joanna Nalewajko-Kulikov, t\u0142um. Adam Rutkowski i&nbsp;in., Wydawnictwo \u017bIH, Warszawa 2018, s.&nbsp;392.<\/em><\/span><\/p>\n<p style=\"text-align: left;\"><span style=\"color: #808080;\"><em><a style=\"color: #808080;\">[7]<\/a>&nbsp;Samuel D.&nbsp;Kassow,&nbsp;Kto napisze nasz\u0105 histori\u0119?,&nbsp;t\u0142um. Gra\u017cyna Waluga, Olga Zienkiewicz, Wydawnictwo \u017bIH, Warszawa 2017, s. 580.<\/em><\/span><\/p>\n<hr style=\"height: 15px; background: #d0e6fa; width: 100%;\">\n<div id=\"content\" class=\"content-alignment\">\n<div id=\"watch-description\" class=\"yt-uix-button-panel\">\n<div id=\"watch-description-text\" style=\"text-align: center;\">\n<p><em>Zawarto\u015b\u0107 publikowanych artyku\u0142\u00f3w i materia\u0142\u00f3w nie reprezentuje pogl\u0105d\u00f3w ani opinii Reunion&#8217;68,<\/em><em><br \/>\nani te\u017c webmastera Blogu Reunion&#8217;68, chyba ze jest to wyra\u017anie zaznaczone.<br \/>\nTwoje uwagi, linki, w\u0142asne artyku\u0142y lub wiadomo\u015bci prze\u015blij na adres:<br \/>\n<\/em><span style=\"color: #000080;\"><strong><em><a style=\"color: #000080;\" href=\"mailto:webmaster@reunion68.com\"><span style=\"text-decoration: underline;\">webmaster@reunion68.com<\/span><\/a><\/em><\/strong><\/span><\/p>\n<\/div>\n<\/div>\n<\/div>\n<hr style=\"width: 100%;\">\n","protected":false},"excerpt":{"rendered":"<p>\u201eNie by\u0142em w stanie ogarn\u0105\u0107 ogromu nieszcz\u0119\u015bcia\u201d. Pocz\u0105tek wielkiej deportacji z getta warszawskiego Przemys\u0142aw Batorski 80 lat temu, w \u015brodku upalnego lata, dla wi\u0119kszo\u015bci mieszka\u0144c\u00f3w getta warszawskiego zacz\u0105\u0142 si\u0119 ostatni rozdzia\u0142 \u017cycia. Do 21 wrze\u015bnia oko\u0142o 300 tysi\u0119cy \u017byd\u00f3w zosta\u0142o wywiezionych do obozu zag\u0142ady w Treblince. By\u0142 to kluczowy moment operacji \u201eReinhardt&#8221;, niemieckiego planu zag\u0142ady [&hellip;]<\/p>\n","protected":false},"author":1,"featured_media":0,"comment_status":"closed","ping_status":"closed","sticky":false,"template":"","format":"standard","meta":[],"categories":[6],"tags":[26,24],"_links":{"self":[{"href":"https:\/\/www.reunion68.se\/index.php?rest_route=\/wp\/v2\/posts\/97387"}],"collection":[{"href":"https:\/\/www.reunion68.se\/index.php?rest_route=\/wp\/v2\/posts"}],"about":[{"href":"https:\/\/www.reunion68.se\/index.php?rest_route=\/wp\/v2\/types\/post"}],"author":[{"embeddable":true,"href":"https:\/\/www.reunion68.se\/index.php?rest_route=\/wp\/v2\/users\/1"}],"replies":[{"embeddable":true,"href":"https:\/\/www.reunion68.se\/index.php?rest_route=%2Fwp%2Fv2%2Fcomments&post=97387"}],"version-history":[{"count":6,"href":"https:\/\/www.reunion68.se\/index.php?rest_route=\/wp\/v2\/posts\/97387\/revisions"}],"predecessor-version":[{"id":97627,"href":"https:\/\/www.reunion68.se\/index.php?rest_route=\/wp\/v2\/posts\/97387\/revisions\/97627"}],"wp:attachment":[{"href":"https:\/\/www.reunion68.se\/index.php?rest_route=%2Fwp%2Fv2%2Fmedia&parent=97387"}],"wp:term":[{"taxonomy":"category","embeddable":true,"href":"https:\/\/www.reunion68.se\/index.php?rest_route=%2Fwp%2Fv2%2Fcategories&post=97387"},{"taxonomy":"post_tag","embeddable":true,"href":"https:\/\/www.reunion68.se\/index.php?rest_route=%2Fwp%2Fv2%2Ftags&post=97387"}],"curies":[{"name":"wp","href":"https:\/\/api.w.org\/{rel}","templated":true}]}}