{"id":97408,"date":"2022-08-17T17:05:17","date_gmt":"2022-08-17T15:05:17","guid":{"rendered":"http:\/\/www.reunion68.se\/?p=97408"},"modified":"2022-08-17T07:03:40","modified_gmt":"2022-08-17T05:03:40","slug":"17-00-70","status":"publish","type":"post","link":"https:\/\/www.reunion68.se\/?p=97408","title":{"rendered":"80 lat temu Niemcy zg\u0142adzili w komorze gazowej Edyt\u0119 Stein"},"content":{"rendered":"<h5 style=\"text-align: center;\"><a href=\"https:\/\/wiadomosci.onet.pl\/\" target=\"_blank\" rel=\"noopener noreferrer\"><img decoding=\"async\" class=\"center alignleft\" src=\"http:\/\/www.reunion68.com\/Biuletyn\/img\/onnet-1.png\" alt=\"\" width=\"35%\"><\/a><span style=\"text-decoration: underline; color: #000080;\"><strong><a style=\"color: #000080; text-decoration: underline;\" href=\"https:\/\/wiadomosci.onet.pl\/kraj\/80-lat-temu-niemcy-zgladzili-w-komorze-gazowej-edyte-stein\/epqjwx7\" target=\"_blank\" rel=\"noopener noreferrer\">80 lat temu Niemcy zg\u0142adzili w komorze gazowej Edyt\u0119 Stein<\/a><\/strong><\/span><\/h5>\n<p style=\"text-align: center;\"><span style=\"color: #000000;\"><strong>KF \u0179r\u00f3d\u0142o: PAP<\/strong><\/span><\/p>\n<hr style=\"height: 15px; background: #d0e6fa; width: 100%;\">\n<h5 style=\"text-align: center;\"><strong>80 lat temu, 9 sierpnia 1942 r., w komorze gazowej niemieckiego obozu Auschwitz II-Birkenau zosta\u0142a zamordowana karmelitanka Teresa Benedykta od Krzy\u017ca (Edyta Stein). By\u0142a pierwsz\u0105 \u017byd\u00f3wk\u0105, kt\u00f3ra przesz\u0142a na katolicyzm i zosta\u0142a wyniesiona na o\u0142tarze.<\/strong><\/h5>\n<p style=\"text-align: center;\">\n.<br \/>\n<img decoding=\"async\" src=\"https:\/\/ocdn.eu\/pulscms-transforms\/1\/Lyvk9kpTURBXy8yZWM3ZjQ5YTAwODEzMzBkYzJjNDQ4ZWQwM2UyMDE0Yi5wbmeTlQMAAM0DFM0Bu5MFzQMUzQG8kwmmNzFkY2Y5BoGhMAU\/edyta-stein.webp\" width=\"100%\"><span style=\"color: #808080;\"><em>Edyta Stein<\/em><\/span><\/p>\n<ul class=\"firstList\" data-scroll=\"bullet\">\n<li style=\"text-align: left;\"><span class=\"elementListWrapper\" style=\"color: #000080;\">Edyta Stein, znana te\u017c jako \u015bw. Teresa Benedykta od Krzy\u017ca, jest wspominana 9 sierpnia w rocznic\u0119 \u015bmierci w obozie koncentracyjnym Auschwitz (1942)<\/span><\/li>\n<li style=\"text-align: left;\"><span class=\"elementListWrapper\" style=\"color: #000080;\">Urodzi\u0142a si\u0119 w wierz\u0105cej, \u017cydowskiej rodzinie, p\u00f3\u017aniej zosta\u0142a filozofem ateistk\u0105, a po latach postanowi\u0142a przyj\u0105\u0107 katolicki chrzest i wst\u0105pi\u0107 do zakonu<\/span><\/li>\n<li style=\"text-align: left;\"><span class=\"elementListWrapper\" style=\"color: #000080;\">Jan Pawe\u0142 II wyni\u00f3s\u0142 j\u0105 na o\u0142tarze i uczyni\u0142 wsp\u00f3\u0142patronk\u0105 Europy<\/span><\/li>\n<li style=\"text-align: left;\"><span class=\"elementListWrapper\" style=\"color: #000080;\"><a style=\"color: #000080;\" href=\"https:\/\/www.onet.pl\/#utm_source=detal&amp;utm_medium=referral&amp;utm_campaign=back_to_onet_bullet\"><strong><u>Wi\u0119cej takich informacji znajdziesz na stronie g\u0142\u00f3wnej Onet.pl<\/u><\/strong><\/a><\/span><\/li>\n<\/ul>\n<p class=\"hyphenate \" style=\"text-align: left;\" data-text-len=\"246\" data-scroll=\"paragraph_2\"><span style=\"color: #000080;\">Rocznica \u015bmierci&nbsp;<a id=\"15682220-74da-4474-80c4-92570c7e9297\" style=\"color: #000080;\" href=\"https:\/\/wiadomosci.onet.pl\/religia\/edyta-stein-zycie-i-wiara-sw-teresy-benedykty-od-krzyza\/wgnw1v9\">Edyty Stein<\/a>&nbsp;jest w Ko\u015bciele katolickim dniem modlitw za ofiary Holokaustu.<\/span><\/p>\n<h5 style=\"text-align: left;\"><strong>Rocznica \u015bmierci Edyty Stein. Uroczysto\u015bci w Brzezince i O\u015bwi\u0119cimiu<\/strong><\/h5>\n<p class=\"hyphenate \" style=\"text-align: left;\" data-text-len=\"153\" data-scroll=\"paragraph_5\"><span style=\"color: #000080;\">Uroczysto\u015bci upami\u0119tniaj\u0105ce 80. rocznic\u0119 \u015bmierci karmelitanki odb\u0119d\u0105 si\u0119 we wtorek w Brzezince i O\u015bwi\u0119cimiu z udzia\u0142em m.in. biskup\u00f3w z Polski i Niemiec.<\/span><\/p>\n<p class=\"hyphenate \" style=\"text-align: left;\" data-text-len=\"306\" data-scroll=\"paragraph_6\"><span style=\"color: #000080;\">Centrum Dialogu i Modlitwy w O\u015bwi\u0119cimiu zakomunikowa\u0142o, \u017ce uroczysto\u015bci rozpocznie o godzinie 10. &#8220;Droga Modlitewna&#8221;, kt\u00f3ra b\u0119dzie przebiega\u0142a wzd\u0142u\u017c rampy kolejowej w by\u0142ym obozie Birkenau. Wierni przejd\u0105 do pomnika ofiar, kt\u00f3ry znajduje si\u0119 mi\u0119dzy ruinami dw\u00f3ch najwi\u0119kszych kom\u00f3r gazowych i krematori\u00f3w.<\/span><\/p>\n<p class=\"hyphenate \" style=\"text-align: left;\" data-text-len=\"181\" data-scroll=\"paragraph_7\"><span style=\"color: #000080;\">&#8220;Obchody rozpocznie metropolita krakowski abp Marek J\u0119draszewski, a bp Bertram Meier z Augsburga, na zako\u0144czenie wyg\u0142osi s\u0142owo w imieniu Episkopatu Niemiec&#8221; \u2013 poinformowa\u0142o Centrum.<\/span><\/p>\n<p class=\"hyphenate \" style=\"text-align: left;\" data-text-len=\"610\" data-scroll=\"paragraph_8\"><span style=\"color: #000080;\">Po po\u0142udniu uczestnicy i zaproszeni go\u015bcie, w\u015br\u00f3d kt\u00f3rych b\u0119d\u0105 m.in. cz\u0142onkowie Towarzystw Edyty Stein z Polski, Austrii, Niemiec i Holandii oraz polska m\u0142odzie\u017c, spotkaj\u0105 si\u0119 w Centrum Dialogu i Modlitwy na modlitwie o pok\u00f3j. Po\u0142\u0105cz\u0105 si\u0119 wirtualnie z Niemcami oraz ze studentami z katolickiego Uniwersytetu z Nagasaki. 9 sierpnia obchodzona jest r\u00f3wnie\u017c rocznica zrzucenia bomby atomowej na to japo\u0144skie miasto. Wieczorem w klasztorze si\u00f3str karmelitanek w O\u015bwi\u0119cimiu zostanie odprawiona msza \u015bw. pod przewodnictwem kard. Michaela Czernego, prefekta watyka\u0144skiej dykasterii ds. Integralnego Rozwoju Cz\u0142owieka.<\/span><\/p>\n<div class=\"contentShareLeft\">\n<div id=\"content-share-top\" class=\"fb_share  fadeOutTop\" data-run-module=\"local\/main.desktopSharerBox\" data-run-module-isrun=\"1\"><\/div>\n<\/div>\n<div class=\"detailContent\">\n<div id=\"detail\" class=\"detail intext articleBody noAdPlaceholders\" data-run-module=\"local\/main.slotBetweenParagraphs\" data-premium-slice=\"1\" data-premium-enabled=\"false\" data-run-module-isrun=\"1\">\n<ul class=\"firstList\" data-scroll=\"bullet\">\n<li style=\"text-align: left;\"><strong><span class=\"elementListWrapper\">Edyta Stein, znana te\u017c jako \u015bw. Teresa Benedykta od Krzy\u017ca, jest wspominana 9 sierpnia w rocznic\u0119 \u015bmierci w obozie koncentracyjnym Auschwitz (1942)<\/span><\/strong><\/li>\n<li style=\"text-align: left;\"><strong><span class=\"elementListWrapper\">Urodzi\u0142a si\u0119 w wierz\u0105cej, \u017cydowskiej rodzinie, p\u00f3\u017aniej zosta\u0142a filozofem ateistk\u0105, a po latach postanowi\u0142a przyj\u0105\u0107 katolicki chrzest i wst\u0105pi\u0107 do zakonu<\/span><\/strong><\/li>\n<li style=\"text-align: left;\"><strong><span class=\"elementListWrapper\">Jan Pawe\u0142 II wyni\u00f3s\u0142 j\u0105 na o\u0142tarze i uczyni\u0142 wsp\u00f3\u0142patronk\u0105 Europy<\/span><\/strong><\/li>\n<li style=\"text-align: left;\"><strong><span class=\"elementListWrapper\"><a href=\"https:\/\/www.onet.pl\/#utm_source=detal&amp;utm_medium=referral&amp;utm_campaign=back_to_onet_bullet\"><u>Wi\u0119cej takich informacji znajdziesz na stronie g\u0142\u00f3wnej Onet.pl<\/u><\/a><\/span><\/strong><\/li>\n<\/ul>\n<p class=\"hyphenate \" style=\"text-align: left;\" data-text-len=\"246\" data-scroll=\"paragraph_2\"><span style=\"color: #000080;\">Rocznica \u015bmierci&nbsp;<a id=\"15682220-74da-4474-80c4-92570c7e9297\" style=\"color: #000080;\" href=\"https:\/\/wiadomosci.onet.pl\/religia\/edyta-stein-zycie-i-wiara-sw-teresy-benedykty-od-krzyza\/wgnw1v9\">Edyty Stein<\/a>&nbsp;jest w Ko\u015bciele katolickim dniem modlitw za ofiary Holokaustu.<\/span><\/p>\n<h5 style=\"text-align: left;\"><strong>Rocznica \u015bmierci Edyty Stein. Uroczysto\u015bci w Brzezince i O\u015bwi\u0119cimiu<\/strong><\/h5>\n<p class=\"hyphenate \" style=\"text-align: left;\" data-text-len=\"153\" data-scroll=\"paragraph_5\"><span style=\"color: #000080;\">Uroczysto\u015bci upami\u0119tniaj\u0105ce 80. rocznic\u0119 \u015bmierci karmelitanki odb\u0119d\u0105 si\u0119 we wtorek w Brzezince i O\u015bwi\u0119cimiu z udzia\u0142em m.in. biskup\u00f3w z Polski i Niemiec.<\/span><\/p>\n<p class=\"hyphenate \" style=\"text-align: left;\" data-text-len=\"306\" data-scroll=\"paragraph_6\"><span style=\"color: #000080;\">Centrum Dialogu i Modlitwy w O\u015bwi\u0119cimiu zakomunikowa\u0142o, \u017ce uroczysto\u015bci rozpocznie o godzinie 10. &#8220;Droga Modlitewna&#8221;, kt\u00f3ra b\u0119dzie przebiega\u0142a wzd\u0142u\u017c rampy kolejowej w by\u0142ym obozie Birkenau. Wierni przejd\u0105 do pomnika ofiar, kt\u00f3ry znajduje si\u0119 mi\u0119dzy ruinami dw\u00f3ch najwi\u0119kszych kom\u00f3r gazowych i krematori\u00f3w.<\/span><\/p>\n<p class=\"hyphenate \" style=\"text-align: left;\" data-text-len=\"181\" data-scroll=\"paragraph_7\"><span style=\"color: #000080;\">&#8220;Obchody rozpocznie metropolita krakowski abp Marek J\u0119draszewski, a bp Bertram Meier z Augsburga, na zako\u0144czenie wyg\u0142osi s\u0142owo w imieniu Episkopatu Niemiec&#8221; \u2013 poinformowa\u0142o Centrum.<\/span><\/p>\n<p class=\"hyphenate \" style=\"text-align: left;\" data-text-len=\"610\" data-scroll=\"paragraph_8\"><span style=\"color: #000080;\">Po po\u0142udniu uczestnicy i zaproszeni go\u015bcie, w\u015br\u00f3d kt\u00f3rych b\u0119d\u0105 m.in. cz\u0142onkowie Towarzystw Edyty Stein z Polski, Austrii, Niemiec i Holandii oraz polska m\u0142odzie\u017c, spotkaj\u0105 si\u0119 w Centrum Dialogu i Modlitwy na modlitwie o pok\u00f3j. Po\u0142\u0105cz\u0105 si\u0119 wirtualnie z Niemcami oraz ze studentami z katolickiego Uniwersytetu z Nagasaki. 9 sierpnia obchodzona jest r\u00f3wnie\u017c rocznica zrzucenia bomby atomowej na to japo\u0144skie miasto. Wieczorem w klasztorze si\u00f3str karmelitanek w O\u015bwi\u0119cimiu zostanie odprawiona msza \u015bw. pod przewodnictwem kard. Michaela Czernego, prefekta watyka\u0144skiej dykasterii ds. Integralnego Rozwoju Cz\u0142owieka.<\/span><\/p>\n<div class=\"pulsevideo\">\n<div class=\"embeddedApp\"><\/div>\n<\/div>\n<h5 style=\"text-align: left;\"><strong>Kim by\u0142a Edyta Stein i jak zgin\u0119\u0142a?<\/strong><\/h5>\n<p class=\"hyphenate \" style=\"text-align: left;\" data-text-len=\"375\" data-scroll=\"paragraph_12\"><span style=\"color: #000080;\">Edyta Stein urodzi\u0142a si\u0119 we Wroc\u0142awiu w pobo\u017cnej rodzinie \u017cydowskiej w 1891 r. By\u0142a doktorem filozofii. W wieku 30 lat przesz\u0142a na katolicyzm. Dwana\u015bcie lat p\u00f3\u017aniej wst\u0105pi\u0142a do zakonu karmelitanek. Przyj\u0119\u0142a imi\u0119 Teresa Benedykta od Krzy\u017ca. W wyniku narastaj\u0105cych prze\u015bladowa\u0144 \u017byd\u00f3w pod koniec 1938 r. zosta\u0142a przeniesiona do klasztoru Karmelitanek w Echt na terenie Holandii.<\/span><\/p>\n<p class=\"hyphenate \" style=\"text-align: left;\" data-text-len=\"471\" data-scroll=\"paragraph_13\"><span style=\"color: #000080;\">2 sierpnia 1942 r. zakonnica zosta\u0142a aresztowana w klasztorze przez gestapo i osadzona w policyjnym obozie tranzytowym Amersfoort. Dwa dni p\u00f3\u017aniej zosta\u0142a przeniesiona do obozu zbiorczego w Westerbork w okupowanej Holandii. Stamt\u0105d Niemcy deportowali zakonnic\u0119 \u2014 wraz z blisko 1 tys. \u017byd\u00f3w \u2014 do Auschwitz. W\u015br\u00f3d nich znajdowa\u0142o si\u0119 kilkudziesi\u0119ciu ochrzczonych \u017byd\u00f3w, a tak\u017ce siostra Edyty \u2014 R\u00f3\u017ca. Transport wyruszy\u0142 7 sierpnia 1942 r. i dotar\u0142 do obozu w nast\u0119pnym dniu.<\/span><\/p>\n<p class=\"hyphenate \" style=\"text-align: left;\" data-text-len=\"389\" data-scroll=\"paragraph_15\"><span style=\"color: #000080;\">Po selekcji na rampie kolejowej, tzw. Judenrampe, znajduj\u0105cej si\u0119 pomi\u0119dzy obozem macierzystym Auschwitz I i Auschwitz II-Birkenau, do obozu skierowano niespe\u0142na po\u0142ow\u0119 przywiezionych. Pozosta\u0142ych, w tym Edyt\u0119 i R\u00f3\u017c\u0119, Niemcy zg\u0142adzili 9 sierpnia w jednej z pierwszych kom\u00f3r gazowych w Birkenau, tzw. czerwonym lub bia\u0142ym domku. Ofiary czeka\u0142y na \u015bmier\u0107 w niewielkim lasku na terenie obozu.<\/span><\/p>\n<p class=\"hyphenate \" style=\"text-align: left;\" data-text-len=\"194\" data-scroll=\"paragraph_16\"><span style=\"color: #000080;\">Papie\u017c Jan Pawe\u0142 II beatyfikowa\u0142 Teres\u0119 Benedykt\u0119 od Krzy\u017ca w 1987 r. 11 lat p\u00f3\u017aniej zosta\u0142a kanonizowana. Edyta Stein jest pierwsz\u0105 \u017byd\u00f3wk\u0105, kt\u00f3ra przesz\u0142a na katolicyzm i zosta\u0142a kanonizowana.<\/span><\/p>\n<p class=\"hyphenate \" style=\"text-align: left;\" data-text-len=\"57\" data-scroll=\"paragraph_17\"><span style=\"color: #000080;\">\u015aw. Teresa Benedykta od Krzy\u017ca jest wsp\u00f3\u0142patronk\u0105 Europy.<\/span><\/p>\n<p class=\"hyphenate \" style=\"text-align: left;\" data-text-len=\"345\" data-scroll=\"paragraph_18\"><span style=\"color: #000080;\">Niemcy za\u0142o\u017cyli ob\u00f3z Auschwitz w 1940 r., aby wi\u0119zi\u0107 w nim Polak\u00f3w. Auschwitz II-Birkenau powsta\u0142 dwa lata p\u00f3\u017aniej. Sta\u0142 si\u0119 miejscem zag\u0142ady \u017byd\u00f3w. W kompleksie obozowym funkcjonowa\u0142a tak\u017ce sie\u0107 podoboz\u00f3w. W Auschwitz Niemcy zg\u0142adzili co najmniej 1,1 mln ludzi, g\u0142\u00f3wnie \u017byd\u00f3w, a tak\u017ce Polak\u00f3w, Rom\u00f3w, je\u0144c\u00f3w sowieckich i os\u00f3b innej narodowo\u015bci.<\/span><\/p>\n<\/div>\n<\/div>\n<hr style=\"height: 15px; background: #d0e6fa; width: 100%;\">\n<div id=\"content\" class=\"content-alignment\">\n<div id=\"watch-description\" class=\"yt-uix-button-panel\">\n<div id=\"watch-description-text\" style=\"text-align: center;\">\n<p><em>Zawarto\u015b\u0107 publikowanych artyku\u0142\u00f3w i materia\u0142\u00f3w nie reprezentuje pogl\u0105d\u00f3w ani opinii Reunion&#8217;68,<\/em><em><br \/>\nani te\u017c webmastera Blogu Reunion&#8217;68, chyba ze jest to wyra\u017anie zaznaczone.<br \/>\nTwoje uwagi, linki, w\u0142asne artyku\u0142y lub wiadomo\u015bci prze\u015blij na adres:<br \/>\n<\/em><span style=\"color: #000080;\"><strong><em><a style=\"color: #000080;\" href=\"mailto:webmaster@reunion68.com\"><span style=\"text-decoration: underline;\">webmaster@reunion68.com<\/span><\/a><\/em><\/strong><\/span><\/p>\n<\/div>\n<\/div>\n<\/div>\n<hr style=\"width: 100%;\">\n","protected":false},"excerpt":{"rendered":"<p>80 lat temu Niemcy zg\u0142adzili w komorze gazowej Edyt\u0119 Stein KF \u0179r\u00f3d\u0142o: PAP 80 lat temu, 9 sierpnia 1942 r., w komorze gazowej niemieckiego obozu Auschwitz II-Birkenau zosta\u0142a zamordowana karmelitanka Teresa Benedykta od Krzy\u017ca (Edyta Stein). By\u0142a pierwsz\u0105 \u017byd\u00f3wk\u0105, kt\u00f3ra przesz\u0142a na katolicyzm i zosta\u0142a wyniesiona na o\u0142tarze. . Edyta Stein Edyta Stein, znana te\u017c [&hellip;]<\/p>\n","protected":false},"author":1,"featured_media":0,"comment_status":"closed","ping_status":"closed","sticky":false,"template":"","format":"standard","meta":[],"categories":[6],"tags":[26,24],"_links":{"self":[{"href":"https:\/\/www.reunion68.se\/index.php?rest_route=\/wp\/v2\/posts\/97408"}],"collection":[{"href":"https:\/\/www.reunion68.se\/index.php?rest_route=\/wp\/v2\/posts"}],"about":[{"href":"https:\/\/www.reunion68.se\/index.php?rest_route=\/wp\/v2\/types\/post"}],"author":[{"embeddable":true,"href":"https:\/\/www.reunion68.se\/index.php?rest_route=\/wp\/v2\/users\/1"}],"replies":[{"embeddable":true,"href":"https:\/\/www.reunion68.se\/index.php?rest_route=%2Fwp%2Fv2%2Fcomments&post=97408"}],"version-history":[{"count":4,"href":"https:\/\/www.reunion68.se\/index.php?rest_route=\/wp\/v2\/posts\/97408\/revisions"}],"predecessor-version":[{"id":97679,"href":"https:\/\/www.reunion68.se\/index.php?rest_route=\/wp\/v2\/posts\/97408\/revisions\/97679"}],"wp:attachment":[{"href":"https:\/\/www.reunion68.se\/index.php?rest_route=%2Fwp%2Fv2%2Fmedia&parent=97408"}],"wp:term":[{"taxonomy":"category","embeddable":true,"href":"https:\/\/www.reunion68.se\/index.php?rest_route=%2Fwp%2Fv2%2Fcategories&post=97408"},{"taxonomy":"post_tag","embeddable":true,"href":"https:\/\/www.reunion68.se\/index.php?rest_route=%2Fwp%2Fv2%2Ftags&post=97408"}],"curies":[{"name":"wp","href":"https:\/\/api.w.org\/{rel}","templated":true}]}}