{"id":97452,"date":"2022-08-11T17:05:59","date_gmt":"2022-08-11T15:05:59","guid":{"rendered":"http:\/\/www.reunion68.se\/?p=97452"},"modified":"2022-08-11T07:17:37","modified_gmt":"2022-08-11T05:17:37","slug":"19-09-78","status":"publish","type":"post","link":"https:\/\/www.reunion68.se\/?p=97452","title":{"rendered":"Krzysztof Kamil Baczy\u0144ski [22.01.1921\u20144.08.1944]"},"content":{"rendered":"<p style=\"text-align: center;\"><img decoding=\"async\" class=\"aligncenter\" title=\"Krzysztof Kamil Baczy\u0144ski, rep. Andrzej Szypowski \/ East News\n\" src=\"https:\/\/api.culture.pl\/sites\/default\/files\/styles\/1920_auto\/public\/images\/imported\/literatura\/_portrety\/baczynski%20krzysztof%20kamil\/baczynski%20krzysztof%20kamil_4917161.jpg?itok=Kg3pmbyF\" alt=\"Krzysztof Kamil Baczy\u0144ski, rep. Andrzej Szypowski \/ East News\n\" width=\"80%\" data-src=\"https:\/\/api.culture.pl\/sites\/default\/files\/styles\/1920_auto\/public\/images\/imported\/literatura\/_portrety\/baczynski%20krzysztof%20kamil\/baczynski%20krzysztof%20kamil_4917161.jpg?itok=Kg3pmbyF\"><span style=\"color: #808080;\">Krzysztof<em> Kamil Baczy\u0144ski, rep. Andrzej Szypowski \/ East News<\/em><\/span><\/p>\n<hr>\n<h5 style=\"text-align: center;\"><a href=\"https:\/\/culture.pl\/\" target=\"_blank\" rel=\"noopener noreferrer\"><img decoding=\"async\" class=\"center alignleft\" src=\"http:\/\/www.reunion68.com\/Biuletyn\/img\/culture-2.png\" alt=\"\" width=\"35%\"><\/a><span style=\"text-decoration: underline; color: #000080;\"><span style=\"text-decoration: underline;\"><strong><a style=\"color: #000080; text-decoration: underline;\" href=\"https:\/\/culture.pl\/pl\/tworca\/krzysztof-kamil-baczynski\" target=\"_blank\" rel=\"noopener noreferrer\">Krzysztof Kamil Baczy\u0144ski<br \/>\n[22.01.1921\u20144.08.1944]<\/a><\/strong><\/span><\/span><\/h5>\n<p style=\"text-align: center;\"><span style=\"color: #000000;\"><strong> Culture.pl<\/strong><\/span><\/p>\n<hr style=\"height: 15px; background: #d0e6fa; width: 100%;\">\n<p style=\"text-align: left;\"><span style=\"color: #000080;\">Poeta. Urodzi\u0142 si\u0119 22 stycznia 1921 w Warszawie, zgin\u0105\u0142 4 sierpnia 1944 w Powstaniu Warszawskim.<\/span><\/p>\n<div class=\"paragraph paragraph-text-formatted\">\n<div class=\"container\">\n<div class=\"content\">\n<p style=\"text-align: left;\"><span style=\"color: #000080;\">Od 1933 ucz\u0119szcza\u0142 do Pa\u0144stwowego Gimnazjum im. Stefana Batorego, gdzie w 1939 uzyska\u0142 \u015bwiadectwo dojrza\u0142o\u015bci. Nale\u017ca\u0142 do p\u00f3\u0142legalnej Organizacji M\u0142odzie\u017cy Socjalistycznej &#8220;Spartakus&#8221; (od 1937 w komitecie wykonawczym organizacji, od 1938 wsp\u00f3\u0142redaktor jej pisma &#8220;Strza\u0142y&#8221;). W czasie okupacji niemieckiej mieszka\u0142 w Warszawie. Kr\u00f3tki czas ucz\u0119szcza\u0142 do Miejskiej Szko\u0142y Sztuk Zdobniczych i Malarskich im. C.K. Norwida. Od 1940 publikowa\u0142 konspiracyjne tomiki wierszy (m.in. pod pseudonimem Jan Bugaj), a tak\u017ce anonimowo w podziemnych antologiach i czasopismach (&#8220;Dzie\u0144 Warszawski&#8221;, &#8220;Miesi\u0119cznik Literacki&#8221;). Jako poeta wsp\u00f3\u0142pracowa\u0142 z referatem literackim Podwydzia\u0142u Propagandy Mobilizacyjnej &#8220;R\u00f3j&#8221; Biura Informacji i Propagandy AK. Od jesieni 1942 studiowa\u0142 polonistyk\u0119 na tajnych kompletach Uniwersytetu Warszawskiego. By\u0142 w komitecie redakcyjnym wydawanego mi\u0119dzy grudniem 1943 a kwietniem 1944 miesi\u0119cznika literacko-spo\u0142ecznego &#8220;Droga&#8221; tworzonego przez grup\u0119 m\u0142odzie\u017cy akademickiej. By\u0142 cz\u0142onkiem socjalistycznej organizacji &#8220;P\u0142omienie&#8221;. Otrzymywa\u0142 stypendia z konspiracyjnych fundusz\u00f3w literackich. W lecie 1943 wst\u0105pi\u0142 do Harcerskich Grup Szturmowych AK. Uko\u0144czy\u0142 turnus Szko\u0142y Podchor\u0105\u017cych Rezerwy Piechoty &#8220;Agricola&#8221; ze stopniem starszego strzelca podchor\u0105\u017cego rezerwy piechoty. Od 1943 by\u0142 sekcyjnym w 2 plutonie &#8220;Alek&#8221; 2 kompanii &#8220;Rudy&#8221; batalionu &#8220;Zo\u015bka&#8221;, od lipca 1943 zast\u0119pc\u0105 dow\u00f3dcy 3 plutonu 3 kompanii batalionu &#8220;Parasol&#8221;. W chwili wybuchu powstania warszawskiego nie zdo\u0142a\u0142 dotrze\u0107 do swojego plutonu, walczy\u0142 w okolicy Placu Teatralnego, tam te\u017c zgin\u0105\u0142.<\/span><\/p>\n<p style=\"text-align: left;\"><span style=\"color: #000080;\">Steampunkowe komiksy i psychologiczne dramaty, imponuj\u0105ce animacje, inscenizowane dokumenty i poetyckie biografie. Oto najciekawsze filmy o powstaniu warszawskim.<\/span><\/p>\n<p style=\"text-align: left;\"><span style=\"color: #000080;\">Tw\u00f3rczo\u015b\u0107 Baczy\u0144skiego charakteryzuje si\u0119 du\u017c\u0105 dynamik\u0105 zmian \u2013 ewolucj\u0105 postawy wobec rzeczywisto\u015bci, kt\u00f3ra poci\u0105ga\u0142a za sob\u0105 zmian\u0119 w repertuarze \u015brodk\u00f3w artystycznych.Zacz\u0105\u0142 pisa\u0107 ju\u017c jako gimnazjalista, do roku 1941 trwa jego &#8220;wczesny&#8221; etap tw\u00f3rczo\u015bci, podczas kt\u00f3rego poeta tworzy g\u0142\u00f3wnie pod wp\u0142ywem J. K. Weintrauba, poezji&nbsp;<a style=\"color: #000080;\" href=\"https:\/\/culture.pl\/pl\/node\/9158\">Czechowicza<\/a> i wile\u0144skich \u017bagaryst\u00f3w (zw\u0142aszcza Zag\u00f3rskiego i Rymkiewicza).&nbsp;<\/span><\/p>\n<div class=\"video-wrapper\" style=\"text-align: center;\">\n<div id=\"content\" class=\"content-alignment\">\n<div id=\"watch-description\" class=\"yt-uix-button-panel\">\n<div id=\"watch-description-text\" style=\"text-align: center;\">\n<p><iframe loading=\"lazy\" class=\"video-processed\" src=\"https:\/\/player.vimeo.com\/video\/59733708\" width=\"680\" height=\"400\" frameborder=\"0\" data-mce-fragment=\"1\"><\/iframe><\/p>\n<\/div>\n<\/div>\n<\/div>\n<p style=\"text-align: left;\"><span style=\"color: #000080;\">Na czo\u0142o, poza typow\u0105 dla katastrofist\u00f3w sceneri\u0105 kosmiczn\u0105, wysuwa si\u0119 kontrast mi\u0119dzy sielankowym obrazem dzieci\u0144stwa &#8211; utracon\u0105 arkadi\u0105 spokoju i pi\u0119kna, a katastrof\u0105, kt\u00f3ra obr\u00f3ci\u0142a ten \u015bwiat w niwecz. W przeciwie\u0144stwie jednak do tw\u00f3rc\u00f3w kt\u00f3rzy go inspirowali, by\u0142 poet\u0105 Apokalipsy spe\u0142nionej.<\/span><\/p>\n<figure class=\"caption\">\n<div class=\"image-space field ll-loaded\"><img decoding=\"async\" class=\"aligncenter\" src=\"https:\/\/api.culture.pl\/sites\/default\/files\/images\/imported\/inne\/POWSTANIE_ARTYSCI\/kamil_baczynski_portret_forum.jpg\" alt=\"Krzysztof Kamil Baczy\u0144ski z psem Fredem, ok. 1931-1932, fot. Aleksander Jalosinski \/ Forum\" width=\"100%\" data-src=\"https:\/\/api.culture.pl\/sites\/default\/files\/images\/imported\/inne\/POWSTANIE_ARTYSCI\/kamil_baczynski_portret_forum.jpg\" data-vue-img-src=\"https:\/\/api.culture.pl\/sites\/default\/files\/images\/imported\/inne\/POWSTANIE_ARTYSCI\/kamil_baczynski_portret_forum.jpg\" data-vue-img-group=\"paragraphs\"><\/div><figcaption><span style=\"color: #808080;\"><em>Krzysztof Kamil Baczy\u0144ski z psem Fredem, ok. 1931-1932,fot. Aleksander Ja\u0142osi\u0144ski \/ Forum<\/em><\/span><\/figcaption><\/figure>\n<p style=\"text-align: left;\"><span style=\"color: #000080;\">Na jesieni 1941 w tw\u00f3rczo\u015bci Baczy\u0144skiego daje si\u0119 zauwa\u017cy\u0107 przemian\u0119 &#8211; poeta doznaje &#8220;pora\u017cenia okupacyjnego&#8221; &#8211; w jego wierszach nast\u0119puje zwrot do tradycji romantycznej (zw\u0142aszcza&nbsp;<a style=\"color: #000080;\" href=\"https:\/\/culture.pl\/pl\/node\/8965\">S\u0142owackiego<\/a>&nbsp;i&nbsp;<a style=\"color: #000080;\" href=\"https:\/\/culture.pl\/pl\/node\/\">Norwida<\/a>), zaznacza si\u0119 w niej konflikt dw\u00f3ch tendencji artystycznych &#8211; liryki &#8220;czystej&#8221;, daj\u0105cej pierwsze\u0144stwo swobodnej grze wyobra\u017ani oraz liryki zaanga\u017cowanej, zajmuj\u0105cej aktywn\u0105 postaw\u0119 wobec bie\u017c\u0105cych wydarze\u0144. Druga z tych tendencji zyskuje przewag\u0119, wysuwa na czo\u0142o rol\u0119 poety jako natchnionego wieszcza i budziciela sumie\u0144. Wymowa jego wierszy pozostaje jednak wieloznaczna i p\u0142ynna, jej j\u0119zyk jest silnie zmetaforyzowany, wyst\u0119puj\u0105 w niej liczne symbole, s\u0142owa &#8211; klucze, zaskakuj\u0105ce po\u0142\u0105czenia motyw\u00f3w (z najistotniejszym motywem wody), stale przeplataj\u0105 si\u0119 dwa style &#8211; intelektualno-dyskursywny i wizjonersko-symboliczny (wykorzystuj\u0105cy takie elementy, jak ba\u015b\u0144, legenda, mit, sen).<\/span><\/p>\n<\/div>\n<div class=\"related-node article\">\n<div class=\"related-node-content\">\n<div class=\"summary\">\n<p style=\"text-align: left;\"><span style=\"color: #000080;\">Inter arma silent Musae. Po\u015br\u00f3d or\u0119\u017ca muzy milcz\u0105, uwa\u017cali staro\u017cytni Rzymianie. Nie do ko\u0144ca. W powstaniu warszawskim arty\u015bci stawili si\u0119 t\u0142umnie do walki, nie tylko z broni\u0105 w r\u0119ku.<\/span><\/p>\n<\/div>\n<\/div>\n<\/div>\n<\/div>\n<\/div>\n<div class=\"paragraph paragraph-gallery-embedded\">\n<div class=\"container\">\n<div class=\"content\">\n<div class=\"header\">\n<div class=\"gallery-counter\">\n<h5 class=\"title title-popup\" style=\"text-align: center;\"><span style=\"color: #000000;\"><a class=\"gallery-1c9046b6-c101-46e0-8cff-bb624be5e33a gallery-popup-open\" style=\"color: #000000;\" href=\"https:\/\/culture.pl\/pl\/galeria\/w-zalu-najczystszym-krzysztof-kamil-baczynski-galeria\">&#8220;W \u017calu najczystszym&#8221; Krzysztof Kamil Baczy\u0144ski [galeria]<\/a><\/span><\/h5>\n<\/div>\n<\/div>\n<div class=\"slick-wrapper\">\n<div class=\"slick-initialized slick-slider\">\n<div class=\"slick-list draggable\">\n<div class=\"slick-track\">\n<div id=\"\" class=\"slick-slide slick-cloned\" tabindex=\"-1\" data-slick-index=\"-1\" aria-hidden=\"true\">\n<div class=\"image\"><img decoding=\"async\" class=\"aligncenter\" title=\"Strona z tomiku Krzysztofa Kamila Baczy\u0144skiego  &quot;W \u017calu najczystszym&quot; fot. CBN Polona\" src=\"https:\/\/api.culture.pl\/sites\/default\/files\/styles\/auto_400\/public\/images\/culture.pl\/w_zalu_najczystszym_6.jpg?itok=_mEWmUqn\" alt=\"Strona z tomiku Krzysztofa Kamila Baczy\u0144skiego  &quot;W \u017calu najczystszym&quot; fot. CBN Polona\"><\/div>\n<div>.<\/div>\n<\/div>\n<div class=\"slick-slide slick-current slick-active\" data-slick-index=\"0\" aria-hidden=\"false\">\n<div class=\"image\"><img decoding=\"async\" class=\"aligncenter\" title=\"Strona tytu\u0142owa tomiku Krzysztofa Kamila Baczy\u0144skiego  &quot;W \u017calu najczystszym&quot; fot. CBN Polona\" src=\"https:\/\/api.culture.pl\/sites\/default\/files\/styles\/auto_400\/public\/images\/culture.pl\/w_zalu_najczystszym_1.jpg?itok=4nKWKd0Y\" alt=\"Strona tytu\u0142owa tomiku Krzysztofa Kamila Baczy\u0144skiego  &quot;W \u017calu najczystszym&quot; fot. CBN Polona\">.<\/div>\n<\/div>\n<div class=\"slick-slide\" tabindex=\"-1\" data-slick-index=\"1\" aria-hidden=\"true\">\n<div class=\"image\"><img decoding=\"async\" class=\"aligncenter\" title=\"Strona z tomiku Krzysztofa Kamila Baczy\u0144skiego  &quot;W \u017calu najczystszym&quot; fot. CBN Polona\" src=\"https:\/\/api.culture.pl\/sites\/default\/files\/styles\/auto_400\/public\/images\/culture.pl\/w_zalu_najczystszym_2.jpg?itok=27rJxFKp\" alt=\"Strona z tomiku Krzysztofa Kamila Baczy\u0144skiego  &quot;W \u017calu najczystszym&quot; fot. CBN Polona\">.<\/div>\n<\/div>\n<div class=\"slick-slide\" tabindex=\"-1\" data-slick-index=\"2\" aria-hidden=\"true\">\n<div class=\"image\"><img decoding=\"async\" class=\"aligncenter\" title=\"Strona z tomiku Krzysztofa Kamila Baczy\u0144skiego  &quot;W \u017calu najczystszym&quot; fot. CBN Polona\" src=\"https:\/\/api.culture.pl\/sites\/default\/files\/styles\/auto_400\/public\/images\/culture.pl\/w_zalu_najczystszym_3.jpg?itok=GZ_mzzNL\" alt=\"Strona z tomiku Krzysztofa Kamila Baczy\u0144skiego  &quot;W \u017calu najczystszym&quot; fot. CBN Polona\"><\/div>\n<div>.<\/div>\n<\/div>\n<div class=\"slick-slide\" tabindex=\"-1\" data-slick-index=\"3\" aria-hidden=\"true\">\n<div class=\"image\"><img decoding=\"async\" class=\"aligncenter\" title=\"Strona z tomiku Krzysztofa Kamila Baczy\u0144skiego  &quot;W \u017calu najczystszym&quot; fot. CBN Polona\" src=\"https:\/\/api.culture.pl\/sites\/default\/files\/styles\/auto_400\/public\/images\/culture.pl\/w_zalu_najczystszym_5.jpg?itok=Q-tcTAuu\" alt=\"Strona z tomiku Krzysztofa Kamila Baczy\u0144skiego  &quot;W \u017calu najczystszym&quot; fot. CBN Polona\"><\/div>\n<div>.<\/div>\n<\/div>\n<div class=\"slick-slide\" tabindex=\"-1\" data-slick-index=\"4\" aria-hidden=\"true\">\n<div class=\"image\"><img decoding=\"async\" class=\"aligncenter\" title=\"Strona z tomiku Krzysztofa Kamila Baczy\u0144skiego  &quot;W \u017calu najczystszym&quot; fot. CBN Polona\" src=\"https:\/\/api.culture.pl\/sites\/default\/files\/styles\/auto_400\/public\/images\/culture.pl\/w_zalu_najczystszym_7.jpg?itok=hgDr54zl\" alt=\"Strona z tomiku Krzysztofa Kamila Baczy\u0144skiego  &quot;W \u017calu najczystszym&quot; fot. CBN Polona\"><\/div>\n<div>.<\/div>\n<\/div>\n<div class=\"slick-slide\" tabindex=\"-1\" data-slick-index=\"5\" aria-hidden=\"true\">\n<div class=\"image\"><img decoding=\"async\" class=\"aligncenter\" title=\"Strona z tomiku Krzysztofa Kamila Baczy\u0144skiego  &quot;W \u017calu najczystszym&quot; fot. CBN Polona\" src=\"https:\/\/api.culture.pl\/sites\/default\/files\/styles\/auto_400\/public\/images\/culture.pl\/w_zalu_najczystszym_8.jpg?itok=v6jLJ9Mp\" alt=\"Strona z tomiku Krzysztofa Kamila Baczy\u0144skiego  &quot;W \u017calu najczystszym&quot; fot. CBN Polona\"><\/div>\n<div>.<\/div>\n<\/div>\n<div class=\"slick-slide\" tabindex=\"-1\" data-slick-index=\"6\" aria-hidden=\"true\">\n<div class=\"image\"><img decoding=\"async\" class=\"aligncenter\" title=\"Strona z tomiku Krzysztofa Kamila Baczy\u0144skiego  &quot;W \u017calu najczystszym&quot; fot. CBN Polona\" src=\"https:\/\/api.culture.pl\/sites\/default\/files\/styles\/auto_400\/public\/images\/culture.pl\/w_zalu_najczystszym_10.jpg?itok=39KyEjEK\" alt=\"Strona z tomiku Krzysztofa Kamila Baczy\u0144skiego  &quot;W \u017calu najczystszym&quot; fot. CBN Polona\">.<\/div>\n<\/div>\n<div class=\"slick-slide\" tabindex=\"-1\" data-slick-index=\"7\" aria-hidden=\"true\">\n<div class=\"image\"><img decoding=\"async\" class=\"aligncenter\" title=\"Strona z tomiku Krzysztofa Kamila Baczy\u0144skiego  &quot;W \u017calu najczystszym&quot; fot. CBN Polona\" src=\"https:\/\/api.culture.pl\/sites\/default\/files\/styles\/auto_400\/public\/images\/culture.pl\/w_zalu_najczystszym_6.jpg?itok=_mEWmUqn\" alt=\"Strona z tomiku Krzysztofa Kamila Baczy\u0144skiego  &quot;W \u017calu najczystszym&quot; fot. CBN Polona\"><\/div>\n<div class=\"image\">.<\/div>\n<\/div>\n<div id=\"\" class=\"slick-slide slick-cloned\" tabindex=\"-1\" data-slick-index=\"8\" aria-hidden=\"true\">\n<div class=\"image\"><img decoding=\"async\" class=\"aligncenter\" title=\"Strona tytu\u0142owa tomiku Krzysztofa Kamila Baczy\u0144skiego  &quot;W \u017calu najczystszym&quot; fot. CBN Polona\" src=\"https:\/\/api.culture.pl\/sites\/default\/files\/styles\/auto_400\/public\/images\/culture.pl\/w_zalu_najczystszym_1.jpg?itok=4nKWKd0Y\" alt=\"Strona tytu\u0142owa tomiku Krzysztofa Kamila Baczy\u0144skiego  &quot;W \u017calu najczystszym&quot; fot. CBN Polona\"><\/div>\n<div>.<\/div>\n<\/div>\n<div id=\"\" class=\"slick-slide slick-cloned\" tabindex=\"-1\" data-slick-index=\"9\" aria-hidden=\"true\">\n<div class=\"image\"><img decoding=\"async\" class=\"aligncenter\" title=\"Strona z tomiku Krzysztofa Kamila Baczy\u0144skiego  &quot;W \u017calu najczystszym&quot; fot. CBN Polona\" src=\"https:\/\/api.culture.pl\/sites\/default\/files\/styles\/auto_400\/public\/images\/culture.pl\/w_zalu_najczystszym_2.jpg?itok=27rJxFKp\" alt=\"Strona z tomiku Krzysztofa Kamila Baczy\u0144skiego  &quot;W \u017calu najczystszym&quot; fot. CBN Polona\"><\/div>\n<div>.<\/div>\n<\/div>\n<div id=\"\" class=\"slick-slide slick-cloned\" tabindex=\"-1\" data-slick-index=\"10\" aria-hidden=\"true\">\n<div class=\"image\"><img decoding=\"async\" class=\"aligncenter\" title=\"Strona z tomiku Krzysztofa Kamila Baczy\u0144skiego  &quot;W \u017calu najczystszym&quot; fot. CBN Polona\" src=\"https:\/\/api.culture.pl\/sites\/default\/files\/styles\/auto_400\/public\/images\/culture.pl\/w_zalu_najczystszym_3.jpg?itok=GZ_mzzNL\" alt=\"Strona z tomiku Krzysztofa Kamila Baczy\u0144skiego  &quot;W \u017calu najczystszym&quot; fot. CBN Polona\"><\/div>\n<div>.<\/div>\n<\/div>\n<div id=\"\" class=\"slick-slide slick-cloned\" tabindex=\"-1\" data-slick-index=\"11\" aria-hidden=\"true\">\n<div class=\"image\"><img decoding=\"async\" class=\"aligncenter\" title=\"Strona z tomiku Krzysztofa Kamila Baczy\u0144skiego  &quot;W \u017calu najczystszym&quot; fot. CBN Polona\" src=\"https:\/\/api.culture.pl\/sites\/default\/files\/styles\/auto_400\/public\/images\/culture.pl\/w_zalu_najczystszym_5.jpg?itok=Q-tcTAuu\" alt=\"Strona z tomiku Krzysztofa Kamila Baczy\u0144skiego  &quot;W \u017calu najczystszym&quot; fot. CBN Polona\"><\/div>\n<div>.<\/div>\n<\/div>\n<div id=\"\" class=\"slick-slide slick-cloned\" tabindex=\"-1\" data-slick-index=\"12\" aria-hidden=\"true\">\n<div class=\"image\"><img decoding=\"async\" class=\"aligncenter\" title=\"Strona z tomiku Krzysztofa Kamila Baczy\u0144skiego  &quot;W \u017calu najczystszym&quot; fot. CBN Polona\" src=\"https:\/\/api.culture.pl\/sites\/default\/files\/styles\/auto_400\/public\/images\/culture.pl\/w_zalu_najczystszym_7.jpg?itok=hgDr54zl\" alt=\"Strona z tomiku Krzysztofa Kamila Baczy\u0144skiego  &quot;W \u017calu najczystszym&quot; fot. CBN Polona\"><\/div>\n<div>.<\/div>\n<\/div>\n<div id=\"\" class=\"slick-slide slick-cloned\" tabindex=\"-1\" data-slick-index=\"13\" aria-hidden=\"true\">\n<div class=\"image\"><img decoding=\"async\" class=\"aligncenter\" title=\"Strona z tomiku Krzysztofa Kamila Baczy\u0144skiego  &quot;W \u017calu najczystszym&quot; fot. CBN Polona\" src=\"https:\/\/api.culture.pl\/sites\/default\/files\/styles\/auto_400\/public\/images\/culture.pl\/w_zalu_najczystszym_8.jpg?itok=v6jLJ9Mp\" alt=\"Strona z tomiku Krzysztofa Kamila Baczy\u0144skiego  &quot;W \u017calu najczystszym&quot; fot. CBN Polona\"><\/div>\n<div>.<\/div>\n<\/div>\n<div id=\"\" class=\"slick-slide slick-cloned\" tabindex=\"-1\" data-slick-index=\"14\" aria-hidden=\"true\">\n<div class=\"image\"><img decoding=\"async\" class=\"aligncenter\" title=\"Strona z tomiku Krzysztofa Kamila Baczy\u0144skiego  &quot;W \u017calu najczystszym&quot; fot. CBN Polona\" src=\"https:\/\/api.culture.pl\/sites\/default\/files\/styles\/auto_400\/public\/images\/culture.pl\/w_zalu_najczystszym_10.jpg?itok=39KyEjEK\" alt=\"Strona z tomiku Krzysztofa Kamila Baczy\u0144skiego  &quot;W \u017calu najczystszym&quot; fot. CBN Polona\"><\/div>\n<div>.<\/div>\n<\/div>\n<div id=\"\" class=\"slick-slide slick-cloned\" tabindex=\"-1\" data-slick-index=\"15\" aria-hidden=\"true\">\n<div class=\"image\"><img decoding=\"async\" class=\"aligncenter\" title=\"Strona z tomiku Krzysztofa Kamila Baczy\u0144skiego  &quot;W \u017calu najczystszym&quot; fot. CBN Polona\" src=\"https:\/\/api.culture.pl\/sites\/default\/files\/styles\/auto_400\/public\/images\/culture.pl\/w_zalu_najczystszym_6.jpg?itok=_mEWmUqn\" alt=\"Strona z tomiku Krzysztofa Kamila Baczy\u0144skiego  &quot;W \u017calu najczystszym&quot; fot. CBN Polona\"><\/div>\n<\/div>\n<\/div>\n<\/div>\n<\/div>\n<\/div>\n<\/div>\n<\/div>\n<div class=\"resize-sensor\" dir=\"ltr\">\n<div class=\"resize-sensor-expand\">\n<div><\/div>\n<\/div>\n<\/div>\n<\/div>\n<div class=\"paragraph paragraph-text-formatted\">\n<div class=\"container\">\n<div class=\"content\">\n<p style=\"text-align: left;\"><span style=\"color: #000080;\">Wa\u017cnym elementem tw\u00f3rczo\u015bci Baczy\u0144skiego s\u0105 erotyki po\u015bwi\u0119cone \u017conie, Barbarze Drapczy\u0144skiej &#8211; wykraczaj\u0105ce poza dotychczasowe konwencje liryki mi\u0142osnej, ukazuj\u0105ce portret kobiety w znacznym odrealnieniu, staj\u0105cej si\u0119 cz\u0119\u015bci\u0105 natury, jakby w niej roztopionej. Po wst\u0105pieniu w 1943 do Harcerskich Grup Szturmowych nasila si\u0119 w jego poezji tematyka walki, etosu \u017co\u0142nierskiego, rozwa\u017cania o wyborze, kt\u00f3rego trzeba dokona\u0107, aby w\u0142\u0105czy\u0107 si\u0119 do dzia\u0142alno\u015bci zbrojnej &#8211; najdoskonalszym przyk\u0142adem wykorzystania tej tematyki jest poemat Wyb\u00f3r, parabola los\u00f3w i motyw\u00f3w, z jakimi zmaga\u0142a si\u0119 m\u0142odzie\u017c AK-owska.<\/span><\/p>\n<\/div>\n<div class=\"related-node article\">\n<div class=\"related-node-content\">\n<div class=\"summary\">\n<p style=\"text-align: left;\"><span style=\"color: #000080;\">Okre\u015bli\u0142o j\u0105 pi\u0119\u0107 zasadniczych nurt\u00f3w: parnasizm, ekspresjonizm, symbolizm, futuryzm i awangarda.<\/span><\/p>\n<\/div>\n<\/div>\n<\/div>\n<\/div>\n<\/div>\n<div class=\"paragraph paragraph-text-formatted\">\n<div class=\"container\">\n<div class=\"content\" style=\"text-align: center;\">\n<figure class=\"caption caption-drupal-entity align-left\" role=\"group\">\n<div class=\"embedded-entity\" data-embed-button=\"media_entity_image\" data-entity-embed-display=\"entity_reference:media_image\" data-entity-embed-display-settings=\"embed_image_360\" data-entity-type=\"media\" data-entity-uuid=\"3e879f37-e44a-4005-8510-60e4f9bf6d26\" data-langcode=\"\">\n<div class=\"image-space field ll-loaded\"><img decoding=\"async\" loading=\"lazy\" class=\"image-style-embed-image-360 aligncenter\" src=\"https:\/\/api.culture.pl\/sites\/default\/files\/styles\/embed_image_360\/public\/2021-01\/krzysztof_kamil_baczynski-reprodukcja-pap_20080422_8dk-s.jpg?itok=l2FuwX0t\" width=\"360\" height=\"528\" data-src=\"https:\/\/api.culture.pl\/sites\/default\/files\/styles\/embed_image_360\/public\/2021-01\/krzysztof_kamil_baczynski-reprodukcja-pap_20080422_8dk-s.jpg?itok=l2FuwX0t\" data-vue-img-src=\"https:\/\/api.culture.pl\/sites\/default\/files\/styles\/embed_image_360\/public\/2021-01\/krzysztof_kamil_baczynski-reprodukcja-pap_20080422_8dk-s.jpg?itok=l2FuwX0t\" data-vue-img-group=\"paragraphs\"><\/div>\n<\/div><figcaption><span style=\"color: #808080;\"><em>Krzysztof Kamil Baczy\u0144ski, rep. PAP<\/em><\/span><\/figcaption><\/figure>\n<p style=\"text-align: left;\"><span style=\"color: #000080;\">Baczy\u0144ski ju\u017c za \u017cycia cieszy\u0142 si\u0119 sporym uznaniem, zw\u0142aszcza starszych tw\u00f3rc\u00f3w (<a style=\"color: #000080;\" href=\"https:\/\/culture.pl\/pl\/node\/1767\">Andrzejewskiego<\/a>&nbsp;czy&nbsp;<a style=\"color: #000080;\" href=\"https:\/\/culture.pl\/pl\/node\/9350\">Iwaszkiewicza<\/a>), niezbyt przychylnie natomiast odnosili si\u0119 do jego tw\u00f3rczo\u015bci r\u00f3wie\u015bnicy skupieni wok\u00f3\u0142 prawicowego pisma &#8220;Sztuka i Nar\u00f3d&#8221;. Powojenna recepcja jego poezji nierozerwalnie zwi\u0105za\u0142a si\u0119 z legend\u0105 biograficzn\u0105, wed\u0142ug kt\u00f3rej Baczy\u0144ski by\u0142 modelowym reprezentantem pokolenia Kolumb\u00f3w. Pomimo nielicznych g\u0142os\u00f3w krytycznych jego poezja cieszy si\u0119 popularno\u015bci\u0105 w\u015br\u00f3d czytelnik\u00f3w i powa\u017caniem badaczy literatury, a sam Baczy\u0144ski uwa\u017cany jest za najwybitniejszego tw\u00f3rc\u0119 pokolenia wojennego.<\/span><\/p>\n<hr>\n<h5 style=\"text-align: left;\"><span style=\"color: #808080;\"><strong>Wydania wierszy z lat 1940-1944:<\/strong><\/span><\/h5>\n<ul>\n<li style=\"text-align: left;\"><span style=\"color: #808080;\">&#8220;Zamkni\u0119tym echem&#8221;, Warszawa 1940 &#8211; 7 egzemplarzy<\/span><\/li>\n<li style=\"text-align: left;\"><span style=\"color: #808080;\">&#8220;Dwie mi\u0142o\u015bci&#8221;, Warszawa 1940 &#8211; 7 egzemplarzy<\/span><\/li>\n<li style=\"text-align: left;\"><span style=\"color: #808080;\">&#8220;Modlitwa&#8221;, Warszawa 1942 &#8211; 3 egzemplarze<\/span><\/li>\n<li style=\"text-align: left;\"><span style=\"color: #808080;\">&#8220;Wiersze wybrane&#8221;, Warszawa 1942 (pseudonim: Jan Bugaj)<\/span><\/li>\n<li style=\"text-align: left;\"><span style=\"color: #808080;\">&#8220;Arkusz poetycki Nr.1&#8221;, Warszawa 1944 (pseudonim: Jan Bugaj)<\/span><\/li>\n<li style=\"text-align: left;\"><span style=\"color: #808080;\">&#8220;\u015apiew z po\u017cogi&#8221;, Warszawa 1944 (pseudonim: podp. Piotr Smugosz)<\/span><\/li>\n<\/ul>\n<h5 style=\"text-align: left;\"><span style=\"color: #808080;\"><strong>Niekt\u00f3re powojenne wybory wierszy:<\/strong><\/span><\/h5>\n<ul>\n<li style=\"text-align: left;\"><span style=\"color: #808080;\">&#8220;\u015apiew z po\u017cogi&#8221;, Warszawa, Wiedza 1947<\/span><\/li>\n<li style=\"text-align: left;\"><span style=\"color: #808080;\">&#8220;Utwory zebrane&#8221;, opracowanie: A. Kmita-Piorunowa i K. Wyka, wst\u0119p: K. Wyka; Krak\u00f3w, Wydawnictwo Literackie 1961<\/span><\/li>\n<li style=\"text-align: left;\"><span style=\"color: #808080;\">&#8220;Utwory wybrane&#8221;, wyb\u00f3r i wst\u0119p: K. Wyka; Krak\u00f3w, Wydawnictwo Literackie 1964<\/span><\/li>\n<li style=\"text-align: left;\"><span style=\"color: #808080;\">&#8220;Wyb\u00f3r poezji&#8221;, opracowanie i wst\u0119p: J. \u015awi\u0119ch; Wroc\u0142aw, Ossolineum 1989 BN I 265<\/span><\/li>\n<\/ul>\n<p style=\"text-align: left;\"><span style=\"color: #808080;\">Autor: Bart\u0142omiej Szleszy\u0144ski, Wydzia\u0142 Polonistyki Uniwersytetu Warszawskiego, lipiec 2003.<\/span><\/p>\n<\/div>\n<\/div>\n<\/div>\n<div class=\"vertical-line\">\n<div class=\"container\">\n<div class=\"line\">\n<hr>\n<\/div>\n<\/div>\n<\/div>\n<div class=\"artist-bottom\">\n<div class=\"related-works\">\n<div class=\"container\">\n<div class=\"header\">\n<h4 style=\"text-align: center;\"><span style=\"color: #808080;\">Dzie\u0142a<\/span><\/h4>\n<\/div>\n<div class=\"content\">\n<div class=\"works\">\n<div class=\"work\">\n<div class=\"image-space ll-loaded\"><img decoding=\"async\" class=\"aligncenter\" title=\"&quot;Baczy\u0144ski&quot;, re\u017c. Kordian Piwowarski\" src=\"https:\/\/api.culture.pl\/sites\/default\/files\/styles\/160_220\/public\/images\/imported\/film\/filmy%20kadry%20i%20dvd\/baczynski%20%20%20kordian%20piwowarski\/fotobaczynski_mateusz_kosciukiewicz_%2010%20_6821506.jpg?itok=IkG0HqTz\" alt=\"&quot;Baczy\u0144ski&quot;, re\u017c. Kordian Piwowarski\" data-src=\"https:\/\/api.culture.pl\/sites\/default\/files\/styles\/160_220\/public\/images\/imported\/film\/filmy%20kadry%20i%20dvd\/baczynski%20%20%20kordian%20piwowarski\/fotobaczynski_mateusz_kosciukiewicz_%2010%20_6821506.jpg?itok=IkG0HqTz\"><\/div>\n<h5 class=\"title\" style=\"text-align: center;\"><em><a class=\"work-title-link\" href=\"https:\/\/culture.pl\/pl\/dzielo\/baczynski-rez-kordian-piwowarski\">&#8220;Baczy\u0144ski&#8221;, re\u017c. Kordian Piwowarski<\/a><\/em><\/h5>\n<div class=\"date\">2013-03-15<\/div>\n<\/div>\n<div class=\"work\">\n<div class=\"image-space ll-loaded\"><img decoding=\"async\" class=\"aligncenter\" title=\"Krzysztof Kamil Baczy\u0144ski, &quot;W \u017calu najczystszym&quot;\" src=\"https:\/\/api.culture.pl\/sites\/default\/files\/styles\/160_220\/public\/images\/culture.pl\/w_zalu_najczystszym_10.jpg?itok=rmTY65sV\" alt=\"Krzysztof Kamil Baczy\u0144ski, &quot;W \u017calu najczystszym&quot;\" data-src=\"https:\/\/api.culture.pl\/sites\/default\/files\/styles\/160_220\/public\/images\/culture.pl\/w_zalu_najczystszym_10.jpg?itok=rmTY65sV\"><\/div>\n<h5 class=\"title\" style=\"text-align: center;\"><em><a class=\"work-title-link\" href=\"https:\/\/culture.pl\/pl\/dzielo\/krzysztof-kamil-baczynski-w-zalu-najczystszym\">Krzysztof Kamil Baczy\u0144ski, &#8220;W \u017calu najczystszym&#8221;<\/a><\/em><\/h5>\n<\/div>\n<\/div>\n<\/div>\n<\/div>\n<\/div>\n<\/div>\n<hr style=\"height: 15px; background: #d0e6fa; width: 100%;\">\n<div id=\"content\" class=\"content-alignment\">\n<div id=\"watch-description\" class=\"yt-uix-button-panel\">\n<div id=\"watch-description-text\" style=\"text-align: center;\">\n<p><em>Zawarto\u015b\u0107 publikowanych artyku\u0142\u00f3w i materia\u0142\u00f3w nie reprezentuje pogl\u0105d\u00f3w ani opinii Reunion&#8217;68,<\/em><em><br \/>\nani te\u017c webmastera Blogu Reunion&#8217;68, chyba ze jest to wyra\u017anie zaznaczone.<br \/>\nTwoje uwagi, linki, w\u0142asne artyku\u0142y lub wiadomo\u015bci prze\u015blij na adres:<br \/>\n<\/em><span style=\"color: #000080;\"><strong><em><a style=\"color: #000080;\" href=\"mailto:webmaster@reunion68.com\"><span style=\"text-decoration: underline;\">webmaster@reunion68.com<\/span><\/a><\/em><\/strong><\/span><\/p>\n<\/div>\n<\/div>\n<\/div>\n<hr style=\"width: 100%;\">\n<\/div>\n","protected":false},"excerpt":{"rendered":"<p>Krzysztof Kamil Baczy\u0144ski, rep. Andrzej Szypowski \/ East News Krzysztof Kamil Baczy\u0144ski [22.01.1921\u20144.08.1944] Culture.pl Poeta. Urodzi\u0142 si\u0119 22 stycznia 1921 w Warszawie, zgin\u0105\u0142 4 sierpnia 1944 w Powstaniu Warszawskim. Od 1933 ucz\u0119szcza\u0142 do Pa\u0144stwowego Gimnazjum im. Stefana Batorego, gdzie w 1939 uzyska\u0142 \u015bwiadectwo dojrza\u0142o\u015bci. Nale\u017ca\u0142 do p\u00f3\u0142legalnej Organizacji M\u0142odzie\u017cy Socjalistycznej &#8220;Spartakus&#8221; (od 1937 w komitecie [&hellip;]<\/p>\n","protected":false},"author":1,"featured_media":0,"comment_status":"closed","ping_status":"closed","sticky":false,"template":"","format":"standard","meta":[],"categories":[6],"tags":[26,24],"_links":{"self":[{"href":"https:\/\/www.reunion68.se\/index.php?rest_route=\/wp\/v2\/posts\/97452"}],"collection":[{"href":"https:\/\/www.reunion68.se\/index.php?rest_route=\/wp\/v2\/posts"}],"about":[{"href":"https:\/\/www.reunion68.se\/index.php?rest_route=\/wp\/v2\/types\/post"}],"author":[{"embeddable":true,"href":"https:\/\/www.reunion68.se\/index.php?rest_route=\/wp\/v2\/users\/1"}],"replies":[{"embeddable":true,"href":"https:\/\/www.reunion68.se\/index.php?rest_route=%2Fwp%2Fv2%2Fcomments&post=97452"}],"version-history":[{"count":16,"href":"https:\/\/www.reunion68.se\/index.php?rest_route=\/wp\/v2\/posts\/97452\/revisions"}],"predecessor-version":[{"id":97485,"href":"https:\/\/www.reunion68.se\/index.php?rest_route=\/wp\/v2\/posts\/97452\/revisions\/97485"}],"wp:attachment":[{"href":"https:\/\/www.reunion68.se\/index.php?rest_route=%2Fwp%2Fv2%2Fmedia&parent=97452"}],"wp:term":[{"taxonomy":"category","embeddable":true,"href":"https:\/\/www.reunion68.se\/index.php?rest_route=%2Fwp%2Fv2%2Fcategories&post=97452"},{"taxonomy":"post_tag","embeddable":true,"href":"https:\/\/www.reunion68.se\/index.php?rest_route=%2Fwp%2Fv2%2Ftags&post=97452"}],"curies":[{"name":"wp","href":"https:\/\/api.w.org\/{rel}","templated":true}]}}