{"id":97456,"date":"2022-08-11T17:09:02","date_gmt":"2022-08-11T15:09:02","guid":{"rendered":"http:\/\/www.reunion68.se\/?p=97456"},"modified":"2022-08-11T07:17:18","modified_gmt":"2022-08-11T05:17:18","slug":"19-05-77","status":"publish","type":"post","link":"https:\/\/www.reunion68.se\/?p=97456","title":{"rendered":"Ciemna mi\u0142o\u015b\u0107. Krzysztof Kamil Baczy\u0144ski"},"content":{"rendered":"<p><img decoding=\"async\" src=\"https:\/\/www.jhi.pl\/storage\/image\/core_files\/2020\/11\/13\/1fd30a59879626831c9195c333ca4d5d\/jpeg\/jhi\/header\/gottlieb_ber_1_SM.webp\" width=\"100%\"><\/p>\n<hr>\n<h5 style=\"text-align: center;\"><a href=\"https:\/\/www.jhi.pl\/\" target=\"_blank\" rel=\"noopener noreferrer\"><img decoding=\"async\" class=\"center alignleft\" src=\"http:\/\/www.reunion68.com\/Biuletyn\/img\/zih-1.png\" alt=\"\" width=\"35%\"><\/a><span style=\"text-decoration: underline; color: #000080;\"><span style=\"text-decoration: underline;\"><strong><a style=\"color: #000080; text-decoration: underline;\" href=\"https:\/\/www.jhi.pl\/artykuly\/100-rocznica-urodzin-krzysztofa-kamila-baczynskiego,2264\" target=\"_blank\" rel=\"noopener noreferrer\">Ciemna mi\u0142o\u015b\u0107. Krzysztof Kamil Baczy\u0144ski<\/a><\/strong><\/span><\/span><\/h5>\n<p style=\"text-align: center;\"><span style=\"color: #000000;\"><strong>Przemys\u0142aw Batorski<\/strong><\/span><\/p>\n<hr style=\"height: 15px; background: #d0e6fa; width: 100%;\">\n<h4 class=\"description-box\" style=\"text-align: center;\"><span style=\"color: #808080;\"><strong>Krzysztof Kamil Baczy\u0144ski to jeden z najwybitniejszych polskich poet\u00f3w okresu wojny. Ma\u0142o m\u00f3wi si\u0119 o jego \u017cydowskich korzeniach \u2013 i o tym, \u017ce by\u0142 r\u00f3wnie\u017c \u015bwiadkiem Zag\u0142ady polskich \u017byd\u00f3w<\/strong><\/span>.<\/h4>\n<div>.<\/div>\n<div><\/div>\n<div class=\"news-details__top-thumb\"><picture class=\"image no-zoom\"><source srcset=\"https:\/\/www.jhi.pl\/storage\/image\/core_files\/2021\/1\/21\/ec3f370a6f35a362cbeb7a6240091891\/png\/jhi\/normal_big\/bacz_4a1_c_kontrast_3.png\" media=\"(max-width: 600px)\"><source srcset=\"https:\/\/www.jhi.pl\/storage\/image\/core_files\/2021\/1\/21\/ec3f370a6f35a362cbeb7a6240091891\/png\/jhi\/normal_big\/bacz_4a1_c_kontrast_3.webp\" type=\"image\/webp\" media=\"(max-width: 600px)\"><source srcset=\"https:\/\/www.jhi.pl\/storage\/image\/core_files\/2021\/1\/21\/ec3f370a6f35a362cbeb7a6240091891\/png\/jhi\/normal_big\/bacz_4a1_c_kontrast_3.png\" media=\"(max-width: 1024px)\"><source srcset=\"https:\/\/www.jhi.pl\/storage\/image\/core_files\/2021\/1\/21\/ec3f370a6f35a362cbeb7a6240091891\/png\/jhi\/normal_big\/bacz_4a1_c_kontrast_3.webp\" type=\"image\/webp\" media=\"(max-width: 1024px)\"><source srcset=\"https:\/\/www.jhi.pl\/storage\/image\/core_files\/2021\/1\/21\/ec3f370a6f35a362cbeb7a6240091891\/png\/jhi\/normal_big\/bacz_4a1_c_kontrast_3.webp\" type=\"image\/webp\"><img decoding=\"async\" class=\"aligncenter\" src=\"https:\/\/www.jhi.pl\/storage\/image\/core_files\/2021\/1\/21\/ec3f370a6f35a362cbeb7a6240091891\/png\/jhi\/normal_big\/bacz_4a1_c_kontrast_3.png\" alt=\"bacz_4a1_c_kontrast_3.png\" width=\"100%\" data-title=\"\"><\/picture><\/div>\n<div class=\"news_content\">\n<div class=\"content-view clearfix\">\n<p style=\"text-align: left;\"><span style=\"color: #000080;\">.<br \/>\n\u201eDrogi Kazimierzu (\u2026) poznali\u015bmy w tych dniach z Czes\u0142awem [Mi\u0142oszem] ch\u0142opca, kt\u00f3ry maj\u0105c lat zaledwie dwadzie\u015bcia, jest ju\u017c zupe\u0142nie wybitnym zjawiskiem poetyckim\u201d \u2013 pisa\u0142 Jerzy Andrzejewski do Kazimierza Wyki 22 wrze\u015bnia 1941 r. \u2013 \u201eZupe\u0142nie zadziwiaj\u0105ca u niego czysto\u015b\u0107 poetyckiej wizji, samodzielne obrazowanie bardzo, bardzo\u2026 Ch\u0142opak nad wiek sw\u00f3j dojrza\u0142y, chory zreszt\u0105 na astm\u0119 i z p\u0142ucami nie w porz\u0105dku, tak wygl\u0105da i zachowuje si\u0119, jak mo\u017cna wyobrazi\u0107 sobie, \u017ce wygl\u0105da\u0142 m\u0142ody S\u0142owacki w swoich latach wile\u0144skich. Wielka pewno\u015b\u0107 siebie, bez cienia zarozumia\u0142o\u015bci, \u015bwiadomo\u015b\u0107 w\u0142asnych warto\u015bci, a tak\u017ce ogromny krytycyzm w stosunku do w\u0142asnych dokona\u0144. My\u015bl\u0119, \u017ce je\u015bli ten ch\u0142opiec b\u0119dzie \u017cy\u0142, to jego nazwisko du\u017co mo\u017ce oznacza\u0107. Jest to syn nie\u017cyj\u0105cego ju\u017c Baczy\u0144skiego, Krzysztof. Oczywi\u015bcie w warunkach materialnych bardzo ci\u0119\u017ckich. W og\u00f3le m\u0142odych ch\u0142opc\u00f3w poznali\u015bmy ostatnio kilku, ale reszta to dwudziestolatki przede wszystkim interesuj\u0105ce si\u0119 zagadnieniami filozoficznymi i socjologiczno\u2011kulturalnymi\u201d<a style=\"color: #000080;\" href=\"https:\/\/www.jhi.pl\/artykuly\/100-rocznica-urodzin-krzysztofa-kamila-baczynskiego,2264#_ftn1\" name=\"_ftnref1\">[1]<\/a>.<\/span><\/p>\n<p style=\"text-align: left;\"><span style=\"color: #000080;\">Krzysztof Kamil Baczy\u0144ski, jeden z najwybitniejszych polskich poet\u00f3w czas\u00f3w wojny, urodzi\u0142 si\u0119 w Warszawie 22 stycznia 1921 r. Jego ojciec, Stanis\u0142aw Baczy\u0144ski, by\u0142 pisarzem, by\u0142ym \u017co\u0142nierzem Legion\u00f3w Polskich i uczestnikiem III powstania \u015bl\u0105skiego. Matka, Stefania z domu Ziele\u0144czyk, by\u0142a nauczycielk\u0105 metodyki, pochodzi\u0142a z zasymilowanej rodziny \u017cydowskiej. Niekt\u00f3rzy \u015bwiadkowie okre\u015blaj\u0105 j\u0105 wr\u0119cz jako dewotk\u0119. Z matk\u0105 \u0142\u0105czy\u0142a Krzysztofa silna wi\u0119\u017a, to dla niej pisa\u0142 wiele wczesnych wierszy. Po \u015blubie Krzysztofa z Barbar\u0105 Drapczy\u0144sk\u0105 w 1942 r. relacje mi\u0119dzy \u017con\u0105 a te\u015bciow\u0105 sta\u0142y si\u0119 tak napi\u0119te, \u017ce m\u0142odzi nie byli w stanie mieszka\u0107 ze Stefani\u0105. \u201eBy\u0142a tak\u0105 klasyczn\u0105 mamusi\u0105 \u017cydowsk\u0105, lwio nadopieku\u0144cz\u0105, potwornie zaborcz\u0105\u201d<a style=\"color: #000080;\" href=\"https:\/\/www.jhi.pl\/artykuly\/100-rocznica-urodzin-krzysztofa-kamila-baczynskiego,2264#_ftn2\" name=\"_ftnref2\">[2]<\/a>&nbsp;\u2013 wspomina\u0142a przyjaci\u00f3\u0142ka Drapczy\u0144skiej.<\/span><\/p>\n<p style=\"text-align: left;\"><span style=\"color: #000080;\">\u017bydowskie pochodzenie poety jest faktem znanym badaczom jego \u017cycia i tw\u00f3rczo\u015bci, jednym z pryzmat\u00f3w, przez kt\u00f3re interpretuje si\u0119 jego wojenne utwory. Jak pisze Natan Gross:<\/span><\/p>\n<p style=\"text-align: left;\"><span style=\"color: #000080;\">Krzysztof Kamil Baczy\u0144ski by\u0142 Polakiem, uwa\u017ca\u0142 si\u0119 za Polaka i ca\u0142ym sercem oraz tw\u00f3rczo\u015bci\u0105 to wyra\u017ca\u0142. Jednak\u017ce Hitler mia\u0142 na to inny pogl\u0105d. Tote\u017c, kiedy w Warszawie zacz\u0119to stawia\u0107 mury getta, Krzysztof Kamil&nbsp;<strong>\u2013&nbsp;<\/strong>wraz z matk\u0105 Stefani\u0105 oraz rodzin\u0105 jej brata, prof. Adama Ziele\u0144czyka&nbsp;<strong>\u2013<\/strong>&nbsp;postanowili pozosta\u0107 po aryjskiej stronie, \u201ena aryjskich papierach\u201d<a style=\"color: #000080;\" href=\"https:\/\/www.jhi.pl\/artykuly\/100-rocznica-urodzin-krzysztofa-kamila-baczynskiego,2264#_ftn3\" name=\"_ftnref3\">[3]<\/a>.<\/span><\/p>\n<p style=\"text-align: left;\"><span style=\"color: #000080;\"><strong>Wed\u0142ug niekt\u00f3rych \u017ar\u00f3de\u0142 tak\u017ce ojciec Krzysztofa by\u0142 \u017bydem, pierwotnie nosi\u0142 nazwisko Bittner i w\u0142ada\u0142 j\u0119zykiem \u017cydowskim \u201ew mowie i w pi\u015bmie\u201d<\/strong><a style=\"color: #000080;\" href=\"https:\/\/www.jhi.pl\/artykuly\/100-rocznica-urodzin-krzysztofa-kamila-baczynskiego,2264#_ftn4\" name=\"_ftnref4\">[4]<\/a>. Wed\u0142ug innych, Stanis\u0142aw pozna\u0142 jidysz w m\u0142odo\u015bci we Lwowie, kiedy uczy\u0142 j\u0119zyka polskiego \u017cydowskich uchod\u017ac\u00f3w politycznych<a style=\"color: #000080;\" href=\"https:\/\/www.jhi.pl\/artykuly\/100-rocznica-urodzin-krzysztofa-kamila-baczynskiego,2264#_ftn5\" name=\"_ftnref5\">[5]<\/a>. Jednak ju\u017c w czasie wojny trudno by\u0142o u\u015bci\u015bli\u0107 kwestie pochodzenia \u2013 jak pisze Czes\u0142aw Mi\u0142osz, ze wzgl\u0119du na bezpiecze\u0144stwo nie m\u00f3wi\u0142o si\u0119 otwarcie o tym, \u017ce kto\u015b ma \u017cydowskich przodk\u00f3w<a style=\"color: #000080;\" href=\"https:\/\/www.jhi.pl\/artykuly\/100-rocznica-urodzin-krzysztofa-kamila-baczynskiego,2264#_ftn6\" name=\"_ftnref6\">[6]<\/a>. Adam Ziele\u0144czyk, wuj Baczy\u0144skiego, filozof, w 1943 r. zosta\u0142 aresztowany przez gestapo i prawdopodobnie rozstrzelany w ruinach getta.<\/span><\/p>\n<p style=\"text-align: left;\"><span style=\"color: #000080;\">\u0179r\u00f3d\u0142a zgodnie wskazuj\u0105, \u017ce Krzysztof \u201ewychowywa\u0142&nbsp; si\u0119 w&nbsp; \u015brodowisku,&nbsp; kt\u00f3rego&nbsp; patriotyzm&nbsp; sta\u0142&nbsp; na&nbsp; antypodach etnicznych&nbsp; niech\u0119ci&nbsp; i \u00abnarodowego egoizmu\u00bb\u201d<a style=\"color: #000080;\" href=\"https:\/\/www.jhi.pl\/artykuly\/100-rocznica-urodzin-krzysztofa-kamila-baczynskiego,2264#_ftn7\" name=\"_ftnref7\">[7]<\/a>. Konstanty Jele\u0144ski, przyjaciel Baczy\u0144skiego w latach nauki w gimnazjum im. Stefana Batorego w Warszawie, wspomina\u0142, \u017ce Krzysztof stawa\u0142 w obronie koleg\u00f3w, kt\u00f3rym wytykano \u017cydowskie pochodzenie<a style=\"color: #000080;\" href=\"https:\/\/www.jhi.pl\/artykuly\/100-rocznica-urodzin-krzysztofa-kamila-baczynskiego,2264#_ftn8\" name=\"_ftnref8\">[8]<\/a>. Nie obawia\u0142 si\u0119 bra\u0107 udzia\u0142u w b\u00f3jkach z tego powodu, chocia\u017c by\u0142 niewielkiego wzrostu i cierpia\u0142 na astm\u0119<a style=\"color: #000080;\" href=\"https:\/\/www.jhi.pl\/artykuly\/100-rocznica-urodzin-krzysztofa-kamila-baczynskiego,2264#_ftn9\" name=\"_ftnref9\">[9]<\/a>. W szkole mia\u0142 problemy na lekcjach j\u0119zyka polskiego i marzy\u0142 o karierze grafika \u2013 obok wierszy, zachowa\u0142y si\u0119 liczne jego rysunki. W tym okresie mia\u0142 te\u017c by\u0107 ateist\u0105, interesowa\u0142 si\u0119 ruchem komunistycznym, wst\u0105pi\u0142 do Zwi\u0105zku Niezale\u017cnej M\u0142odzie\u017cy Socjalistycznej ,,Spartakus\u201d, a nawet czyta\u0142 Trockiego<a style=\"color: #000080;\" href=\"https:\/\/www.jhi.pl\/artykuly\/100-rocznica-urodzin-krzysztofa-kamila-baczynskiego,2264#_ftn10\" name=\"_ftnref10\">[10]<\/a>. Wycofa\u0142 si\u0119 ze \u201eSpartakusa\u201d po ataku ZSRR na Polsk\u0119.<\/span><\/p>\n<p style=\"text-align: left;\"><span style=\"color: #000080;\">Wiar\u0119 katolick\u0105 odnalaz\u0142 po wybuchu wojny, jednak pozosta\u0142 samotnikiem, niezaanga\u017cowanym w \u017cycie \u017cadnego \u015brodowiska i ma\u0142o zwi\u0105zanym z Ko\u015bcio\u0142em, czego odbicie mo\u017cna widzie\u0107 w jego wierszach. \u201eMotywy&nbsp; religijne&nbsp; wierszy&nbsp; Baczy\u0144skiego&nbsp; nie&nbsp; maj\u0105&nbsp; wymiaru dekoracyjnego\u201d \u2013 pisze Justyna Baran, podkre\u015blaj\u0105c r\u00f3\u017cnorodno\u015b\u0107 postaw, z jakimi styka\u0142 si\u0119 w rodzinie: ojciec poety by\u0142 ateist\u0105, a matka mia\u0142a sk\u0142onno\u015bci do katolickiego mistycyzmu. Baczy\u0144skiego \u201erelacja z Bogiem pozostawa\u0107 musia\u0142a nie\u0142atwa, pozbawiona fundamentu oczywisto\u015bci\u201d<a style=\"color: #000080;\" href=\"https:\/\/www.jhi.pl\/artykuly\/100-rocznica-urodzin-krzysztofa-kamila-baczynskiego,2264#_ftn11\" name=\"_ftnref11\">[11]<\/a>.<\/span><\/p>\n<p style=\"text-align: left;\"><span style=\"color: #000080;\">Chocia\u017c s\u0142owo \u201egetto\u201d pojawia si\u0119 tylko w wierszu&nbsp;<em>Do Pana J\u00f3zefa w dniu imienin 19 marca 1942 r.<\/em><a style=\"color: #000080;\" href=\"https:\/\/www.jhi.pl\/artykuly\/100-rocznica-urodzin-krzysztofa-kamila-baczynskiego,2264#_ftn12\" name=\"_ftnref12\">[12]<\/a>, badacze dopatruj\u0105 si\u0119 w utworach Baczy\u0144skiego odniesie\u0144 nie tylko do losu Polak\u00f3w pod okupacj\u0105, lecz r\u00f3wnie\u017c do losu \u017byd\u00f3w. Tak\u017ce ze wzgl\u0119du na jego pochodzenie nie by\u0142oby dziwne, gdyby najs\u0142ynniejszy polski poeta czas\u00f3w wojny pozostawa\u0142 nieoboj\u0119tny na los u\u015bmiercanego w getcie i w Treblince narodu. Interpretacj\u0119 tak\u0105 uwiarygodniaj\u0105 daty powstania wierszy takich jak&nbsp;<em>Tren I<\/em>&nbsp;z wrze\u015bnia 1942 r.:<\/span><\/p>\n<p style=\"padding-left: 80px;\"><em>Ciemny g\u0142uchy, nieszcz\u0119sny<\/em><br \/>\n<em>ludu m\u00f3j. Ciemno\u015bci<\/em><br \/>\n<em>buchaj\u0105. O! za wiele,<\/em><br \/>\n<em>za wiele mi\u0142o\u015bci,<\/em><br \/>\n<em>za ma\u0142o ukochania.<\/em><br \/>\n<em>Czarny dym si\u0119 \u015bciele.<\/em><br \/>\n<em>Kwiaty s\u0105 \u2013 martwe g\u0142ownie,<\/em><br \/>\n<em>domy s\u0105 \u2013 jak trumny<\/em><br \/>\n<em>w rozwalonym ko\u015bciele,<\/em><br \/>\n<em>gdzie Chrystus roztrzaskany<\/em><br \/>\n<em>i oczy jego \u2013 rany.<\/em><br \/>\n<em>I jego sercem bolisz,<\/em><br \/>\n<em>ludu burz i niewoli.<\/em><br \/>\n<em>[\u2026\u2026\u2026\u2026\u2026\u2026\u2026..]<a href=\"https:\/\/www.jhi.pl\/artykuly\/100-rocznica-urodzin-krzysztofa-kamila-baczynskiego,2264#_ftn13\" name=\"_ftnref13\">[13]<\/a><\/em><\/p>\n<p style=\"text-align: left;\"><span style=\"color: #000080;\">Na pierwszy rzut oka dominuje analogia narodu \u2013 zapewne narodu polskiego \u2013 i Chrystusa. Zako\u0144czenie, m\u00f3wi\u0105ce o Duchu Bo\u017cym, kt\u00f3ry podniesie \u201elud\u201d, wskazuje na kontekst chrze\u015bcija\u0144ski. Zwr\u00f3\u0107my jednak uwag\u0119 na intensywne obrazowanie: domy jak trumny, \u201eczarny dym\u201d: czy wiersz ten nie jest bardziej dos\u0142owny? O jakiej m\u00f3wi rzeczywisto\u015bci? Czy tak, jak pisa\u0142 Kazimierz Wyka o wierszach Baczy\u0144skiego sprzed 1944 r., stanowi \u201eproroctwo\u201d powstania \u015bmierci \u201epokolenia Kolumb\u00f3w\u201d albo ma wy\u0142\u0105cznie \u201euniwersaln\u0105\u201d wymow\u0119<a style=\"color: #000080;\" href=\"https:\/\/www.jhi.pl\/artykuly\/100-rocznica-urodzin-krzysztofa-kamila-baczynskiego,2264#_ftn14\" name=\"_ftnref14\">[14]<\/a>? A mo\u017ce m\u00f3wi o tym, co dzieje si\u0119 po drugiej stronie muru?<a style=\"color: #000080;\" href=\"https:\/\/www.jhi.pl\/artykuly\/100-rocznica-urodzin-krzysztofa-kamila-baczynskiego,2264#_ftn15\" name=\"_ftnref15\">[15]<\/a>&nbsp;Utw\u00f3r powsta\u0142 w pa\u017adzierniku 1942 r., kr\u00f3tko po tym, jak dobieg\u0142a ko\u0144ca&nbsp;<a style=\"color: #000080;\" href=\"https:\/\/www.jhi.pl\/artykuly\/nie-bylem-w-stanie-ogarnac-ogromu-nieszczescia-poczatek-wielkiej-deportacji-z-getta-warszawskiego,686\">wielka akcja deportacyjna z warszawskiego getta do Treblinki<\/a>. \u201eSerce Zbawiciela\u201d \u2013 pisze badaczka \u2013 \u201epochylaj\u0105cego si\u0119 w Boskim cierpie\u00adniu nad b\u00f3lem mordowanego \u00abludu\u00bb \u017cydowskiego, staje si\u0119 ide\u0105 tej mi\u0142o\u015bci, przez kt\u00f3rej pryzmat Baczy\u0144ski patrzy na niemo\u017cliw\u0105 do wyra\u017cenia rzeczywisto\u015b\u0107 Szoa\u201d<a style=\"color: #000080;\" href=\"https:\/\/www.jhi.pl\/artykuly\/100-rocznica-urodzin-krzysztofa-kamila-baczynskiego,2264#_ftn16\" name=\"_ftnref16\">[16]<\/a>.<\/span><\/p>\n<p style=\"text-align: left;\"><span style=\"color: #000080;\">Podobny zabieg m\u00f3wienia nie wprost o Zag\u0142adzie stosuje Baczy\u0144ski w wierszu zaczynaj\u0105cym si\u0119 od s\u0142\u00f3w \u201eBy\u0142e\u015b jak wielkie stare drzewo\u201d:<\/span><\/p>\n<h1 style=\"text-align: center;\">* * *<\/h1>\n<p style=\"padding-left: 80px;\"><em>By\u0142e\u015b jak wielkie stare drzewo<\/em><br \/>\n<em>narodzie m\u00f3j jak d\u0105b zuchwa\u0142y<\/em><br \/>\n<em>wezbrany ogniem sok\u00f3w \u017ara\u0142ych<\/em><br \/>\n<em>jak drzewo wiary, mocy, gniewu.<\/em><\/p>\n<p style=\"padding-left: 80px;\"><em>I j\u0119li ciebie cie\u015ble ora\u0107<\/em><br \/>\n<em>i ry\u0107 ci\u0119 rylcem u korzeni,<\/em><br \/>\n<em>\u017ceby tw\u00f3j g\u0142os, tw\u00f3j kszta\u0142t odmieni\u0107,<\/em><br \/>\n<em>\u017ceby ci\u0119 zmieni\u0107 w sen upiora.<\/em><\/p>\n<p style=\"padding-left: 80px;\"><em>J\u0119li ci li\u015bcie drze\u0107 i \u015bcina\u0107,<\/em><br \/>\n<em>by\u015b nagi sta\u0142 i g\u0142ow\u0119 zgina\u0142.<\/em><\/p>\n<p style=\"padding-left: 80px;\"><em>J\u0119li ci oczy z ognia \u0142upi\u0107,<\/em><br \/>\n<em>by\u015b ich nie zmieni\u0142 wzrokiem w trupy.<\/em><\/p>\n<p style=\"padding-left: 80px;\"><em>J\u0119li ci cia\u0142o w popi\u00f3\u0142 kruszy\u0107,<\/em><br \/>\n<em>by wydrze\u0107 Boga z \u017cywej duszy.<\/em><\/p>\n<p style=\"padding-left: 80px;\"><em>I oto\u015b stan\u0105\u0142 sam, odarty<\/em><br \/>\n<em>jak martwa chmura za kratami<\/em><br \/>\n<em>na p\u00f3\u0142 cierpi\u0105cy, na p\u00f3\u0142 martwy<\/em><br \/>\n<em>poryty ogniem, batem, \u0142zami.<\/em><\/p>\n<p style=\"padding-left: 80px;\"><em>W wielo\u015bci swojej \u2013 rozegnany<\/em><br \/>\n<em>w mi\u0142o\u015bci swojej \u2013 jak pie\u0144 twardy<\/em><br \/>\n<em>haki pazur\u00f3w wbi\u0142e\u015b w rany<\/em><br \/>\n<em>swej ziemi. I \u015bnisz sen pogardy.<\/em><\/p>\n<p style=\"padding-left: 80px;\"><em>Lecz kr\u0119ci si\u0119 niebios\u00f3w zegar<\/em><br \/>\n<em>i czas o tarcz\u0119 mieczem bije<\/em><br \/>\n<em>i wstrz\u0105\u015bniesz si\u0119 z poblaskiem nieba,<\/em><br \/>\n<em>pos\u0142uchasz serca: serce \u017cyje.<\/em><\/p>\n<p style=\"padding-left: 80px;\"><em>I zmartwychwstaniesz jak B\u00f3g z grobu<\/em><br \/>\n<em>z huraganowym tchem u skroni,<\/em><br \/>\n<em>ramiona ziemi si\u0119 przed tob\u0105<\/em><br \/>\n<em>otworz\u0105. Ludu m\u00f3j! Do broni!<\/em><\/p>\n<p><span style=\"color: #000080;\">Wiersz ten, powsta\u0142y w kwietniu 1943 r., ponownie \u0142\u0105czy z \u201enarodem\u201d zmartwychwstanie. Wsp\u00f3\u0142brzmi z nim datowana na maj 1943 r.&nbsp;Ciemna mi\u0142o\u015b\u0107:<\/span><\/p>\n<p style=\"padding-left: 80px;\"><em>[\u2026\u2026\u2026\u2026\u2026\u2026\u2026\u2026\u2026\u2026\u2026\u2026\u2026\u2026\u2026\u2026\u2026\u2026\u2026]<\/em><\/p>\n<p style=\"padding-left: 80px;\"><em>Bo ciemne mi\u0142owanie jest na dnie cz\u0142owieczem,<\/em><br \/>\n<em>kt\u00f3re pragn\u0105cych traci i czysto\u015b\u0107 rozdziera,<\/em><br \/>\n<em>a kt\u00f3re si\u0119 do d\u0142oni bierze razem z mieczem,<\/em><br \/>\n<em>lecz si\u0119 w nim cierpi d\u0142ugo, chocia\u017c nie umiera. <\/em><\/p>\n<p style=\"padding-left: 80px;\"><em>I zn\u00f3w widzimy miasta p\u0142on\u0105ce i dymy,<\/em><br \/>\n<em>co si\u0119 powoli wznosz\u0105 pn\u0105c na stopnie niebios,<\/em><br \/>\n<em>i szubieniczne drzewa skrzypi\u0105, i z daleka<\/em><br \/>\n<em>bicz strzela i rozcina z ziemi\u0105 wraz \u2013 cz\u0142owieka.<\/em><\/p>\n<p style=\"padding-left: 80px;\"><em>A nad tym krzewy kwitn\u0105. Z p\u0105k\u00f3w zielonkawe<\/em><br \/>\n<em>chmury p\u0142yn\u0105. Dojrza\u0142o\u015b\u0107 lepko si\u0119 przelewa<\/em><br \/>\n<em>Widnokr\u0119giem o \u015bwitach ci\u0105gn\u0105 kluczem drzewa<\/em><\/p>\n<p style=\"padding-left: 80px;\"><em>I ludzie ci \u017ca\u0142o\u015bni, w nie obesch\u0142ych gruzach,<\/em><br \/>\n<em>pod namiotami cyrk\u00f3w, w \u015bwiergocie karuzel,<\/em><br \/>\n<em>unosz\u0105 si\u0119 jak \u0142achman, w\u015br\u00f3d dymu \u015bpiew, nios\u0105<\/em><br \/>\n<em>weseli. Jak wyzwanie sczernia\u0142ym niebiosom.<\/em><\/p>\n<p style=\"padding-left: 80px;\"><em>D\u0142ugie, suche koryto \u2013 jest to dno strumienia,<\/em><br \/>\n<em>gdzie le\u017cymy jak kamie\u0144 pod kurzaw\u0105 gwiazd.<\/em><\/p>\n<p style=\"padding-left: 80px;\"><em>Tyle jeszcze milczenia strasznego jest w ziemi,<\/em><br \/>\n<em>\u017ce chyba go wystarczy na niejedn\u0105 \u015bmier\u0107!<\/em><br \/>\n<em>M\u00f3dlmy si\u0119, m\u00f3dlmy s\u0142owami ciemnemi!<\/em><br \/>\n<em>Siejmy, o, siejmy, chocia\u017c ziarnem serc!<\/em><\/p>\n<p style=\"text-align: left;\"><span style=\"color: #000080;\">Znowu gruzy i dym, miasta p\u0142on\u0105ce i drzewa, \u201eciemne mi\u0142owanie\u201d \u2013 splot mi\u0142o\u015bci i \u015bmierci. Czy karuzela nie przypomina karuzeli \u2013 otoczonej mitem \u2013 z wiersza&nbsp;<em>Campo di Fiori<\/em>&nbsp;Czes\u0142awa Mi\u0142osza<a style=\"color: #000080;\" href=\"https:\/\/www.jhi.pl\/artykuly\/100-rocznica-urodzin-krzysztofa-kamila-baczynskiego,2264#_ftn17\" name=\"_ftnref17\">[17]<\/a>?<\/span><\/p>\n<p style=\"text-align: left;\"><span style=\"color: #000080;\">Mi\u0142osz zaznacza: \u201eKonflikt, z kt\u00f3rym jego wola musia\u0142a si\u0119 upora\u0107, jest pomijany. (&#8230;) Krzysztof by\u0142 (&#8230;) po matce \u017bydem. (&#8230;) Musia\u0142 by\u0107 doskonale \u015bwiadomy, \u017ce miejsce jego w getcie, co narzuca\u0142o niemo\u017cliwy do rozwi\u0105zania problem solidarno\u015bci. (&#8230;) Czu\u0142, \u017ce jego lud, z kt\u00f3rym \u0142\u0105czy go nie tylko krew, ale historia kilku millenni\u00f3w, to \u017cydowski lud w getcie. Niekt\u00f3re wiersze \u015bwiadcz\u0105 o tym wyra\u017anie\u201d<a style=\"color: #000080;\" href=\"https:\/\/www.jhi.pl\/artykuly\/100-rocznica-urodzin-krzysztofa-kamila-baczynskiego,2264#_ftn18\" name=\"_ftnref18\">[18]<\/a>. \u015awiadectwa takie \u2013 to nie klarowne nawi\u0105zania do kultury i religii, kt\u00f3rych oczywi\u015bcie brakuje. \u017bydowskie pochodzenie Baczy\u0144skiego nie przesuwa interpretacji ca\u0142ej jego tw\u00f3rczo\u015bci na nowe tory. Ale u\u015bwiadamia, \u017ce to\u017csamo\u015b\u0107 poety by\u0142a z\u0142o\u017cona, a w jego kr\u00f3tkim, lecz obfitym \u017cyciu oraz dziele o niezwyk\u0142ej warto\u015bci istnia\u0142o tak\u017ce to rozdarcie, ta troska.<\/span><\/p>\n<h1 style=\"text-align: center;\">*<\/h1>\n<p style=\"text-align: left;\"><span style=\"color: #000080;\">Krzysztof Kamil Baczy\u0144ski nie zd\u0105\u017cy\u0142 dotrze\u0107 do swojej jednostki 1 sierpnia 1944 r. Wybuch walk zasta\u0142 go w okolicach Placu Teatralnego. Do\u0142\u0105czy\u0142 do oddzia\u0142u Les\u0142awa \u201eLeszka\u201d Kossowskiego, kt\u00f3ry zdoby\u0142 pa\u0142ac Blanka. Po zaj\u0119ciu budynku wymiana ognia ogranicza\u0142a si\u0119 do pojedynczych strza\u0142\u00f3w \u2013 Baczy\u0144ski zgin\u0105\u0142 od kuli niemieckiego snajpera 4 sierpnia 1944 r.&nbsp;<a style=\"color: #000080;\" href=\"https:\/\/www.jhi.pl\/artykuly\/100-rocznica-urodzin-krzysztofa-kamila-baczynskiego,2264#_ftn19\" name=\"_ftnref19\">[19]<\/a>&nbsp;Jego matka jeszcze w 1945 r. mia\u0142a nadziej\u0119, \u017ce by\u0107 mo\u017ce uda\u0142o mu si\u0119 prze\u017cy\u0107<a style=\"color: #000080;\" href=\"https:\/\/www.jhi.pl\/artykuly\/100-rocznica-urodzin-krzysztofa-kamila-baczynskiego,2264#_ftn20\" name=\"_ftnref20\">[20]<\/a>. Po ekshumacji w styczniu 1947 r. rozpozna\u0142a zw\u0142oki syna po medaliku ze \u015bw. Krzysztofem i inicja\u0142ami KKB. Cia\u0142o przeniesiono na Cmentarz Wojskowy na Pow\u0105zkach.<\/span><\/p>\n<hr>\n<p style=\"text-align: left;\"><strong><span style=\"color: #808080;\"><em>Przypisy:<\/em><\/span><\/strong><\/p>\n<p style=\"text-align: left;\"><span style=\"color: #808080;\"><em><a style=\"color: #808080;\" href=\"https:\/\/www.jhi.pl\/artykuly\/100-rocznica-urodzin-krzysztofa-kamila-baczynskiego,2264#_ftnref1\" name=\"_ftn1\">[1]<\/a>&nbsp;Za:&nbsp;Bi\u0107 si\u0119 czy pisa\u0107?&nbsp;[fragmenty ksi\u0105\u017cki: Jerzy Andrzejewski i in.;&nbsp;Pod okupacj\u0105: listy, wst\u0119p Marta Wyka; red. Maciej Urbanowski, Warszawa 2014]&nbsp;<a style=\"color: #808080;\" href=\"https:\/\/www.zeszytyliterackie.pl\/bic-sie-czy-pisac\/\">https:\/\/www.zeszytyliterackie.pl\/bic-sie-czy-pisac\/<\/a>, dost\u0119p: 20.01.2021.<\/em><\/span><\/p>\n<p style=\"text-align: left;\"><span style=\"color: #808080;\"><em><a style=\"color: #808080;\" href=\"https:\/\/www.jhi.pl\/artykuly\/100-rocznica-urodzin-krzysztofa-kamila-baczynskiego,2264#_ftnref2\" name=\"_ftn2\">[2]<\/a>&nbsp;Za:&nbsp;Barbara i Krzysztof Baczy\u0144scy. Tragiczna historia wojennej mi\u0142o\u015bci od pierwszego wejrzenia,&nbsp;<a style=\"color: #808080;\" href=\"https:\/\/www.1944.pl\/artykul\/barbara-i-krzysztof-baczynscy.-tragiczna-histor,5076.html\">https:\/\/www.1944.pl\/artykul\/barbara-i-krzysztof-baczynscy.-tragiczna-histor,5076.html<\/a>, dost\u0119p: 20.01.2021.<\/em><\/span><\/p>\n<p style=\"text-align: left;\"><span style=\"color: #808080;\"><em><a style=\"color: #808080;\" href=\"https:\/\/www.jhi.pl\/artykuly\/100-rocznica-urodzin-krzysztofa-kamila-baczynskiego,2264#_ftnref3\" name=\"_ftn3\">[3]<\/a>&nbsp;Natan Gross,&nbsp;Poeci i Szoa, Sosnowiec 1993. Za: Joanna Rostropowicz-Clark,&nbsp;W\u00f3dz&nbsp; powsta\u0144c\u00f3w,&nbsp; poeta&nbsp; bohater, \u201eTeksty Drugie\u201d nr 2\/1994, s. 119.<\/em><\/span><\/p>\n<p style=\"text-align: left;\"><span style=\"color: #808080;\"><em><a style=\"color: #808080;\" href=\"https:\/\/www.jhi.pl\/artykuly\/100-rocznica-urodzin-krzysztofa-kamila-baczynskiego,2264#_ftnref4\" name=\"_ftn4\">[4]<\/a>&nbsp;Tam\u017ce.<\/em><\/span><\/p>\n<p style=\"text-align: left;\"><span style=\"color: #808080;\"><em><a style=\"color: #808080;\" href=\"https:\/\/www.jhi.pl\/artykuly\/100-rocznica-urodzin-krzysztofa-kamila-baczynskiego,2264#_ftnref5\" name=\"_ftn5\">[5]<\/a>&nbsp;Tomasz \u017bukowski,&nbsp;Kr\u0119giem ostrym rozdarty na p\u00f3\u0142. O niekt\u00f3rych wierszach K.K. Baczy\u0144skiego z lat&nbsp; 1942-1943, \u201eTeksty Drugie\u201d nr 3\/2004, s. 147. Por. J\u00f3zef Lewandowski,&nbsp;Wok\u00f3\u0142 biografii Krzysztofa Kamila Baczy\u0144skiego, w: tego\u017c,&nbsp;Szk\u0142o bolesne, obraz dni&#8230;: eseje nieprzedawnione, Uppsala 1991, s. 119-121.<\/em><\/span><\/p>\n<p style=\"text-align: left;\"><span style=\"color: #808080;\"><em><a style=\"color: #808080;\" href=\"https:\/\/www.jhi.pl\/artykuly\/100-rocznica-urodzin-krzysztofa-kamila-baczynskiego,2264#_ftnref6\" name=\"_ftn6\">[6]<\/a>&nbsp;Za: J. Lewandowski, dz. cyt., s. 123-124.<\/em><\/span><\/p>\n<p style=\"text-align: left;\"><span style=\"color: #808080;\"><em><a style=\"color: #808080;\" href=\"https:\/\/www.jhi.pl\/artykuly\/100-rocznica-urodzin-krzysztofa-kamila-baczynskiego,2264#_ftnref7\" name=\"_ftn7\">[7]<\/a>&nbsp;T. \u017bukowski, dz. cyt., s. 146.<\/em><\/span><\/p>\n<p style=\"text-align: left;\"><span style=\"color: #808080;\"><em><a style=\"color: #808080;\" href=\"https:\/\/www.jhi.pl\/artykuly\/100-rocznica-urodzin-krzysztofa-kamila-baczynskiego,2264#_ftnref8\" name=\"_ftn8\">[8]<\/a>&nbsp;Za: Wies\u0142aw Budzy\u0144ski,&nbsp;Mi\u0142o\u015b\u0107 i \u015bmier\u0107 Krzysztofa Kamila, Warszawa 1998, s. 38-40.<\/em><\/span><\/p>\n<p style=\"text-align: left;\"><span style=\"color: #808080;\"><em><a style=\"color: #808080;\" href=\"https:\/\/www.jhi.pl\/artykuly\/100-rocznica-urodzin-krzysztofa-kamila-baczynskiego,2264#_ftnref9\" name=\"_ftn9\">[9]<\/a>&nbsp;Za: J. Lewandowski, dz. cyt., s. 123-124.<\/em><\/span><\/p>\n<p style=\"text-align: left;\"><span style=\"color: #808080;\"><em><a style=\"color: #808080;\" href=\"https:\/\/www.jhi.pl\/artykuly\/100-rocznica-urodzin-krzysztofa-kamila-baczynskiego,2264#_ftnref10\" name=\"_ftn10\">[10]<\/a>&nbsp;W. Budzy\u0144ski, dz. cyt., s. 39-40.<\/em><\/span><\/p>\n<p style=\"text-align: left;\"><span style=\"color: #808080;\"><em><a style=\"color: #808080;\" href=\"https:\/\/www.jhi.pl\/artykuly\/100-rocznica-urodzin-krzysztofa-kamila-baczynskiego,2264#_ftnref11\" name=\"_ftn11\">[11]<\/a>&nbsp;Justyna Baran,&nbsp;\u017bywio\u0142 i duch. O wyobra\u017ani pneumatologicznej Krzysztofa Kamila Baczy\u0144skiego, Katowice 2014, s. 192-193,&nbsp;<a style=\"color: #808080;\" href=\"https:\/\/rebus.us.edu.pl\/bitstream\/20.500.12128\/5560\/1\/Baran_Zywiol_i_duch.pdf\">https:\/\/rebus.us.edu.pl\/bitstream\/20.500.12128\/5560\/1\/Baran_Zywiol_i_duch.pdf<\/a>, dost\u0119p 20.01.2021.<\/em><\/span><\/p>\n<p style=\"text-align: left;\"><span style=\"color: #808080;\"><em><a style=\"color: #808080;\" href=\"https:\/\/www.jhi.pl\/artykuly\/100-rocznica-urodzin-krzysztofa-kamila-baczynskiego,2264#_ftnref12\" name=\"_ftn12\">[12]<\/a>&nbsp;T. \u017bukowski, dz. cyt., s. 146.<\/em><\/span><\/p>\n<p style=\"text-align: left;\"><span style=\"color: #808080;\"><em><a style=\"color: #808080;\" href=\"https:\/\/www.jhi.pl\/artykuly\/100-rocznica-urodzin-krzysztofa-kamila-baczynskiego,2264#_ftnref13\" name=\"_ftn13\">[13]<\/a>&nbsp;Wiersze podaj\u0119 za wydaniem: Krzysztof Kamil Baczy\u0144ski,&nbsp;Utwory zebrane. t. I-II, oprac. Aniela Kmita-Piorunowa, Kazimierz Wyka, Krak\u00f3w 1994.<\/em><\/span><\/p>\n<p style=\"text-align: left;\"><span style=\"color: #808080;\"><em><a style=\"color: #808080;\" href=\"https:\/\/www.jhi.pl\/artykuly\/100-rocznica-urodzin-krzysztofa-kamila-baczynskiego,2264#_ftnref14\" name=\"_ftn14\">[14]<\/a>&nbsp;J. Rostropowicz-Clark, dz. cyt., s. 123-124.<\/em><\/span><\/p>\n<p style=\"text-align: left;\"><span style=\"color: #808080;\"><em><a style=\"color: #808080;\" href=\"https:\/\/www.jhi.pl\/artykuly\/100-rocznica-urodzin-krzysztofa-kamila-baczynskiego,2264#_ftnref15\" name=\"_ftn15\">[15]<\/a>&nbsp;Interpretacj\u0119 tak\u0105 podaje Eliza Kiepura w artykule&nbsp;\u201eB\u0119dziemy\u017c sobie jak pos\u0105g wydarty pokrywom wiek\u00f3w?\u201d: \u015blady do\u015bwiadczenia zag\u0142ady w poezji Krzysztofa Kamila Baczy\u0144skiego: pr\u00f3ba zrozumienia, \u201ePami\u0119tnik Literacki\u201d z. 2\/2008, s. 40-44.<\/em><\/span><\/p>\n<p style=\"text-align: left;\"><span style=\"color: #808080;\"><em><a style=\"color: #808080;\" href=\"https:\/\/www.jhi.pl\/artykuly\/100-rocznica-urodzin-krzysztofa-kamila-baczynskiego,2264#_ftnref16\" name=\"_ftn16\">[16]<\/a>&nbsp;Tam\u017ce, s. 43.<\/em><\/span><\/p>\n<p style=\"text-align: left;\"><span style=\"color: #808080;\"><em><a style=\"color: #808080;\" href=\"https:\/\/www.jhi.pl\/artykuly\/100-rocznica-urodzin-krzysztofa-kamila-baczynskiego,2264#_ftnref17\" name=\"_ftn17\">[17]<\/a>&nbsp;Pod\u0105\u017cam tu za interpretacj\u0105 Elizy Kiepury: E. Kiepura, dz. cyt., s. 145-146.<\/em><\/span><\/p>\n<p style=\"text-align: left;\"><span style=\"color: #808080;\"><em><a style=\"color: #808080;\" href=\"https:\/\/www.jhi.pl\/artykuly\/100-rocznica-urodzin-krzysztofa-kamila-baczynskiego,2264#_ftnref18\" name=\"_ftn18\">[18]<\/a>&nbsp;Za: Magdalena Grochowska,&nbsp;Wezwani, by umrze\u0107, \u201eGazeta Wyborcza\u201d 6 sierpnia 2004,&nbsp;<a style=\"color: #808080;\" href=\"http:\/\/polish-jewish-heritage.org\/Pol\/Aug_04_Wezwani-GWgdalena_Grochowska.htm\">http:\/\/polish-jewish-heritage.org\/Pol\/Aug_04_Wezwani-GWgdalena_Grochowska.htm<\/a>, dost\u0119p 20.01.2021.<\/em><\/span><\/p>\n<p style=\"text-align: left;\"><span style=\"color: #808080;\"><em><a style=\"color: #808080;\" href=\"https:\/\/www.jhi.pl\/artykuly\/100-rocznica-urodzin-krzysztofa-kamila-baczynskiego,2264#_ftnref19\" name=\"_ftn19\">[19]<\/a>&nbsp;W. Budzy\u0144ski, dz. cyt., s. 136-145.<\/em><\/span><\/p>\n<p style=\"text-align: left;\"><span style=\"color: #808080;\"><em><a style=\"color: #808080;\" href=\"https:\/\/www.jhi.pl\/artykuly\/100-rocznica-urodzin-krzysztofa-kamila-baczynskiego,2264#_ftnref20\" name=\"_ftn20\">[20]<\/a>&nbsp;Stefania Baczy\u0144ska,&nbsp;Listy do Kazimierza Wyki,&nbsp;<a style=\"color: #808080;\" href=\"https:\/\/www.zeszytyliterackie.pl\/4966-2\/\">https:\/\/www.zeszytyliterackie.pl\/4966-2\/<\/a>, dost\u0119p 20.01.2021 r. W. Budzy\u0144ski, dz. cyt., s. 169.<\/em><\/span><\/p>\n<\/div>\n<\/div>\n<hr style=\"height: 15px; background: #d0e6fa; width: 100%;\">\n<div id=\"content\" class=\"content-alignment\">\n<div id=\"watch-description\" class=\"yt-uix-button-panel\">\n<div id=\"watch-description-text\" style=\"text-align: center;\">\n<p><em>Zawarto\u015b\u0107 publikowanych artyku\u0142\u00f3w i materia\u0142\u00f3w nie reprezentuje pogl\u0105d\u00f3w ani opinii Reunion&#8217;68,<\/em><em><br \/>\nani te\u017c webmastera Blogu Reunion&#8217;68, chyba ze jest to wyra\u017anie zaznaczone.<br \/>\nTwoje uwagi, linki, w\u0142asne artyku\u0142y lub wiadomo\u015bci prze\u015blij na adres:<br \/>\n<\/em><span style=\"color: #000080;\"><strong><em><a style=\"color: #000080;\" href=\"mailto:webmaster@reunion68.com\"><span style=\"text-decoration: underline;\">webmaster@reunion68.com<\/span><\/a><\/em><\/strong><\/span><\/p>\n<\/div>\n<\/div>\n<\/div>\n<hr style=\"width: 100%;\">\n","protected":false},"excerpt":{"rendered":"<p>Ciemna mi\u0142o\u015b\u0107. Krzysztof Kamil Baczy\u0144ski Przemys\u0142aw Batorski Krzysztof Kamil Baczy\u0144ski to jeden z najwybitniejszych polskich poet\u00f3w okresu wojny. Ma\u0142o m\u00f3wi si\u0119 o jego \u017cydowskich korzeniach \u2013 i o tym, \u017ce by\u0142 r\u00f3wnie\u017c \u015bwiadkiem Zag\u0142ady polskich \u017byd\u00f3w. . . \u201eDrogi Kazimierzu (\u2026) poznali\u015bmy w tych dniach z Czes\u0142awem [Mi\u0142oszem] ch\u0142opca, kt\u00f3ry maj\u0105c lat zaledwie dwadzie\u015bcia, jest [&hellip;]<\/p>\n","protected":false},"author":1,"featured_media":0,"comment_status":"closed","ping_status":"closed","sticky":false,"template":"","format":"standard","meta":[],"categories":[6],"tags":[26,24],"_links":{"self":[{"href":"https:\/\/www.reunion68.se\/index.php?rest_route=\/wp\/v2\/posts\/97456"}],"collection":[{"href":"https:\/\/www.reunion68.se\/index.php?rest_route=\/wp\/v2\/posts"}],"about":[{"href":"https:\/\/www.reunion68.se\/index.php?rest_route=\/wp\/v2\/types\/post"}],"author":[{"embeddable":true,"href":"https:\/\/www.reunion68.se\/index.php?rest_route=\/wp\/v2\/users\/1"}],"replies":[{"embeddable":true,"href":"https:\/\/www.reunion68.se\/index.php?rest_route=%2Fwp%2Fv2%2Fcomments&post=97456"}],"version-history":[{"count":13,"href":"https:\/\/www.reunion68.se\/index.php?rest_route=\/wp\/v2\/posts\/97456\/revisions"}],"predecessor-version":[{"id":97500,"href":"https:\/\/www.reunion68.se\/index.php?rest_route=\/wp\/v2\/posts\/97456\/revisions\/97500"}],"wp:attachment":[{"href":"https:\/\/www.reunion68.se\/index.php?rest_route=%2Fwp%2Fv2%2Fmedia&parent=97456"}],"wp:term":[{"taxonomy":"category","embeddable":true,"href":"https:\/\/www.reunion68.se\/index.php?rest_route=%2Fwp%2Fv2%2Fcategories&post=97456"},{"taxonomy":"post_tag","embeddable":true,"href":"https:\/\/www.reunion68.se\/index.php?rest_route=%2Fwp%2Fv2%2Ftags&post=97456"}],"curies":[{"name":"wp","href":"https:\/\/api.w.org\/{rel}","templated":true}]}}