{"id":97573,"date":"2022-08-15T17:05:08","date_gmt":"2022-08-15T15:05:08","guid":{"rendered":"http:\/\/www.reunion68.se\/?p=97573"},"modified":"2022-08-15T06:10:48","modified_gmt":"2022-08-15T04:10:48","slug":"23-00-74","status":"publish","type":"post","link":"https:\/\/www.reunion68.se\/?p=97573","title":{"rendered":"Who is the taxi driver who drove Jerusalem terrorist to police?"},"content":{"rendered":"<h5 style=\"text-align: center;\"><a href=\"https:\/\/www.jpost.com\/\" target=\"_blank\" rel=\"noopener noreferrer\"><img decoding=\"async\" class=\"center alignleft\" src=\"http:\/\/www.reunion68.com\/Biuletyn\/img\/jpost.png\" alt=\"\" width=\"35%\" \/><\/a><span style=\"text-decoration: underline; color: #000080;\"><strong><a style=\"color: #000080; text-decoration: underline;\" href=\"https:\/\/www.jpost.com\/israel-news\/article-714695\" target=\"_blank\" rel=\"noopener noreferrer\">Who is the taxi driver who drove Jerusalem terrorist to police?<\/a><\/strong><\/span><\/h5>\n<p style=\"text-align: center;\"><span style=\"color: #000000;\"><strong> SHLOMI HELLER\/WALLA!, YIFAT ROSENBERG\/WALLA<\/strong><\/span><\/p>\n<hr style=\"height: 15px; background: #d0e6fa; width: 100%;\" \/>\n<h5 style=\"text-align: center;\"><strong>&#8220;They took the weapon and the taxi along with me. Wasn&#8217;t it enough that I lost three hours in the morning?&#8221; said the driver.<\/strong><\/h5>\n<p style=\"text-align: center;\">.<br \/>\n<img decoding=\"async\" class=\"aligncenter\" src=\"https:\/\/images.jpost.com\/image\/upload\/f_auto,fl_lossy\/t_JD_ArticleMainImageFaceDetect\/426468\" width=\"100%\" \/><span style=\"color: #808080;\"><em>A taxi driver collects a passenger near the Jerusalem Bus Station \/ (photo credit: MARC ISRAEL SELLEM)<\/em><\/span><\/p>\n<p style=\"text-align: left;\"><span style=\"color: #000080;\">Shalom Harush, the taxi driver who\u00a0<a style=\"color: #000080;\" href=\"https:\/\/www.jpost.com\/breaking-news\/article-714649\" target=\"_blank\" rel=\"noopener noreferrer\">drove the terrorist who carried out the attack in Jerusalem<\/a>\u00a0to the police station on Sunday morning, told Walla about the trip, which in retrospect turned out to be particularly scary.<\/span><\/p>\n<h5 style=\"text-align: left;\"><strong>So what happened?<\/strong><\/h5>\n<p style=\"text-align: left;\"><span style=\"color: #000080;\">According to Harush, the terrorist\u00a0<a style=\"color: #000080;\" href=\"https:\/\/www.jpost.com\/arab-israeli-conflict\/article-714686\" target=\"_blank\" rel=\"noopener noreferrer\">Amir Sidawi<\/a>, a 26-year-old from east Jerusalem, got into the taxi on Bait Street in Jerusalem, near Sha&#8217;are Zedek Medical Center.<\/span><\/p>\n<p style=\"text-align: left;\"><span style=\"color: #000080;\">&#8220;I picked him up at 7:20 a.m. and dropped him off at 7:32 with a receipt,&#8221; he explained. &#8220;He wanted to get to the police station. I dropped him off at the police station. He told them, and they must have seen the cameras &#8211; police cars came out after me and searched and found the killer&#8217;s gun.&#8221;<\/span><\/p>\n<p style=\"text-align: left;\"><span style=\"color: #000080;\">&#8220;I received encouragement from all over the State of Israel,&#8221; said Harush, adding that, in spite of that, &#8220;the feeling is not good.<\/span><\/p>\n<p style=\"text-align: left;\"><span style=\"color: #000080;\">&#8220;They took the weapon and the taxi along with me. Wasn&#8217;t it enough that I lost three hours in the morning? A gun and a knife. I wanted to take pictures before that, but the police didn&#8217;t agree. They said it would ruin the investigation.&#8221;<\/span><\/p>\n<p style=\"text-align: center;\"><img decoding=\"async\" class=\"aligncenter\" src=\"https:\/\/images.jpost.com\/image\/upload\/f_auto,fl_lossy\/t_JD_ArticleMainImageFaceDetect\/512540\" width=\"100%\" \/><span style=\"color: #808080;\"><em>Israeli security forces at the scene of a shooting attack outside Jerusalem Old City, August 14,2022. (credit: YONATAN SINDEL\/FLASH90)<\/em><\/span><\/p>\n<p style=\"text-align: left;\"><span style=\"color: #000080;\">Sidawi&#8217;s detention has been extended by 12 days. He is suspected with the charges of planning a terrorist act, attempted murder and causing injury in an attempt to cause the death of another. Sidawi has denied all charges.<\/span><\/p>\n<p style=\"text-align: left;\"><span style=\"color: #000080;\">At the same time, police have launched a ballistics test to verify that the shooting was carried out with the gun seized in the taxi. According to an investigation conducted on\u00a0<a style=\"color: #000080;\" href=\"https:\/\/www.jpost.com\/arab-israeli-conflict\/article-714686\" target=\"_blank\" rel=\"noopener noreferrer\">the terrorist,<\/a>\u00a0who worked in welding, he has a criminal record. His Facebook account shows that yesterday he was still interested in a gym in a Jewish neighborhood in the city.<\/span><\/p>\n<p style=\"text-align: left;\"><span style=\"color: #000080;\">In the attack carried out by Sidawi, eight people were injured, two of them in serious condition.<\/span><\/p>\n<p style=\"text-align: left;\"><span style=\"color: #000080;\">According to security officials, &#8220;he felt the pressure on him and his immediate environment&#8221; following the intensifying manhunt by the security forces.<\/span><\/p>\n<p style=\"text-align: left;\"><span style=\"color: #000080;\">&#8220;We raided the house of his brother and sister, we closed all the places he could think of escaping to, including outside the Jerusalem area. The pressure on him resulted in him turning himself in.&#8221; Three members of his family were arrested, including his mother.<\/span><\/p>\n<hr style=\"height: 15px; background: #d0e6fa; width: 100%;\" \/>\n<div id=\"content\" class=\"content-alignment\">\n<div id=\"watch-description\" class=\"yt-uix-button-panel\">\n<div id=\"watch-description-text\" style=\"text-align: center;\">\n<p><em>Zawarto\u015b\u0107 publikowanych artyku\u0142\u00f3w i materia\u0142\u00f3w nie reprezentuje pogl\u0105d\u00f3w ani opinii Reunion&#8217;68,<\/em><em><br \/>\nani te\u017c webmastera Blogu Reunion&#8217;68, chyba ze jest to wyra\u017anie zaznaczone.<br \/>\nTwoje uwagi, linki, w\u0142asne artyku\u0142y lub wiadomo\u015bci prze\u015blij na adres:<br \/>\n<\/em><span style=\"color: #000080;\"><strong><em><a style=\"color: #000080;\" href=\"mailto:webmaster@reunion68.com\"><span style=\"text-decoration: underline;\">webmaster@reunion68.com<\/span><\/a><\/em><\/strong><\/span><\/p>\n<\/div>\n<\/div>\n<\/div>\n<hr style=\"width: 100%;\" \/>\n","protected":false},"excerpt":{"rendered":"<p>Who is the taxi driver who drove Jerusalem terrorist to police? SHLOMI HELLER\/WALLA!, YIFAT ROSENBERG\/WALLA &#8220;They took the weapon and the taxi along with me. Wasn&#8217;t it enough that I lost three hours in the morning?&#8221; said the driver. . A taxi driver collects a passenger near the Jerusalem Bus Station \/ (photo credit: MARC [&hellip;]<\/p>\n","protected":false},"author":1,"featured_media":0,"comment_status":"closed","ping_status":"closed","sticky":false,"template":"","format":"standard","meta":[],"categories":[3],"tags":[26,24],"_links":{"self":[{"href":"https:\/\/www.reunion68.se\/index.php?rest_route=\/wp\/v2\/posts\/97573"}],"collection":[{"href":"https:\/\/www.reunion68.se\/index.php?rest_route=\/wp\/v2\/posts"}],"about":[{"href":"https:\/\/www.reunion68.se\/index.php?rest_route=\/wp\/v2\/types\/post"}],"author":[{"embeddable":true,"href":"https:\/\/www.reunion68.se\/index.php?rest_route=\/wp\/v2\/users\/1"}],"replies":[{"embeddable":true,"href":"https:\/\/www.reunion68.se\/index.php?rest_route=%2Fwp%2Fv2%2Fcomments&post=97573"}],"version-history":[{"count":7,"href":"https:\/\/www.reunion68.se\/index.php?rest_route=\/wp\/v2\/posts\/97573\/revisions"}],"predecessor-version":[{"id":97583,"href":"https:\/\/www.reunion68.se\/index.php?rest_route=\/wp\/v2\/posts\/97573\/revisions\/97583"}],"wp:attachment":[{"href":"https:\/\/www.reunion68.se\/index.php?rest_route=%2Fwp%2Fv2%2Fmedia&parent=97573"}],"wp:term":[{"taxonomy":"category","embeddable":true,"href":"https:\/\/www.reunion68.se\/index.php?rest_route=%2Fwp%2Fv2%2Fcategories&post=97573"},{"taxonomy":"post_tag","embeddable":true,"href":"https:\/\/www.reunion68.se\/index.php?rest_route=%2Fwp%2Fv2%2Ftags&post=97573"}],"curies":[{"name":"wp","href":"https:\/\/api.w.org\/{rel}","templated":true}]}}