{"id":97599,"date":"2022-08-25T17:09:25","date_gmt":"2022-08-25T15:09:25","guid":{"rendered":"http:\/\/www.reunion68.se\/?p=97599"},"modified":"2022-08-16T07:46:53","modified_gmt":"2022-08-16T05:46:53","slug":"24-09-76","status":"publish","type":"post","link":"https:\/\/www.reunion68.se\/?p=97599","title":{"rendered":"\u015amier\u0107 dla &#8220;blu\u017anierc\u00f3w&#8221; w Pakistanie"},"content":{"rendered":"<p style=\"text-align: center;\"><img decoding=\"async\" class=\"aligncenter\" src=\"https:\/\/www.gatestoneinstitute.org\/pics\/3740.jpg\" width=\"100%\"><span style=\"color: #808080;\"><em>4 lipca 2022 r. chrze\u015bcija\u0144ski mechanik, kt\u00f3ry by\u0142 wi\u0119ziony przez ostatnie pi\u0119\u0107 lat, czekaj\u0105c na proces z powodu fa\u0142szywego oskar\u017cenia o &#8220;blu\u017anierstwo&#8221; za rzekome zniewa\u017cenie muzu\u0142ma\u0144skiego proroka Mahometa, zosta\u0142 skazany w s\u0105dzie pakista\u0144skim na \u015bmier\u0107 przez powieszenie. (\u0179r\u00f3d\u0142o: iStock)<\/em><\/span><\/p>\n<hr>\n<h5 style=\"text-align: center;\"><a href=\"https:\/\/pl.gatestoneinstitute.org\" target=\"_blank\" rel=\"noopener noreferrer\"><img decoding=\"async\" class=\"center alignleft\" src=\"https:\/\/pl.gatestoneinstitute.org\/images\/gatestone-logo-1000.gif\" alt=\"\" width=\"50%\"><\/a><span style=\"text-decoration: underline; color: #000080;\"><span><strong><a style=\"color: #000080; text-decoration: underline;\" href=\"https:\/\/pl.gatestoneinstitute.org\/18808\/smierc-bluzniercow-pakistanie\" target=\"_blank\" rel=\"noopener noreferrer\"><br \/>\n\u015amier\u0107 dla &#8220;blu\u017anierc\u00f3w&#8221; w Pakistanie<\/a><\/strong><\/span><\/span><\/h5>\n<p style=\"text-align: center;\"><span style=\"color: #000000;\"><strong>Raymond Ibrahim<br \/>\n<\/strong><span style=\"color: #808080;\">T\u0142umaczenie: <\/span><strong>Ma\u0142gorzata Koraszewska<\/strong><\/span><\/p>\n<hr style=\"height: 15px; background: #d0e6fa; width: 100%;\">\n<p style=\"text-align: left;\"><span style=\"color: #000080;\">Czwartego lipca 2022 r. chrze\u015bcija\u0144ski mechanik, kt\u00f3ry by\u0142 wi\u0119ziony przez ostatnie pi\u0119\u0107 lat, czekaj\u0105c na proces z powodu fa\u0142szywego oskar\u017cenia o &#8220;blu\u017anierstwo&#8221; za rzekome zniewa\u017cenie muzu\u0142ma\u0144skiego proroka Mahometa, zosta\u0142&nbsp;<a style=\"color: #000080;\" href=\"https:\/\/www.churchinchains.ie\/prisoner-profiles\/ashfaq-masih\/\" target=\"_blank\" rel=\"noopener noreferrer\">skazany w s\u0105dzie pakista\u0144skim na \u015bmier\u0107<\/a>&nbsp;przez powieszenie.<\/span><\/p>\n<p style=\"text-align: left;\"><span style=\"color: #000080;\">Pi\u0119\u0107 lat wcze\u015bniej, 5 czerwca 2017 roku, 34-letni Ashfaq Masih wda\u0142 si\u0119 w k\u0142\u00f3tni\u0119 z Muhammadem Naveenem, rywalem, kt\u00f3ry za\u0142o\u017cy\u0142 warsztat mechaniczny w pobli\u017cu Masiha. Wed\u0142ug&nbsp;<a style=\"color: #000080;\" href=\"https:\/\/www.churchinchains.ie\/news-by-country\/south-asia\/pakistan\/pakistan-ashfaq-masih-sentenced-to-death\/\" target=\"_blank\" rel=\"noopener noreferrer\">zezna\u0144 Masiha<\/a>, Muhammad &#8220;by\u0142 zazdrosny, poniewa\u017c m\u00f3j biznes szed\u0142 lepiej&#8221;, a po ich k\u0142\u00f3tni &#8220;grozi\u0142 mi strasznymi konsekwencjami&#8221;. Nast\u0119pnego dnia, 6 czerwca,&nbsp;<a style=\"color: #000080;\" href=\"https:\/\/www.churchinchains.ie\/news-by-country\/south-asia\/pakistan\/pakistan-ashfaq-masih-sentenced-to-death\/\" target=\"_blank\" rel=\"noopener noreferrer\">wed\u0142ug<\/a>&nbsp;Masiha:<\/span><\/p>\n<blockquote>\n<p style=\"text-align: left;\"><strong>&#8220;Muhammad Irfan przyszed\u0142 do mojego sklepu po wywa\u017cenie k\u00f3\u0142 do swojego motocykla. Wywa\u017cy\u0142em ko\u0142a i za\u017c\u0105da\u0142em zap\u0142aty, jaka zosta\u0142a uzgodniona mi\u0119dzy nami. Muhammad Irfan odm\u00f3wi\u0142 mi pieni\u0119dzy i powiedzia\u0142: &#8216;Jestem zwolennikiem Peer Fakhira [muzu\u0142ma\u0144skiego ascety] i nie \u017c\u0105daj ode mnie pieni\u0119dzy&#8217;. Powiedzia\u0142em mu, \u017ce wierz\u0119 w Jezusa Chrystusa i nie wierz\u0119 w Peer Fakhira i prosz\u0119, daj mi moj\u0105 zap\u0142at\u0119&#8221;.<\/strong><\/p>\n<\/blockquote>\n<p style=\"text-align: left;\"><span style=\"color: #000080;\">W tym momencie Muhammad Irfan uda\u0142 si\u0119 \u2013 a mo\u017ce wr\u00f3ci\u0142 \u2013 do konkurencyjnego warsztatu Muhammada Naveeda, a chwil\u0119 p\u00f3\u017aniej wok\u00f3\u0142 warsztatu chrze\u015bcija\u0144skiego uformowa\u0142 si\u0119 muzu\u0142ma\u0144ski t\u0142um.&nbsp;<a style=\"color: #000080;\" href=\"https:\/\/www.churchinchains.ie\/news-by-country\/south-asia\/pakistan\/pakistan-ashfaq-masih-sentenced-to-death\/\" target=\"_blank\" rel=\"noopener noreferrer\">Jak wyja\u015bnia<\/a>&nbsp;Masih:<\/span><\/p>\n<blockquote>\n<p style=\"text-align: left;\"><strong>&#8220;Obaj spiskowali przeciwko mnie i z\u0142o\u017cyli przeciwko mnie fa\u0142szywy FIR [Raport z pierwszego incydentu]. Powiedzia\u0142em policjantowi prawdziw\u0105 histori\u0119, ale nie zapisa\u0142 mojej wersji, a tylko prowadzi\u0142 \u015bledztwo jednostronne. Ani nie wypowiedzia\u0142em \u017cadnego uw\u0142aczaj\u0105cego s\u0142owa przeciwko Prorokowi Mahometowi, ani nawet nie potrafi\u0119 tego pomy\u015ble\u0107&#8221;.<\/strong><\/p>\n<\/blockquote>\n<p style=\"text-align: left;\"><span style=\"color: #000080;\">Wraz z w\u0142a\u015bcicielem konkurencyjnego warsztatu, Muhammadem Naveedem, skar\u017c\u0105cy Muhammad Irfan sk\u0142oni\u0142 tak\u017ce dw\u00f3ch innych muzu\u0142man\u00f3w \u2013 Muhammada Nawaza i Muhammada Tahira \u2013 do k\u0142amstwa i&nbsp;<a style=\"color: #000080;\" href=\"https:\/\/morningstarnews.org\/2017\/06\/christian-father-2-year-old-pakistan-jailed-flimsy-blasphemy-charge-brother-says\/\" target=\"_blank\" rel=\"noopener noreferrer\">powiedzenia<\/a>&nbsp;policji, \u017ce &#8220;s\u0142yszeli, jak Masih wypowiada obra\u017aliwe s\u0142owa przeciwko muzu\u0142ma\u0144skiemu prorokowi&#8221;, mimo \u017ce \u017caden z nich nie by\u0142 obecny podczas k\u0142\u00f3tni mi\u0119dzy Irfanem i Masihem.<\/span><\/p>\n<p style=\"text-align: left;\"><span style=\"color: #000080;\">Masih zosta\u0142 oskar\u017cony na podstawie paragrafu 295-C pakista\u0144skiego kodeksu karnego, kt\u00f3ry&nbsp;<a style=\"color: #000080;\" href=\"https:\/\/www.amnesty.org\/en\/wp-content\/uploads\/2021\/06\/asa330091991en.pdf\" target=\"_blank\" rel=\"noopener noreferrer\">stanowi<\/a>:<\/span><\/p>\n<blockquote>\n<p style=\"text-align: left;\"><strong>&#8220;Ktokolwiek s\u0142owami, wypowiadanymi lub pisanymi, lub obrazowymi, lub przez jakiekolwiek przypisanie, aluzj\u0119 lub insynuacj\u0119, bezpo\u015brednio lub po\u015brednio, zbezcze\u015bci \u015bwi\u0119te imi\u0119 \u015awi\u0119tego Proroka Mahometa (niech pok\u00f3j b\u0119dzie z nim), zostanie ukarany \u015bmierci\u0105, lub do\u017cywotnio pozbawiony wolno\u015bci, a tak\u017ce podlega grzywnie&#8221;.<\/strong><\/p>\n<\/blockquote>\n<p style=\"text-align: left;\"><span style=\"color: #000080;\">Problem z tym prawem polega nie tyle na tym, \u017ce wyrok jest ekstremalny i nieodwo\u0142alny, ile raczej na tym, \u017ce muzu\u0142manie regularnie go wykorzystuj\u0105 do rozwi\u0105zywania osobistych uraz\u00f3w wobec niemuzu\u0142ma\u0144skich mniejszo\u015bci w Pakistanie. Faktem jest, \u017ce niemuzu\u0142ma\u0144skie mniejszo\u015bci w Pakistanie, g\u0142\u00f3wnie chrze\u015bcijanie i hindusi, wiedz\u0105 doskonale, \u017ce lepiej nie m\u00f3wi\u0107 czegokolwiek, co mo\u017cna by b\u0142\u0119dnie zinterpretowa\u0107 jako obra\u017aliwe, o muzu\u0142ma\u0144skim proroku \u2013 dobrze znaj\u0105 straszne konsekwencje. Od m\u0142odo\u015bci uczy si\u0119 ich, aby okazywa\u0107 jedynie&nbsp;<a style=\"color: #000080;\" href=\"https:\/\/www.thefridaytimes.com\/2022\/03\/15\/for-christians-living-in-rural-punjab-it-is-best-to-abandon-the-holy-cross-and-biblical-names\/\" target=\"_blank\" rel=\"noopener noreferrer\">szacunek<\/a>&nbsp;prorokowi islamu. To jednak nie powstrzymuje muzu\u0142man\u00f3w przed fa\u0142szywym oskar\u017ceniem tych &#8220;niewiernych&#8221;, z kt\u00f3rymi maj\u0105 jak\u0105kolwiek sprzeczk\u0119, o rzekome obra\u017canie Mahometa.<\/span><\/p>\n<p style=\"text-align: left;\"><span style=\"color: #000080;\">Amnesty International odnotowa\u0142a t\u0119 dynamik\u0119 w&nbsp;<a style=\"color: #000080;\" href=\"https:\/\/www.amnesty.org\/en\/documents\/asa33\/008\/1994\/en\/\" target=\"_blank\" rel=\"noopener noreferrer\">raporcie<\/a>&nbsp;sporz\u0105dzonym prawie trzydzie\u015bci lat temu w 1994 roku:<\/span><\/p>\n<blockquote>\n<p style=\"text-align: left;\"><strong>&#8220;[We] wszystkich sprawach znanych Amnesty International zarzuty blu\u017anierstwa [w Pakistanie] wydaj\u0105 si\u0119 by\u0107 postawione arbitralnie, oparte wy\u0142\u0105cznie na wyznaniu religii mniejszo\u015bciowej poszczeg\u00f3lnych os\u00f3b&#8230;&nbsp;<i>Dost\u0119pne dowody we wszystkich tych sprawach sugeruj\u0105, \u017ce postawiono zarzuty w celu zastraszenia i ukarania cz\u0142onk\u00f3w mniejszo\u015bciowych wsp\u00f3lnot religijnych (&#8230;) wrogo\u015b\u0107 wobec grup mniejszo\u015bci religijnych w wielu przypadkach wydawa\u0142a si\u0119 by\u0107 spot\u0119gowana osobist\u0105 wrogo\u015bci\u0105, rywalizacj\u0105 zawodow\u0105 lub ekonomiczn\u0105 lub ch\u0119ci\u0105 uzyskania korzy\u015bci politycznej<\/i>. W konsekwencji Amnesty International dosz\u0142a do wniosku, \u017ce wi\u0119kszo\u015b\u0107 os\u00f3b, kt\u00f3rym obecnie postawiono zarzuty blu\u017anierstwa lub skazano na podstawie takich zarzut\u00f3w, to wi\u0119\u017aniowie sumienia, przetrzymywani wy\u0142\u0105cznie za ich prawdziwe lub domniemane przekonania religijne z naruszeniem ich prawa do wolno\u015bci my\u015bli, sumienia i religii [podkre\u015blenie dodane]&#8221;.<\/strong><\/p>\n<\/blockquote>\n<p style=\"text-align: left;\"><span style=\"color: #000080;\">Sugestia, \u017ce je\u015bli chodzi o sprawy o blu\u017anierstwo, w pakista\u0144skich salach s\u0105dowych odbywaj\u0105 si\u0119 pokazowe procesy kangurowe, wydaje si\u0119 by\u0107 adekwatnym opisem niedawnego procesu Ashfaqa Masiha. Pomimo tego, \u017ce chrze\u015bcijanie w Pakistanie wiedz\u0105, \u017ce musz\u0105 by\u0107 bardzo ostro\u017cni w m\u00f3wieniu&nbsp;<i>czegokolwiek<\/i>, co mog\u0142oby zosta\u0107 b\u0142\u0119dnie zinterpretowane jako obraza Mahometa, prokuratura&nbsp;<a style=\"color: #000080;\" href=\"https:\/\/www.churchinchains.ie\/news-by-country\/south-asia\/pakistan\/pakistan-ashfaq-masih-sentenced-to-death\/\" target=\"_blank\" rel=\"noopener noreferrer\">o\u015bwiadczy\u0142a<\/a>&nbsp;:<\/span><\/p>\n<blockquote>\n<p style=\"text-align: left;\"><strong>&#8220;15 czerwca 2017 r. o godzinie 12.00 oskar\u017cony Ashfaq Masih, siedz\u0105c w warsztacie, wypowiada\u0142 blu\u017aniercze s\u0142owa o Proroku Mahomecie i powiedzia\u0142 s\u0142owa, kt\u00f3rych nie mo\u017cna powt\u00f3rzy\u0107&#8221;.<\/strong><\/p>\n<\/blockquote>\n<p style=\"text-align: left;\"><span style=\"color: #000080;\">Muzu\u0142ma\u0144ski s\u0119dzia przewodnicz\u0105cy tej sprawie, Chalid Wazir, posun\u0105\u0142 si\u0119 nawet do&nbsp;<a style=\"color: #000080;\" href=\"https:\/\/www.churchinchains.ie\/news-by-country\/south-asia\/pakistan\/pakistan-ashfaq-masih-sentenced-to-death\/\" target=\"_blank\" rel=\"noopener noreferrer\">stwierdzenia<\/a>&nbsp;, \u017ce &#8220;nie mo\u017cna uwierzy\u0107, \u017ceby muzu\u0142manin wymy\u015bli histori\u0119 w tej sprawie&#8221;, jednocze\u015bnie opisuj\u0105c dowody przedstawione przez zesp\u00f3\u0142 obrony Masiha jako &#8220;niewiarygodne&#8221;. Tak wi\u0119c 4 lipca 2022 Chalid&nbsp;<a style=\"color: #000080;\" href=\"https:\/\/www.churchinchains.ie\/news-by-country\/south-asia\/pakistan\/pakistan-ashfaq-masih-sentenced-to-death\/\" target=\"_blank\" rel=\"noopener noreferrer\">og\u0142osi\u0142<\/a>, \u017ce 34-letni chrze\u015bcijanin, kt\u00f3ry ma \u017con\u0119 i ma\u0142\u0105 c\u00f3rk\u0119, ma zosta\u0107 &#8220;powieszony za szyj\u0119 a\u017c do \u015bmierci, pod warunkiem zatwierdzenia przez Szlachetny S\u0105d Najwy\u017cszy&#8221;.<\/span><\/p>\n<p style=\"text-align: left;\"><span style=\"color: #000080;\">Bior\u0105c pod uwag\u0119, \u017ce Masih cierpia\u0142 ju\u017c przez ostatnich pi\u0119\u0107 lat w wi\u0119zieniu, jego rodzina by\u0142a przera\u017cona, gdy s\u0119dzia wyda\u0142 wyrok \u015bmierci. Nie pozwolono mu zobaczy\u0107 si\u0119 z matk\u0105, kt\u00f3ra zmar\u0142a w 2019 roku, poniewa\u017c by\u0142 za kratkami.&nbsp;<a style=\"color: #000080;\" href=\"https:\/\/www.gulf-insider.com\/christian-mechanic-in-pakistan-gets-death-for-blasphemy\/\" target=\"_blank\" rel=\"noopener noreferrer\">Od tego czasu<\/a>&nbsp;&#8220;sprawa by\u0142a wiele razy odraczana, zmieniano harmonogram, s\u0119dzia by\u0142 nieobecny, nie stawia\u0142 si\u0119 \u015bwiadek, a nawet nie zarejestrowa\u0142 si\u0119 adwokat skar\u017c\u0105cego&#8221;.<\/span><\/p>\n<p style=\"text-align: left;\"><span style=\"color: #000080;\"><a style=\"color: #000080;\" href=\"https:\/\/www.churchinchains.ie\/news-by-country\/south-asia\/pakistan\/pakistan-ashfaq-masih-sentenced-to-death\/\" target=\"_blank\" rel=\"noopener noreferrer\">Wed\u0142ug<\/a>&nbsp;starszego brata Masiha, Mehmooda:<\/span><\/p>\n<blockquote>\n<p style=\"text-align: left;\"><strong>&#8220;Nag\u0142y wyrok mnie oszo\u0142omi\u0142 i nie wiedzia\u0142em, co robi\u0107. Ledwo si\u0119 zebra\u0142em, wyszed\u0142em z sali s\u0105dowej i zacz\u0105\u0142em p\u0142aka\u0107, bo to by\u0142 dla mnie koniec \u015bwiata. Pobieg\u0142em do domu i poinformowa\u0142em rodzin\u0119. Moja \u017cona i dzieci te\u017c zacz\u0119\u0142y p\u0142aka\u0107. W miar\u0119 rozchodzenia si\u0119 wiadomo\u015bci moi krewni zacz\u0119li nas odwiedza\u0107, aby nas pocieszy\u0107, ale nie by\u0142o mi \u0142atwo, poniewa\u017c Masih jest moim jedynym bratem i bardzo go kocham&#8221;.<\/strong><\/p>\n<\/blockquote>\n<p style=\"text-align: left;\"><span style=\"color: #000080;\">Omawiaj\u0105c ten wyrok, Nasir Saeed, dyrektor Centre for Legal Aid Assistance and Settlement, organizacji charytatywnej wspieraj\u0105cej prze\u015bladowanych chrze\u015bcijan w Pakistanie,&nbsp;<a style=\"color: #000080;\" href=\"https:\/\/www.claas.org.uk\/2022\/07\/07\/christian-man-sentenced-to-death-for-blasphemy\/\" target=\"_blank\" rel=\"noopener noreferrer\">powiedzia\u0142<\/a>, \u017ce wyrok by\u0142 &#8220;bardzo smutny, ale oczekiwany&#8221;. Doda\u0142:<\/span><\/p>\n<blockquote>\n<p style=\"text-align: left;\"><strong>&#8220;Nie pami\u0119tam \u017cadnej sprawy, w kt\u00f3rej s\u0105d ni\u017cszej instancji zdecydowa\u0142 si\u0119 na zwolnienie za kaucj\u0105 lub uniewinnienie os\u00f3b oskar\u017conych na podstawie prawa o blu\u017anierstwie. S\u0119dziowie maj\u0105 \u015bwiadomo\u015b\u0107, \u017ce takie sprawy s\u0105 wnoszone w celu ukarania i za\u0142atwienia osobistych uraz\u00f3w z przeciwnikami, zw\u0142aszcza wobec chrze\u015bcijan. Pod naciskiem grup islamskich, s\u0119dziowie s\u0105d\u00f3w ni\u017cszych instancji bardzo niech\u0119tnie uwalniaj\u0105 ofiary, ale podejmuj\u0105 popularne decyzje, aby ratowa\u0107 w\u0142asn\u0105 sk\u00f3r\u0119 i przenosi\u0107 odpowiedzialno\u015b\u0107 na s\u0105d najwy\u017cszy. Sprawa Masiha by\u0142a bardzo jasna \u2013 w\u0142a\u015bciciel konkurencyjnego warsztatu chcia\u0142 go usun\u0105\u0107, a Naveed by\u0142 rywalem biznesowym, kt\u00f3ry wpl\u0105ta\u0142 go w spraw\u0119 fa\u0142szywego blu\u017anierstwa. Jest niewinny i sp\u0119dzi\u0142 ju\u017c pi\u0119\u0107 lat w wi\u0119zieniu za przest\u0119pstwo, kt\u00f3rego nigdy nie pope\u0142ni\u0142&#8221;.<\/strong><\/p>\n<\/blockquote>\n<p style=\"text-align: left;\"><span style=\"color: #000080;\">Sprawa Masiha jest teraz co najmniej trzecim tego rodzaju wyrokiem \u015bmierci od pocz\u0105tku tego roku.<\/span><\/p>\n<p style=\"text-align: left;\"><span style=\"color: #000080;\">W lutym 2022 roku 58-letni Zafar Bhatti \u2013 inny chrze\u015bcijanin, kt\u00f3ry odbywa\u0142 kar\u0119 do\u017cywotniego wi\u0119zienia na podstawie fa\u0142szywego oskar\u017cenia o blu\u017anierstwo przeciw Mahometowi \u2013 zosta\u0142&nbsp;<a style=\"color: #000080;\" href=\"https:\/\/www.christiantoday.com\/article\/christian.man.sentenced.to.death.in.pakistan.on.blasphemy.charges\/138002.htm\" target=\"_blank\" rel=\"noopener noreferrer\">skazany na \u015bmier\u0107<\/a>.<\/span><\/p>\n<p style=\"text-align: left;\"><span style=\"color: #000080;\">W styczniu 2022 r. Aneeqa Atteeq, muzu\u0142manka, zosta\u0142a&nbsp;<a style=\"color: #000080;\" href=\"https:\/\/www.newsweek.com\/pakistani-woman-sentenced-death-over-whatsapp-messages-1671324\" target=\"_blank\" rel=\"noopener noreferrer\">skazana na \u015bmier\u0107<\/a>&nbsp;po tym, jak pakista\u0144ski s\u0105d uzna\u0142 j\u0105 winn\u0105 zniewa\u017cenia Mahometa w wiadomo\u015bciach tekstowych, kt\u00f3re wys\u0142a\u0142a do m\u0119\u017cczyzny za po\u015brednictwem WhatsApp. Zaoferowa\u0142a bardziej prawdopodobne, je\u015bli nie prozaiczne wyja\u015bnienie: m\u0119\u017cczyzna, kt\u00f3ry j\u0105 zg\u0142osi\u0142, &#8220;m\u015bci\u0142 si\u0119&#8221; na niej, poniewa\u017c odrzuci\u0142a jego zaloty.<\/span><\/p>\n<p style=\"text-align: left;\"><span style=\"color: #000080;\">Cho\u0107 straszne jest zosta\u0107 oskar\u017conym o blu\u017anierstwo w pakista\u0144skiej sali s\u0105dowej, jeszcze gorzej jest wpa\u015b\u0107 w r\u0119ce pakista\u0144skiego mot\u0142ochu.&nbsp;<a style=\"color: #000080;\" href=\"https:\/\/tribune.com.pk\/story\/433305\/crss-report-52-murdered-in-two-decades-over-blasphemy\" target=\"_blank\" rel=\"noopener noreferrer\">Raport<\/a>&nbsp;sprzed dziesi\u0119ciu lat wykaza\u0142, \u017ce w Pakistanie tylko w latach 1990\u20132012 &#8220;pi\u0119\u0107dziesi\u0105t dwie osoby oskar\u017cone o blu\u017anierstwo zosta\u0142y zamordowane przez t\u0142um&#8221;.<\/span><\/p>\n<p style=\"text-align: left;\"><span style=\"color: #000080;\">Niedawno, w marcu 2022 roku, muzu\u0142manka i jej dwie siostrzenice zabi\u0142y Safoor\u0119 Bibi, podrzynaj\u0105c&nbsp;<a style=\"color: #000080;\" href=\"https:\/\/www.dailymail.co.uk\/news\/article-10667329\/Teacher-killed-relative-DREAMT-insulted-Prophet-Mohammed-Pakistan.html\" target=\"_blank\" rel=\"noopener noreferrer\">jej gard\u0142o<\/a>, po tym, jak krewna trzech morderczy\u0144 tylko&nbsp;<i>\u015bni\u0142a<\/i>, \u017ce Bibi blu\u017ani\u0142a przeciwko Mahometowi.<\/span><\/p>\n<p style=\"text-align: left;\"><span style=\"color: #000080;\">W lutym 2022 r. muzu\u0142ma\u0144ski t\u0142um ukamienowa\u0142 upo\u015bledzonego umys\u0142owo m\u0119\u017cczyzn\u0119&nbsp;<a style=\"color: #000080;\" href=\"https:\/\/www.dailymail.co.uk\/news\/article-10507597\/Man-accused-blasphemy-stoned-death-mob-Pakistan.html\" target=\"_blank\" rel=\"noopener noreferrer\">po<\/a>&nbsp;tym, jak pojawi\u0142a si\u0119&nbsp;<i>plotka<\/i>, \u017ce spali\u0142 egzemplarz Koranu.<\/span><\/p>\n<p style=\"text-align: left;\"><span style=\"color: #000080;\">W grudniu 2021 r. t\u0142um napad\u0142 na fabryk\u0119,&nbsp;<a style=\"color: #000080;\" href=\"https:\/\/www.christiantoday.com\/article\/christian.man.sentenced.to.death.in.pakistan.on.blasphemy.charges\/138002.htm\" target=\"_blank\" rel=\"noopener noreferrer\">zamordowa\u0142<\/a>, a nast\u0119pnie spali\u0142 cia\u0142o m\u0119\u017cczyzny ze Sri Lanki, pod&nbsp;<i>wp\u0142ywem plotek<\/i>, \u017ce blu\u017ani\u0142 Mahometowi. Przynajmniej wygl\u0105da na to, \u017ce t\u0142um zabi\u0142 go przed spaleniem jego cia\u0142a, w przeciwie\u0144stwie do m\u0142odej pary chrze\u015bcija\u0144skiej, kt\u00f3r\u0105 inny pakista\u0144ski t\u0142um&nbsp;<a style=\"color: #000080;\" href=\"https:\/\/www.nbcnews.com\/news\/world\/pakistani-christians-burned-alive-were-attacked-1-200-people-kin-n243386\" target=\"_blank\" rel=\"noopener noreferrer\">spali\u0142 \u017cywcem<\/a>&nbsp;w 2015 r. na podstawie&nbsp;<i>plotki<\/i>, \u017ce obrazili islam.<\/span><\/p>\n<p style=\"text-align: left;\"><span style=\"color: #000080;\">Ten niewyobra\u017calny spos\u00f3b mordowania rzekomych &#8220;blu\u017anierc\u00f3w&#8221; mo\u017cna by\u0142o ostatnio zobaczy\u0107 w Nigerii. Dwa miesi\u0105ce temu grupa student\u00f3w uniwersytetu&nbsp;<a style=\"color: #000080;\" href=\"https:\/\/morningstarnews.org\/2022\/05\/christian-student-in-sokoto-nigeria-stoned-to-death\/\" target=\"_blank\" rel=\"noopener noreferrer\">ukamienowa\u0142a<\/a>&nbsp;i spali\u0142a Debor\u0119 Emmanuel, chrze\u015bcija\u0144sk\u0105 studentk\u0119, kt\u00f3ra wcze\u015bniej odrzuci\u0142a zaloty seksualne muzu\u0142manina. Zem\u015bci\u0142 si\u0119, g\u0142o\u015bno twierdz\u0105c, \u017ce blu\u017ani\u0142a Mahometowi, prorokowi islamu. Wkr\u00f3tce utworzy\u0142 si\u0119 mot\u0142och i zamordowa\u0142 j\u0105.<\/span><\/p>\n<p style=\"text-align: left;\"><span style=\"color: #000080;\">Opresyjne &#8220;prawa dotycz\u0105ce blu\u017anierstwa&#8221; nie ograniczaj\u0105 si\u0119 do jednego kraju ani nie s\u0105 produktem jednego kraju. Niestety s\u0105 one produktami ubocznymi islamu. Wyst\u0119puj\u0105 nie tylko w ca\u0142ym \u015bwiecie islamskim (na przyk\u0142ad w&nbsp;<a style=\"color: #000080;\" href=\"https:\/\/www.msn.com\/en-my\/news\/other\/indonesia-nightlife-chain-holywings-accused-of-blasphemy-after-using-muhammad-in-marketing-campaign\/ar-AAYOCMc\" target=\"_blank\" rel=\"noopener noreferrer\">Indonezji<\/a>,&nbsp;<a style=\"color: #000080;\" href=\"https:\/\/ifpnews.com\/iran-faezeh-hashemi-rafsanjani-indicted\/\" target=\"_blank\" rel=\"noopener noreferrer\">Iranie<\/a>,&nbsp;<a style=\"color: #000080;\" href=\"https:\/\/www.nst.com.my\/news\/crime-courts\/2022\/07\/812337\/strip-act-woman-nabbed-remanded-three-days-updated\" target=\"_blank\" rel=\"noopener noreferrer\">Malezji<\/a>,&nbsp;<a style=\"color: #000080;\" href=\"https:\/\/english.alaraby.co.uk\/news\/outcry-oman-two-activists-jailed-blasphemy\" target=\"_blank\" rel=\"noopener noreferrer\">Omanie<\/a>&nbsp;i&nbsp;<a style=\"color: #000080;\" href=\"https:\/\/www.thedailystar.net\/news\/bangladesh\/crime-justice\/news\/teacher-jail-family-fear-2999611\" target=\"_blank\" rel=\"noopener noreferrer\">Bangladeszu)<\/a>, ale zacz\u0119\u0142y rozprzestrzenia\u0107 si\u0119 na kraje zachodnie \u2013 do&nbsp;<a style=\"color: #000080;\" href=\"https:\/\/www.euronews.com\/2022\/03\/22\/yvan-colonna-calls-for-calm-after-corsican-nationalist-dies-from-prison-attack\" target=\"_blank\" rel=\"noopener noreferrer\">Francji<\/a>&nbsp;i&nbsp;<a style=\"color: #000080;\" href=\"https:\/\/www.fdesouche.com\/2022\/05\/09\/espagne-arrestation-de-5-djihadistes-pakistanais-affilies-au-tlp\/\" target=\"_blank\" rel=\"noopener noreferrer\">Hiszpanii<\/a>.<\/span><\/p>\n<p style=\"text-align: left;\"><span style=\"color: #000080;\"><a style=\"color: #000080;\" href=\"https:\/\/www.persecution.org\/2022\/05\/16\/islamic-cleric-defends-killing-christian-student-kill\/\" target=\"_blank\" rel=\"noopener noreferrer\">&#8220;Kiedy obra\u017casz proroka&#8221;, powiadomi\u0142<\/a>&nbsp;nas wszystkich muzu\u0142ma\u0144ski duchowny Yello Babo, kt\u00f3ry broni\u0142 ukamienowania i spalenia Debory Emmanuel przez t\u0142um w Nigerii, &#8220;stajemy si\u0119 szale\u0144cami&#8230; Ka\u017cdy, kto obra\u017ca proroka, \u017cadnej [s\u0105dowej] kary \u2013 po prostu zabij!&#8221;<\/span><\/p>\n<hr style=\"height: 15px; background: #d0e6fa; width: 100%;\">\n<div id=\"content\" class=\"content-alignment\">\n<div id=\"watch-description\" class=\"yt-uix-button-panel\">\n<div id=\"watch-description-text\" style=\"text-align: center;\">\n<p><em>Zawarto\u015b\u0107 publikowanych artyku\u0142\u00f3w i materia\u0142\u00f3w nie reprezentuje pogl\u0105d\u00f3w ani opinii Reunion&#8217;68,<\/em><em><br \/>\nani te\u017c webmastera Blogu Reunion&#8217;68, chyba ze jest to wyra\u017anie zaznaczone.<br \/>\nTwoje uwagi, linki, w\u0142asne artyku\u0142y lub wiadomo\u015bci prze\u015blij na adres:<br \/>\n<\/em><span style=\"color: #000080;\"><strong><em><a style=\"color: #000080;\" href=\"mailto:webmaster@reunion68.com\"><span style=\"text-decoration: underline;\">webmaster@reunion68.com<\/span><\/a><\/em><\/strong><\/span><\/p>\n<\/div>\n<\/div>\n<\/div>\n<hr style=\"width: 100%;\">\n","protected":false},"excerpt":{"rendered":"<p>4 lipca 2022 r. chrze\u015bcija\u0144ski mechanik, kt\u00f3ry by\u0142 wi\u0119ziony przez ostatnie pi\u0119\u0107 lat, czekaj\u0105c na proces z powodu fa\u0142szywego oskar\u017cenia o &#8220;blu\u017anierstwo&#8221; za rzekome zniewa\u017cenie muzu\u0142ma\u0144skiego proroka Mahometa, zosta\u0142 skazany w s\u0105dzie pakista\u0144skim na \u015bmier\u0107 przez powieszenie. (\u0179r\u00f3d\u0142o: iStock) \u015amier\u0107 dla &#8220;blu\u017anierc\u00f3w&#8221; w Pakistanie Raymond Ibrahim T\u0142umaczenie: Ma\u0142gorzata Koraszewska Czwartego lipca 2022 r. chrze\u015bcija\u0144ski mechanik, [&hellip;]<\/p>\n","protected":false},"author":1,"featured_media":0,"comment_status":"closed","ping_status":"closed","sticky":false,"template":"","format":"standard","meta":[],"categories":[6],"tags":[26,24],"_links":{"self":[{"href":"https:\/\/www.reunion68.se\/index.php?rest_route=\/wp\/v2\/posts\/97599"}],"collection":[{"href":"https:\/\/www.reunion68.se\/index.php?rest_route=\/wp\/v2\/posts"}],"about":[{"href":"https:\/\/www.reunion68.se\/index.php?rest_route=\/wp\/v2\/types\/post"}],"author":[{"embeddable":true,"href":"https:\/\/www.reunion68.se\/index.php?rest_route=\/wp\/v2\/users\/1"}],"replies":[{"embeddable":true,"href":"https:\/\/www.reunion68.se\/index.php?rest_route=%2Fwp%2Fv2%2Fcomments&post=97599"}],"version-history":[{"count":6,"href":"https:\/\/www.reunion68.se\/index.php?rest_route=\/wp\/v2\/posts\/97599\/revisions"}],"predecessor-version":[{"id":97628,"href":"https:\/\/www.reunion68.se\/index.php?rest_route=\/wp\/v2\/posts\/97599\/revisions\/97628"}],"wp:attachment":[{"href":"https:\/\/www.reunion68.se\/index.php?rest_route=%2Fwp%2Fv2%2Fmedia&parent=97599"}],"wp:term":[{"taxonomy":"category","embeddable":true,"href":"https:\/\/www.reunion68.se\/index.php?rest_route=%2Fwp%2Fv2%2Fcategories&post=97599"},{"taxonomy":"post_tag","embeddable":true,"href":"https:\/\/www.reunion68.se\/index.php?rest_route=%2Fwp%2Fv2%2Ftags&post=97599"}],"curies":[{"name":"wp","href":"https:\/\/api.w.org\/{rel}","templated":true}]}}