{"id":97681,"date":"2022-08-27T17:09:43","date_gmt":"2022-08-27T15:09:43","guid":{"rendered":"http:\/\/www.reunion68.se\/?p=97681"},"modified":"2022-08-18T07:17:57","modified_gmt":"2022-08-18T05:17:57","slug":"27-09-76","status":"publish","type":"post","link":"https:\/\/www.reunion68.se\/?p=97681","title":{"rendered":"Odkrywanie \u017cydowskiego dziedzictwa. Relacja z seminarium edukacyjnego dla nauczycieli z Izraela"},"content":{"rendered":"<p><img decoding=\"async\" src=\"https:\/\/www.jhi.pl\/storage\/image\/core_files\/2021\/1\/4\/dc409bbfd765032572fe7e72e35c47f6\/jpg\/jhi\/header\/JHI_thumbnail_1.webp\" width=\"100%\"><\/p>\n<hr>\n<h5 style=\"text-align: center;\"><a href=\"https:\/\/www.jhi.pl\/\" target=\"_blank\" rel=\"noopener noreferrer\"><img decoding=\"async\" class=\"center alignleft\" src=\"http:\/\/www.reunion68.com\/Biuletyn\/img\/zih-1.png\" alt=\"\" width=\"35%\"><\/a><span style=\"text-decoration: underline; color: #000080;\"><span style=\"text-decoration: underline;\"><strong><a style=\"color: #000080; text-decoration: underline;\" href=\"https:\/\/www.jhi.pl\/artykuly\/relacja-z-seminarium-dla-nauczycieli-z-izraela,6007\" target=\"_blank\" rel=\"noopener noreferrer\">Odkrywanie \u017cydowskiego dziedzictwa. Relacja z seminarium edukacyjnego dla nauczycieli z Izraela<\/a><\/strong><\/span><\/span><\/h5>\n<p style=\"text-align: center;\"><span style=\"color: #000000;\"><strong><span class=\"authors_item-title\"><b>Olga Szyma\u0144ska<\/b><\/span><\/strong><\/span><\/p>\n<hr style=\"height: 15px; background: #d0e6fa; width: 100%;\">\n<div class=\"news_header\">\n<div class=\"data\">\n<div class=\"authors\">\n<div class=\"authors_item\" style=\"text-align: left;\"><span style=\"color: #000080;\">Dwa tygodnie od rozpocz\u0119cia cyklu seminari\u00f3w dla izraelskich nauczycieli, przewodnik\u00f3w i archiwist\u00f3w w Tel Awiwie, spotkali\u015bmy si\u0119 w Warszawie w ramach drugiej cz\u0119\u015bci szkolenia. Czterodniowy maraton wyk\u0142ad\u00f3w, warsztat\u00f3w i spacer\u00f3w trwa\u0142 od 26 do 29 lipca 2022 roku.<\/span><\/div>\n<div>.<\/div>\n<\/div>\n<\/div>\n<\/div>\n<div class=\"news-details__top-thumb\" style=\"text-align: center;\"><picture class=\"image no-zoom\"><source srcset=\"https:\/\/www.jhi.pl\/storage\/image\/core_files\/2022\/8\/9\/73fc1e0af808104346f17bd2a258364e\/jpg\/jhi\/normal_big\/Seminarium%20dla%20nauczycieli%20z%20Izraela,%20fot.%20Grzegorz%20Kwolek%20(\u017bIH)%20(49).jpg\" media=\"(max-width: 600px)\"><source srcset=\"https:\/\/www.jhi.pl\/storage\/image\/core_files\/2022\/8\/9\/73fc1e0af808104346f17bd2a258364e\/jpg\/jhi\/normal_big\/Seminarium%20dla%20nauczycieli%20z%20Izraela,%20fot.%20Grzegorz%20Kwolek%20(\u017bIH)%20(49).webp\" type=\"image\/webp\" media=\"(max-width: 600px)\"><source srcset=\"https:\/\/www.jhi.pl\/storage\/image\/core_files\/2022\/8\/9\/73fc1e0af808104346f17bd2a258364e\/jpg\/jhi\/normal_big\/Seminarium%20dla%20nauczycieli%20z%20Izraela,%20fot.%20Grzegorz%20Kwolek%20(\u017bIH)%20(49).jpg\" media=\"(max-width: 1024px)\"><source srcset=\"https:\/\/www.jhi.pl\/storage\/image\/core_files\/2022\/8\/9\/73fc1e0af808104346f17bd2a258364e\/jpg\/jhi\/normal_big\/Seminarium%20dla%20nauczycieli%20z%20Izraela,%20fot.%20Grzegorz%20Kwolek%20(\u017bIH)%20(49).webp\" type=\"image\/webp\" media=\"(max-width: 1024px)\"><source srcset=\"https:\/\/www.jhi.pl\/storage\/image\/core_files\/2022\/8\/9\/73fc1e0af808104346f17bd2a258364e\/jpg\/jhi\/normal_big\/Seminarium%20dla%20nauczycieli%20z%20Izraela,%20fot.%20Grzegorz%20Kwolek%20(\u017bIH)%20(49).webp\" type=\"image\/webp\"><img decoding=\"async\" class=\"aligncenter\" src=\"https:\/\/www.jhi.pl\/storage\/image\/core_files\/2022\/8\/9\/73fc1e0af808104346f17bd2a258364e\/jpg\/jhi\/normal_big\/Seminarium%20dla%20nauczycieli%20z%20Izraela,%20fot.%20Grzegorz%20Kwolek%20(%C5%BBIH)%20(49).jpg\" alt=\"Seminarium dla nauczycieli z Izraela, fot. Grzegorz Kwolek (\u017bIH) (49).jpg\" width=\"100%\" data-title=\"\"><\/picture><span style=\"color: #808080;\"><em>Fot. Grzegorz Kwolek (\u017bIH)<\/em><\/span><\/div>\n<div class=\"news_content\">\n<div class=\"content-view clearfix\">\n<p><strong>&nbsp;<\/strong><\/p>\n<p style=\"text-align: left;\"><span style=\"color: #000080;\">Przy powitaniu Dyrektor \u017bydowskiego Instytutu Historycznego Monika Krawczyk wyrazi\u0142a nadziej\u0119, \u017ce lepsze poznanie historii budynku na T\u0142omackiem 3\/5, specyfiki pracy poszczeg\u00f3lnych dzia\u0142\u00f3w, a przede wszystkim nawi\u0105zanie znajomo\u015bci z pracownikami Instytutu sprawi, \u017ce wszyscy b\u0119d\u0105 czuli si\u0119 w \u017bIH jak w domu. Wizyt\u0119 rozpocz\u0119li\u015bmy od zwiedzenia wystawy sta\u0142ej o tw\u00f3rcach i dokumentach Podziemnego Archiwum Getta Warszawskiego \u2013 \u201eCzego nie mogli\u015bmy wykrzycze\u0107 \u015bwiatu\u201d, po kt\u00f3rej oprowadza\u0142a Olga Szyma\u0144ska z Dzia\u0142u Edukacji. By\u0142a to okazja do zaprezentowania metody interpretacji dziedzictwa stanowi\u0105c\u0105 o\u015b narracji edukator\u00f3w i przewodnik\u00f3w \u017bIH.<\/span><\/p>\n<div class=\"images left horizontal large\">\n<div class=\"row\">\n<div class=\"column item\"><a class=\"image \" title=\"\" href=\"https:\/\/www.jhi.pl\/storage\/image\/core_files\/2022\/8\/9\/5a53f03d9f8598708f4b1d70fda90cf9\/jpg\/jhi\/preview\/Seminarium%20dla%20nauczycieli%20z%20Izraela,%20fot.%20Grzegorz%20Kwolek%20(%C5%BBIH)%20(13).jpg\" target=\"\" rel=\"lightbox noopener noreferrer\"><img decoding=\"async\" class=\"aligncenter\" src=\"https:\/\/www.jhi.pl\/storage\/image\/core_files\/2022\/8\/9\/5a53f03d9f8598708f4b1d70fda90cf9\/jpg\/jhi\/large\/Seminarium%20dla%20nauczycieli%20z%20Izraela,%20fot.%20Grzegorz%20Kwolek%20(%C5%BBIH)%20(13).jpg\" alt=\"Seminarium dla nauczycieli z Izraela, fot. Grzegorz Kwolek (\u017bIH) (13).jpg\" width=\"100%\" data-title=\"\"><\/a><\/p>\n<hr>\n<p><a class=\"image \" title=\"\" href=\"https:\/\/www.jhi.pl\/storage\/image\/core_files\/2022\/8\/9\/bb489c6c7d95c496ece95b93be46f8b7\/jpg\/jhi\/preview\/Seminarium%20dla%20nauczycieli%20z%20Izraela,%20fot.%20Grzegorz%20Kwolek%20(%C5%BBIH)%20(24).jpg\" target=\"\" rel=\"lightbox noopener noreferrer\"><img decoding=\"async\" class=\"aligncenter\" src=\"https:\/\/www.jhi.pl\/storage\/image\/core_files\/2022\/8\/9\/bb489c6c7d95c496ece95b93be46f8b7\/jpg\/jhi\/large\/Seminarium%20dla%20nauczycieli%20z%20Izraela,%20fot.%20Grzegorz%20Kwolek%20(%C5%BBIH)%20(24).jpg\" alt=\"Seminarium dla nauczycieli z Izraela, fot. Grzegorz Kwolek (\u017bIH) (24).jpg\" width=\"100%\" data-title=\"\"><\/a><\/p>\n<\/div>\n<div class=\"column item\">\n<hr>\n<p><a class=\"image \" title=\"\" href=\"https:\/\/www.jhi.pl\/storage\/image\/core_files\/2022\/8\/9\/06fdca6fe3e780bb0f8265eda29585d0\/jpg\/jhi\/preview\/Seminarium%20dla%20nauczycieli%20z%20Izraela,%20fot.%20Grzegorz%20Kwolek%20(%C5%BBIH)%20(36).jpg\" target=\"\" rel=\"lightbox noopener noreferrer\"><br \/>\n<img decoding=\"async\" class=\"aligncenter\" src=\"https:\/\/www.jhi.pl\/storage\/image\/core_files\/2022\/8\/9\/06fdca6fe3e780bb0f8265eda29585d0\/jpg\/jhi\/large\/Seminarium%20dla%20nauczycieli%20z%20Izraela,%20fot.%20Grzegorz%20Kwolek%20(%C5%BBIH)%20(36).jpg\" alt=\"Seminarium dla nauczycieli z Izraela, fot. Grzegorz Kwolek (\u017bIH) (36).jpg\" width=\"100%\" data-title=\"\"><\/a><\/p>\n<hr>\n<\/div>\n<div class=\"column item\"><a class=\"image \" title=\"\" href=\"https:\/\/www.jhi.pl\/storage\/image\/core_files\/2022\/8\/9\/9b77a95447e99f4838ef7ec2be6608eb\/jpg\/jhi\/preview\/Seminarium%20dla%20nauczycieli%20z%20Izraela,%20fot.%20Grzegorz%20Kwolek%20(%C5%BBIH)%20(22).jpg\" target=\"\" rel=\"lightbox noopener noreferrer\"><img decoding=\"async\" class=\"aligncenter\" src=\"https:\/\/www.jhi.pl\/storage\/image\/core_files\/2022\/8\/9\/9b77a95447e99f4838ef7ec2be6608eb\/jpg\/jhi\/large\/Seminarium%20dla%20nauczycieli%20z%20Izraela,%20fot.%20Grzegorz%20Kwolek%20(%C5%BBIH)%20(22).jpg\" alt=\"Seminarium dla nauczycieli z Izraela, fot. Grzegorz Kwolek (\u017bIH) (22).jpg\" width=\"100%\" data-title=\"\"><\/a><\/p>\n<hr>\n<\/div>\n<div class=\"column item\"><a class=\"image \" title=\"\" href=\"https:\/\/www.jhi.pl\/storage\/image\/core_files\/2022\/8\/9\/17197e8f29dc0b818f68122bd97b7959\/jpg\/jhi\/preview\/Seminarium%20dla%20nauczycieli%20z%20Izraela,%20fot.%20Grzegorz%20Kwolek%20(%C5%BBIH)%20(43).jpg\" target=\"\" rel=\"lightbox noopener noreferrer\"><img decoding=\"async\" class=\"aligncenter\" src=\"https:\/\/www.jhi.pl\/storage\/image\/core_files\/2022\/8\/9\/17197e8f29dc0b818f68122bd97b7959\/jpg\/jhi\/large\/Seminarium%20dla%20nauczycieli%20z%20Izraela,%20fot.%20Grzegorz%20Kwolek%20(%C5%BBIH)%20(43).jpg\" alt=\"Seminarium dla nauczycieli z Izraela, fot. Grzegorz Kwolek (\u017bIH) (43).jpg\" width=\"100%\" data-title=\"\"><\/a><\/p>\n<hr>\n<\/div>\n<div><\/div>\n<div class=\"column item\"><a class=\"image \" title=\"\" href=\"https:\/\/www.jhi.pl\/storage\/image\/core_files\/2022\/8\/9\/7b26d95fc6ee7ab827cbbc6a4d4ddfb2\/jpg\/jhi\/preview\/Seminarium%20dla%20nauczycieli%20z%20Izraela,%20fot.%20Grzegorz%20Kwolek%20(%C5%BBIH)%20(44).jpg\" target=\"\" rel=\"lightbox noopener noreferrer\"><img decoding=\"async\" class=\"aligncenter\" src=\"https:\/\/www.jhi.pl\/storage\/image\/core_files\/2022\/8\/9\/7b26d95fc6ee7ab827cbbc6a4d4ddfb2\/jpg\/jhi\/large\/Seminarium%20dla%20nauczycieli%20z%20Izraela,%20fot.%20Grzegorz%20Kwolek%20(%C5%BBIH)%20(44).jpg\" alt=\"Seminarium dla nauczycieli z Izraela, fot. Grzegorz Kwolek (\u017bIH) (44).jpg\" width=\"100%\" data-title=\"\"><\/a><\/p>\n<hr>\n<\/div>\n<div class=\"column item\"><a class=\"image \" title=\"\" href=\"https:\/\/www.jhi.pl\/storage\/image\/core_files\/2022\/8\/9\/0b429921d01706edbce33ac05147aac2\/jpg\/jhi\/preview\/Seminarium%20dla%20nauczycieli%20z%20Izraela,%20fot.%20Grzegorz%20Kwolek%20(%C5%BBIH)%20(35).jpg\" target=\"\" rel=\"lightbox noopener noreferrer\"><img decoding=\"async\" class=\"aligncenter\" src=\"https:\/\/www.jhi.pl\/storage\/image\/core_files\/2022\/8\/9\/0b429921d01706edbce33ac05147aac2\/jpg\/jhi\/large\/Seminarium%20dla%20nauczycieli%20z%20Izraela,%20fot.%20Grzegorz%20Kwolek%20(%C5%BBIH)%20(35).jpg\" alt=\"Seminarium dla nauczycieli z Izraela, fot. Grzegorz Kwolek (\u017bIH) (35).jpg\" width=\"100%\" data-title=\"\"><\/a><\/p>\n<hr>\n<\/div>\n<div class=\"column item\"><a class=\"image \" title=\"\" href=\"https:\/\/www.jhi.pl\/storage\/image\/core_files\/2022\/8\/9\/dba719d69392e6ade391a6570ad9822b\/jpg\/jhi\/preview\/Seminarium%20dla%20nauczycieli%20z%20Izraela,%20fot.%20Grzegorz%20Kwolek%20(%C5%BBIH)%20(50).jpg\" target=\"\" rel=\"lightbox noopener noreferrer\"><img decoding=\"async\" class=\"aligncenter\" src=\"https:\/\/www.jhi.pl\/storage\/image\/core_files\/2022\/8\/9\/dba719d69392e6ade391a6570ad9822b\/jpg\/jhi\/large\/Seminarium%20dla%20nauczycieli%20z%20Izraela,%20fot.%20Grzegorz%20Kwolek%20(%C5%BBIH)%20(50).jpg\" alt=\"Seminarium dla nauczycieli z Izraela, fot. Grzegorz Kwolek (\u017bIH) (50).jpg\" width=\"100%\" data-title=\"\"><\/a><\/p>\n<hr>\n<\/div>\n<div class=\"column item\"><a class=\"image \" title=\"\" href=\"https:\/\/www.jhi.pl\/storage\/image\/core_files\/2022\/8\/9\/fe0ba225e5e9987a9e0042d2027f6902\/jpg\/jhi\/preview\/Seminarium%20dla%20nauczycieli%20z%20Izraela,%20fot.%20Grzegorz%20Kwolek%20(%C5%BBIH)%20(52).jpg\" target=\"\" rel=\"lightbox noopener noreferrer\"><img decoding=\"async\" class=\"aligncenter\" src=\"https:\/\/www.jhi.pl\/storage\/image\/core_files\/2022\/8\/9\/fe0ba225e5e9987a9e0042d2027f6902\/jpg\/jhi\/large\/Seminarium%20dla%20nauczycieli%20z%20Izraela,%20fot.%20Grzegorz%20Kwolek%20(%C5%BBIH)%20(52).jpg\" alt=\"Seminarium dla nauczycieli z Izraela, fot. Grzegorz Kwolek (\u017bIH) (52).jpg\" width=\"100%\" data-title=\"\"><\/a><\/p>\n<hr>\n<\/div>\n<div class=\"column item\"><a class=\"image \" title=\"\" href=\"https:\/\/www.jhi.pl\/storage\/image\/core_files\/2022\/8\/9\/46417b0f915dd469163d7e3b2d55ca07\/jpg\/jhi\/preview\/Seminarium%20dla%20nauczycieli%20z%20Izraela,%20fot.%20Grzegorz%20Kwolek%20(%C5%BBIH)%20(55).jpg\" target=\"\" rel=\"lightbox noopener noreferrer\"><img decoding=\"async\" class=\"aligncenter\" src=\"https:\/\/www.jhi.pl\/storage\/image\/core_files\/2022\/8\/9\/46417b0f915dd469163d7e3b2d55ca07\/jpg\/jhi\/large\/Seminarium%20dla%20nauczycieli%20z%20Izraela,%20fot.%20Grzegorz%20Kwolek%20(%C5%BBIH)%20(55).jpg\" alt=\"Seminarium dla nauczycieli z Izraela, fot. Grzegorz Kwolek (\u017bIH) (55).jpg\" width=\"100%\" data-title=\"\"><\/a><\/p>\n<hr>\n<\/div>\n<div class=\"column item\" style=\"text-align: center;\"><img decoding=\"async\" class=\"aligncenter\" src=\"https:\/\/www.jhi.pl\/storage\/image\/core_files\/2022\/8\/9\/348f031061dfb7c6a126b1456ef380a9\/jpg\/jhi\/large\/Seminarium%20dla%20nauczycieli%20z%20Izraela,%20fot.%20Grzegorz%20Kwolek%20(%C5%BBIH)%20(57).jpg\" alt=\"Seminarium dla nauczycieli z Izraela, fot. Grzegorz Kwolek (\u017bIH) (57).jpg\" width=\"100%\" data-title=\"\"><span style=\"color: #808080;\"><em>Fot. Grzegorz Kwolek (\u017bIH)<\/em><\/span><\/div>\n<\/div>\n<\/div>\n<p style=\"text-align: left;\"><span style=\"color: #000080;\">Nasz\u0105 ofert\u0119 edukacyjn\u0105 skierowan\u0105 do m\u0142odzie\u017cy i doros\u0142ych przedstawi\u0142 kierownik Dzia\u0142u Edukacji dr Bartosz Borys. Podkre\u015bli\u0142&nbsp;<em>genius loci&nbsp;<\/em>T\u0142omackie 3\/5, stanowi\u0105cy punkt wyj\u015bcia do opowie\u015bci nie tylko o Zag\u0142adzie \u017byd\u00f3w, lecz r\u00f3wnie\u017c o ich wielowiekowej obecno\u015bci w Warszawie i Polsce. Podczas spaceru \u201eNiezatarte \u015blady getta\u201d uczestnicy zobaczyli takie wyj\u0105tkowe dla dziej\u00f3w \u201edzielnicy zamkni\u0119tej\u201d adresy, jak dawne Leszno 13 (siedziba Urz\u0119du do Walki z Lichw\u0105 i Spekulacj\u0105, obecnie al. \u201eSolidarno\u015bci\u201d 93), nieistniej\u0105ce Leszno 18 (adres Emanuela Ringelbluma) oraz siedzib\u0119 teatru Femina (dawne Leszno 35, obecnie al. \u201eSolidarno\u015bci\u201d 115). Odwiedzili upami\u0119tnienie&nbsp;<span style=\"text-decoration: underline;\"><strong><a style=\"color: #000080; text-decoration: underline;\" href=\"https:\/\/www.jhi.pl\/artykuly\/26-stycznia-1942-most-nad-chlodna,2289\">k\u0142adki nad ulic\u0105 Ch\u0142odn\u0105<\/a><\/strong><\/span>&nbsp;i zobaczyli jedne z nielicznych osta\u0144c\u00f3w zabudowy getta \u2013 kamienice przy ulicy Walic\u00f3w.<\/span><\/p>\n<p style=\"text-align: left;\"><span style=\"color: #000080;\">Drugiego dnia uczestnicy seminarium zwiedzili wystaw\u0119 czasow\u0105 \u201e<span style=\"text-decoration: underline;\"><strong><a style=\"color: #000080; text-decoration: underline;\" href=\"https:\/\/www.jhi.pl\/wystawy\/tanczacy-1944-mieczyslaw-wejman-wystawa-czasowa,324\">Ta\u0144cz\u0105cy 1944. Mieczys\u0142aw Wejman<\/a>\u201d<\/strong><\/span> z dr. Bartoszem Borysem, a kurator z Dzia\u0142u Sztuki Micha\u0142 Krasicki opowiedzia\u0142 o kolekcji zbior\u00f3w malarstwa i rze\u017aby nale\u017c\u0105cej do \u017bIH, sposobach, w jaki artefakty trafia\u0142y do Instytutu, pracy konserwator\u00f3w, historyk\u00f3w sztuki i Dzia\u0142u Digitalizacji. Agnieszka Reszka, kierowniczka Archiwum, pokaza\u0142a oryginalne dokumenty z kolekcji Instytutu i wyja\u015bni\u0142a, jak korzysta\u0107 z naszej bazy danych. O tym, jak w Polsce dbamy o synagogi, cmentarze i inne zabytki \u017cydowskiego dziedzictwa materialnego, opowiedzia\u0142a dyrektor Monika Krawczyk. Wskaza\u0142a r\u00f3wnie\u017c, jakie kroki prawne i inne dzia\u0142ania nale\u017cy podj\u0105\u0107, aby ocali\u0107 to, co jeszcze pozosta\u0142o.<\/span><\/p>\n<p style=\"text-align: left;\"><span style=\"color: #000080;\">Podczas spaceru z dr. Bartoszem Borysem \u201eImpresja o Dzielnicy P\u00f3\u0142nocnej\u201d uczestnicy odwiedzili miejsca kluczowe dla pami\u0119ci o powstaniu w getcie warszawskim, takie jak kopiec Anielewicza na Mi\u0142ej 18, miejsce \u015bmierci przyw\u00f3dc\u00f3w \u017bydowskiej Organizacji Bojowej. Obejrzeli tak\u017ce wykopaliska archeologiczne prowadzone przez Muzeum Getta Warszawskiego w s\u0105siedztwie Mi\u0142ej 18.<\/span><\/p>\n<p style=\"text-align: left;\"><span style=\"color: #000080;\">Ostatniego dnia dr hab. Katarzyna Person (Dzia\u0142 Naukowy) opowiedzia\u0142a o wielkiej akcji deportacyjnej z warszawskiego getta, a dr Bartosz Borys o dokumentach z obozu zag\u0142ady w Treblince znajduj\u0105cych si\u0119 w naszych zbiorach dzi\u0119ki archiwistom i dokumentalistom z konspiracyjnej grupy Oneg Szabat. Po po\u0142udniu Olga Szyma\u0144ska zabra\u0142a grup\u0119 na zwiedzanie cmentarza \u017cydowskiego przy ulicy Okopowej w Warszawie, by ukaza\u0107 \u0142\u0105czno\u015b\u0107 tradycji trzech cmentarzy \u017byd\u00f3w warszawskich \u2013 poza Okopow\u0105 tak\u017ce nieistniej\u0105cej ju\u017c \u015bredniowiecznej nekropolii, zlokalizowanej prawdopodobnie w rejonie wsp\u00f3\u0142czesnej ulicy Karowej i cmentarza praskiego na Br\u00f3dnie. Uczestnicy odwiedzili gr\u00f3b Bera Sonnenberga \u2013 syna&nbsp;<a style=\"color: #000080;\" href=\"https:\/\/delet.jhi.pl\/pl\/psj?articleId=14463\" target=\"_blank\" rel=\"noopener noreferrer\">Szmula Zbytkowera<\/a>&nbsp;(za\u0142o\u017cyciela praskiego rodu) i masowy gr\u00f3b ofiar warszawskiego getta oraz dowiedzieli si\u0119, co \u0142\u0105czy Ester Rachel Kami\u0144sk\u0105 i \u201edrug\u0105 tr\u0105bk\u0119 \u015bwiata\u201d, czyli Eddiego Rosnera.<\/span><\/p>\n<p style=\"text-align: left;\"><span style=\"color: #000080;\">O kolekcji fotografii w Archiwum Ringelbluma opowiedzia\u0142a w ostatnim wyk\u0142adzie dr Agnieszka Kajczyk, kierowniczka Dzia\u0142u Dokumentacji Dziedzictwa. Ukaza\u0142a szerok\u0105 panoram\u0119 mo\u017cliwo\u015bci analizy fotografii robionych w getcie, r\u00f3wnie\u017c tych robionych przez Niemc\u00f3w. R\u00f3\u017cnice mi\u0119dzy spojrzeniem sprawcy i obserwatora, nierzadko wi\u0119\u017ania getta, szczeg\u00f3lnie dobitnie wida\u0107 na przyk\u0142adzie zdj\u0119\u0107 robionym dzieciom.<\/span><\/p>\n<p style=\"text-align: left;\"><span style=\"color: #000080;\">Na zako\u0144czenie seminarium uczestnicy otrzymali dyplomy, podzielili si\u0119 wra\u017ceniami i opowiedzieli o swoich planach na przysz\u0142o\u015b\u0107. Do zobaczenia za rok w Tel Awiwie!<\/span><\/p>\n<p style=\"text-align: left;\"><span style=\"color: #000080;\">Projekt \u201ePodziemne Archiwum Getta Warszawy &#8211; seminarium edukacyjne o losie polskich \u017byd\u00f3w w czasie II wojny \u015bwiatowej skierowane do izraelskich nauczycieli i przewodnik\u00f3w wycieczek edukacyjnych do Polski\u201d jest organizowany przez \u017bydowski Instytut Historyczny we wsp\u00f3\u0142pracy z Instytutem Polskim w Tel Awiwie i Moreshet, Anielevich Memorial \u2013 Centre for Holocaust Education and Research i dofinansowany ze \u015brodk\u00f3w&nbsp;<span style=\"text-decoration: underline;\"><strong><a style=\"color: #000080; text-decoration: underline;\" href=\"https:\/\/www.gov.pl\/web\/kultura\" target=\"_blank\" rel=\"noopener noreferrer\">Ministra Kultury i Dziedzictwa Narodowego<\/a><\/strong><\/span>&nbsp;w ramach programu \u201eKultura Inspiruj\u0105ca\u201d na lata 2022-2023.<\/span><\/p>\n<p><img decoding=\"async\" class=\"aligncenter\" src=\"https:\/\/www.jhi.pl\/storage\/image\/core_files\/2021\/11\/30\/4f9c59b58e2fbf630436ae51e82faaad\/png\/jhi\/preview\/MKiDN_kolor_od_11.2021.png\" alt=\"MKiDN_kolor_od_11.2021.png [64.32 KB]\" width=\"150\"><\/p>\n<\/div>\n<\/div>\n<hr style=\"height: 15px; background: #d0e6fa; width: 100%;\">\n<div id=\"content\" class=\"content-alignment\">\n<div id=\"watch-description\" class=\"yt-uix-button-panel\">\n<div id=\"watch-description-text\" style=\"text-align: center;\">\n<p><em>Zawarto\u015b\u0107 publikowanych artyku\u0142\u00f3w i materia\u0142\u00f3w nie reprezentuje pogl\u0105d\u00f3w ani opinii Reunion&#8217;68,<\/em><em><br \/>\nani te\u017c webmastera Blogu Reunion&#8217;68, chyba ze jest to wyra\u017anie zaznaczone.<br \/>\nTwoje uwagi, linki, w\u0142asne artyku\u0142y lub wiadomo\u015bci prze\u015blij na adres:<br \/>\n<\/em><span style=\"color: #000080;\"><strong><em><a style=\"color: #000080;\" href=\"mailto:webmaster@reunion68.com\"><span style=\"text-decoration: underline;\">webmaster@reunion68.com<\/span><\/a><\/em><\/strong><\/span><\/p>\n<\/div>\n<\/div>\n<\/div>\n<hr style=\"width: 100%;\">\n","protected":false},"excerpt":{"rendered":"<p>Odkrywanie \u017cydowskiego dziedzictwa. Relacja z seminarium edukacyjnego dla nauczycieli z Izraela Olga Szyma\u0144ska Dwa tygodnie od rozpocz\u0119cia cyklu seminari\u00f3w dla izraelskich nauczycieli, przewodnik\u00f3w i archiwist\u00f3w w Tel Awiwie, spotkali\u015bmy si\u0119 w Warszawie w ramach drugiej cz\u0119\u015bci szkolenia. Czterodniowy maraton wyk\u0142ad\u00f3w, warsztat\u00f3w i spacer\u00f3w trwa\u0142 od 26 do 29 lipca 2022 roku. . Fot. Grzegorz Kwolek [&hellip;]<\/p>\n","protected":false},"author":1,"featured_media":0,"comment_status":"closed","ping_status":"closed","sticky":false,"template":"","format":"standard","meta":[],"categories":[6],"tags":[26,24],"_links":{"self":[{"href":"https:\/\/www.reunion68.se\/index.php?rest_route=\/wp\/v2\/posts\/97681"}],"collection":[{"href":"https:\/\/www.reunion68.se\/index.php?rest_route=\/wp\/v2\/posts"}],"about":[{"href":"https:\/\/www.reunion68.se\/index.php?rest_route=\/wp\/v2\/types\/post"}],"author":[{"embeddable":true,"href":"https:\/\/www.reunion68.se\/index.php?rest_route=\/wp\/v2\/users\/1"}],"replies":[{"embeddable":true,"href":"https:\/\/www.reunion68.se\/index.php?rest_route=%2Fwp%2Fv2%2Fcomments&post=97681"}],"version-history":[{"count":11,"href":"https:\/\/www.reunion68.se\/index.php?rest_route=\/wp\/v2\/posts\/97681\/revisions"}],"predecessor-version":[{"id":97941,"href":"https:\/\/www.reunion68.se\/index.php?rest_route=\/wp\/v2\/posts\/97681\/revisions\/97941"}],"wp:attachment":[{"href":"https:\/\/www.reunion68.se\/index.php?rest_route=%2Fwp%2Fv2%2Fmedia&parent=97681"}],"wp:term":[{"taxonomy":"category","embeddable":true,"href":"https:\/\/www.reunion68.se\/index.php?rest_route=%2Fwp%2Fv2%2Fcategories&post=97681"},{"taxonomy":"post_tag","embeddable":true,"href":"https:\/\/www.reunion68.se\/index.php?rest_route=%2Fwp%2Fv2%2Ftags&post=97681"}],"curies":[{"name":"wp","href":"https:\/\/api.w.org\/{rel}","templated":true}]}}