{"id":97795,"date":"2022-09-10T17:05:12","date_gmt":"2022-09-10T15:05:12","guid":{"rendered":"http:\/\/www.reunion68.se\/?p=97795"},"modified":"2022-08-31T06:54:03","modified_gmt":"2022-08-31T04:54:03","slug":"31-05-42","status":"publish","type":"post","link":"https:\/\/www.reunion68.se\/?p=97795","title":{"rendered":"All Together Now"},"content":{"rendered":"<h5 style=\"text-align: center;\"><a href=\"https:\/\/www.tabletmag.com\/\" target=\"_blank\" rel=\"noopener noreferrer\"><img decoding=\"async\" class=\"center alignleft\" src=\"http:\/\/www.reunion68.com\/Biuletyn\/img\/tablet-1.png\" alt=\"\" width=\"35%\"><\/a><span style=\"text-decoration: underline; color: #000080;\"><strong><a style=\"color: #000080; text-decoration: underline;\" href=\"https:\/\/www.tabletmag.com\/sections\/community\/articles\/all-together-now-melbourne-arts-quarter\" target=\"_blank\" rel=\"noopener noreferrer\">All Together Now<\/a><\/strong><\/span><\/h5>\n<p style=\"text-align: center;\"><span style=\"color: #000000;\"><strong>NOMI KALTMANN<\/strong><\/span><\/p>\n<hr style=\"height: 15px; background: #d0e6fa; width: 100%;\">\n<h4 style=\"text-align: center;\"><span style=\"color: #808080;\"><strong>In Melbourne, a massive project aims to bring Jewish organizations, museums, communal groups, and restaurants to a new, one-stop destination<\/strong><\/span>.<\/h4>\n<p style=\"text-align: center;\">.<br \/>\n<img decoding=\"async\" class=\"aligncenter\" src=\"https:\/\/tablet-mag-images.b-cdn.net\/production\/8c187d89abdf80faf321bd32489b363f636ef9bc-1551x2000.jpg?w=1250&amp;q=70&amp;auto=format&amp;dpr=1\" width=\"100%\"><span style=\"color: #808080;\"><em>TABLET MAGAZINE<\/em><\/span><\/p>\n<p>.<\/p>\n<p style=\"text-align: left;\"><span style=\"color: #000080;\"><strong>M<\/strong>elbourne, Australia, is home to a vibrant Jewish community. More than 60 synagogues, 10 Jewish day schools, and a dozen kosher restaurants serve some 60,000 Jews, from <span style=\"text-decoration: underline;\"><strong><a style=\"color: #000080; text-decoration: underline;\" href=\"https:\/\/www.facebook.com\/JewishLabourBund\/\">Bundist<\/a><\/strong><\/span>&nbsp;to&nbsp;<span style=\"text-decoration: underline;\"><strong><a style=\"color: #000080; text-decoration: underline;\" href=\"http:\/\/skhs.org.au\/SKHSchurches\/adass_israel_congregation.htm\">ultra-Orthodox<\/a><\/strong><\/span>. There\u2019s a lively&nbsp;<span style=\"text-decoration: underline;\"><strong><a style=\"color: #000080; text-decoration: underline;\" href=\"https:\/\/www.tabletmag.com\/sections\/community\/articles\/yiddish-thrives-in-melbourne\">Yiddish scene<\/a><\/strong><\/span>&nbsp;and an eclectic Jewish arts scene, including a&nbsp;<span style=\"text-decoration: underline;\"><strong><a style=\"color: #000080; text-decoration: underline;\" href=\"https:\/\/www.jiff.com.au\/\">Jewish film festival<\/a><\/strong><\/span>, a&nbsp;<span style=\"text-decoration: underline;\"><strong><a style=\"color: #000080; text-decoration: underline;\" href=\"https:\/\/www.facebook.com\/Melbourne-Jewish-Comedy-Festival-794007733965870\/\">Jewish comedy festival<\/a><\/strong><\/span>, a&nbsp;<span style=\"text-decoration: underline;\"><strong><a style=\"color: #000080; text-decoration: underline;\" href=\"https:\/\/melbournejewishbookweek.com.au\/\">festival of Jewish books<\/a><\/strong><\/span>, and a&nbsp;<span style=\"text-decoration: underline;\"><strong><a style=\"color: #000080; text-decoration: underline;\" href=\"https:\/\/www.fojam.com\/\">festival of Jewish arts and music<\/a><\/strong><\/span>.<\/span><\/p>\n<div class=\"ArticleView__content-switch bradford text-article-body-md font-300 mxauto\">\n<div class=\"BlockContent col-12 lg:col-10 xl-wide:col-8 mxauto\" style=\"text-align: left;\"><\/div>\n<div class=\"BlockContent col-12 lg:col-10 xl-wide:col-8 mxauto\" style=\"text-align: left;\">\n<p><span style=\"color: #000080;\">Each of these Jewish cultural organizations and festivals currently operates independently, often with a small number of staff and volunteers. However, if one of the most ambitious building infrastructure projects in Australia\u2019s history can get off the ground, things in Melbourne may soon be changing.<\/span><\/p>\n<\/div>\n<div class=\"BlockContent col-12 lg:col-10 xl-wide:col-8 mxauto\" style=\"text-align: left;\"><\/div>\n<div class=\"BlockContent col-12 lg:col-10 xl-wide:col-8 mxauto\" style=\"text-align: left;\">\n<p><span style=\"color: #000080;\">The proposed Jewish Arts Quarter (JAQ) will create a new, one-stop arts and cultural destination in Melbourne. With an estimated $40 million price tag, the project is centered around the creation of a hub that will include museums, education facilities, food, festivals, and open public spaces. Anchored by the Holocaust Museum, the Kadimah Jewish Cultural Centre and National Library, and the Jewish Museum of Australia, the JAQ will host Jewish theater productions and performances, art exhibitions, street busking, and literary events as well as lectures, film nights, and street festivals.<\/span><\/p>\n<\/div>\n<div class=\"BlockContent col-12 lg:col-10 xl-wide:col-8 mxauto\" style=\"text-align: left;\"><\/div>\n<div class=\"BlockContent col-12 lg:col-10 xl-wide:col-8 mxauto\" style=\"text-align: left;\">\n<p><span style=\"color: #000080;\">JAQ will be centred in the suburb of Elsternwick, which has a large Jewish population, and is one of three main Jewish suburbs in Melbourne. Elsternwick already has some Jewish infrastructure, but to date, many buildings have been underutilized, with some sitting on land worth millions of dollars that are only being used five to six hours per week.<\/span><\/p>\n<\/div>\n<div class=\"BlockContent col-12 lg:col-10 xl-wide:col-8 mxauto\" style=\"text-align: left;\"><\/div>\n<div class=\"BlockContent col-12 lg:col-10 xl-wide:col-8 mxauto\" style=\"text-align: left;\">\n<p><span style=\"color: #000080;\">\u201cAt the moment,&nbsp;many&nbsp;people in our community don\u2019t fully appreciate our facilities because they don\u2019t go there,\u201d said Joe Tigel, a&nbsp;director&nbsp;of JAQ, who is also the president of&nbsp;Kadimah&nbsp;Jewish Cultural Centre and National Library. \u201cWhen we raised the idea of JAQ with [the local suburban] council, they were excited. The suburban council is looking for&nbsp;evocative spaces and better ways of attending&nbsp;without everyone having to drive everywhere. The council thought&nbsp;it would be great for us to build a great gathering place while preserving culture. We know if we get this right, people will come&nbsp;in&nbsp;from the margins to participate.\u201d<\/span><\/p>\n<\/div>\n<div class=\"BlockContent col-12 lg:col-10 xl-wide:col-8 mxauto\" style=\"text-align: left;\"><\/div>\n<div class=\"BlockContent col-12 lg:col-10 xl-wide:col-8 mxauto\" style=\"text-align: left;\">\n<p><span style=\"color: #000080;\">The construction of the JAQ will take place in two phases, with phase one relocating the Jewish Museum of Australia to 7 Selwyn St. in Elsternwick, so that it shares a building with the Kadimah Jewish Cultural Centre and National Library, which has been located in Elsternwick since the 1960s. This phase will involve selling off assets of the Jewish Museum from the space it has occupied since 1995, and rebuilding Kadimah to include both institutions in one combined, refurbished building. As a result of this move, the Jewish Museum will double in size, and Kadimah will have a new performing arts space.<\/span><\/p>\n<\/div>\n<div class=\"BlockContent col-12 lg:col-10 xl-wide:col-8 mxauto\" style=\"text-align: left;\"><\/div>\n<div class=\"BlockContent col-12 lg:col-10 xl-wide:col-8 mxauto\" style=\"text-align: left;\">\n<p><span style=\"color: #000080;\">Next door to this new joint museum will be a refurbished Holocaust Museum, which has been located in Elsternwick since 1984 and, independent of the JAQ project, is currently undergoing major renovations. These facilities will cater for increased capacity for educational and communal programs.<\/span><\/p>\n<\/div>\n<div class=\"BlockContent col-12 lg:col-10 xl-wide:col-8 mxauto\" style=\"text-align: left;\"><\/div>\n<div class=\"BlockContent col-12 lg:col-10 xl-wide:col-8 mxauto\" style=\"text-align: left;\">\n<p><span style=\"color: #000080;\">The new combined site \u201cwill be transformed into a purpose built, multi-use facility\u2014the epicenter for Jewish arts, culture and life in Melbourne,\u201d said Kylie Appel, the head of engagement at JAQ.&nbsp;\u201dJAQ will increase participation and allow both organizations to reimagine the future of arts and culture in a new state of the art facility to cater for the growing demands and needs of the community.\u201d<\/span><\/p>\n<\/div>\n<div class=\"BlockContent col-12 lg:col-10 xl-wide:col-8 mxauto\" style=\"text-align: left;\"><\/div>\n<div class=\"BlockContent col-12 lg:col-10 xl-wide:col-8 mxauto\">\n<p style=\"text-align: left;\"><span style=\"color: #000080;\">Phase two of the project will involve the creation of new restaurants and cafes (some of them kosher) as well as the establishment of a coworking and performing-arts spaces in the streets surrounding the newly refurbished museums. All the organizations that are part of JAQ will continue to remain independent, but the hope is that the proximity of so many organizations and the combination of two museums next door to a refurbished Holocaust Museum will lead to a great deal more collaboration, resource sharing, and joint programs.<\/span><\/p>\n<\/div>\n<p style=\"text-align: center;\"><img decoding=\"async\" class=\"Img pointer absolute t0 r0 l0 w100 aligncenter\" src=\"https:\/\/tablet-mag-images.b-cdn.net\/production\/f2657d9d3c37cbcd4bb9c69fd25c0a1ed8d02c0f-3000x2000.jpg?w=1200&amp;q=70&amp;auto=format&amp;dpr=1\" sizes=\"(maxWidth: 768px) 768px, (maxWidth: 1080px) 1200px, 1200px\" srcset=\"https:\/\/tablet-mag-images.b-cdn.net\/production\/f2657d9d3c37cbcd4bb9c69fd25c0a1ed8d02c0f-3000x2000.jpg?w=768&amp;q=70&amp;auto=format&amp;dpr=1 768w,https:\/\/tablet-mag-images.b-cdn.net\/production\/f2657d9d3c37cbcd4bb9c69fd25c0a1ed8d02c0f-3000x2000.jpg?w=1200&amp;q=70&amp;auto=format&amp;dpr=1 1200w,https:\/\/tablet-mag-images.b-cdn.net\/production\/f2657d9d3c37cbcd4bb9c69fd25c0a1ed8d02c0f-3000x2000.jpg?w=1200&amp;q=70&amp;auto=format&amp;dpr=1 1200w\" alt=\"An exterior rendering of the proposed Jewish Arts Quarter in Elsternwick, Melbourne\" width=\"100%\"><span style=\"color: #808080;\"><em><span class=\"InsetImg__caption color-gray-darkest text-article-details-xs font-300\">An exterior rendering of the proposed Jewish Arts Quarter in Elsternwick, Melbourne<\/span><span class=\"InsetImg__credit ml_5 color-gray text-article-details-xxs font-300 uppercase\">COURTESY JAQ<\/span><\/em><\/span><\/p>\n<\/div>\n<div class=\"BlockContent col-12 lg:col-10 xl-wide:col-8 mxauto\">\n<p style=\"text-align: left;\"><span style=\"color: #000080;\">\u201cIt\u2019s not just about a building, we are&nbsp;creating great spaces for our community and beyond\u201d&nbsp;said Tigel. \u201cWhen we started this project [about five years ago], we had a vision that&nbsp;you&nbsp;don\u2019t&nbsp;need&nbsp;a ticket to something in order to come to visit JAQ. If we do this right, we will have an environment where people will want&nbsp;to come and&nbsp;be there. That\u2019s a vision that takes&nbsp;belief&nbsp;and discipline.\u201d<\/span><\/p>\n<\/div>\n<div class=\"BlockContent col-12 lg:col-10 xl-wide:col-8 mxauto\" style=\"text-align: left;\"><\/div>\n<div class=\"BlockContent col-12 lg:col-10 xl-wide:col-8 mxauto\" style=\"text-align: left;\">\n<p><span style=\"color: #000080;\">So far, the Jewish Arts Quarter has enthusiastic support from the local city council for phase one, as well support from the state and federal government. The state of Victoria, where Melbourne is located, has pledged 5 million Australian dollars. JAQ also has backing from one of Australia\u2019s wealthiest philanthropic families, the Gandels, who have committed a generous grant from their foundation to support phase one of the JAQ infrastructure plan. In addition to these funds, the team at JAQ is looking to raise in excess of AU$30 million through a mix of community fundraising and philanthropy.<\/span><\/p>\n<\/div>\n<div class=\"BlockContent col-12 lg:col-10 xl-wide:col-8 mxauto\" style=\"text-align: left;\"><\/div>\n<div class=\"BlockContent col-12 lg:col-10 xl-wide:col-8 mxauto\" style=\"text-align: left;\">\n<p><span style=\"color: #000080;\">The hope is that similar to other ambitious projects like the&nbsp;<span style=\"text-decoration: underline;\"><strong><a style=\"color: #000080; text-decoration: underline;\" href=\"https:\/\/www.jw3.org.uk\/\">JW3 in London<\/a><\/strong><\/span>&nbsp;or the&nbsp;<span style=\"text-decoration: underline;\"><strong><a style=\"color: #000080; text-decoration: underline;\" href=\"https:\/\/srcentre.ca\/\">Schwartz\/Reisman Centre<\/a><\/strong><\/span>&nbsp;in Toronto, which are similar in scope to JAQ, the precinct will revolutionize the way Jewish people of all ages gather in Melbourne, offering a full array of programming most nights of the week and on weekends.<\/span><\/p>\n<\/div>\n<div class=\"BlockContent col-12 lg:col-10 xl-wide:col-8 mxauto\" style=\"text-align: left;\"><\/div>\n<div class=\"BlockContent col-12 lg:col-10 xl-wide:col-8 mxauto\" style=\"text-align: left;\">\n<p><span style=\"color: #000080;\">\u201cJAQ will provide&nbsp;a place for&nbsp;meaningful connection&nbsp;through the facilitation of Jewish life, arts and cultural experiences in all its forms. Now more than ever we need projects like JAQ to bring people together,\u201d said Appel. \u201cThe diversity of Melbourne needs a multicultural beacon to help build bridges and create pathways to tolerance, respect, understanding and sense of community belonging.&nbsp;We hope that&nbsp;JAQ will become&nbsp;a contemporary central hub and go-to place\u2014the&nbsp;cool place&nbsp;to hang.&nbsp;When you have a space that\u2019s welcoming, you&nbsp;embrace the broader community through knowledge and engagement experiences. This is&nbsp;the future of&nbsp;outreach that is inclusive to all.\u201d<\/span><\/p>\n<\/div>\n<div class=\"BlockContent col-12 lg:col-10 xl-wide:col-8 mxauto\" style=\"text-align: left;\"><\/div>\n<div class=\"BlockContent col-12 lg:col-10 xl-wide:col-8 mxauto\" style=\"text-align: left;\">\n<p><span style=\"color: #000080;\">After the construction of these buildings finishes, and phase two begins, the idea is that JAQ will continue to exist as an entity that oversees the scheduling of activities in the Jewish Arts Quarter, and manages the tenancies of restaurants, cafes, and the coworking spaces to ensure that the area remains a vibrant hub.<\/span><\/p>\n<\/div>\n<div class=\"BlockContent col-12 lg:col-10 xl-wide:col-8 mxauto\" style=\"text-align: left;\"><\/div>\n<div class=\"BlockContent col-12 lg:col-10 xl-wide:col-8 mxauto\" style=\"text-align: left;\">\n<p><span style=\"color: #000080;\">\u201cHaving the two museums together is an opportunistic element,\u201d said Tigel. \u201cWe will have tens of thousands of students come through, where they will learn about Holocaust studies, and then go to the Jewish Museum and learn&nbsp;more&nbsp;about the Jewish communities in Melbourne.\u201d<\/span><\/p>\n<\/div>\n<div class=\"BlockContent col-12 lg:col-10 xl-wide:col-8 mxauto\" style=\"text-align: left;\"><\/div>\n<div class=\"BlockContent col-12 lg:col-10 xl-wide:col-8 mxauto\" style=\"text-align: left;\">\n<p><span style=\"color: #000080;\">Appel added: \u201cConsolidating the key assets makes a lot of sense. Organizations are continually evolving, and we see JAQ providing endless possibilities for collaboration and sharing of resources and facilities.\u201d<\/span><\/p>\n<\/div>\n<div class=\"BlockContent col-12 lg:col-10 xl-wide:col-8 mxauto\" style=\"text-align: left;\"><\/div>\n<div class=\"BlockContent col-12 lg:col-10 xl-wide:col-8 mxauto\" style=\"text-align: left;\">\n<p><span style=\"color: #000080;\">If the project is successful, it will represent a major shift that almost no other cultural or religious group in Melbourne, a multicultural city of 5 million people, has been able to achieve.<\/span><\/p>\n<\/div>\n<div class=\"BlockContent col-12 lg:col-10 xl-wide:col-8 mxauto\" style=\"text-align: left;\"><\/div>\n<div class=\"BlockContent col-12 lg:col-10 xl-wide:col-8 mxauto\" style=\"text-align: left;\">\n<p><span style=\"color: #000080;\">\u201cIn Melbourne we have missed some opportunities to create better places,\u201d said Tigel. \u201cIn the 1960s Kadimah was the best attended community center in Melbourne. People who came to Melbourne had immigrated out of trauma,&nbsp;and they&nbsp;needed that sense of place that was not that different from Europe albeit shtetls and towns. [In the 21st&nbsp;century] I don\u2019t think anyone wants to do a segregation model. In the diaspora, we&nbsp;face&nbsp;many challenges, including declining engagement,&nbsp;but you need to create an environment where you feel you are part of it. There are too many facilities that don\u2019t serve their purposes anymore.\u201d<\/span><\/p>\n<\/div>\n<div class=\"BlockContent col-12 lg:col-10 xl-wide:col-8 mxauto\" style=\"text-align: left;\"><\/div>\n<div class=\"BlockContent col-12 lg:col-10 xl-wide:col-8 mxauto\" style=\"text-align: left;\">\n<p><span style=\"color: #000080;\">Two groundbreaking studies conducted on the Australian Jewish community\u2014<a style=\"color: #000080;\" href=\"https:\/\/www.monash.edu\/arts\/acjc\/research-and-projects\/past-projects\/jewish-attitudinal-surveys\/gen08\">Gen08<\/a>&nbsp;and&nbsp;<a style=\"color: #000080;\" href=\"https:\/\/www.monash.edu\/arts\/acjc\/research-and-projects\/past-projects\/jewish-attitudinal-surveys\/gen17\">Gen17<\/a>, facilitated by Monash University\u2014provided some of the most comprehensive data on the Australian Jewish community, seeming to support the idea that new ways of engagement are necessary. In Gen17, the data noted that only&nbsp;<a style=\"color: #000080;\" href=\"https:\/\/www.monash.edu\/__data\/assets\/pdf_file\/0009\/1531791\/gen17-initial-findings-report-online-version-final-22_3.pdf\">35% of respondents<\/a>&nbsp;in Melbourne said that they feel \u201cvery connected\u201d to their Jewish identity. JAQ aims to change this.<\/span><\/p>\n<\/div>\n<div class=\"BlockContent col-12 lg:col-10 xl-wide:col-8 mxauto\" style=\"text-align: left;\"><\/div>\n<div class=\"BlockContent col-12 lg:col-10 xl-wide:col-8 mxauto\" style=\"text-align: left;\">\n<p><span style=\"color: #000080;\">\u201cThe vast majority of Jews are quite secular, and we feel that JAQ fills a really important role in our community, for people who don\u2019t go to synagogue, for people that don\u2019t go to a Jewish school but they come to JAQ and feel a sense of belonging,\u201d said Gary Samowitz, the strategy and fundraising director at JAQ.<\/span><\/p>\n<\/div>\n<div class=\"BlockContent col-12 lg:col-10 xl-wide:col-8 mxauto\" style=\"text-align: left;\"><\/div>\n<div class=\"BlockContent col-12 lg:col-10 xl-wide:col-8 mxauto\" style=\"text-align: left;\">\n<p><span style=\"color: #000080;\">But an infrastructure project of this scope is not without some criticism or controversy. As one Melbourne community leader who declined to be named on the record said to me, \u201cWhy are we building another f&#8211;king edifice when we cannot afford Jewish school fees in Melbourne? We are all busy empire-building and we should be empire-deconstructing.\u201d<\/span><\/p>\n<\/div>\n<div class=\"BlockContent col-12 lg:col-10 xl-wide:col-8 mxauto\" style=\"text-align: left;\"><\/div>\n<div class=\"BlockContent col-12 lg:col-10 xl-wide:col-8 mxauto\" style=\"text-align: left;\">\n<p><span style=\"color: #000080;\">However, Jeremy Leibler, the president of the Zionist Federation of Australia, which is not part of the JAQ, disagreed with this assessment. \u201cThe Jewish Arts Quarter deals with arts and culture. The school\u2019s affordability discussion is not related to this project. The community has capacity to solve the Jewish education crisis and support Jewish arts projects. They are not mutually exclusive.\u201d<\/span><\/p>\n<\/div>\n<div class=\"BlockContent col-12 lg:col-10 xl-wide:col-8 mxauto\" style=\"text-align: left;\"><\/div>\n<div class=\"BlockContent col-12 lg:col-10 xl-wide:col-8 mxauto\" style=\"text-align: left;\">\n<p><span style=\"color: #000080;\">While the organizations and businesses that will be participating in phase two are not yet finalized, JAQ is open to speaking with any organization that would like to join the arts precinct. The team at JAQ is keen to get as much community support as possible.<\/span><\/p>\n<\/div>\n<div class=\"BlockContent col-12 lg:col-10 xl-wide:col-8 mxauto\" style=\"text-align: left;\"><\/div>\n<div class=\"BlockContent col-12 lg:col-10 xl-wide:col-8 mxauto\" style=\"text-align: left;\">\n<p><span style=\"color: #000080;\">\u201cWe meet with all Jewish organizations one on one. We want their buy-in. We want them to feel a sense of ownership. This is a collaborative process. We want over 1,000 people to give feedback in our upcoming survey,\u201d said Samowitz.<\/span><\/p>\n<\/div>\n<div class=\"BlockContent col-12 lg:col-10 xl-wide:col-8 mxauto\" style=\"text-align: left;\"><\/div>\n<div class=\"BlockContent col-12 lg:col-10 xl-wide:col-8 mxauto\">\n<p style=\"text-align: left;\"><span style=\"color: #000080;\">Tigel sees the potential for greater inclusion of other faith groups and ethnicities in the JAQ as a bonus. \u201cNon-Jews will be at the JAQ every day, visiting museums, eating at restaurants, coming to festivals,\u201d he said. \u201cWe see this project as promoting the Jewish community, stemming&nbsp;the&nbsp;tide of antisemitism,&nbsp;and&nbsp;creating bonds between ethnic communities. It\u2019s a bit simplistic to say build and they will come. But I really believe it. If we build it and have&nbsp;a meaningful&nbsp;cultural vision, the people will come.\u201d<\/span><\/p>\n<hr>\n<\/div>\n<div class=\"AuthorBioBlock col-12 lg:col-10 xl-wide:col-8 w100 mt6 mxauto\">\n<div class=\"AuthorBioBlock__container graebenbach mt1_5 text-section-details-sm font-300 color-red\">\n<p style=\"text-align: left;\"><span style=\"color: #808080;\"><em><strong>Nomi Kaltmann<\/strong> is Tablet magazine\u2019s Australian correspondent. Follow her on Twitter @<span style=\"text-decoration: underline;\"><strong><a style=\"color: #808080; text-decoration: underline;\" href=\"https:\/\/twitter.com\/NomiKal\">NomiKal<\/a><\/strong><\/span>.<\/em><\/span><\/p>\n<\/div>\n<\/div>\n<hr style=\"height: 15px; background: #d0e6fa; width: 100%;\">\n<div id=\"content\" class=\"content-alignment\">\n<div id=\"watch-description\" class=\"yt-uix-button-panel\">\n<div id=\"watch-description-text\" style=\"text-align: center;\">\n<p><em>Zawarto\u015b\u0107 publikowanych artyku\u0142\u00f3w i materia\u0142\u00f3w nie reprezentuje pogl\u0105d\u00f3w ani opinii Reunion&#8217;68,<\/em><em><br \/>\nani te\u017c webmastera Blogu Reunion&#8217;68, chyba ze jest to wyra\u017anie zaznaczone.<br \/>\nTwoje uwagi, linki, w\u0142asne artyku\u0142y lub wiadomo\u015bci prze\u015blij na adres:<br \/>\n<\/em><span style=\"color: #000080;\"><strong><em><a style=\"color: #000080;\" href=\"mailto:webmaster@reunion68.com\"><span style=\"text-decoration: underline;\">webmaster@reunion68.com<\/span><\/a><\/em><\/strong><\/span><\/p>\n<\/div>\n<\/div>\n<\/div>\n<hr style=\"width: 100%;\">\n","protected":false},"excerpt":{"rendered":"<p>All Together Now NOMI KALTMANN In Melbourne, a massive project aims to bring Jewish organizations, museums, communal groups, and restaurants to a new, one-stop destination. . TABLET MAGAZINE . Melbourne, Australia, is home to a vibrant Jewish community. More than 60 synagogues, 10 Jewish day schools, and a dozen kosher restaurants serve some 60,000 Jews, [&hellip;]<\/p>\n","protected":false},"author":1,"featured_media":0,"comment_status":"closed","ping_status":"closed","sticky":false,"template":"","format":"standard","meta":[],"categories":[6],"tags":[26,24],"_links":{"self":[{"href":"https:\/\/www.reunion68.se\/index.php?rest_route=\/wp\/v2\/posts\/97795"}],"collection":[{"href":"https:\/\/www.reunion68.se\/index.php?rest_route=\/wp\/v2\/posts"}],"about":[{"href":"https:\/\/www.reunion68.se\/index.php?rest_route=\/wp\/v2\/types\/post"}],"author":[{"embeddable":true,"href":"https:\/\/www.reunion68.se\/index.php?rest_route=\/wp\/v2\/users\/1"}],"replies":[{"embeddable":true,"href":"https:\/\/www.reunion68.se\/index.php?rest_route=%2Fwp%2Fv2%2Fcomments&post=97795"}],"version-history":[{"count":9,"href":"https:\/\/www.reunion68.se\/index.php?rest_route=\/wp\/v2\/posts\/97795\/revisions"}],"predecessor-version":[{"id":98067,"href":"https:\/\/www.reunion68.se\/index.php?rest_route=\/wp\/v2\/posts\/97795\/revisions\/98067"}],"wp:attachment":[{"href":"https:\/\/www.reunion68.se\/index.php?rest_route=%2Fwp%2Fv2%2Fmedia&parent=97795"}],"wp:term":[{"taxonomy":"category","embeddable":true,"href":"https:\/\/www.reunion68.se\/index.php?rest_route=%2Fwp%2Fv2%2Fcategories&post=97795"},{"taxonomy":"post_tag","embeddable":true,"href":"https:\/\/www.reunion68.se\/index.php?rest_route=%2Fwp%2Fv2%2Ftags&post=97795"}],"curies":[{"name":"wp","href":"https:\/\/api.w.org\/{rel}","templated":true}]}}