{"id":9782,"date":"2014-11-28T19:07:01","date_gmt":"2014-11-28T17:07:01","guid":{"rendered":"http:\/\/www.reunion68.se\/?p=9782"},"modified":"2014-11-30T09:45:30","modified_gmt":"2014-11-30T07:45:30","slug":"9782","status":"publish","type":"post","link":"https:\/\/www.reunion68.se\/?p=9782","title":{"rendered":"Krajobraz Utracony"},"content":{"rendered":"<h5 style=\"text-align: center;\"><a href=\"http:\/\/www.ack.ug.edu.pl\/\" target=\"_blank\"><img decoding=\"async\" class=\"alignleft\" src=\"http:\/\/www.ack.ug.edu.pl\/wp-content\/uploads\/2013\/09\/ack-ug-png.png\" alt=\"ACK Alternator - logo\" \/><\/a><span style=\"text-decoration: underline; color: #000080;\"><span style=\"text-decoration: underline;\"><strong><a style=\"color: #000080; text-decoration: underline;\" href=\"http:\/\/www.ack.ug.edu.pl\/polecane\/krajobraz-utracony\/\" target=\"_blank\">Krajobraz Utracony<\/a><\/strong><\/span><\/span><\/h5>\n<hr style=\"height: 15px; background: #d0e6fa; width: 710px;\" \/>\n<p style=\"text-align: left;\"><img decoding=\"async\" class=\"featured-full-width-top wp-post-image aligncenter\" src=\"http:\/\/www.ack.ug.edu.pl\/wp-content\/uploads\/2014\/11\/LOGO-KRAJOBRAZ-v2-620x350.jpg\" alt=\"LOGO KRAJOBRAZ  v2\" width=\"710\" \/><br \/>\n<span style=\"color: #333333;\"><strong>Gda\u0144sk, 4-6 grudnia 2014 r.<\/strong><\/span><\/p>\n<p style=\"text-align: left;\"><span style=\"color: #000080;\">Projekt KRAJOBRAZ UTRACONY to cykl wydarze\u0144 po\u015bwi\u0119conych wsp\u00f3\u0142czesnym relacjom polsko-\u017cydowskim. Przez trzy grudniowe dni zaprosimy do otwartej dyskusji na temat wsp\u00f3\u0142istnienia Polak\u00f3w i \u017byd\u00f3w po 1945 roku oraz trwaj\u0105cego obecnie renesansu zainteresowania kultur\u0105 \u017cydowsk\u0105 w Polsce.<\/span><\/p>\n<p style=\"text-align: left;\"><span style=\"color: #000080;\">Go\u015bciem specjalnym projektu KRAJOBRAZ UTRACONY \u00a0 b\u0119dzie \u00a0PROF. LESZEK LEO KANTOR, kt\u00f3ry wyg\u0142osi przygotowany specjalnie dla gda\u0144skiej publiczno\u015bci wyk\u0142ad \u201eW poszukiwaniu tolerancji. Polacy i \u017bydzi po 1946 roku\u201d<strong>,<\/strong> a tak\u017ce zaprezentuje swoje filmy dokumentalne. Prof. Leszek Leo Kantor jest slawist\u0105 i dokumentalist\u0105 \u017cydowskiego pochodzenia, kt\u00f3ry po wydarzeniach Marca 1968 roku zosta\u0142 zmuszony do wyjazdu z Polski i osiad\u0142 na sta\u0142e w Sztokholmie. W latach 1970-2005 zwi\u0105zany z Uniwersytetem Sztokholmskim, od 2001 roku jest dyrektorem Mi\u0119dzynarodowego Festiwalu Film\u00f3w Dokumentalnych \u201eCz\u0142owiek w \u015bwiecie\u201d. Od 1990 roku jest szefem Mi\u0119dzynarodowego Forum Kultury w Szwecji, w latach 1995-2005 by\u0142 cz\u0142onkiem Szwedzkiej Rz\u0105dowej Rady ds. R\u00f3wno\u015bci Etnicznej. W 2000 roku zosta\u0142 odznaczony Krzy\u017cem Kawalerskim Orderu Zas\u0142ugi RP. W 2008 roku otrzyma\u0142 g\u0142\u00f3wn\u0105 nagrod\u0119 Federacji Artyst\u00f3w Szwedzkich za obron\u0119 praw cz\u0142owieka i walk\u0119 z rasizmem w filmie dokumentalnym.<\/span><\/p>\n<p style=\"text-align: left;\"><span style=\"color: #000080;\">6 grudnia po raz pierwszy w Gda\u0144sku pokazane zostan\u0105 dwa dokumenty w re\u017cyserii Leo Kantora: Tam, gdzie rosn\u0105 porzeczki oraz W poszukiwaniu utraconego krajobrazu. Oba filmy w niekonwencjonalny spos\u00f3b \u0142\u0105cz\u0105 osobist\u0105 narracj\u0119 z niezwyk\u0142\u0105 form\u0105, doczeka\u0142y si\u0119 te\u017c wielu nominacji i wyr\u00f3\u017cnie\u0144 na europejskich festiwalach. Gda\u0144ska projekcja W poszukiwaniu utraconego krajobrazu b\u0119dzie pokazem przedpremierowym \u2013 dotychczas film mieli okazj\u0119 obejrze\u0107 m.in. widzowie festiwali Nowe Horyzonty 2014, Camerimage 2014 i Festiwalu Form Dokumentalnych NURT 2014. Oficjalna premiera filmu planowana jest na marzec 2015 roku.<\/span><\/p>\n<p style=\"text-align: left;\"><span style=\"color: #000080;\">Projektowi KRAJOBRAZ UTRACONY towarzyszy Og\u00f3lnopolska Konferencja Naukowa KRAJOBRAZ PO BITWIE. LOSY \u017bYD\u00d3W POLSKICH W PRL I PO 1989 ROKU pod patronatem JM Rektora Uniwersytetu Gda\u0144skiego, prof. dr. hab. Bernarda Lammka. Konferencja odb\u0119dzie si\u0119 w dniach 5-6 grudnia na Wydziale Filologicznym UG i w Nowej Synagodze w Gda\u0144sku-Wrzeszczu.<\/span><\/p>\n<p style=\"text-align: left;\"><span style=\"color: #000080;\">Wi\u0119cej informacji o projekcie szuka\u0107 mo\u017cna na fanpage\u2019u Fundacji Kultopia na Facebooku pod adresem: <a href=\"https:\/\/www.facebook.com\/FundacjaKultopia\">https:\/\/www.facebook.com\/FundacjaKultopia<\/a><\/span><\/p>\n<p style=\"text-align: left;\"><span style=\"color: #000080;\">KRAJOBRAZ UTRACONY \u2013 PROGRAM WYDARZE\u0143<\/span><br \/>\n<span style=\"color: #000080;\"> Na wszystkie wydarzenia wst\u0119p wolny!<\/span><\/p>\n<p style=\"text-align: left;\"><span style=\"color: #000080;\"><strong>4 grudnia, godz. 17.30<\/strong>, Nowa Synagoga we Wrzeszczu (ul. Partyzant\u00f3w 7)<\/span><br \/>\n<span style=\"color: #000080;\"> Projekcja filmu \u201eMarcowe migda\u0142y\u201d (re\u017c. R. Piwowarski)<\/span><br \/>\n<span style=\"color: #000080;\"> Panel dyskusyjny \u201eMarzec \u201968 w Polsce \u2013 historie nieopowiedziane\u201d z udzia\u0142em prof. Leszka Leo Kantora, prof. Grzegorza Berendta (UG, IPN) oraz prof. Ewy Nawrockiej (UG)<\/span><\/p>\n<p style=\"text-align: left;\"><span style=\"color: #000080;\"><strong>5 grudnia, godz. 11.30<\/strong>, Wydzia\u0142 Filologiczny UG (ul. Wita Stwosza 55)<\/span><br \/>\n<span style=\"color: #000080;\"> Wyk\u0142ad prof. Leo Kantora \u201eW poszukiwaniu tolerancji. Polacy i \u017bydzi po 1946 roku\u201d<\/span><br \/>\n<span style=\"color: #000080;\"> I dzie\u0144 konferencji \u201eKrajobraz po bitwie. Losy \u017byd\u00f3w polskich w PRL i po 1989 roku\u201d<\/span><\/p>\n<p style=\"text-align: left;\"><span style=\"color: #000080;\"><strong>6 grudnia, godz. 11.00<\/strong>, Nowa Synagoga we Wrzeszczu (ul. Partyzant\u00f3w 7)<\/span><br \/>\n<span style=\"color: #000080;\"> II dzie\u0144 konferencji \u201eKrajobraz po bitwie. Losy \u017byd\u00f3w polskich w PRL i po 1989 roku\u201d<\/span><\/p>\n<p style=\"text-align: left;\"><span style=\"color: #000080;\"><strong>6 grudnia, godz. 18.00<\/strong>, KinoPort. Centrum Sztuki Wsp\u00f3\u0142czesnej \u0141a\u017ania 2 \u2013 Centrum Edukacji Artystycznej (ul. Strajku Doker\u00f3w 5)<\/span><br \/>\n<span style=\"color: #000080;\"> Pokaz film\u00f3w dokumentalnych<strong> Leo Kantora<\/strong>:<\/span><br \/>\n<strong><span style=\"color: #000080;\"> \u201eTam, gdzie rosn\u0105 porzeczki\u201d<\/span><\/strong><br \/>\n<strong> <span style=\"color: #000080;\"> \u201eW poszukiwaniu utraconego krajobrazu\u201d (pokaz przedpremierowy)<\/span><\/strong><br \/>\n<span style=\"color: #000080;\"> Po filmach spotkanie z Leo Kantorem i operatorem Arturem \u0141ukaszewiczem<\/span><\/p>\n<p style=\"text-align: left;\"><span style=\"color: #000080;\">Organizatorzy:<\/span><br \/>\n<span style=\"color: #000080;\"> Fundacja Kultopia<\/span><br \/>\n<span style=\"color: #000080;\"> Katedra Kultury i Sztuki w Instytucie Filologii Polskiej UG<\/span><\/p>\n<p style=\"text-align: left;\"><span style=\"color: #000080;\">Partnerzy:<\/span><br \/>\n<span style=\"color: #000080;\"> Akademickie Centrum Kultury \u201eAlternator\u201d UG<\/span><br \/>\n<span style=\"color: #000080;\"> KinoPort. Centrum Sztuki Wsp\u00f3\u0142czesnej \u201e\u0141a\u017ania 2\u201d \u2013 Centrum Edukacji Artystycznej<\/span><br \/>\n<span style=\"color: #000080;\"> Gmina Wyznaniowa \u017bydowska w Gda\u0144sku<\/span><\/p>\n<p style=\"text-align: left;\"><span style=\"color: #000080;\">Patroni medialni:<\/span><br \/>\n<span style=\"color: #000080;\"> Midrasz<\/span><br \/>\n<span style=\"color: #000080;\"> Tr\u00f3jmiasto.pl<\/span><br \/>\n<span style=\"color: #000080;\"> Radio Gda\u0144sk<\/span><br \/>\n<span style=\"color: #000080;\"> Pomorska.tv<\/span><br \/>\n<span style=\"color: #000080;\"> Bliza<\/span><\/p>\n<hr style=\"height: 15px; background: #d0e6fa; width: 710px;\" \/>\n<div id=\"content\" class=\"  content-alignment&lt;br \/&gt;&lt;br \/&gt; \">\n<div id=\"watch-description\" class=\"yt-uix-button-panel\">\n<div id=\"watch-description-text\">\n<p style=\"text-align: center;\"><span style=\"color: #808080;\"> twoje uwagi, linki, wlasne artykuly, lub wiadomosci przeslij do: <strong><span style=\"text-decoration: underline;\"><span style=\"color: #808080; text-decoration: underline;\"><a href=\"mailto:webmaster@reunion68.com\">webmaster@reunion68.com<\/a><\/span><\/span><\/strong><\/span><\/p>\n<\/div>\n<\/div>\n<\/div>\n<p>&nbsp;<\/p>\n<hr style=\"width: 710px;\" \/>\n","protected":false},"excerpt":{"rendered":"<p>Krajobraz Utracony Gda\u0144sk, 4-6 grudnia 2014 r. Projekt KRAJOBRAZ UTRACONY to cykl wydarze\u0144 po\u015bwi\u0119conych wsp\u00f3\u0142czesnym relacjom polsko-\u017cydowskim. Przez trzy grudniowe dni zaprosimy do otwartej dyskusji na temat wsp\u00f3\u0142istnienia Polak\u00f3w i \u017byd\u00f3w po 1945 roku oraz trwaj\u0105cego obecnie renesansu zainteresowania kultur\u0105 \u017cydowsk\u0105 w Polsce. Go\u015bciem specjalnym projektu KRAJOBRAZ UTRACONY \u00a0 b\u0119dzie \u00a0PROF. LESZEK LEO KANTOR, kt\u00f3ry [&hellip;]<\/p>\n","protected":false},"author":1,"featured_media":0,"comment_status":"closed","ping_status":"closed","sticky":false,"template":"","format":"standard","meta":[],"categories":[4],"tags":[24],"_links":{"self":[{"href":"https:\/\/www.reunion68.se\/index.php?rest_route=\/wp\/v2\/posts\/9782"}],"collection":[{"href":"https:\/\/www.reunion68.se\/index.php?rest_route=\/wp\/v2\/posts"}],"about":[{"href":"https:\/\/www.reunion68.se\/index.php?rest_route=\/wp\/v2\/types\/post"}],"author":[{"embeddable":true,"href":"https:\/\/www.reunion68.se\/index.php?rest_route=\/wp\/v2\/users\/1"}],"replies":[{"embeddable":true,"href":"https:\/\/www.reunion68.se\/index.php?rest_route=%2Fwp%2Fv2%2Fcomments&post=9782"}],"version-history":[{"count":10,"href":"https:\/\/www.reunion68.se\/index.php?rest_route=\/wp\/v2\/posts\/9782\/revisions"}],"predecessor-version":[{"id":9793,"href":"https:\/\/www.reunion68.se\/index.php?rest_route=\/wp\/v2\/posts\/9782\/revisions\/9793"}],"wp:attachment":[{"href":"https:\/\/www.reunion68.se\/index.php?rest_route=%2Fwp%2Fv2%2Fmedia&parent=9782"}],"wp:term":[{"taxonomy":"category","embeddable":true,"href":"https:\/\/www.reunion68.se\/index.php?rest_route=%2Fwp%2Fv2%2Fcategories&post=9782"},{"taxonomy":"post_tag","embeddable":true,"href":"https:\/\/www.reunion68.se\/index.php?rest_route=%2Fwp%2Fv2%2Ftags&post=9782"}],"curies":[{"name":"wp","href":"https:\/\/api.w.org\/{rel}","templated":true}]}}