{"id":97827,"date":"2022-09-01T17:05:39","date_gmt":"2022-09-01T15:05:39","guid":{"rendered":"http:\/\/www.reunion68.se\/?p=97827"},"modified":"2022-08-23T09:11:41","modified_gmt":"2022-08-23T07:11:41","slug":"01-09-67","status":"publish","type":"post","link":"https:\/\/www.reunion68.se\/?p=97827","title":{"rendered":"Pakt Ribbentrop-Mo\u0142otow"},"content":{"rendered":"<p style=\"text-align: center;\"><img decoding=\"async\" class=\"aligncenter\" src=\"https:\/\/dzieje.pl\/sites\/default\/files\/styles\/open_article_750x0_\/public\/201908\/ribbentrop_molotow.jpg?itok=mmBkWfYL\" width=\"100%\" \/><span style=\"color: #808080;\"><em>Podpisanie paktu Ribbentrop-Mo\u0142otow. Moskwa, 23.08.1939. Fot. PAP\/DPA<\/em><\/span><\/p>\n<hr \/>\n<h5 style=\"text-align: center;\"><a href=\"https:\/\/dzieje.pl\/\" target=\"_blank\" rel=\"noopener noreferrer\"><img decoding=\"async\" class=\"center alignleft\" src=\"http:\/\/www.reunion68.com\/Biuletyn\/img\/dzieje_logo.png\" alt=\"\" width=\"35%\" \/><\/a><span style=\"text-decoration: underline; color: #000080;\"><span style=\"text-decoration: underline;\"><strong><a style=\"color: #000080; text-decoration: underline;\" href=\"https:\/\/dzieje.pl\/aktualnosci\/pakt-ribbentrop-molotow\" target=\"_blank\" rel=\"noopener noreferrer\">Pakt Ribbentrop-Mo\u0142otow<\/a><\/strong><\/span><\/span><\/h5>\n<p style=\"text-align: center;\"><span style=\"color: #000000;\"><strong>Mariusz Jarosi\u0144ski <\/strong><span style=\"color: #808080;\">(PAP)<\/span><\/span><\/p>\n<hr style=\"height: 15px; background: #d0e6fa; width: 100%;\" \/>\n<h4>.<\/h4>\n<h4 style=\"text-align: center;\"><span style=\"color: #808080;\"><strong>23 sierpnia 1939 r. przedstawiciele dw\u00f3ch totalitarnych mocarstw &#8211; minister spraw zagranicznych III Rzeszy Joachim von Ribbentrop oraz ludowy komisarz spraw zagranicznych ZSRS, pe\u0142ni\u0105cy jednocze\u015bnie funkcj\u0119 przewodnicz\u0105cego Rady Komisarzy Ludowych (premiera), Wiaczes\u0142aw Mo\u0142otow &#8211; podpisali w Moskwie w obecno\u015bci Stalina sowiecko-niemiecki pakt o nieagresji wraz z tajnym protoko\u0142em dodatkowym, kt\u00f3rego konsekwencj\u0105 by\u0142 IV rozbi\u00f3r Polski.<\/strong><\/span><\/h4>\n<p>.<\/p>\n<div class=\"field field--name-body field--type-text-with-summary field--label-hidden field__item\">\n<p style=\"text-align: left;\"><span style=\"color: #000080;\">Podpisany przez Joachima von Ribbentropa i Wiaczes\u0142awa Mo\u0142otowa tajny protok\u00f3\u0142 dodatkowy, stanowi\u0105cy integraln\u0105 cz\u0119\u015b\u0107 zawartego w\u00f3wczas paktu o nieagresji pomi\u0119dzy III Rzesz\u0105 i ZSRS, sk\u0142ada\u0142 si\u0119 z czterech punkt\u00f3w.<\/span><\/p>\n<p style=\"text-align: left;\"><span style=\"color: #000080;\">W pierwszym z nich zapisano, i\u017c: &#8220;W wypadku terytorialnych i politycznych przekszta\u0142ce\u0144 na terenach nale\u017c\u0105cych do pa\u0144stw ba\u0142tyckich (Finlandia, Estonia, \u0141otwa i Litwa) p\u00f3\u0142nocna granica Litwy stanowi\u0107 b\u0119dzie jednocze\u015bnie granic\u0119 stref interes\u00f3w Niemiec i ZSRS. W zwi\u0105zku z tym obie strony uznaj\u0105 zainteresowanie Litwy w stosunku do rejonu Wilna&#8221;.<\/span><\/p>\n<p><span style=\"color: #000080;\">Drugi punkt, bezpo\u015brednio dotycz\u0105cy Polski, brzmia\u0142 nast\u0119puj\u0105co: &#8220;W wypadku terytorialnych i politycznych przekszta\u0142ce\u0144 na terenach nale\u017c\u0105cych do Pa\u0144stwa Polskiego granica stref interes\u00f3w Niemiec i ZSRS przebiega\u0107 b\u0119dzie w przybli\u017ceniu po linii rzek Narwi, Wis\u0142y i Sanu. Kwestia, czy w obop\u00f3lnym interesie b\u0119dzie po\u017c\u0105dane utrzymanie niezale\u017cnego Pa\u0144stwa Polskiego i jakie b\u0119d\u0105 granice tego pa\u0144stwa, b\u0119dzie mog\u0142a by\u0107 ostatecznie wyja\u015bniona tylko w toku dalszych wydarze\u0144 politycznych. W ka\u017cdym razie oba rz\u0105dy rozstrzygn\u0105 t\u0119 kwesti\u0119 na drodze przyjaznego porozumienia&#8221;.<\/span><\/p>\n<p><span style=\"color: #000080;\">Kolejny z punkt\u00f3w odnosi\u0142 si\u0119 do obszaru Europy Po\u0142udniowo-Wschodniej. Strona sowiecka podkre\u015bli\u0142a w nim swoje zainteresowanie Besarabi\u0105 (nale\u017c\u0105c\u0105 do Rumunii), natomiast strona niemiecka wyrazi\u0142a ca\u0142kowity brak zainteresowania, co do tych teren\u00f3w.<\/span><\/p>\n<blockquote>\n<p style=\"text-align: left;\"><strong><span style=\"color: #000000;\">Prof. Garlicki: Pakt Ribbentrop-Mo\u0142otow przyni\u00f3s\u0142 Hitlerowi pozornie mniejsze korzy\u015bci ni\u017c Stalinowi: terytorium polskie na zach\u00f3d od linii Wis\u0142y oraz uznanie Litwy za niemieck\u0105 stref\u0119 wp\u0142yw\u00f3w. Ale Hitler otrzymywa\u0142 r\u00f3wnocze\u015bnie &#8211; i to by\u0142o bezcenne &#8211; gwarancje neutralno\u015bci Moskwy w jego konflikcie z Zachodem. Gro\u017aba wojny na dwa fronty, przynajmniej w najbli\u017cszym czasie, przestawa\u0142a istnie\u0107 dla Niemiec. Obaj partnerzy podpisuj\u0105cy pakt na Kremlu traktowali go, jako rozwi\u0105zanie dora\u017ane.<\/span><\/strong><\/p>\n<\/blockquote>\n<p style=\"text-align: left;\"><span style=\"color: #000080;\">W ostatnim punkcie dokumentu stwierdzano: &#8220;Niniejszy protok\u00f3\u0142 b\u0119dzie traktowany przez obie strony, jako naj\u015bci\u015blej tajny&#8221;.<\/span><\/p>\n<p><span style=\"color: #000080;\">Przedstawiaj\u0105c okoliczno\u015bci zawarcia powy\u017cszego uk\u0142adu prof. Pawe\u0142 Wieczorkiewicz pisa\u0142: &#8220;Dobry grunt do porozumienia sowiecko-niemieckiego stworzy\u0142y podtrzymywane od kwietnia nieoficjalne kontakty polityczne, przykrywk\u0119, dla kt\u00f3rych stanowi\u0142y rozpocz\u0119te nieco p\u00f3\u017aniej rokowania na temat traktatu handlowego. 21 sierpnia\u00a0<a style=\"color: #000080;\" href=\"http:\/\/dzieje.pl\/postacie\/josif-stalin\">Stalin\u00a0<\/a>zaaprobowa\u0142 przyjazd do Moskwy Ribbentropa, warunkuj\u0105c wszak\u017ce zgod\u0119 na podpisanie traktatu o nieagresji zawarciem dodatkowego porozumienia reguluj\u0105cego interesy obu stron w kwestiach polityki zagranicznej. Niemiecki minister przylecia\u0142 do stolicy ZSRS w po\u0142udnie 23 sierpnia. Niebywa\u0142y w takich razach po\u015bpiech wynika\u0142 z faktu, i\u017c Hitler postanowi\u0142 uderzy\u0107 na Polsk\u0119 w przeci\u0105gu trzech dni&#8221;. (P. Wieczorkiewicz &#8220;Historia polityczna Polski 1935-1945&#8221;)<\/span><\/p>\n<p><span style=\"color: #000080;\">Prof. Andrzej Garlicki oceniaj\u0105c porozumienie dw\u00f3ch totalitarnych mocarstw stwierdza\u0142: &#8220;Pakt Ribbentrop-Mo\u0142otow nazywa si\u0119 cz\u0119sto IV rozbiorem Polski. Ta nazwa dobrze oddaje jego istot\u0119. Dwa s\u0105siaduj\u0105ce z Polsk\u0105 pa\u0144stwa zawar\u0142y porozumienie dotycz\u0105ce podzia\u0142u jej terytorium pomi\u0119dzy siebie. Po kilku tygodniach porozumienie to zosta\u0142o zrealizowane. Pakt Ribbentrop-Mo\u0142otow przyni\u00f3s\u0142 Hitlerowi pozornie mniejsze korzy\u015bci ni\u017c Stalinowi: terytorium polskie na zach\u00f3d od linii Wis\u0142y oraz uznanie Litwy za niemieck\u0105 stref\u0119 wp\u0142yw\u00f3w. Ale Hitler otrzymywa\u0142 r\u00f3wnocze\u015bnie &#8211; i to by\u0142o bezcenne &#8211; gwarancje neutralno\u015bci Moskwy w jego konflikcie z Zachodem. Gro\u017aba wojny na dwa fronty, przynajmniej w najbli\u017cszym czasie, przestawa\u0142a istnie\u0107 dla Niemiec. Obaj partnerzy podpisuj\u0105cy pakt na Kremlu traktowali go, jako rozwi\u0105zanie dora\u017ane. Obaj mieli cele o wiele bardziej ambitne ni\u017c rozbi\u00f3r Polski czy podporz\u0105dkowanie republik nadba\u0142tyckich. By\u0142y to cele sprzeczne, dlatego wojna pomi\u0119dzy III Rzesz\u0105 i Zwi\u0105zkiem Radzieckim by\u0142a nieunikniona&#8221; (A. Garlicki &#8220;Historia 1815-1939. Polska i \u015bwiat&#8221;).<\/span><\/p>\n<p><span style=\"color: #000080;\">Zdaniem niemieckiego historyka prof. Klausa Zernacka, autora ksi\u0105\u017cki &#8220;Polska i Rosja&#8221;, po podpisaniu porozumienia z ZSRS &#8220;Hitler m\u00f3g\u0142 si\u0119 cieszy\u0107, \u017ce oto ma w kieszeni wszystkich swoich przeciwnik\u00f3w, obecnych i przysz\u0142ych, na Zachodzie i Wschodzie. Zawdzi\u0119cza\u0142 to sprzyjaj\u0105cej postawie Stalina, kt\u00f3remu (&#8230;) bli\u017cszy chyba by\u0142 pok\u00f3j z Niemcami, na dodatek zwi\u0105zany z kusz\u0105cymi zdobyczami w Polsce, ni\u017c bezpiecze\u0144stwo europejskie. Tote\u017c sowiecka polityka zagraniczna drugiej po\u0142owy lat trzydziestych ponosi jednoznaczn\u0105 wsp\u00f3\u0142win\u0119 za podminowanie tego bezpiecze\u0144stwa, a w ko\u0144cu &#8211; za katastrof\u0119. Stalin zamierza\u0142 rzeczywi\u015bcie wykorzysta\u0107 dla Rosji Sowieckiej przyznan\u0105 mu przez Hitlera stref\u0119 interes\u00f3w w Europie \u015arodkowo-Wschodniej i przej\u0105\u0107 te obszary. Tym samym Zwi\u0105zek Sowiecki, zawar\u0142szy pakt z Hitlerem, ma sw\u00f3j istotny udzia\u0142 w II wojnie \u015bwiatowej od jej pierwszego dnia&#8221;.<\/span><\/p>\n<\/div>\n<hr style=\"height: 15px; background: #d0e6fa; width: 100%;\" \/>\n<div id=\"content\" class=\"content-alignment\">\n<div id=\"watch-description\" class=\"yt-uix-button-panel\">\n<div id=\"watch-description-text\" style=\"text-align: center;\">\n<p><em>Zawarto\u015b\u0107 publikowanych artyku\u0142\u00f3w i materia\u0142\u00f3w nie reprezentuje pogl\u0105d\u00f3w ani opinii Reunion&#8217;68,<\/em><em><br \/>\nani te\u017c webmastera Blogu Reunion&#8217;68, chyba ze jest to wyra\u017anie zaznaczone.<br \/>\nTwoje uwagi, linki, w\u0142asne artyku\u0142y lub wiadomo\u015bci prze\u015blij na adres:<br \/>\n<\/em><span style=\"color: #000080;\"><strong><em><a style=\"color: #000080;\" href=\"mailto:webmaster@reunion68.com\"><span style=\"text-decoration: underline;\">webmaster@reunion68.com<\/span><\/a><\/em><\/strong><\/span><\/p>\n<\/div>\n<\/div>\n<\/div>\n<hr style=\"width: 100%;\" \/>\n","protected":false},"excerpt":{"rendered":"<p>Podpisanie paktu Ribbentrop-Mo\u0142otow. Moskwa, 23.08.1939. Fot. PAP\/DPA Pakt Ribbentrop-Mo\u0142otow Mariusz Jarosi\u0144ski (PAP) . 23 sierpnia 1939 r. przedstawiciele dw\u00f3ch totalitarnych mocarstw &#8211; minister spraw zagranicznych III Rzeszy Joachim von Ribbentrop oraz ludowy komisarz spraw zagranicznych ZSRS, pe\u0142ni\u0105cy jednocze\u015bnie funkcj\u0119 przewodnicz\u0105cego Rady Komisarzy Ludowych (premiera), Wiaczes\u0142aw Mo\u0142otow &#8211; podpisali w Moskwie w obecno\u015bci Stalina sowiecko-niemiecki pakt [&hellip;]<\/p>\n","protected":false},"author":1,"featured_media":0,"comment_status":"closed","ping_status":"closed","sticky":false,"template":"","format":"standard","meta":[],"categories":[6],"tags":[26,24],"_links":{"self":[{"href":"https:\/\/www.reunion68.se\/index.php?rest_route=\/wp\/v2\/posts\/97827"}],"collection":[{"href":"https:\/\/www.reunion68.se\/index.php?rest_route=\/wp\/v2\/posts"}],"about":[{"href":"https:\/\/www.reunion68.se\/index.php?rest_route=\/wp\/v2\/types\/post"}],"author":[{"embeddable":true,"href":"https:\/\/www.reunion68.se\/index.php?rest_route=\/wp\/v2\/users\/1"}],"replies":[{"embeddable":true,"href":"https:\/\/www.reunion68.se\/index.php?rest_route=%2Fwp%2Fv2%2Fcomments&post=97827"}],"version-history":[{"count":6,"href":"https:\/\/www.reunion68.se\/index.php?rest_route=\/wp\/v2\/posts\/97827\/revisions"}],"predecessor-version":[{"id":97839,"href":"https:\/\/www.reunion68.se\/index.php?rest_route=\/wp\/v2\/posts\/97827\/revisions\/97839"}],"wp:attachment":[{"href":"https:\/\/www.reunion68.se\/index.php?rest_route=%2Fwp%2Fv2%2Fmedia&parent=97827"}],"wp:term":[{"taxonomy":"category","embeddable":true,"href":"https:\/\/www.reunion68.se\/index.php?rest_route=%2Fwp%2Fv2%2Fcategories&post=97827"},{"taxonomy":"post_tag","embeddable":true,"href":"https:\/\/www.reunion68.se\/index.php?rest_route=%2Fwp%2Fv2%2Ftags&post=97827"}],"curies":[{"name":"wp","href":"https:\/\/api.w.org\/{rel}","templated":true}]}}