{"id":97829,"date":"2022-09-01T17:09:22","date_gmt":"2022-09-01T15:09:22","guid":{"rendered":"http:\/\/www.reunion68.se\/?p=97829"},"modified":"2022-08-23T11:02:02","modified_gmt":"2022-08-23T09:02:02","slug":"01-05-77","status":"publish","type":"post","link":"https:\/\/www.reunion68.se\/?p=97829","title":{"rendered":"II wojna \u015bwiatowa Kalendarium II wojny \u015bwiatowej"},"content":{"rendered":"<p style=\"text-align: center;\"><img decoding=\"async\" class=\"aligncenter\" src=\"https:\/\/dzieje.pl\/sites\/default\/files\/styles\/open_article_750x0_\/public\/201907\/pic_2-1301.jpg?itok=1zNqRIXB\" width=\"100%\" \/><span style=\"color: #808080;\"><em>Atak Luftwaffe<\/em><\/span><\/p>\n<hr \/>\n<h5 style=\"text-align: center;\"><a href=\"https:\/\/dzieje.pl\/\" target=\"_blank\" rel=\"noopener noreferrer\"><img decoding=\"async\" class=\"center alignleft\" src=\"http:\/\/www.reunion68.com\/Biuletyn\/img\/dzieje_logo.png\" alt=\"\" width=\"35%\" \/><\/a><span style=\"text-decoration: underline; color: #000080;\"><span style=\"text-decoration: underline;\"><strong><a style=\"color: #000080; text-decoration: underline;\" href=\"https:\/\/dzieje.pl\/aktualnosci\/ii-wojna-swiatowa-kalendarium-wydarzen\" target=\"_blank\" rel=\"noopener noreferrer\">II wojna \u015bwiatowa<br \/>\nKalendarium II wojny \u015bwiatowej<\/a><\/strong><\/span><\/span><\/h5>\n<p style=\"text-align: center;\"><span style=\"color: #000000;\"><strong>Micha\u0142 Szuka\u0142a (PAP)<\/strong><\/span><\/p>\n<hr style=\"height: 15px; background: #d0e6fa; width: 100%;\" \/>\n<h4 style=\"text-align: center;\"><span style=\"color: #808080;\"><strong>1 wrze\u015bnia 1939 r. niemiecki atak na Polsk\u0119 rozpocz\u0105\u0142 najbardziej niszczycielsk\u0105 i krwaw\u0105 wojn\u0119 w dziejach ludzko\u015bci. Jej wybuch by\u0142 efektem odbudowy mocarstwowej pozycji Rzeszy, prowadzonej przez rz\u0105dz\u0105cego Niemcami od 1933 r. Adolfa Hitlera. Ekspansja terytorialna i wyj\u0105tkowe wzmocnienie niemieckich si\u0142 zbrojnych nie spotka\u0142y si\u0119 z reakcj\u0105 mocarstw europejskich. Podpisanie uk\u0142adu monachijskiego z wrze\u015bnia 1938 r. by\u0142o szczytowym momentem polityki ob\u0142askawiania niemieckiego imperializmu.<\/strong><\/span><\/h4>\n<p>.<\/p>\n<div class=\"field field--name-body field--type-text-with-summary field--label-hidden field__item\">\n<h2 style=\"text-align: center;\"><strong>1939:<\/strong><\/h2>\n<p><span style=\"color: #000080;\"><strong>1 wrze\u015bnia\u00a0<\/strong><\/span><br \/>\n<span style=\"color: #000080;\">Napa\u015b\u0107 Niemiec na Polsk\u0119 (ataki na Wielu\u0144 i Westerplatte), dokonana bez wypowiedzenia wojny.<\/span><\/p>\n<p><span style=\"color: #000080;\"><strong>3 wrze\u015bnia\u00a0<\/strong><\/span><br \/>\n<span style=\"color: #000080;\">Francja i Wielka Brytania (oraz Australia, Nowa Zelandia i Indie) wypowiedzia\u0142y wojn\u0119 III Rzeszy. Konflikt z Polsk\u0105 przekszta\u0142ci\u0142 si\u0119 w wojn\u0119 \u015bwiatow\u0105.<\/span><\/p>\n<p><span style=\"color: #000080;\"><strong>6 wrze\u015bnia\u00a0<\/strong><\/span><br \/>\n<span style=\"color: #000080;\">Wojska francuskie rozpocz\u0119\u0142y ograniczon\u0105 ofensyw\u0119 na przedpolu Linii Zygfryda. Dzia\u0142ania zosta\u0142y zako\u0144czone sze\u015b\u0107 dni p\u00f3\u017aniej.<\/span><\/p>\n<p><span style=\"color: #000080;\"><strong>9 wrze\u015bnia<\/strong><\/span><br \/>\n<span style=\"color: #000080;\">Armie \u201ePozna\u0144\u201d i \u201ePomorze\u201d dowodzone przez gen. Tadeusza Kutrzeb\u0119 rozpocz\u0119\u0142y ofensyw\u0119, kt\u00f3ra przesz\u0142a do historii jako bitwa nad Bzur\u0105. By\u0142a to jedyna do 1941 r. wi\u0119ksza operacja zaczepna przeprowadzona przez wojska alianckie.<\/span><\/p>\n<p><span style=\"color: #000080;\"><strong>12 wrze\u015bnia\u00a0<\/strong><\/span><br \/>\n<span style=\"color: #000080;\">Uczestnicy francusko-brytyjskiej konferencji polityczno-wojskowej w Abbeville podj\u0119li decyzj\u0119 o wstrzymaniu alianckich dzia\u0142a\u0144 zaczepnych na froncie zachodnim. W\u0142adze RP nie zosta\u0142y o tym poinformowane.<\/span><\/p>\n<p><span style=\"color: #000080;\"><strong>17 wrze\u015bnia\u00a0<\/strong><\/span><br \/>\n<span style=\"color: #000080;\">Napa\u015b\u0107 Zwi\u0105zku Sowieckiego na Polsk\u0119.<\/span><\/p>\n<p><span style=\"color: #000080;\"><strong>28 wrze\u015bnia<\/strong><\/span><br \/>\n<span style=\"color: #000080;\">Podpisany zosta\u0142 akt kapitulacji Warszawy. W Moskwie ministrowie spraw zagranicznych Niemiec J. von Ribbentrop i ZSRS W. Mo\u0142otow podpisali niemiecko-sowiecki uk\u0142ad \u201eo granicy i przyja\u017ani\u201d.<\/span><\/p>\n<p><span style=\"color: #000080;\"><strong>30 wrze\u015bnia\u00a0<\/strong><\/span><br \/>\n<span style=\"color: #000080;\">Urz\u0105d prezydenta RP obj\u0105\u0142 W\u0142adys\u0142aw Raczkiewicz. Nowym premierem zosta\u0142 mianowany gen. W\u0142adys\u0142aw Sikorski.<\/span><\/p>\n<p><span style=\"color: #000080;\"><strong>2 pa\u017adziernika\u00a0<\/strong><\/span><br \/>\n<span style=\"color: #000080;\">Kapitulacja Rejonu Umocnionego \u201eHel\u201d \u2013 zako\u0144czenie walk na Wybrze\u017cu. W rejonie Kocka pocz\u0105tek ostatniej bitwy kampanii polskiej.<\/span><\/p>\n<p><span style=\"color: #000080;\"><strong>5 pa\u017adziernika\u00a0<\/strong><\/span><br \/>\n<span style=\"color: #000080;\">W Warszawie Hitler odebra\u0142 defilad\u0119 oddzia\u0142\u00f3w Wehrmachtu.<\/span><br \/>\n<span style=\"color: #000080;\">W nocy z 5 na 6 pa\u017adziernika zako\u0144czy\u0142y si\u0119 walki pod Kockiem.<\/span><\/p>\n<p><span style=\"color: #000080;\"><strong>22 listopada<\/strong><\/span><br \/>\n<span style=\"color: #000080;\">Rz\u0105d RP przeni\u00f3s\u0142 si\u0119 z Pary\u017ca do Angers.<\/span><\/p>\n<p><span style=\"color: #000080;\"><strong>30 listopada\u00a0<\/strong><\/span><br \/>\n<span style=\"color: #000080;\">Agresja Zwi\u0105zku Sowieckiego na Finlandi\u0119.<\/span><\/p>\n<h2 style=\"text-align: center;\"><strong>1940:<\/strong><\/h2>\n<p><span style=\"color: #000080;\"><strong>5 marca<\/strong><\/span><br \/>\n<span style=\"color: #000080;\">Na wniosek szefa NKWD \u0141awrientija Berii Biuro Polityczne KC WKP(b) podj\u0119\u0142o uchwa\u0142\u0119 o rozstrzelaniu polskich je\u0144c\u00f3w wojennych przebywaj\u0105cych w sowieckich obozach w Kozielsku, Starobielsku i Ostaszkowie oraz polskich wi\u0119\u017ani\u00f3w przetrzymywanych przez NKWD na obszarze przedwojennych wschodnich wojew\u00f3dztw Rzeczypospolitej. W wyniku tej decyzji zg\u0142adzono ok. 22 tys. obywateli polskich.<\/span><\/p>\n<p><span style=\"color: #000080;\"><strong>12 marca\u00a0<\/strong><\/span><br \/>\n<span style=\"color: #000080;\">Podpisanie traktatu pokojowego ko\u0144cz\u0105cego wojn\u0119 sowiecko-fi\u0144sk\u0105.<\/span><\/p>\n<p><span style=\"color: #000080;\"><strong>28 marca\u00a0<\/strong><\/span><br \/>\n<span style=\"color: #000080;\">Og\u0142oszono tzw. deklaracj\u0119 londy\u0144sk\u0105, w kt\u00f3rej Wielka Brytania i Francja zobowi\u0105za\u0142y si\u0119 do niezawierania separatystycznego pokoju.<\/span><\/p>\n<p><span style=\"color: #000080;\"><strong>8 kwietnia<\/strong><\/span><br \/>\n<span style=\"color: #000080;\">U wybrze\u017cy Norwegii okr\u0119t podwodny ORP \u201eOrze\u0142\u201d zatopi\u0142 niemiecki transportowiec \u201eRio de Janeiro\u201d szykuj\u0105cy si\u0119 do ataku na Norwegi\u0119.<\/span><\/p>\n<p><span style=\"color: #000080;\"><strong>9 kwietnia\u00a0<\/strong><\/span><br \/>\n<span style=\"color: #000080;\">Niemcy zaatakowa\u0142y Dani\u0119 i Norwegi\u0119.<\/span><\/p>\n<p><span style=\"color: #000080;\"><strong>10 maja\u00a0<\/strong><\/span><br \/>\n<span style=\"color: #000080;\">Niemcy zaatakowa\u0142y Holandi\u0119, Belgi\u0119 i Luksemburg. Pocz\u0105tek ofensywy wojsk niemieckich we Francji. W Wielkiej Brytanii powo\u0142ano rz\u0105d jedno\u015bci narodowej z Winstonem Churchillem na czele.<\/span><\/p>\n<p><span style=\"color: #000080;\"><strong>15 maja\u00a0<\/strong><\/span><br \/>\n<span style=\"color: #000080;\">Kapitulacja wojsk holenderskich.<\/span><\/p>\n<p><span style=\"color: #000080;\"><strong>19 maja\u00a0<\/strong><\/span><br \/>\n<span style=\"color: #000080;\">Naczelnym dow\u00f3dc\u0105 francuskich si\u0142 zbrojnych w miejsce gen. Maurice\u2019a Gamelina zosta\u0142 gen. Maxime Weygand. Niemcy zaj\u0119li Amiens.<\/span><\/p>\n<p><span style=\"color: #000080;\"><strong>21 maja\u00a0<\/strong><\/span><br \/>\n<span style=\"color: #000080;\">Wojska niemieckie dotar\u0142y do kana\u0142u La Manche.<\/span><\/p>\n<p><span style=\"color: #000080;\"><strong>26 maja\u20134 czerwca\u00a0<\/strong><\/span><br \/>\n<span style=\"color: #000080;\">Ewakuacja wojsk brytyjskich w rejonie Dunkierki.<\/span><\/p>\n<p><span style=\"color: #000080;\"><strong>28 maja\u00a0<\/strong><\/span><br \/>\n<span style=\"color: #000080;\">Kapitulacja wojsk belgijskich.<\/span><\/p>\n<p><span style=\"color: #000080;\"><strong>10 czerwca\u00a0<\/strong><\/span><br \/>\n<span style=\"color: #000080;\">W\u0142ochy wypowiedzia\u0142y wojn\u0119 Francji i Wielkiej Brytanii.<\/span><\/p>\n<p><span style=\"color: #000080;\"><strong>14 czerwca <\/strong><\/span><br \/>\n<span style=\"color: #000080;\">Wojska niemieckie wkroczy\u0142y do Pary\u017ca.<\/span><\/p>\n<p><span style=\"color: #000080;\"><strong>15 czerwca\u00a0<\/strong><\/span><br \/>\n<span style=\"color: #000080;\">Armia Czerwona wkroczy\u0142a do Wilna i Kowna.<\/span><\/p>\n<p><span style=\"color: #000080;\"><strong>16 czerwca\u00a0<\/strong><\/span><br \/>\n<span style=\"color: #000080;\">Premierem rz\u0105du francuskiego zosta\u0142 marsza\u0142ek Philippe P\u00e9tain. Armia Czerwona wkroczy\u0142a do Tallina i Rygi.<\/span><\/p>\n<p><span style=\"color: #000080;\"><strong>17 czerwca\u00a0<\/strong><\/span><br \/>\n<span style=\"color: #000080;\">Marsza\u0142ek Philippe P\u00e9tain zwr\u00f3ci\u0142 si\u0119 do Niemiec o zawieszenie broni.<\/span><\/p>\n<p><span style=\"color: #000080;\"><strong>18 czerwca\u00a0<\/strong><\/span><br \/>\n<span style=\"color: #000080;\">Gen. Charles de Gaulle wyg\u0142osi\u0142 na antenie radia BBC przem\u00f3wienie do narodu francuskiego, w kt\u00f3rym wezwa\u0142 do dalszej walki.<\/span><\/p>\n<p><span style=\"color: #000080;\"><strong>22 czerwca\u00a0<\/strong><\/span><br \/>\n<span style=\"color: #000080;\">Kapitulacja Francji wobec Niemiec.<\/span><\/p>\n<p><span style=\"color: #000080;\"><strong>24 czerwca\u00a0<\/strong><\/span><br \/>\n<span style=\"color: #000080;\">Kapitulacja Francji wobec W\u0142och.<\/span><\/p>\n<p><span style=\"color: #000080;\"><strong>27 czerwca\u00a0<\/strong><\/span><br \/>\n<span style=\"color: #000080;\">Wojska sowieckie zaj\u0119\u0142y nale\u017c\u0105c\u0105 do Rumunii Besarabi\u0119 i p\u00f3\u0142nocn\u0105 Bukowin\u0119.<\/span><\/p>\n<p><span style=\"color: #000080;\"><strong>3 lipca\u00a0<\/strong><\/span><br \/>\n<span style=\"color: #000080;\">Litwa zosta\u0142a wcielona do ZSRS. \u0141otwa i Estonia anektowano w sierpniu 1940 r.<\/span><\/p>\n<p><span style=\"color: #000080;\"><strong>1 sierpnia\u00a0<\/strong><\/span><br \/>\n<span style=\"color: #000080;\">Rozkaz Adolfa Hitlera dotycz\u0105cy zwi\u0119kszenia atak\u00f3w lotniczych i morskich na Wielk\u0105 Brytani\u0119.<\/span><\/p>\n<p><span style=\"color: #000080;\"><strong>8 sierpnia\u00a0<\/strong><\/span><br \/>\n<span style=\"color: #000080;\">Pocz\u0105tek zmasowanych niemieckich atak\u00f3w lotniczych na Angli\u0119. Bitwa o Angli\u0119 trwa\u0142a do 31 pa\u017adziernika 1940 r.<\/span><\/p>\n<p><span style=\"color: #000080;\"><strong>16 wrze\u015bnia\u00a0<\/strong><\/span><br \/>\n<span style=\"color: #000080;\">Wojska w\u0142oskie zdoby\u0142y Sidi Barrani w Egipcie.<\/span><\/p>\n<p><span style=\"color: #000080;\"><strong>27 wrze\u015bnia\u00a0<\/strong><\/span><br \/>\n<span style=\"color: #000080;\">Niemcy, W\u0142ochy i Japonia podpisa\u0142y pakt tr\u00f3jstronny. Zgodnie z jego postanowieniami Japonia uznawa\u0142a prawo Niemiec i W\u0142och do ustanowienia nowego \u0142adu w Europie. Z kolei Niemcy i W\u0142ochy uznawa\u0142y prawo Japonii do ustanowienia nowego \u0142adu w Azji.<\/span><\/p>\n<p><span style=\"color: #000080;\"><strong>28 pa\u017adziernika\u00a0<\/strong><\/span><br \/>\n<span style=\"color: #000080;\">Atak wojsk w\u0142oskich na Grecj\u0119.<\/span><\/p>\n<p><span style=\"color: #000080;\"><strong>9 grudnia\u00a0<\/strong><\/span><br \/>\n<span style=\"color: #000080;\">Pocz\u0105tek brytyjskiej kontrofensywy w Egipcie, zako\u0144czonej w lutym 1941 r. zdobyciem Cyrenajki.<\/span><\/p>\n<p><span style=\"color: #000080;\"><strong>17 grudnia\u00a0<\/strong><\/span><br \/>\n<span style=\"color: #000080;\">Adolf Hitler podpisa\u0142 plan wojny ze Zwi\u0105zkiem Sowieckim, oznaczony kryptonimem Barbarossa.<\/span><\/p>\n<h2 style=\"text-align: center;\"><strong>1941:<\/strong><\/h2>\n<p><span style=\"color: #000080;\"><strong>11 lutego\u00a0<\/strong><\/span><br \/>\n<span style=\"color: #000080;\">L\u0105dowanie pierwszych oddzia\u0142\u00f3w niemieckich w Afryce P\u00f3\u0142nocnej.<\/span><\/p>\n<p><span style=\"color: #000080;\"><strong>11 marca\u00a0<\/strong><\/span><br \/>\n<span style=\"color: #000080;\">Prezydent Franklin D. Roosevelt podpisa\u0142 ustaw\u0119 Lend-Lease.<\/span><\/p>\n<p><span style=\"color: #000080;\"><strong>28 marca\u00a0<\/strong><\/span><br \/>\n<span style=\"color: #000080;\">Ofensywa wojsk niemieckich w Afryce P\u00f3\u0142nocnej.<\/span><\/p>\n<p><span style=\"color: #000080;\"><strong>6 kwietnia\u00a0<\/strong><\/span><br \/>\n<span style=\"color: #000080;\">Atak wojsk niemieckich na Jugos\u0142awi\u0119 i Grecj\u0119.<\/span><\/p>\n<p><span style=\"color: #000080;\"><strong>10 kwietnia\u00a0<\/strong><\/span><br \/>\n<span style=\"color: #000080;\">Proklamowanie niepodleg\u0142ego pa\u0144stwa chorwackiego.<\/span><\/p>\n<p><span style=\"color: #000080;\"><strong>13 kwietnia\u00a0<\/strong><\/span><br \/>\n<span style=\"color: #000080;\">Sowiecko-japo\u0144ski pakt o nieagresji.<\/span><\/p>\n<p><span style=\"color: #000080;\"><strong>27 kwietnia\u00a0<\/strong><\/span><br \/>\n<span style=\"color: #000080;\">Wojska niemieckie wkroczy\u0142y do Aten.<\/span><\/p>\n<p><span style=\"color: #000080;\"><strong>10 maja\u00a0<\/strong><\/span><br \/>\n<span style=\"color: #000080;\">Ucieczka Rudolfa Hessa, zast\u0119pcy Adolfa Hitlera, do Wielkiej Brytanii.<\/span><\/p>\n<p><span style=\"color: #000080;\"><strong>18 maja\u00a0<\/strong><\/span><br \/>\n<span style=\"color: #000080;\">Kapitulacja wojsk w\u0142oskich w Etiopii.<\/span><\/p>\n<p><span style=\"color: #000080;\"><strong>20 maja\u00a0<\/strong><\/span><br \/>\n<span style=\"color: #000080;\">Pocz\u0105tek niemieckiego desantu na Kret\u0119.<\/span><\/p>\n<p><span style=\"color: #000080;\"><strong>22 czerwca\u00a0<\/strong><\/span><br \/>\n<span style=\"color: #000080;\">Pocz\u0105tek niemieckiej agresji na Zwi\u0105zek Sowiecki.<\/span><\/p>\n<p><span style=\"color: #000080;\"><strong>12 lipca\u00a0<\/strong><\/span><br \/>\n<span style=\"color: #000080;\">Podpisanie sowiecko-brytyjskiego uk\u0142adu wojskowego.<\/span><\/p>\n<p><span style=\"color: #000080;\"><strong>30 lipca\u00a0<\/strong><\/span><br \/>\n<span style=\"color: #000080;\">W Londynie gen. W\u0142adys\u0142aw Sikorski podpisa\u0142 z ambasadorem ZSRS Iwanem Majskim polsko-sowiecki uk\u0142ad o wsp\u00f3lnej walce przeciwko III Rzeszy.<\/span><\/p>\n<p><span style=\"color: #000080;\"><strong>12 sierpnia<\/strong><\/span><br \/>\n<span style=\"color: #000080;\">Winston Churchill i Franklin D. Roosevelt podpisali na pok\u0142adzie brytyjskiego pancernika \u201ePrince of Wales\u201d tzw. Kart\u0119 Atlantyck\u0105.<\/span><\/p>\n<p><span style=\"color: #000080;\"><strong>14\/15 sierpnia\u00a0<\/strong><\/span><br \/>\n<span style=\"color: #000080;\">Pierwszy masowy nalot brytyjskich bombowc\u00f3w na Niemcy.<\/span><\/p>\n<p><span style=\"color: #000080;\"><strong>9 wrze\u015bnia\u00a0<\/strong><\/span><br \/>\n<span style=\"color: #000080;\">Pocz\u0105tek niemieckiej blokady Leningradu.<\/span><\/p>\n<p><span style=\"color: #000080;\"><strong>30 wrze\u015bnia\u00a0<\/strong><\/span><br \/>\n<span style=\"color: #000080;\">Pocz\u0105tek niemieckiej ofensywy na Moskw\u0119.<\/span><\/p>\n<p><span style=\"color: #000080;\"><strong>16 pa\u017adziernika\u00a0<\/strong><\/span><br \/>\n<span style=\"color: #000080;\">Rz\u0105d ZSRS i korpus dyplomatyczny przenios\u0142y si\u0119 z Moskwy do Kujbyszewa.<\/span><\/p>\n<p><span style=\"color: #000080;\"><strong>19 pa\u017adziernika\u00a0<\/strong><\/span><br \/>\n<span style=\"color: #000080;\">W Moskwie og\u0142oszono stan obl\u0119\u017cenia.<\/span><\/p>\n<p><span style=\"color: #000080;\"><strong>27 listopada\u00a0<\/strong><\/span><br \/>\n<span style=\"color: #000080;\">W rezultacie brytyjskiej ofensywy przerwane zosta\u0142o obl\u0119\u017cenie Tobruku.<\/span><\/p>\n<p><span style=\"color: #000080;\"><strong>28 listopada\u00a0<\/strong><\/span><br \/>\n<span style=\"color: #000080;\">Kapitulacja ostatnich oddzia\u0142\u00f3w w\u0142oskich w Afryce Wschodniej.<\/span><\/p>\n<p><span style=\"color: #000080;\"><strong>4 grudnia\u00a0<\/strong><\/span><br \/>\n<span style=\"color: #000080;\">Gen. W\u0142adys\u0142aw Sikorski i J\u00f3zef Stalin podpisali w Moskwie polsko-sowieck\u0105 deklaracj\u0119 o walce z Niemcami.<\/span><\/p>\n<p><span style=\"color: #000080;\"><strong>6 grudnia\u00a0<\/strong><\/span><br \/>\n<span style=\"color: #000080;\">Pocz\u0105tek kontrofensywy Armii Czerwonej w rejonie Moskwy. Wielka Brytania wypowiedzia\u0142a wojn\u0119 W\u0119grom, Rumunii i Finlandii.<\/span><\/p>\n<p><span style=\"color: #000080;\"><strong>7 grudnia\u00a0<\/strong><\/span><br \/>\n<span style=\"color: #000080;\">Japo\u0144ski atak na ameryka\u0144sk\u0105 baz\u0119 morsk\u0105 Pearl Harbour.<\/span><\/p>\n<p><span style=\"color: #000080;\"><strong>8 grudnia\u00a0<\/strong><\/span><br \/>\n<span style=\"color: #000080;\">Japonia wypowiedzia\u0142a wojn\u0119 Stanom Zjednoczonym, Wielkiej Brytanii, Australii i Kanadzie.<\/span><\/p>\n<p><span style=\"color: #000080;\"><strong>11 grudnia\u00a0<\/strong><\/span><br \/>\n<span style=\"color: #000080;\">Niemcy i W\u0142ochy wypowiedzia\u0142y Stanom Zjednoczonym wojn\u0119.<\/span><\/p>\n<h2 style=\"text-align: center;\"><strong>1942:<\/strong><\/h2>\n<p><span style=\"color: #000080;\"><strong>1 stycznia<\/strong><\/span><br \/>\n<span style=\"color: #000080;\">W Waszyngtonie 26 pa\u0144stw podpisa\u0142o Deklaracj\u0119 Narod\u00f3w Zjednoczonych (w\u015br\u00f3d nich Polska).<\/span><\/p>\n<p><span style=\"color: #000080;\"><strong>9 stycznia\u00a0<\/strong><\/span><br \/>\n<span style=\"color: #000080;\">Pocz\u0105tek ofensywy Armii Czerwonej, kt\u00f3ra do ko\u0144ca lutego odrzuci\u0142a wojska niemieckie ok. 400 km na zach\u00f3d od Moskwy.<\/span><\/p>\n<p><span style=\"color: #000080;\"><strong>20 stycznia\u00a0<\/strong><\/span><br \/>\n<span style=\"color: #000080;\">Na konferencji w Wannsee pod Berlinem G\u0142\u00f3wny Urz\u0105d Bezpiecze\u0144stwa Rzeszy (RSHA) przedstawi\u0142 plan \u201eostatecznego rozwi\u0105zania kwestii \u017cydowskiej\u201d, kt\u00f3rego konsekwencj\u0105 by\u0142o rozpocz\u0119cie masowej eksterminacji \u017byd\u00f3w w ca\u0142ej Europie okupowanej przez Niemc\u00f3w.<\/span><\/p>\n<p><span style=\"color: #000080;\"><strong>21 stycznia\u00a0<\/strong><\/span><br \/>\n<span style=\"color: #000080;\">Pocz\u0105tek kontrofensywy wojsk niemieckich w Afryce P\u00f3\u0142nocnej.<\/span><\/p>\n<p><span style=\"color: #000080;\"><strong>15 lutego\u00a0<\/strong><\/span><br \/>\n<span style=\"color: #000080;\">Wojska japo\u0144skie zdoby\u0142y Singapur.<\/span><\/p>\n<p><span style=\"color: #000080;\"><strong>19 lutego\u00a0<\/strong><\/span><br \/>\n<span style=\"color: #000080;\">Japo\u0144czycy zbombardowali australijskie miasto Darwin; zgin\u0119\u0142o 250 os\u00f3b.<\/span><\/p>\n<p><span style=\"color: #000080;\"><strong>7 marca\u00a0<\/strong><\/span><br \/>\n<span style=\"color: #000080;\">Wojska japo\u0144skie zdoby\u0142y Rangun w Birmie.<\/span><\/p>\n<p><span style=\"color: #000080;\"><strong>16 marca\u00a0<\/strong><\/span><br \/>\n<span style=\"color: #000080;\">Niemcy rozpocz\u0119li likwidacj\u0119 getta w Lublinie, wysy\u0142aj\u0105c transporty \u017byd\u00f3w do obozu \u015bmierci w Be\u0142\u017ccu. Wydarzenia te zapocz\u0105tkowa\u0142y Akcj\u0119 Reinhardt \u2013 systematyczn\u0105 zag\u0142ad\u0119 \u017byd\u00f3w na terenie Generalnego Gubernatorstwa.<\/span><\/p>\n<p><span style=\"color: #000080;\"><strong>10 kwietnia\u00a0<\/strong><\/span><br \/>\n<span style=\"color: #000080;\">Kapitulacja oddzia\u0142\u00f3w ameryka\u0144skich na p\u00f3\u0142wyspie Bataan (Filipiny).<\/span><\/p>\n<p><span style=\"color: #000080;\"><strong>4\u20138 maja\u00a0<\/strong><\/span><br \/>\n<span style=\"color: #000080;\">Bitwa na Morzu Koralowym.<\/span><\/p>\n<p><span style=\"color: #000080;\"><strong>6 maja\u00a0<\/strong><\/span><br \/>\n<span style=\"color: #000080;\">Wojska japo\u0144skie zaj\u0119\u0142y ca\u0142e Filipiny.<\/span><\/p>\n<p><span style=\"color: #000080;\"><strong>26 maja\u00a0<\/strong><\/span><br \/>\n<span style=\"color: #000080;\">Pocz\u0105tek ofensywy wojsk niemieckich i w\u0142oskich w Afryce P\u00f3\u0142nocnej.<\/span><\/p>\n<p><span style=\"color: #000080;\"><strong>3\u20137 czerwca\u00a0<\/strong><\/span><br \/>\n<span style=\"color: #000080;\">Bitwa o Midway.<\/span><\/p>\n<p><span style=\"color: #000080;\"><strong>21 czerwca\u00a0<\/strong><\/span><br \/>\n<span style=\"color: #000080;\">Wojska niemieckie zaj\u0119\u0142y Tobruk.<\/span><\/p>\n<p><span style=\"color: #000080;\"><strong>25 czerwca\u00a0<\/strong><\/span><br \/>\n<span style=\"color: #000080;\">Wojska niemieckie przekroczy\u0142y granice Egiptu.<\/span><\/p>\n<p><span style=\"color: #000080;\"><strong>28 czerwca\u00a0<\/strong><\/span><br \/>\n<span style=\"color: #000080;\">Rozpocz\u0119cie niemieckiej ofensywy w po\u0142udniowo-wschodniej Rosji.<\/span><\/p>\n<p><span style=\"color: #000080;\"><strong>4 lipca\u00a0<\/strong><\/span><br \/>\n<span style=\"color: #000080;\">Wojska niemieckie zdoby\u0142y Sewastopol.<\/span><\/p>\n<p><span style=\"color: #000080;\"><strong>16 lipca<\/strong><\/span><br \/>\n<span style=\"color: #000080;\">Rozpocz\u0119\u0142a si\u0119 ob\u0142awa Vel d\u2019Hiv, najwi\u0119ksze masowe aresztowanie francuskich \u017byd\u00f3w, zorganizowane przez niemieckie w\u0142adze okupacyjne i kolaboracyjne.<\/span><\/p>\n<p><span style=\"color: #000080;\"><strong>19 sierpnia\u00a0<\/strong><\/span><br \/>\n<span style=\"color: #000080;\">Pocz\u0105tek walk o Stalingrad.<\/span><\/p>\n<p><span style=\"color: #000080;\"><strong>31 sierpnia\u00a0<\/strong><\/span><br \/>\n<span style=\"color: #000080;\">Ruszy\u0142a niemiecka ofensywa na Aleksandri\u0119 (za\u0142ama\u0142a si\u0119 2 wrze\u015bnia).<\/span><\/p>\n<p><span style=\"color: #000080;\"><strong>23 pa\u017adziernika\u00a0<\/strong><\/span><br \/>\n<span style=\"color: #000080;\">Pocz\u0105tek zwyci\u0119skiej ofensywy wojsk brytyjskich w Afryce P\u00f3\u0142nocnej (El Alamein).<\/span><\/p>\n<p><span style=\"color: #000080;\"><strong>7\/8 listopada\u00a0<\/strong><\/span><br \/>\n<span style=\"color: #000080;\">L\u0105dowanie wojsk alianckich w Maroku i Algierii.<\/span><\/p>\n<p><span style=\"color: #000080;\"><strong>11 listopada\u00a0<\/strong><\/span><br \/>\n<span style=\"color: #000080;\">Wojska niemieckie wkroczy\u0142y do nie okupowanej cz\u0119\u015bci Francji.<\/span><\/p>\n<p><span style=\"color: #000080;\"><strong>13 listopada\u00a0<\/strong><\/span><br \/>\n<span style=\"color: #000080;\">Wojska brytyjskie zaj\u0119\u0142y Tobruk.<\/span><\/p>\n<p><span style=\"color: #000080;\"><strong>19 listopada\u00a0<\/strong><\/span><br \/>\n<span style=\"color: #000080;\">Armia Czerwona rozpocz\u0119\u0142a kontrofensyw\u0119 na po\u0142udniu Rosji.<\/span><\/p>\n<h2 style=\"text-align: center;\"><strong>1943:<\/strong><\/h2>\n<p><span style=\"color: #000080;\"><strong>14\u201325 stycznia\u00a0<\/strong><\/span><br \/>\n<span style=\"color: #000080;\">Spotkanie Winstona Churchilla i Franklina D. Roosevelta w Casablance. W\u015br\u00f3d omawianych spraw m.in. decyzja o nasileniu bombardowa\u0144 na Niemcy oraz kwestia przeniesienia dzia\u0142a\u0144 wojennych na teren Europy.<\/span><\/p>\n<p><span style=\"color: #000080;\"><strong>18 stycznia\u00a0<\/strong><\/span><br \/>\n<span style=\"color: #000080;\">Przerwanie blokady Leningradu.<\/span><\/p>\n<p><span style=\"color: #000080;\"><strong>23 stycznia\u00a0<\/strong><\/span><br \/>\n<span style=\"color: #000080;\">Wojska niemieckie i w\u0142oskie opu\u015bci\u0142y Trypolis.<\/span><\/p>\n<p><span style=\"color: #000080;\"><strong>2 lutego\u00a0<\/strong><\/span><br \/>\n<span style=\"color: #000080;\">Kapitulacja wojsk niemieckich pod Stalingradem. Do niewoli sowieckiej wzi\u0119tych zosta\u0142o ponad 90 tys. \u017co\u0142nierzy niemieckich, feldmarsza\u0142ek Friedrich von Paulus oraz 20 genera\u0142\u00f3w.<\/span><\/p>\n<p><span style=\"color: #000080;\"><strong>18 lutego\u00a0<\/strong><\/span><br \/>\n<span style=\"color: #000080;\">Minister propagandy Joseph Goebbels w przem\u00f3wieniu wyg\u0142oszonym w berli\u0144skim Pa\u0142acu Sportu og\u0142osi\u0142 rozpocz\u0119cie wojny totalnej.<\/span><\/p>\n<p><span style=\"color: #000080;\"><strong>28 lutego<\/strong><\/span><br \/>\n<span style=\"color: #000080;\">Norweskie si\u0142y specjalne zniszczy\u0142y wytw\u00f3rni\u0119 ci\u0119\u017ckiej wody w Telemarku, op\u00f3\u017aniaj\u0105c tym samym niemieckie prace nad bomb\u0105 atomow\u0105.<\/span><\/p>\n<p><span style=\"color: #000080;\"><strong>13 kwietnia<\/strong><\/span><br \/>\n<span style=\"color: #000080;\">W\u0142adze niemieckie na konferencji prasowej w Berlinie ujawni\u0142y odkrycie masowych grob\u00f3w polskich oficer\u00f3w zamordowanych przez NKWD w Katyniu. Dwa dni p\u00f3\u017aniej w\u0142adze ZSRS zaprzeczy\u0142y niemieckim twierdzeniom. Wydarzenia te zosta\u0142y wykorzystane przez Kreml do zerwania stosunk\u00f3w z rz\u0105dem RP, kt\u00f3ry domaga\u0142 si\u0119 wyja\u015bnienia okoliczno\u015bci zbrodni.<\/span><\/p>\n<p><span style=\"color: #000080;\"><strong>19 kwietnia\u00a0<\/strong><\/span><br \/>\n<span style=\"color: #000080;\">Pocz\u0105tek Powstania w Getcie Warszawskim.<\/span><\/p>\n<p><span style=\"color: #000080;\"><strong>12\u201313 maja\u00a0<\/strong><\/span><br \/>\n<span style=\"color: #000080;\">Kapitulacja wojsk niemieckich i w\u0142oskich w Afryce P\u00f3\u0142nocnej.<\/span><\/p>\n<p><span style=\"color: #000080;\"><strong>12-25 maja\u00a0<\/strong><\/span><br \/>\n<span style=\"color: #000080;\">Rozmowy Winstona Churchilla i Franklina D. Roosevelta w Waszyngtonie: decyzja o l\u0105dowaniu wojsk alianckich na po\u0142udniu W\u0142och, prze\u0142o\u017cenie inwazji we Francji na 1944 r.<\/span><\/p>\n<p><span style=\"color: #000080;\"><strong>5 lipca\u00a0<\/strong><\/span><br \/>\n<span style=\"color: #000080;\">Pocz\u0105tek nieudanej niemieckiej ofensywy pod Kurskiem \u2013 najwi\u0119ksza bitwa pancerna II wojny \u015bwiatowej.<\/span><\/p>\n<p><span style=\"color: #000080;\"><strong>10 lipca\u00a0<\/strong><\/span><br \/>\n<span style=\"color: #000080;\">L\u0105dowanie wojsk alianckich na Sycylii.<\/span><\/p>\n<p><span style=\"color: #000080;\"><strong>12 lipca\u00a0<\/strong><\/span><br \/>\n<span style=\"color: #000080;\">Kapitulacja Syrakuz. Pocz\u0105tek kontrofensywy Armii Czerwonej w rejonie Or\u0142a.<\/span><\/p>\n<p><span style=\"color: #000080;\"><strong>24\u201330 lipca\u00a0<\/strong><\/span><br \/>\n<span style=\"color: #000080;\">Masowe naloty alianckie na Hamburg.<\/span><\/p>\n<p><span style=\"color: #000080;\"><strong>25 lipca\u00a0<\/strong><\/span><br \/>\n<span style=\"color: #000080;\">We W\u0142oszech Benito Mussolini zosta\u0142 odsuni\u0119ty od w\u0142adzy przez Wielk\u0105 Rad\u0119 Faszystowsk\u0105 i aresztowany.<\/span><\/p>\n<p><span style=\"color: #000080;\"><strong>3 sierpnia\u00a0<\/strong><\/span><br \/>\n<span style=\"color: #000080;\">Ofensywa Armii Czerwonej w rejonie Bie\u0142gorodu.<\/span><\/p>\n<p><span style=\"color: #000080;\"><strong>14\u201324 sierpnia\u00a0<\/strong><\/span><br \/>\n<span style=\"color: #000080;\">Rozmowy Winstona Churchilla i Franklina D. Roosevelta w Quebec m.in. na temat inwazji we Francji (Operacja \u201eOverlord\u201d).<\/span><\/p>\n<p><span style=\"color: #000080;\"><strong>23 sierpnia\u00a0<\/strong><\/span><br \/>\n<span style=\"color: #000080;\">Armia Czerwona zaj\u0119\u0142a Chark\u00f3w.<\/span><\/p>\n<p><span style=\"color: #000080;\"><strong>3 wrze\u015bnia\u00a0<\/strong><\/span><br \/>\n<span style=\"color: #000080;\">L\u0105dowanie wojsk brytyjskich w Kalabrii.<\/span><\/p>\n<p><span style=\"color: #000080;\"><strong>8 wrze\u015bnia\u00a0<\/strong><\/span><br \/>\n<span style=\"color: #000080;\">Og\u0142oszenie zawieszenia broni z W\u0142ochami.<\/span><\/p>\n<p><span style=\"color: #000080;\"><strong>12 wrze\u015bnia\u00a0<\/strong><\/span><br \/>\n<span style=\"color: #000080;\">Niemieccy spadochroniarze uwolnili wi\u0119zionego w Gran Sasso Benito Mussoliniego.<\/span><\/p>\n<p><span style=\"color: #000080;\"><strong>13\/14 wrze\u015bnia\u00a0<\/strong><\/span><br \/>\n<span style=\"color: #000080;\">Oddzia\u0142y Wolnych Francuz\u00f3w wyl\u0105dowa\u0142y na Korsyce, kt\u00f3r\u0105 zaj\u0119\u0142y 5 pa\u017adziernika.<\/span><\/p>\n<p><span style=\"color: #000080;\"><strong>19\/20 wrze\u015bnia\u00a0<\/strong><\/span><br \/>\n<span style=\"color: #000080;\">Wojska alianckie zdoby\u0142y Sardyni\u0119.<\/span><\/p>\n<p><span style=\"color: #000080;\"><strong>26 wrze\u015bnia\u00a0<\/strong><\/span><br \/>\n<span style=\"color: #000080;\">Armia Czerwona odzyska\u0142a Smole\u0144sk.<\/span><\/p>\n<p><span style=\"color: #000080;\"><strong>13 pa\u017adziernika\u00a0<\/strong><\/span><br \/>\n<span style=\"color: #000080;\">W\u0142oski rz\u0105d Pietra Badoglia wypowiedzia\u0142 wojn\u0119 Niemcom.<\/span><\/p>\n<p><span style=\"color: #000080;\"><strong>23 pa\u017adziernika\u00a0<\/strong><\/span><br \/>\n<span style=\"color: #000080;\">Ofensywa Armii Czerwonej nad Dnieprem.<\/span><\/p>\n<p><span style=\"color: #000080;\"><strong>25 pa\u017adziernika\u00a0<\/strong><\/span><br \/>\n<span style=\"color: #000080;\">Armia Czerwona zdoby\u0142a Dniepropietrowsk.<\/span><\/p>\n<p><span style=\"color: #000080;\"><strong>3 listopada\u00a0<\/strong><\/span><br \/>\n<span style=\"color: #000080;\">Wojska sowieckie odzyska\u0142y Kij\u00f3w.<\/span><\/p>\n<p><span style=\"color: #000080;\"><strong>22\u201326 listopada<\/strong><\/span><br \/>\n<span style=\"color: #000080;\">Konferencja w Kairze z udzia\u0142em Winstona Churchilla, Franklina D. Roosevelta oraz Czang Kaj-szeka.<\/span><\/p>\n<p><span style=\"color: #000080;\"><strong>28 listopada\u20131 grudnia\u00a0<\/strong><\/span><br \/>\n<span style=\"color: #000080;\">Konferencja Wielkiej Tr\u00f3jki w Teheranie: Winston Churchill, Franklin D. Roosevelt i J\u00f3zef Stalin.<\/span><\/p>\n<h2 style=\"text-align: center;\"><strong>1944:<\/strong><\/h2>\n<p><span style=\"color: #000080;\"><strong>3 stycznia<\/strong><\/span><br \/>\n<span style=\"color: #000080;\">Armia Czerwona przekroczy\u0142a granic\u0119 polsko-sowieck\u0105 z 1939 r. w okolicach miasta Sarny.<\/span><\/p>\n<p><span style=\"color: #000080;\"><strong>17 lutego\u00a0<\/strong><\/span><br \/>\n<span style=\"color: #000080;\">Likwidacja kot\u0142a pod Bia\u0142\u0105 Cerkwi\u0105 i Korsuniem \u2013 straty niemieckie: ok. 55 tys.<\/span><\/p>\n<p><span style=\"color: #000080;\"><strong>20\u201325 lutego\u00a0<\/strong><\/span><br \/>\n<span style=\"color: #000080;\">Masowe naloty ameryka\u0144skie na Niemcy, tzw. Big Week.<\/span><\/p>\n<p><span style=\"color: #000080;\"><strong>4 marca\u00a0<\/strong><\/span><br \/>\n<span style=\"color: #000080;\">Pocz\u0105tek ofensywy wojsk sowieckich na Ukrainie.<\/span><\/p>\n<p><span style=\"color: #000080;\"><strong>5 marca\u00a0<\/strong><\/span><br \/>\n<span style=\"color: #000080;\">Rozpocz\u0119cie operacji alianckiej w Birmie.<\/span><\/p>\n<p><span style=\"color: #000080;\"><strong>19 marca\u00a0<\/strong><\/span><br \/>\n<span style=\"color: #000080;\">Pocz\u0105tek niemieckiej okupacji W\u0119gier.<\/span><\/p>\n<p><span style=\"color: #000080;\"><strong>24 marca\u00a0<\/strong><\/span><br \/>\n<span style=\"color: #000080;\">Wielka ucieczka z niemieckiego obozu dla lotnik\u00f3w w \u017baganiu.<\/span><\/p>\n<p><span style=\"color: #000080;\"><strong>12 maja\u00a0<\/strong><\/span><br \/>\n<span style=\"color: #000080;\">Armia Czerwona w wyniku ofensywy rozpocz\u0119tej 5 maja zaj\u0119\u0142a Krym. Wojska alianckie prze\u0142ama\u0142y we W\u0142oszech tzw. Lini\u0119 Gustawa.<\/span><\/p>\n<p><span style=\"color: #000080;\"><strong>18 maja\u00a0<\/strong><\/span><br \/>\n<span style=\"color: #000080;\">Oddzia\u0142y 2. Korpusu Polskiego zdoby\u0142y ruiny klasztoru benedyktyn\u00f3w na Monte Cassino.<\/span><\/p>\n<p><span style=\"color: #000080;\"><strong>4 czerwca\u00a0<\/strong><\/span><br \/>\n<span style=\"color: #000080;\">Do Rzymu wkroczy\u0142y oddzia\u0142y ameryka\u0144skie.<\/span><\/p>\n<p><span style=\"color: #000080;\"><strong>6 czerwca\u00a0<\/strong><\/span><br \/>\n<span style=\"color: #000080;\">Si\u0142y zbrojne alianckich pa\u0144stw zachodnich rozpocz\u0119\u0142y najwi\u0119ksz\u0105 w czasie II wojny \u015bwiatowej operacj\u0119 desantow\u0105 \u2013 l\u0105dowanie w Normandii. By\u0142a ona cz\u0119\u015bci\u0105 operacji \u201eOverlord\u201d otwieraj\u0105cej drugi front w Europie.<\/span><\/p>\n<p><span style=\"color: #000080;\"><strong>23\u201324 czerwca\u00a0<\/strong><\/span><br \/>\n<span style=\"color: #000080;\">Armia Czerwona rozpocz\u0119\u0142a operacj\u0119 bia\u0142orusk\u0105.<\/span><\/p>\n<p><span style=\"color: #000080;\"><strong>20 lipca\u00a0<\/strong><\/span><br \/>\n<span style=\"color: #000080;\">Nieudany zamach na Adolfa Hitlera w jego kwaterze polowej w Prusach Wschodnich w Wilczym Sza\u0144cu.<\/span><\/p>\n<p><span style=\"color: #000080;\"><strong>1 sierpnia\u00a0<\/strong><\/span><br \/>\n<span style=\"color: #000080;\">Wybuch Powstania Warszawskiego.<\/span><\/p>\n<p><span style=\"color: #000080;\"><strong>15 sierpnia\u00a0<\/strong><\/span><br \/>\n<span style=\"color: #000080;\">L\u0105dowanie wojsk alianckich w po\u0142udniowej Francji.<\/span><\/p>\n<p><span style=\"color: #000080;\"><strong>15\u201322 sierpnia\u00a0<\/strong><\/span><br \/>\n<span style=\"color: #000080;\">1. Dywizja Pancerna gen. Stanis\u0142awa Maczka stoczy\u0142a bitw\u0119 pod Falaise.<\/span><\/p>\n<p><span style=\"color: #000080;\"><strong>24 sierpnia\u00a0<\/strong><\/span><br \/>\n<span style=\"color: #000080;\">Wyzwolenie Pary\u017ca przez wojska ameryka\u0144skie, si\u0142y Wolnej Francji i francuski ruch oporu.<\/span><\/p>\n<p><span style=\"color: #000080;\"><strong>25 sierpnia\u00a0<\/strong><\/span><br \/>\n<span style=\"color: #000080;\">Rumunia wypowiada wojn\u0119 Niemcom.<\/span><\/p>\n<p><span style=\"color: #000080;\"><strong>26 sierpnia\u00a0<\/strong><\/span><br \/>\n<span style=\"color: #000080;\">Bu\u0142garia og\u0142osi\u0142a wyst\u0105pienie z wojny i neutralno\u015b\u0107.<\/span><\/p>\n<p><span style=\"color: #000080;\"><strong>29 sierpnia\u00a0<\/strong><\/span><br \/>\n<span style=\"color: #000080;\">Wybuch powstania na S\u0142owacji.<\/span><\/p>\n<p><span style=\"color: #000080;\"><strong>4 wrze\u015bnia\u00a0<\/strong><\/span><br \/>\n<span style=\"color: #000080;\">Wojska alianckie zaj\u0119\u0142y Antwerpi\u0119.<\/span><\/p>\n<p><span style=\"color: #000080;\"><strong>5 wrze\u015bnia\u00a0<\/strong><\/span><br \/>\n<span style=\"color: #000080;\">Zwi\u0105zek Sowiecki wypowiedzia\u0142 wojn\u0119 Bu\u0142garii.<\/span><\/p>\n<p><span style=\"color: #000080;\"><strong>8 wrze\u015bnia\u00a0<\/strong><\/span><br \/>\n<span style=\"color: #000080;\">Bu\u0142garia wypowiedzia\u0142a wojn\u0119 Niemcom.<\/span><\/p>\n<p><span style=\"color: #000080;\"><strong>9 wrze\u015bnia\u00a0<\/strong><\/span><br \/>\n<span style=\"color: #000080;\">Zako\u0144czenie stanu wojny Zwi\u0105zku Sowieckiego z Bu\u0142gari\u0105. Niemcy wystrzeli\u0142y na Londyn pierwsze rakiety V2.<\/span><\/p>\n<p><span style=\"color: #000080;\"><strong>11 wrze\u015bnia\u00a0<\/strong><\/span><br \/>\n<span style=\"color: #000080;\">Wojska ameryka\u0144skie przekroczy\u0142y granic\u0119 Niemiec.<\/span><\/p>\n<p><span style=\"color: #000080;\"><strong>11\u201316 wrze\u015bnia\u00a0<\/strong><\/span><br \/>\n<span style=\"color: #000080;\">Konferencja w Quebec z udzia\u0142em Winstona Churchilla i Franklina D. Roosevelta: m.in. om\u00f3wienie kwestii okupacji Niemiec.<\/span><\/p>\n<p><span style=\"color: #000080;\"><strong>17\u201326 wrze\u015bnia\u00a0<\/strong><\/span><br \/>\n<span style=\"color: #000080;\">Operacja powietrzno-desantowa si\u0142 alianckich w Holandii (Operacja \u201eMarket Garden\u201d).<\/span><\/p>\n<p><span style=\"color: #000080;\"><strong>19 wrze\u015bnia\u00a0<\/strong><\/span><br \/>\n<span style=\"color: #000080;\">Podpisanie zawieszenia broni mi\u0119dzy Zwi\u0105zkiem Sowieckim a Finlandi\u0105.<\/span><\/p>\n<p><span style=\"color: #000080;\"><strong>30 wrze\u015bnia\u00a0<\/strong><\/span><br \/>\n<span style=\"color: #000080;\">Ze stanowiska Naczelnego Wodza zosta\u0142 odwo\u0142any gen. Kazimierz Sosnkowski. Na jego miejsce nominowano przebywaj\u0105cego w Warszawie gen. Tadeusza Komorowskiego \u201eBora\u201d.<\/span><\/p>\n<p><span style=\"color: #000080;\"><strong>13 pa\u017adziernika\u00a0<\/strong><\/span><br \/>\n<span style=\"color: #000080;\">Wojska brytyjskie i greckie wkroczy\u0142y do Aten.<\/span><\/p>\n<p><span style=\"color: #000080;\"><strong>15 pa\u017adziernika\u00a0<\/strong><\/span><br \/>\n<span style=\"color: #000080;\">Regent W\u0119gier Mikl\u00f3s Horthy og\u0142osi\u0142 zawieszenie broni z aliantami.<\/span><\/p>\n<p><span style=\"color: #000080;\"><strong>16 pa\u017adziernika\u00a0<\/strong><\/span><br \/>\n<span style=\"color: #000080;\">W wyniku puczu wspieranego przez Niemcy w\u0142adz\u0119 na W\u0119grzech przej\u0105\u0142 Ferenc Sz\u00e1lasi, przyw\u00f3dca strza\u0142okrzy\u017cowc\u00f3w w\u0119gierskich faszyst\u00f3w.<\/span><\/p>\n<p><span style=\"color: #000080;\"><strong>20 pa\u017adziernika\u00a0<\/strong><\/span><br \/>\n<span style=\"color: #000080;\">Armia Czerwona wsp\u00f3lnie z oddzia\u0142ami jugos\u0142owia\u0144skimi wkroczy\u0142a do Belgradu.<\/span><\/p>\n<p><span style=\"color: #000080;\"><strong>22\u201325 pa\u017adziernika\u00a0<\/strong><\/span><br \/>\n<span style=\"color: #000080;\">Flota ameryka\u0144ska odnios\u0142a zwyci\u0119stwo nad flot\u0105 japo\u0144sk\u0105 w rejonie Filipin.<\/span><\/p>\n<p><span style=\"color: #000080;\"><strong>28 pa\u017adziernika\u00a0<\/strong><\/span><br \/>\n<span style=\"color: #000080;\">Bu\u0142garia podpisa\u0142a zawieszenie broni z aliantami.<\/span><\/p>\n<p><span style=\"color: #000080;\"><strong>29\/30 listopada\u00a0<\/strong><\/span><br \/>\n<span style=\"color: #000080;\">Pierwszy wielki nalot ameryka\u0144skich bombowc\u00f3w na Tokio.<\/span><\/p>\n<p><span style=\"color: #000080;\"><strong>16 grudnia\u00a0<\/strong><\/span><br \/>\n<span style=\"color: #000080;\">Pocz\u0105tek niemieckiej ofensywy w Ardenach.<\/span><\/p>\n<h2 style=\"text-align: center;\"><strong>1945:<\/strong><\/h2>\n<p><span style=\"color: #000080;\"><strong>12 stycznia\u00a0<\/strong><\/span><br \/>\n<span style=\"color: #000080;\">Rozpocz\u0119\u0142a si\u0119 zimowa ofensywa Armii Czerwonej.<\/span><\/p>\n<p><span style=\"color: #000080;\"><strong>23 stycznia\u00a0<\/strong><\/span><br \/>\n<span style=\"color: #000080;\">Wojska alianckie przekroczy\u0142y Ren.<\/span><\/p>\n<p><span style=\"color: #000080;\"><strong>24 stycznia\u00a0<\/strong><\/span><br \/>\n<span style=\"color: #000080;\">Armia Czerwona dosz\u0142a do Odry.<\/span><\/p>\n<p><span style=\"color: #000080;\"><strong>4\u201311 lutego\u00a0<\/strong><\/span><br \/>\n<span style=\"color: #000080;\">Konferencja \u201eWielkiej Tr\u00f3jki\u201d w Ja\u0142cie: Winston Churchill, Franklin D. Roosevelt, J\u00f3zef Stalin.<\/span><\/p>\n<p><span style=\"color: #000080;\"><strong>13 lutego\u00a0<\/strong><\/span><br \/>\n<span style=\"color: #000080;\">Wojska sowieckie zaj\u0119\u0142y Budapeszt.<\/span><\/p>\n<p><span style=\"color: #000080;\"><strong>13\u201314 lutego\u00a0<\/strong><\/span><br \/>\n<span style=\"color: #000080;\">Naloty alianckie na Drezno.<\/span><\/p>\n<p><span style=\"color: #000080;\"><strong>3 marca\u00a0<\/strong><\/span><br \/>\n<span style=\"color: #000080;\">Finlandia wypowiedzia\u0142a wojn\u0119 Niemcom.<\/span><\/p>\n<p><span style=\"color: #000080;\"><strong>9\/10 marca\u00a0<\/strong><\/span><br \/>\n<span style=\"color: #000080;\">Nalot ameryka\u0144skich bombowc\u00f3w na Tokio. Wed\u0142ug niekt\u00f3rych szacunk\u00f3w w ataku zgin\u0119\u0142o ok. 100 tys. mieszka\u0144c\u00f3w miasta.<\/span><\/p>\n<p><span style=\"color: #000080;\"><strong>1 kwietnia\u00a0<\/strong><\/span><br \/>\n<span style=\"color: #000080;\">Inwazja wojsk ameryka\u0144skich na Okinaw\u0119.<\/span><\/p>\n<p><span style=\"color: #000080;\"><strong>5 kwietnia\u00a0<\/strong><\/span><br \/>\n<span style=\"color: #000080;\">Zwi\u0105zek Sowiecki wypowiedzia\u0142 pakt o nieagresji z Japoni\u0105.<\/span><\/p>\n<p><span style=\"color: #000080;\"><strong>13 kwietnia\u00a0<\/strong><\/span><br \/>\n<span style=\"color: #000080;\">Armia Czerwona zaj\u0119\u0142a Wiede\u0144.<\/span><\/p>\n<p><span style=\"color: #000080;\"><strong>16 kwietnia\u00a0<\/strong><\/span><br \/>\n<span style=\"color: #000080;\">Armia Czerwona rozpocz\u0119\u0142a ofensyw\u0119 na Berlin.<\/span><\/p>\n<p><span style=\"color: #000080;\"><strong>19\/20 kwietnia\u00a0<\/strong><\/span><br \/>\n<span style=\"color: #000080;\">Wojska ameryka\u0144skie zaj\u0119\u0142y Lipsk.<\/span><\/p>\n<p><span style=\"color: #000080;\"><strong>21 kwietnia<\/strong><\/span><br \/>\n<span style=\"color: #000080;\">Oddzia\u0142y 2. Korpusu Polskiego wyzwoli\u0142y Boloni\u0119.<\/span><\/p>\n<p><span style=\"color: #000080;\"><strong>25 kwietnia\u00a0<\/strong><\/span><br \/>\n<span style=\"color: #000080;\">W Torgau nad \u0141ab\u0105 dosz\u0142o do spotkania Armii Czerwonej z wojskami ameryka\u0144skimi i brytyjskimi.<\/span><\/p>\n<p><span style=\"color: #000080;\"><strong>26 kwietnia\u00a0<\/strong><\/span><br \/>\n<span style=\"color: #000080;\">Wojska 2. Frontu Bia\u0142oruskiego zdoby\u0142y Szczecin. W San Francisco rozpocz\u0119\u0142y si\u0119 obrady konferencji za\u0142o\u017cycielskiej Narod\u00f3w Zjednoczonych.<\/span><\/p>\n<p><span style=\"color: #000080;\"><strong>28 kwietnia\u00a0<\/strong><\/span><br \/>\n<span style=\"color: #000080;\">W\u0142oscy partyzanci rozstrzelali Benito Mussoliniego.<\/span><\/p>\n<p><span style=\"color: #000080;\"><strong>30 kwietnia\u00a0<\/strong><\/span><br \/>\n<span style=\"color: #000080;\">W Berlinie samob\u00f3jstwo pope\u0142ni\u0142 Adolf Hitler.<\/span><\/p>\n<p><span style=\"color: #000080;\"><strong>2 maja\u00a0<\/strong><\/span><br \/>\n<span style=\"color: #000080;\">Dow\u00f3dca obrony Berlina gen. Helmuth Weidling wyda\u0142 rozkaz zaprzestania walki. SS-Obergrupenfuehrer Karl Wolff podpisa\u0142 akt kapitulacji wojsk niemieckich we W\u0142oszech.<\/span><\/p>\n<p><span style=\"color: #000080;\"><strong>4 maja\u00a0<\/strong><\/span><br \/>\n<span style=\"color: #000080;\">Admira\u0142 Hans-Georg von Friedeburg podpisa\u0142 akt kapitulacji wojsk niemieckich w Holandii, Danii, Norwegii i p\u00f3\u0142nocnych Niemczech.<\/span><\/p>\n<p><span style=\"color: #000080;\"><strong>5 maja\u00a0<\/strong><\/span><br \/>\n<span style=\"color: #000080;\">Wybuch powstania w Pradze. Oddzia\u0142y Brygady \u015awi\u0119tokrzyskiej NSZ wyzwoli\u0142y niemiecki ob\u00f3z koncentracyjny dla kobiet w Holiszowie (Czechy), uwalniaj\u0105c ok. 700 wi\u0119\u017aniarek. Do niewoli wzi\u0119to ok. 200 esesman\u00f3w.<\/span><\/p>\n<p><span style=\"color: #000080;\"><strong>6 maja\u00a0<\/strong><\/span><br \/>\n<span style=\"color: #000080;\">1. Dywizja Pancerna gen. Stanis\u0142awa Maczka zaj\u0119\u0142a Wilhelmshaven. Armia Czerwona po d\u0142ugim obl\u0119\u017ceniu zdoby\u0142a Festung Breslau.<\/span><\/p>\n<p><span style=\"color: #000080;\"><strong>7 maja\u00a0<\/strong><\/span><br \/>\n<span style=\"color: #000080;\">W kwaterze g\u0142\u00f3wnej gen. Dwighta D. Eisenhowera w Reims gen. Alfred Gustaw Jodl, w obecno\u015bci przedstawicieli czterech mocarstw alianckich, podpisa\u0142 akt bezwarunkowej kapitulacji Niemiec.<\/span><\/p>\n<p><span style=\"color: #000080;\"><strong>8 maja\u00a0<\/strong><\/span><br \/>\n<span style=\"color: #000080;\">Na \u017c\u0105danie Stalina kapitulacja Niemiec zosta\u0142a powt\u00f3rzona. W Karlhorst, na przedmie\u015bciach Berlina, marsza\u0142ek Georgij \u017bukow, kt\u00f3remu towarzyszyli brytyjski marsza\u0142ek lotnictwa Arthur Tedder, ameryka\u0144ski genera\u0142 Karl Spaatz oraz genera\u0142 francuski Jean de Lattre de Tassigny, o godz. 22.30 przyj\u0105\u0142 bezwarunkow\u0105 kapitulacj\u0119 niemieckich si\u0142 zbrojnych od feldmarsza\u0142ka Wilhelma Keitla. W Moskwie, ze wzgl\u0119du na dwugodzinn\u0105 r\u00f3\u017cnic\u0119 czasu, by\u0142 ju\u017c 9 maja.<\/span><\/p>\n<p><span style=\"color: #000080;\"><strong>10 maja\u00a0<\/strong><\/span><br \/>\n<span style=\"color: #000080;\">Armia Czerwona zdoby\u0142a Prag\u0119.<\/span><\/p>\n<p><span style=\"color: #000080;\"><strong>14 maja, 16\/17 maja\u00a0<\/strong><\/span><br \/>\n<span style=\"color: #000080;\">Ci\u0119\u017ckie naloty ameryka\u0144skich bombowc\u00f3w na Nagoj\u0119.<\/span><\/p>\n<p><span style=\"color: #000080;\"><strong>23\/24 maja\u00a0<\/strong><\/span><br \/>\n<span style=\"color: #000080;\">W wyniku nalotu ameryka\u0144skich bombowc\u00f3w na Tokio zniszczona zosta\u0142a znaczna cz\u0119\u015b\u0107 miasta.<\/span><\/p>\n<p><span style=\"color: #000080;\"><strong>5 czerwca\u00a0<\/strong><\/span><br \/>\n<span style=\"color: #000080;\">Podpisanie Deklaracji Berli\u0144skiej.<\/span><\/p>\n<p><span style=\"color: #000080;\"><strong>22 czerwca\u00a0<\/strong><\/span><br \/>\n<span style=\"color: #000080;\">W Moskwie odby\u0142a si\u0119 parada zwyci\u0119stwa. Zako\u0144czenie walk na Okinawie.<\/span><\/p>\n<p><span style=\"color: #000080;\"><strong>26 czerwca\u00a0<\/strong><\/span><br \/>\n<span style=\"color: #000080;\">Przedstawiciele 50 pa\u0144stw podpisali w San Francisco Kart\u0119 Narod\u00f3w Zjednoczonych.<\/span><\/p>\n<p><span style=\"color: #000080;\"><strong>17 lipca\u20132 sierpnia\u00a0<\/strong><\/span><br \/>\n<span style=\"color: #000080;\">Konferencja \u201eWielkiej Tr\u00f3jki\u201d w Poczdamie: Winston Churchill (p\u00f3\u017aniej zast\u0105pi\u0142 go Clement Attlee), Harry Truman i J\u00f3zef Stalin.<\/span><\/p>\n<p><span style=\"color: #000080;\"><strong>2 sierpnia\u00a0<\/strong><\/span><br \/>\n<span style=\"color: #000080;\">Najwi\u0119kszy nalot II wojny \u015bwiatowej: 800 superfortec B-29 zbombardowa\u0142o cztery najwi\u0119ksze miasta Japonii.<\/span><\/p>\n<p><span style=\"color: #000080;\"><strong>6 sierpnia\u00a0<\/strong><\/span><br \/>\n<span style=\"color: #000080;\">Amerykanie zrzucili bomb\u0119 atomow\u0105 na Hiroszim\u0119.<\/span><\/p>\n<p><span style=\"color: #000080;\"><strong>8 sierpnia\u00a0<\/strong><\/span><br \/>\n<span style=\"color: #000080;\">Zwi\u0105zek Sowiecki wypowiedzia\u0142 wojn\u0119 Japonii. Armia Czerwona wkroczy\u0142a do Mand\u017curii i Korei.<\/span><\/p>\n<p><span style=\"color: #000080;\"><strong>9 sierpnia\u00a0<\/strong><\/span><br \/>\n<span style=\"color: #000080;\">Amerykanie zrzucili bomb\u0119 atomow\u0105 na Nagasaki.<\/span><\/p>\n<p><span style=\"color: #000080;\"><strong>10 sierpnia\u00a0<\/strong><\/span><br \/>\n<span style=\"color: #000080;\">Rz\u0105d japo\u0144ski zwr\u00f3ci\u0142 si\u0119 do aliant\u00f3w z propozycj\u0105 kapitulacji.<\/span><\/p>\n<p><span style=\"color: #000080;\"><strong>15 sierpnia<\/strong><\/span><br \/>\n<span style=\"color: #000080;\">Cesarz Japonii Hirohito wyg\u0142osi\u0142 przem\u00f3wienie radiowe, w kt\u00f3rym zaapelowa\u0142 do narodu o zaprzestanie walki.<\/span><\/p>\n<p><span style=\"color: #000080;\"><strong>2 wrze\u015bnia\u00a0<\/strong><\/span><br \/>\n<span style=\"color: #000080;\">Bezwarunkowa kapitulacja Japonii. Skapitulowa\u0142y ostatnie garnizony japo\u0144skie.<\/span><\/p>\n<\/div>\n<hr style=\"height: 15px; background: #d0e6fa; width: 100%;\" \/>\n<div id=\"content\" class=\"content-alignment\">\n<div id=\"watch-description\" class=\"yt-uix-button-panel\">\n<div id=\"watch-description-text\" style=\"text-align: center;\">\n<p><em>Zawarto\u015b\u0107 publikowanych artyku\u0142\u00f3w i materia\u0142\u00f3w nie reprezentuje pogl\u0105d\u00f3w ani opinii Reunion&#8217;68,<\/em><em><br \/>\nani te\u017c webmastera Blogu Reunion&#8217;68, chyba ze jest to wyra\u017anie zaznaczone.<br \/>\nTwoje uwagi, linki, w\u0142asne artyku\u0142y lub wiadomo\u015bci prze\u015blij na adres:<br \/>\n<\/em><span style=\"color: #000080;\"><strong><em><a style=\"color: #000080;\" href=\"mailto:webmaster@reunion68.com\"><span style=\"text-decoration: underline;\">webmaster@reunion68.com<\/span><\/a><\/em><\/strong><\/span><\/p>\n<\/div>\n<\/div>\n<\/div>\n<hr style=\"width: 100%;\" \/>\n","protected":false},"excerpt":{"rendered":"<p>Atak Luftwaffe II wojna \u015bwiatowa Kalendarium II wojny \u015bwiatowej Micha\u0142 Szuka\u0142a (PAP) 1 wrze\u015bnia 1939 r. niemiecki atak na Polsk\u0119 rozpocz\u0105\u0142 najbardziej niszczycielsk\u0105 i krwaw\u0105 wojn\u0119 w dziejach ludzko\u015bci. Jej wybuch by\u0142 efektem odbudowy mocarstwowej pozycji Rzeszy, prowadzonej przez rz\u0105dz\u0105cego Niemcami od 1933 r. Adolfa Hitlera. Ekspansja terytorialna i wyj\u0105tkowe wzmocnienie niemieckich si\u0142 zbrojnych nie [&hellip;]<\/p>\n","protected":false},"author":1,"featured_media":0,"comment_status":"closed","ping_status":"closed","sticky":false,"template":"","format":"standard","meta":[],"categories":[6],"tags":[26,24],"_links":{"self":[{"href":"https:\/\/www.reunion68.se\/index.php?rest_route=\/wp\/v2\/posts\/97829"}],"collection":[{"href":"https:\/\/www.reunion68.se\/index.php?rest_route=\/wp\/v2\/posts"}],"about":[{"href":"https:\/\/www.reunion68.se\/index.php?rest_route=\/wp\/v2\/types\/post"}],"author":[{"embeddable":true,"href":"https:\/\/www.reunion68.se\/index.php?rest_route=\/wp\/v2\/users\/1"}],"replies":[{"embeddable":true,"href":"https:\/\/www.reunion68.se\/index.php?rest_route=%2Fwp%2Fv2%2Fcomments&post=97829"}],"version-history":[{"count":11,"href":"https:\/\/www.reunion68.se\/index.php?rest_route=\/wp\/v2\/posts\/97829\/revisions"}],"predecessor-version":[{"id":97841,"href":"https:\/\/www.reunion68.se\/index.php?rest_route=\/wp\/v2\/posts\/97829\/revisions\/97841"}],"wp:attachment":[{"href":"https:\/\/www.reunion68.se\/index.php?rest_route=%2Fwp%2Fv2%2Fmedia&parent=97829"}],"wp:term":[{"taxonomy":"category","embeddable":true,"href":"https:\/\/www.reunion68.se\/index.php?rest_route=%2Fwp%2Fv2%2Fcategories&post=97829"},{"taxonomy":"post_tag","embeddable":true,"href":"https:\/\/www.reunion68.se\/index.php?rest_route=%2Fwp%2Fv2%2Ftags&post=97829"}],"curies":[{"name":"wp","href":"https:\/\/api.w.org\/{rel}","templated":true}]}}