{"id":97874,"date":"2022-08-25T17:09:00","date_gmt":"2022-08-25T15:09:00","guid":{"rendered":"http:\/\/www.reunion68.se\/?p=97874"},"modified":"2022-08-25T06:59:04","modified_gmt":"2022-08-25T04:59:04","slug":"03-09-75","status":"publish","type":"post","link":"https:\/\/www.reunion68.se\/?p=97874","title":{"rendered":"Kto zabi\u0142 Dari\u0119 Dugin? Niezale\u017cni dziennikarze nie wierz\u0105 w wersj\u0119 rosyjskich s\u0142u\u017cb"},"content":{"rendered":"<p style=\"text-align: center;\"><img decoding=\"async\" class=\"aligncenter\" src=\"https:\/\/bi.im-g.pl\/im\/1a\/7c\/1b\/z28823066AMP,Aleksander-Dugin-przemawia-podczas-ceremonii-pozeg.jpg\" width=\"100%\" \/><span style=\"color: #808080;\"><em>Aleksander Dugin przemawia podczas ceremonii po\u017cegnania swojej c\u00f3rki Darii Duginy w Moskwie. Daria Dugina, 29-letnia komentatorka nacjonalistycznego rosyjskiego kana\u0142u telewizyjnego, zgin\u0119\u0142a w wyniku wybuchu bomby w samochodzie. (Fot. Dmitry Serebryakov \/ AP Photo)<\/em><\/span><\/p>\n<hr \/>\n<h5 style=\"text-align: center;\"><a href=\"https:\/\/wyborcza.pl\/\" target=\"_blank\" rel=\"noopener noreferrer\"><img decoding=\"async\" class=\"center alignleft\" src=\"http:\/\/www.reunion68.com\/Biuletyn\/img\/wyborcza.png\" alt=\"\" width=\"35%\" \/><\/a><span style=\"text-decoration: underline; color: #000080;\"><strong><a style=\"color: #000080; text-decoration: underline;\" href=\"https:\/\/wyborcza.pl\/7,75399,28678661,kto-zabil-darie-dugin-niezalezni-dziennikarze-nie-wierza-w.html\" target=\"_blank\" rel=\"noopener noreferrer\">Kto zabi\u0142 Dari\u0119 Dugin? Niezale\u017cni dziennikarze nie wierz\u0105 w wersj\u0119 rosyjskich s\u0142u\u017cb<\/a><\/strong><\/span><\/h5>\n<p style=\"text-align: center;\"><span style=\"color: #000000;\"><strong>Jaros\u0142aw Marczuk<\/strong><\/span><\/p>\n<hr style=\"height: 15px; background: #d0e6fa; width: 100%;\" \/>\n<h4 style=\"text-align: center;\"><span style=\"color: #808080;\"><strong>Zaledwie dwa dni po zamachu, w kt\u00f3rym zgin\u0119\u0142a Daria Dugin, Federalna S\u0142u\u017cba Bezpiecze\u0144stwa Rosji oznajmi\u0142a, \u017ce ustali\u0142a to\u017csamo\u015b\u0107 zamachowcy. Podczas ceremonii pogrzebowej po raz pierwszy od \u015bmierci c\u00f3rki publicznie zabra\u0142 g\u0142os Aleksander Dugin.<\/strong><\/span><\/h4>\n<p>.<\/p>\n<p style=\"text-align: left;\"><span style=\"color: #000080;\">Jak utrzymuj\u0105 Rosjanie, zamachu, w kt\u00f3rym zgin\u0119\u0142a Daria Dugin, mia\u0142a dokona\u0107 43-letnia Natalia Wowk, obywatelka Ukrainy z Mariupola, kt\u00f3ra nast\u0119pnie wraz z 12-letni\u0105 c\u00f3rk\u0105 zbieg\u0142a do Estonii. Kobieta mia\u0142a dzia\u0142a\u0107 na zlecenie S\u0142u\u017cby Bezpiecze\u0144stwa Ukrainy.<\/span><\/p>\n<div class=\"article--content article--content-free \" style=\"text-align: left;\">\n<p class=\"text--paragraph\"><span style=\"color: #000080;\">Wowk mia\u0142a przyjecha\u0107 do Rosji w czerwcu samochodem marki Mini Cooper i legitymowa\u0107 si\u0119 fa\u0142szywymi dokumentami. Zamieszka\u0142a w tym samym budynku co Daria Dugin, kt\u00f3r\u0105 na przestrzeni ostatnich tygodni \u015bledzi\u0142a, wykorzystuj\u0105c swoj\u0105 c\u00f3rk\u0119 jako &#8220;przykrywk\u0119&#8221;. Agenci FSB twierdz\u0105, \u017ce Wowk by\u0142a\u00a0na festiwalu Tradycja, na kt\u00f3rym\u00a0byli te\u017c Daria i jej ojciec Aleksander, znany i kontrowersyjny filozof, propagator tzw. ruskiego miru i rosyjskiego imperializmu. To w trakcie powrotu z tej imprezy Daria zgin\u0119\u0142a; w samochodzie, kt\u00f3rym jecha\u0142a, dosz\u0142o do zdalnej detonacji \u0142adunku wybuchowego. Mia\u0142 z ni\u0105\u00a0podr\u00f3\u017cowa\u0107 ojciec, ale w ostatniej chwili przesiad\u0142 si\u0119 do innego auta. C\u00f3rka zgin\u0119\u0142a na jego oczach.<\/span><\/p>\n<\/div>\n<div class=\"article--content article--content-paid\">\n<div class=\"paywall\">\n<p class=\"text--paragraph\" style=\"text-align: left;\"><span style=\"color: #000080;\">By uwiarygodni\u0107 swoj\u0105 wersj\u0119, FSB opublikowa\u0142o<a id=\"LinkArea:embed_link\" class=\"text--link text--link-ext\" style=\"color: #000080;\" title=\" nagrania z podejrzan\u0105\" href=\"https:\/\/t.me\/rian_ru\/175197\" rel=\"nofollow\">\u00a0nagrania z podejrzan\u0105<\/a>\u00a0oraz screeny. Wida\u0107 na nich auto Wowk na r\u00f3\u017cnych numerach rejestracyjnych.<\/span><\/p>\n<p class=\"text--paragraph\" style=\"text-align: left;\"><span style=\"color: #000080;\">&#8220;Do \u015bledzenia dziennikarki przest\u0119pcy wykorzystywali samoch\u00f3d Mini Cooper, przy czym wje\u017cd\u017caj\u0105c do Rosji, wykorzystywano numery Donieckiej Republiki Ludowej &#8211; E982XH DPR, w Moskwie &#8211; kazachskie numery &#8211; 172AJD02, a przy wyje\u017adzie &#8211; ukrai\u0144skie &#8211; AH7771IP&#8221; &#8211; napisano<a id=\"LinkArea:embed_link\" class=\"text--link text--link-ext\" style=\"color: #000080;\" title=\" w o\u015bwiadczeniu opublikowanym przez FSB\" href=\"http:\/\/www.fsb.ru\/fsb\/press\/message\/single.htm%21id%3D10439560%40fsbMessage.html\" rel=\"nofollow\">\u00a0w o\u015bwiadczeniu opublikowanym przez FSB<\/a>.<\/span><\/p>\n<p class=\"text--paragraph\" style=\"text-align: left;\"><span style=\"color: #000080;\">FSB wspar\u0142a te\u017c rosyjska propagandowa agencja informacyjna RIA Novosti, kt\u00f3ra\u00a0<a id=\"LinkArea:embed_link\" class=\"text--link text--link-ext\" style=\"color: #000080;\" title=\"opublikowa\u0142a nagranie wideo z Mariupola\" href=\"https:\/\/t.me\/rian_ru\/175207\" rel=\"nofollow\">opublikowa\u0142a nagranie wideo z Mariupola<\/a>, na kt\u00f3rym rzekomo wyst\u0119puje siostra Wowk. Jak m\u00f3wi, podejrzana o zamach s\u0142u\u017cy\u0142a w armii ukrai\u0144skiej, po czym przesz\u0142a do &#8220;biura&#8221; z powodu niepe\u0142nosprawno\u015bci. Wyjecha\u0107 z Mariupola mia\u0142a miesi\u0105c wcze\u015bniej.<\/span><\/p>\n<p class=\"text--paragraph\" style=\"text-align: left;\"><span style=\"color: #000080;\">Agencja zauwa\u017cy\u0142a te\u017c, \u017ce kobieta zmieni\u0142a wygl\u0105d po wje\u017adzie do Rosji: przefarbowa\u0142a w\u0142osy z br\u0105zowych na blond.<\/span><\/p>\n<h4 class=\"text--title font-head-700\" style=\"text-align: left;\"><strong>&#8220;Nowaja Gazieta&#8221; sprawdza tropy w sprawie Wowk<\/strong><\/h4>\n<p class=\"text--paragraph\" style=\"text-align: left;\"><span style=\"color: #000080;\">Cz\u0119\u015b\u0107 niezale\u017cnych rosyjskich komentator\u00f3w podwa\u017ca wiarygodno\u015b\u0107 tych ustale\u0144. Opini\u0119 politologa Grigorija Go\u0142osowa przytacza europejskie wydanie niezale\u017cnej &#8220;Nowej Gaziety&#8221;.<\/span><\/p>\n<p class=\"text--paragraph\" style=\"text-align: left;\"><span style=\"color: #000080;\">&#8220;Mam tylko jedno pytanie do os\u00f3b, kt\u00f3re wje\u017cd\u017caj\u0105 i wyje\u017cd\u017caj\u0105 autem z Rosji: czy to prawda, \u017ce mo\u017cna wjecha\u0107 z jednego kraju samochodem na numerach DRL, a potem wyjecha\u0107 do innego tym samym autem, ale z ukrai\u0144skimi numerami? Je\u015bli tak, to w Rosji, zdaje si\u0119, jest najbardziej liberalny re\u017cim graniczny na \u015bwiecie&#8221; &#8211; napisa\u0142 Go\u0142osow na Facebooku.<\/span><\/p>\n<p class=\"text--paragraph\" style=\"text-align: left;\"><span style=\"color: #000080;\">W sieci zacz\u0119\u0142y kr\u0105\u017cy\u0107 te\u017c zdj\u0119cia rzekomej legitymacji s\u0142u\u017cbowej Wowk z ukrai\u0144skiej Gwardii Narodowej. Rosyjska grupa hakerska RaHDit stwierdzi\u0142a z kolei, \u017ce kobieta mia\u0142a s\u0142u\u017cy\u0107 w pu\u0142ku Azow. Jedno i drugie okaza\u0142o si\u0119 nieprawd\u0105.<\/span><\/p>\n<p class=\"text--paragraph\" style=\"text-align: left;\"><span style=\"color: #000080;\">Pu\u0142k Azow zaprzeczy\u0142, by kobieta s\u0142u\u017cy\u0142a w jego szeregach, a doradca szefa MSW Ukrainy Anton Heraszczenko wr\u0119cz wy\u015bmia\u0142 te publikacje i opublikowa\u0142 zdj\u0119cie &#8220;legitymacji s\u0142u\u017cbowej&#8221; Gwardii Narodowej Ukrainy Margarity Simonian, redaktor naczelnej rosyjskiej telewizji propagandowej Russia Today.<\/span><\/p>\n<p class=\"text--paragraph\" style=\"text-align: left;\"><span style=\"color: #000080;\">Do kwestii s\u0142u\u017cby w armii w wywiadzie dla RIA Novosti odni\u00f3s\u0142 si\u0119 te\u017c rzekomy ojciec Wowk (agencja nie pokazuje jego twarzy ani nie podaje danych personalnych). Zaprzeczy\u0142, jakoby mia\u0142a ona s\u0142u\u017cy\u0107 w pu\u0142ku Azow, cho\u0107 potwierdzi\u0142, \u017ce kobieta by\u0142a w wojsku, lecz musia\u0142a z niego odej\u015b\u0107 z przyczyn zdrowotnych. Cz\u0119\u015b\u0107 rosyjskich medi\u00f3w propagandowych zareagowa\u0142a w tej sytuacji usuni\u0119ciem z sieci artyku\u0142\u00f3w o powi\u0105zaniach Wowk z pu\u0142kiem Azow (zrobi\u0142a tak na przyk\u0142ad &#8220;<a id=\"LinkArea:embed_link\" class=\"text--link text--link-ext\" style=\"color: #000080;\" title=\"Komsomolskaja Prawda'\" href=\"https:\/\/www.kp.ru\/online\/news\/4885864\/\" rel=\"nofollow\">Komsomolskaja Prawda&#8221;<\/a>).<\/span><\/p>\n<p class=\"text--paragraph\" style=\"text-align: left;\"><span style=\"color: #000080;\">Dziennikarze &#8220;Nowej Gaziety&#8221; ustalili, \u017ce Natalia Wowk od 2005 r. do szturmu Mariupola przez Rosjan prowadzi\u0142a dzia\u0142alno\u015b\u0107 zwi\u0105zan\u0105 z napraw\u0105 aut. Szukaj\u0105c os\u00f3b mog\u0105cych mie\u0107 zwi\u0105zek z Wowk, odkryli, \u017ce w\u00a02018 r.\u00a0Dani\u0142 Szaban (panie\u0144skie nazwisko Natalii Wowk) wystawi\u0142 na sprzeda\u017c auto Mini Cooper z numerami rejestracyjnymi AH7771IP.<\/span><\/p>\n<p class=\"text--paragraph\" style=\"text-align: left;\"><span style=\"color: #000080;\">Esto\u0144ski portal Delfi dowiedzia\u0142 si\u0119 z kolei, \u017ce Rosjanie nie zwr\u00f3cili si\u0119 do Esto\u0144czyk\u00f3w z pro\u015bb\u0105 o udzielenie jakichkolwiek informacji na temat rzekomej zab\u00f3jczyni Darii Dugin.<\/span><\/p>\n<h4 class=\"text--title font-head-700\" style=\"text-align: left;\"><strong>Pogrzeb Darii Dugin. Przemowa ojca<\/strong><\/h4>\n<p class=\"text--paragraph\" style=\"text-align: left;\"><span style=\"color: #000080;\">We wtorek odby\u0142y si\u0119 uroczysto\u015bci pogrzebowe Darii Dugin. Na miejsce wybrano wie\u017c\u0119 telewizyjn\u0105 Ostankino. W trakcie ceremonii z przemow\u0105 wyst\u0105pi\u0142 jej ojciec.<\/span><\/p>\n<p class=\"text--paragraph\" style=\"text-align: left;\"><span style=\"color: #000080;\">&#8211; Niemal\u017ce pierwszymi s\u0142owami w dzieci\u0144stwie, kt\u00f3rych oczywi\u015bcie jej nauczyli\u015bmy, by\u0142y &#8220;Rosja&#8221;, &#8220;nasze pa\u0144stwo&#8221;, &#8220;nasz nar\u00f3d&#8221;, &#8220;nasze imperium&#8221; &#8211; powiedzia\u0142 Aleksander Dugin. &#8211; Je\u015bli kogo\u015b dotkn\u0119\u0142a jej tragiczna \u015bmier\u0107, jej osoba, jej konsekwencja, to u niej by\u0142o jedno \u017cyczenie: &#8220;Nie pami\u0119tajcie o mnie! Walczcie o nasz wielki kraj!&#8221;. [&#8230;] Zgin\u0119\u0142a za Rosj\u0119. Na froncie, dlatego \u017ce front jest tutaj. W ka\u017cdym z nas. Najwy\u017csza cena, kt\u00f3r\u0105 przysz\u0142o nam p\u0142aci\u0107, mo\u017ce by\u0107 usprawiedliwiona tylko zwyci\u0119stwem &#8211; stwierdzi\u0142.<\/span><\/p>\n<p class=\"text--paragraph\" style=\"text-align: left;\"><span style=\"color: #000080;\">Na pogrzebie obecny by\u0142 tak\u017ce Konstantin Ma\u0142ofiejew, oligarcha, za\u0142o\u017cyciel stacji TV Cargrad i protektor Dugina. &#8211; Ludzie, kt\u00f3rzy z nami walcz\u0105, nie rozumiej\u0105, \u017ce krew m\u0119czennik\u00f3w czyni nas silniejszymi! Dzi\u0119ki \u015bmierci Darii wygramy t\u0119 wojn\u0119! &#8211; powiedzia\u0142.<\/span><\/p>\n<p class=\"text--paragraph\" style=\"text-align: left;\"><span style=\"color: #000080;\">G\u0142os zabra\u0142 te\u017c lider tzw. \u0141uga\u0144skiej Republiki Ludowej Leonid S\u0142ucki, kt\u00f3ry za\u017c\u0105da\u0142, by imieniem Darii Dugin nazywa\u0107 &#8220;ulice i place&#8221;. Uzna\u0142 te\u017c, \u017ce w szko\u0142ach powinny odbywa\u0107 si\u0119 lekcje z &#8220;m\u0119cze\u0144stwa&#8221; jej imienia. A na koniec zaproponowa\u0142 &#8220;ka\u017cdemu Esto\u0144czykowi&#8221;, by &#8220;sprawiedliwie ukara\u0142 zab\u00f3jczyni\u0119&#8221;.<\/span><\/p>\n<\/div>\n<\/div>\n<hr style=\"height: 15px; background: #d0e6fa; width: 100%;\" \/>\n<div id=\"content\" class=\"content-alignment\">\n<div id=\"watch-description\" class=\"yt-uix-button-panel\">\n<div id=\"watch-description-text\" style=\"text-align: center;\">\n<p><em>Zawarto\u015b\u0107 publikowanych artyku\u0142\u00f3w i materia\u0142\u00f3w nie reprezentuje pogl\u0105d\u00f3w ani opinii Reunion&#8217;68,<\/em><em><br \/>\nani te\u017c webmastera Blogu Reunion&#8217;68, chyba ze jest to wyra\u017anie zaznaczone.<br \/>\nTwoje uwagi, linki, w\u0142asne artyku\u0142y lub wiadomo\u015bci prze\u015blij na adres:<br \/>\n<\/em><span style=\"color: #000080;\"><strong><em><a style=\"color: #000080;\" href=\"mailto:webmaster@reunion68.com\"><span style=\"text-decoration: underline;\">webmaster@reunion68.com<\/span><\/a><\/em><\/strong><\/span><\/p>\n<\/div>\n<\/div>\n<\/div>\n<hr style=\"width: 100%;\" \/>\n","protected":false},"excerpt":{"rendered":"<p>Aleksander Dugin przemawia podczas ceremonii po\u017cegnania swojej c\u00f3rki Darii Duginy w Moskwie. Daria Dugina, 29-letnia komentatorka nacjonalistycznego rosyjskiego kana\u0142u telewizyjnego, zgin\u0119\u0142a w wyniku wybuchu bomby w samochodzie. (Fot. Dmitry Serebryakov \/ AP Photo) Kto zabi\u0142 Dari\u0119 Dugin? Niezale\u017cni dziennikarze nie wierz\u0105 w wersj\u0119 rosyjskich s\u0142u\u017cb Jaros\u0142aw Marczuk Zaledwie dwa dni po zamachu, w kt\u00f3rym zgin\u0119\u0142a [&hellip;]<\/p>\n","protected":false},"author":1,"featured_media":0,"comment_status":"closed","ping_status":"closed","sticky":false,"template":"","format":"standard","meta":[],"categories":[6],"tags":[26,24],"_links":{"self":[{"href":"https:\/\/www.reunion68.se\/index.php?rest_route=\/wp\/v2\/posts\/97874"}],"collection":[{"href":"https:\/\/www.reunion68.se\/index.php?rest_route=\/wp\/v2\/posts"}],"about":[{"href":"https:\/\/www.reunion68.se\/index.php?rest_route=\/wp\/v2\/types\/post"}],"author":[{"embeddable":true,"href":"https:\/\/www.reunion68.se\/index.php?rest_route=\/wp\/v2\/users\/1"}],"replies":[{"embeddable":true,"href":"https:\/\/www.reunion68.se\/index.php?rest_route=%2Fwp%2Fv2%2Fcomments&post=97874"}],"version-history":[{"count":4,"href":"https:\/\/www.reunion68.se\/index.php?rest_route=\/wp\/v2\/posts\/97874\/revisions"}],"predecessor-version":[{"id":97882,"href":"https:\/\/www.reunion68.se\/index.php?rest_route=\/wp\/v2\/posts\/97874\/revisions\/97882"}],"wp:attachment":[{"href":"https:\/\/www.reunion68.se\/index.php?rest_route=%2Fwp%2Fv2%2Fmedia&parent=97874"}],"wp:term":[{"taxonomy":"category","embeddable":true,"href":"https:\/\/www.reunion68.se\/index.php?rest_route=%2Fwp%2Fv2%2Fcategories&post=97874"},{"taxonomy":"post_tag","embeddable":true,"href":"https:\/\/www.reunion68.se\/index.php?rest_route=%2Fwp%2Fv2%2Ftags&post=97874"}],"curies":[{"name":"wp","href":"https:\/\/api.w.org\/{rel}","templated":true}]}}