{"id":97878,"date":"2022-08-25T17:00:08","date_gmt":"2022-08-25T15:00:08","guid":{"rendered":"http:\/\/www.reunion68.se\/?p=97878"},"modified":"2022-08-25T07:25:20","modified_gmt":"2022-08-25T05:25:20","slug":"03-00-78","status":"publish","type":"post","link":"https:\/\/www.reunion68.se\/?p=97878","title":{"rendered":"\u2018Bursting With Hatred for Israel:\u2019 Antisemitic Video Exhibited at Scandal-Plagued Documenta Art Festival"},"content":{"rendered":"<h5 style=\"text-align: center;\"><a href=\"http:\/\/www.reunion68.com\/\" target=\"_blank\" rel=\"noopener noreferrer\"><img decoding=\"async\" class=\"center alignleft\" src=\"http:\/\/www.reunion68.com\/Biuletyn\/img\/slgem.png\" alt=\"\" width=\"35%\" \/><\/a><span style=\"text-decoration: underline; color: #000080;\"><span><strong><a style=\"color: #000080; text-decoration: underline;\" href=\"https:\/\/www.algemeiner.com\/2022\/08\/24\/bursting-with-hatred-for-israel-antisemitic-video-exhibited-at-scandal-plagued-documenta-art-festival\/\" target=\"_blank\" rel=\"noopener noreferrer\">\u2018Bursting With Hatred for Israel:\u2019 Antisemitic Video Exhibited at Scandal-Plagued Documenta Art Festival<\/a><\/strong><\/span><\/span><\/h5>\n<p style=\"text-align: center;\"><span style=\"color: #000000;\"><strong>Ben Cohen<\/strong><\/span><\/p>\n<hr style=\"height: 15px; background: #d0e6fa; width: 100%;\" \/>\n<p style=\"text-align: center;\"><img decoding=\"async\" class=\"aligncenter\" src=\"https:\/\/www.algemeiner.com\/wp-content\/uploads\/2022\/06\/2022-06-19T082044Z_1655626837_DPAF220619X99X717989_RTRFIPP_4_ART-EXHIBITIONS-DEMONSTRATIONS-ISRAEL-1.jpg\" width=\"100%\" \/><span style=\"color: #808080;\"><em>A protestor outside the Documenta art festival in Germany holds a sign reading \u201cWhere Israel is boycotted, Jews are boycotted.\u201d Photo: Reuters\/Boris Roessler\/dpa<\/em><\/span><\/p>\n<p style=\"text-align: left;\"><span style=\"color: #000080;\">The ongoing Documenta festival of contemporary art in the German city of Kassel was the site of yet another scandal involving antisemitism on Wednesday, as a German media outlet highlighted a video installation that allegedly glorifies Palestinian terrorism and explains the creation of the State of Israel by way of conspiracy theories.<\/span><\/p>\n<p style=\"text-align: left;\"><span style=\"color: #000080;\">The installation, called the \u201cTokyo Reels,\u201d brings together 20 pro-Palestinian propaganda films from the 1970s and 1980s, assembled by a group of Japanese and Palestinian artists to win attention for \u201cthe largely overlooked and undocumented anti-imperialist solidarity between Japan and Palestine,\u201d according to an article by antisemitism scholar Jakob Baier in the German daily\u00a0<em>taz<\/em><\/span><\/p>\n<p style=\"text-align: left;\"><span style=\"color: #000080;\">One of the initiators of the project is Masao Adachi, a former member of the Japanese Red Army (JRA) terrorist organization. Founded in 1971, the JRA was known for its rigid Marxist ideology and the punishing, often violent, internal discipline meted out to its supporters. In May 1972, the group carried out one of the bloodiest terrorist attacks in Israel\u2019s history, when three JRA terrorists launched a gun and grenade attack in the arrivals terminal at Lod Airport (now Ben Gurion Airport) near Tel Aviv. Twenty-six people were murdered and 80 injured during the attack, with a group of Christian pilgrims from Puerto Rico and the renowned Israeli biophysicist Prof. Aharon Katzir among the dead.<\/span><\/p>\n<p style=\"text-align: left;\"><span style=\"color: #000080;\">Other false claims contained in the film according to Baier include the accusations that the IDF sabotages toys with explosives for the specific purpose of \u201cmurdering children,\u201d and that the 1982 massacre of Palestinians in the Sabra and Shatila camps in Beirut, executed by Lebanese Christian Phalangist forces, was carried out by Israeli troops.<\/span><\/p>\n<p style=\"text-align: left;\"><span style=\"color: #000080;\">Baier asserted that the films gathered for the \u201cTokyo Reels\u201d installation were \u201cbursting with hatred for Israel.\u201d<\/span><\/p>\n<p style=\"text-align: left;\"><span style=\"color: #000080;\">\u201cThey describe the establishment of the Jewish state as the result of a \u2018Zionist conspiracy,\u2019 claiming that Israeli soldiers desecrated corpses in a Christian cemetery and destroyed shrines in a church,\u201d he wrote. The video\u2019s claim was accompanied by a voiceover commentary that declared, \u201crespect and reverence for the dead is taught by all religions, but even that meant nothing to the Zionists.\u201d<\/span><\/p>\n<p style=\"text-align: left;\"><span style=\"color: #000080;\">Already beset by widespread\u00a0<span style=\"text-decoration: underline;\"><strong><a style=\"color: #000080; text-decoration: underline;\" href=\"https:\/\/www.algemeiner.com\/2022\/08\/16\/outrage-among-jewish-activists-as-yet-another-antisemitic-image-is-discovered-at-leading-german-art-festival\/\" target=\"_blank\" rel=\"noopener noreferrer\">criticism of the antisemitic artworks<\/a><\/strong><\/span>\u00a0that were either removed or haphazardly covered over at this year\u2019s festival \u2014 curated by ruangrupa, an Indonesian artists collective \u2014 Documenta\u2019s management team finds itself in familiar territory. It has faced severe criticism of its approach to antisemitism\u00a0<span style=\"text-decoration: underline;\"><strong><a style=\"color: #000080; text-decoration: underline;\" href=\"https:\/\/www.algemeiner.com\/2022\/01\/17\/top-german-art-show-embroiled-in-antisemitism-row-over-participation-of-pro-bds-organizations\/\" target=\"_blank\" rel=\"noopener noreferrer\">since January<\/a><\/strong><\/span>, when revelations of ruangrupa\u2019s support for the anti-Zionist BDS campaign targeting Israel first emerged.<\/span><\/p>\n<p style=\"text-align: left;\"><span style=\"color: #000080;\">Subsequently, the Documenta festival featured a\u00a0<span style=\"text-decoration: underline;\"><strong><a style=\"color: #000080; text-decoration: underline;\" href=\"https:\/\/www.algemeiner.com\/2022\/06\/21\/crudely-antisemitic-mural-removed-from-top-art-show-in-germany-as-controversy-over-jew-hatred-roils-on\/\" target=\"_blank\" rel=\"noopener noreferrer\">mural containing classic antisemitic caricatures<\/a><\/strong><\/span>, a triptych featuring a man wearing a\u00a0<span style=\"text-decoration: underline;\"><strong><a style=\"color: #000080; text-decoration: underline;\" href=\"https:\/\/www.algemeiner.com\/2022\/08\/16\/outrage-among-jewish-activists-as-yet-another-antisemitic-image-is-discovered-at-leading-german-art-festival\/\" target=\"_blank\" rel=\"noopener noreferrer\">kipah proferring large bags of money<\/a><\/strong><\/span>, a brochure featuring\u00a0<span style=\"text-decoration: underline;\"><strong><a style=\"color: #000080; text-decoration: underline;\" href=\"https:\/\/www.algemeiner.com\/2022\/08\/05\/german-jews-call-for-resignation-of-new-documenta-art-festival-director-as-antisemitism-scandal-festers\/\" target=\"_blank\" rel=\"noopener noreferrer\">antisemitic drawings of Israeli soldiers<\/a><\/strong><\/span>\u00a0and a row over the statements of Hamja Ahsan, a British artist exhibiting at the festival, who praised the BDS movement and slammed German Chancellor Olaf Scholz, who\u00a0<span style=\"text-decoration: underline;\"><strong><a style=\"color: #000080; text-decoration: underline;\" href=\"https:\/\/www.algemeiner.com\/2022\/06\/23\/disgusting-german-chancellor-olaf-scholz-nixes-visit-to-contemporary-art-festival-over-antisemitic-display\/\" target=\"_blank\" rel=\"noopener noreferrer\">canceled a visit<\/a><\/strong><\/span>\u00a0to the festival in protest at the presence of antisemitic works, as a \u201cfascist pig.\u201d<\/span><\/p>\n<p style=\"text-align: left;\"><span style=\"color: #000080;\">In a commentary for the\u00a0<em>Spiegel<\/em>\u00a0news magazine on Wednesday, columnist Sascha Lobo called for the festival to be shut down forthwith.<\/span><\/p>\n<p style=\"text-align: left;\"><span style=\"color: #000080;\">\u201cWhen the country that perpetrated the Holocaust promotes and spreads such blatant antisemitism \u2026 then you have to sound the alarm and let the consequences follow,\u201d Lobo wrote.<\/span><\/p>\n<hr style=\"height: 15px; background: #d0e6fa; width: 100%;\" \/>\n<div id=\"content\" class=\"content-alignment\">\n<div id=\"watch-description\" class=\"yt-uix-button-panel\">\n<div id=\"watch-description-text\" style=\"text-align: center;\">\n<p><em>Zawarto\u015b\u0107 publikowanych artyku\u0142\u00f3w i materia\u0142\u00f3w nie reprezentuje pogl\u0105d\u00f3w ani opinii Reunion&#8217;68,<\/em><em><br \/>\nani te\u017c webmastera Blogu Reunion&#8217;68, chyba ze jest to wyra\u017anie zaznaczone.<br \/>\nTwoje uwagi, linki, w\u0142asne artyku\u0142y lub wiadomo\u015bci prze\u015blij na adres:<br \/>\n<\/em><span style=\"color: #000080;\"><strong><em><a style=\"color: #000080;\" href=\"mailto:webmaster@reunion68.com\"><span style=\"text-decoration: underline;\">webmaster@reunion68.com<\/span><\/a><\/em><\/strong><\/span><\/p>\n<\/div>\n<\/div>\n<\/div>\n<hr style=\"width: 100%;\" \/>\n","protected":false},"excerpt":{"rendered":"<p>\u2018Bursting With Hatred for Israel:\u2019 Antisemitic Video Exhibited at Scandal-Plagued Documenta Art Festival Ben Cohen A protestor outside the Documenta art festival in Germany holds a sign reading \u201cWhere Israel is boycotted, Jews are boycotted.\u201d Photo: Reuters\/Boris Roessler\/dpa The ongoing Documenta festival of contemporary art in the German city of Kassel was the site of [&hellip;]<\/p>\n","protected":false},"author":1,"featured_media":0,"comment_status":"closed","ping_status":"closed","sticky":false,"template":"","format":"standard","meta":[],"categories":[6],"tags":[26,24],"_links":{"self":[{"href":"https:\/\/www.reunion68.se\/index.php?rest_route=\/wp\/v2\/posts\/97878"}],"collection":[{"href":"https:\/\/www.reunion68.se\/index.php?rest_route=\/wp\/v2\/posts"}],"about":[{"href":"https:\/\/www.reunion68.se\/index.php?rest_route=\/wp\/v2\/types\/post"}],"author":[{"embeddable":true,"href":"https:\/\/www.reunion68.se\/index.php?rest_route=\/wp\/v2\/users\/1"}],"replies":[{"embeddable":true,"href":"https:\/\/www.reunion68.se\/index.php?rest_route=%2Fwp%2Fv2%2Fcomments&post=97878"}],"version-history":[{"count":4,"href":"https:\/\/www.reunion68.se\/index.php?rest_route=\/wp\/v2\/posts\/97878\/revisions"}],"predecessor-version":[{"id":97900,"href":"https:\/\/www.reunion68.se\/index.php?rest_route=\/wp\/v2\/posts\/97878\/revisions\/97900"}],"wp:attachment":[{"href":"https:\/\/www.reunion68.se\/index.php?rest_route=%2Fwp%2Fv2%2Fmedia&parent=97878"}],"wp:term":[{"taxonomy":"category","embeddable":true,"href":"https:\/\/www.reunion68.se\/index.php?rest_route=%2Fwp%2Fv2%2Fcategories&post=97878"},{"taxonomy":"post_tag","embeddable":true,"href":"https:\/\/www.reunion68.se\/index.php?rest_route=%2Fwp%2Fv2%2Ftags&post=97878"}],"curies":[{"name":"wp","href":"https:\/\/api.w.org\/{rel}","templated":true}]}}