{"id":97926,"date":"2022-08-27T17:00:15","date_gmt":"2022-08-27T15:00:15","guid":{"rendered":"http:\/\/www.reunion68.se\/?p=97926"},"modified":"2022-08-27T13:50:33","modified_gmt":"2022-08-27T11:50:33","slug":"05-00-76","status":"publish","type":"post","link":"https:\/\/www.reunion68.se\/?p=97926","title":{"rendered":"Lawyers Call on Martial Arts Federation to Reprimand Lebanese Athlete for Refusing to Compete Against Israeli"},"content":{"rendered":"<h5 style=\"text-align: center;\"><a href=\"https:\/\/www.algemeiner.com\/\" target=\"_blank\" rel=\"noopener noreferrer\"><img decoding=\"async\" class=\"center alignleft\" src=\"http:\/\/www.reunion68.com\/Biuletyn\/img\/algem.png\" alt=\"\" width=\"35%\" \/><\/a><span style=\"text-decoration: underline; color: #000080;\"><span><strong><a style=\"color: #000080; text-decoration: underline;\" href=\"https:\/\/www.algemeiner.com\/2022\/08\/26\/lawyers-call-on-martial-arts-federation-to-reprimand-lebanese-athlete-for-refusing-to-compete-against-israeli\/\" target=\"_blank\" rel=\"noopener noreferrer\">Lawyers Call on Martial Arts Federation to Reprimand Lebanese Athlete for Refusing to Compete Against Israeli<\/a><\/strong><\/span><\/span><\/h5>\n<p style=\"text-align: center;\"><span style=\"color: #000000;\"><strong> Shiryn Ghermezian<\/strong><\/span><\/p>\n<hr style=\"height: 15px; background: #d0e6fa; width: 100%;\" \/>\n<p style=\"text-align: center;\"><img decoding=\"async\" class=\"aligncenter\" src=\"https:\/\/www.algemeiner.com\/wp-content\/uploads\/2022\/08\/Screen-Shot-2022-08-26-at-10.47.41-AM.jpg\" width=\"100%\" \/><span style=\"color: #808080;\"><em>Lebanese athlete Charbel Abou Daher. Photo: YouTube screenshot.<\/em><\/span><\/p>\n<p style=\"text-align: left;\"><span style=\"color: #000080;\">UK Lawyers for Israel (UKLIF) is asking the International Mixed Martial Arts Federation (IMMAF) to take action against a young Lebanese athlete who\u00a0<a style=\"color: #000080;\" href=\"https:\/\/www.algemeiner.com\/2022\/08\/22\/lebanese-mixed-martial-arts-fighter-pulls-out-of-competition-to-avoid-facing-israeli-athlete\/\" target=\"_blank\" rel=\"noopener noreferrer\">withdrew<\/a>\u00a0from a youth martial arts competition earlier in August to avoid going head-to-head with an opponent from Israel.<\/span><\/p>\n<p style=\"text-align: left;\"><span style=\"color: #000080;\">In an email shared with The Algemeiner from UKLFI Director Sam Green to IMMAF leadership, Green called on the sporting organization to punish Daher for his actions. The group of lawyers said the athlete violated a number of the federation\u2019s rules with his behavior, including IMMAF\u2019s code of ethics, equal opportunities policy and code of conduct.<\/span><\/p>\n<p style=\"text-align: left;\"><span style=\"color: #000080;\">\u201cOnly by taking appropriate action against Mr. Abu Daher, relevant members of the Lebanese delegation to the Championship, and the Lebanese IMMAF, can incidents like this be prevented in future, and prevent the IMMAF being drawn into national and international political issues it has no role in,\u201d Green said in the email.<\/span><\/p>\n<p style=\"text-align: left;\"><span style=\"color: #000080;\">The IMMAF, which says it maintains \u201ca zero tolerance of discrimination and harassment,\u201d according to its\u00a0<a style=\"color: #000080;\" href=\"https:\/\/immaf.org\/wp-content\/uploads\/2021\/01\/IMMAF-Code-of-Ethics.pdf\" target=\"_blank\" rel=\"noopener noreferrer\">code of ethics<\/a>, has launched an investigation into Daher\u2019s withdrawal.<\/span><\/p>\n<p style=\"text-align: left;\"><span style=\"color: #000080;\">The organization will \u201cdecide on appropriate actions since this is a matter IMMAF takes extremely seriously,\u201d the group\u2019s Communications Director Izzy Carnwath told\u00a0<em>The Algemeiner<\/em>\u00a0on Friday afternoon.<\/span><\/p>\n<p style=\"text-align: left;\"><span style=\"color: #000080;\">Sayyed Hassan Nasrallah, secretary general of the Hezbollah terrorist organization,\u00a0<a style=\"color: #000080;\" href=\"https:\/\/english.almasirah.net.ye\/post\/27835\/Sayyed-Nasrallah-Escalation-is-Inevitable-If-Israeli-Enemy-Will-Deny-Lebanon-s-Maritime-Rights\" target=\"_blank\" rel=\"noopener noreferrer\">praised<\/a>\u00a0mixed martial artist Charbel Abou Daher and the Lebanese Mixed Martial Arts Federation, calling the athlete\u00a0<a style=\"color: #000080;\" href=\"https:\/\/www.the961.com\/lebanese-charbel-abu-daher-withrawed-from-championship\/\" target=\"_blank\" rel=\"noopener noreferrer\">\u201cpatriotic\u201d<\/a>\u00a0for pulling out of the 2022 IMMAF Youth World Championships in the United Arab Emirates on Aug. 18. Lebanon\u2019s Minister of Youth and Sport George Kallas and the Director General of the Ministry Zaid Khayami also\u00a0<a style=\"color: #000080;\" href=\"https:\/\/www.lebanonfiles.com\/articles\/%d8%a3%d8%ae%d8%a8%d8%a7%d8%b1-%d8%b1%d9%8a%d8%a7%d8%b6%d9%8a%d8%a9\/%d9%83%d9%84%d8%a7%d8%b3-%d8%a7%d8%b3%d8%aa%d9%82%d8%a8%d9%84-%d8%b4%d8%b1%d8%a8%d9%84-%d8%a7%d8%a8%d9%88-%d8%b6%d8%a7%d9%87%d8%b1-%d9%88%d8%a3%d8%a8%d8%b7%d8%a7%d9%84-%d8%a7%d9%84%d9%81%d9%86%d9%88\/\" target=\"_blank\" rel=\"noopener noreferrer\">hailed<\/a>\u00a0Daher for refusing to compete against a rival from Israel. In a Twitter post, Kallas\u00a0<a style=\"color: #000080;\" href=\"https:\/\/twitter.com\/KallasDr\/status\/1561259302257557504\" target=\"_blank\" rel=\"noopener noreferrer\">called<\/a>\u00a0Daher a \u201chero\u201d who \u201cknows how to raise the name of Lebanon and win inside and outside the ring.\u201d<\/span><\/p>\n<p style=\"text-align: left;\"><span style=\"color: #000080;\">Daher additionally received a\u00a0<a style=\"color: #000080;\" href=\"https:\/\/www.facebook.com\/watch\/?v=592544055660053\" target=\"_blank\" rel=\"noopener noreferrer\">hero\u2019s welcome<\/a>\u00a0at the Beirut Rafic Hariri International Airport when he returned to Lebanon following the competition in the UAE.<\/span><\/p>\n<p style=\"text-align: left;\"><span style=\"color: #000080;\">Green further criticized the federation, noting how the IMMAF Youth World Championships was \u201cused as an instrument of propaganda in internal Lebanese politics, including being adopted to advance the agenda of a proscribed terror organization.\u201d<\/span><\/p>\n<p style=\"text-align: left;\"><span style=\"color: #000080;\">Daher\u2019s actions at the championships in Abu Dhabi took place days before young Lebanese chess champion Nadia Fawaz\u00a0<a style=\"color: #000080;\" href=\"https:\/\/english.almanar.com.lb\/1672057\" target=\"_blank\" rel=\"noopener noreferrer\">withdrew<\/a>\u00a0from the fourth round of the 28th Abu Dhabi International Chess Festival to avoid playing against a competitor from Israel.<\/span><\/p>\n<hr style=\"height: 15px; background: #d0e6fa; width: 100%;\" \/>\n<div id=\"content\" class=\"content-alignment\">\n<div id=\"watch-description\" class=\"yt-uix-button-panel\">\n<div id=\"watch-description-text\" style=\"text-align: center;\">\n<p><em>Zawarto\u015b\u0107 publikowanych artyku\u0142\u00f3w i materia\u0142\u00f3w nie reprezentuje pogl\u0105d\u00f3w ani opinii Reunion&#8217;68,<\/em><em><br \/>\nani te\u017c webmastera Blogu Reunion&#8217;68, chyba ze jest to wyra\u017anie zaznaczone.<br \/>\nTwoje uwagi, linki, w\u0142asne artyku\u0142y lub wiadomo\u015bci prze\u015blij na adres:<br \/>\n<\/em><span style=\"color: #000080;\"><strong><em><a style=\"color: #000080;\" href=\"mailto:webmaster@reunion68.com\"><span style=\"text-decoration: underline;\">webmaster@reunion68.com<\/span><\/a><\/em><\/strong><\/span><\/p>\n<\/div>\n<\/div>\n<\/div>\n<hr style=\"width: 100%;\" \/>\n","protected":false},"excerpt":{"rendered":"<p>Lawyers Call on Martial Arts Federation to Reprimand Lebanese Athlete for Refusing to Compete Against Israeli Shiryn Ghermezian Lebanese athlete Charbel Abou Daher. Photo: YouTube screenshot. UK Lawyers for Israel (UKLIF) is asking the International Mixed Martial Arts Federation (IMMAF) to take action against a young Lebanese athlete who\u00a0withdrew\u00a0from a youth martial arts competition earlier [&hellip;]<\/p>\n","protected":false},"author":1,"featured_media":0,"comment_status":"closed","ping_status":"closed","sticky":false,"template":"","format":"standard","meta":[],"categories":[3],"tags":[26,24],"_links":{"self":[{"href":"https:\/\/www.reunion68.se\/index.php?rest_route=\/wp\/v2\/posts\/97926"}],"collection":[{"href":"https:\/\/www.reunion68.se\/index.php?rest_route=\/wp\/v2\/posts"}],"about":[{"href":"https:\/\/www.reunion68.se\/index.php?rest_route=\/wp\/v2\/types\/post"}],"author":[{"embeddable":true,"href":"https:\/\/www.reunion68.se\/index.php?rest_route=\/wp\/v2\/users\/1"}],"replies":[{"embeddable":true,"href":"https:\/\/www.reunion68.se\/index.php?rest_route=%2Fwp%2Fv2%2Fcomments&post=97926"}],"version-history":[{"count":4,"href":"https:\/\/www.reunion68.se\/index.php?rest_route=\/wp\/v2\/posts\/97926\/revisions"}],"predecessor-version":[{"id":97952,"href":"https:\/\/www.reunion68.se\/index.php?rest_route=\/wp\/v2\/posts\/97926\/revisions\/97952"}],"wp:attachment":[{"href":"https:\/\/www.reunion68.se\/index.php?rest_route=%2Fwp%2Fv2%2Fmedia&parent=97926"}],"wp:term":[{"taxonomy":"category","embeddable":true,"href":"https:\/\/www.reunion68.se\/index.php?rest_route=%2Fwp%2Fv2%2Fcategories&post=97926"},{"taxonomy":"post_tag","embeddable":true,"href":"https:\/\/www.reunion68.se\/index.php?rest_route=%2Fwp%2Fv2%2Ftags&post=97926"}],"curies":[{"name":"wp","href":"https:\/\/api.w.org\/{rel}","templated":true}]}}