{"id":97967,"date":"2022-09-16T17:00:44","date_gmt":"2022-09-16T15:00:44","guid":{"rendered":"http:\/\/www.reunion68.se\/?p=97967"},"modified":"2022-09-06T07:46:53","modified_gmt":"2022-09-06T05:46:53","slug":"07-00-80","status":"publish","type":"post","link":"https:\/\/www.reunion68.se\/?p=97967","title":{"rendered":"International Junior Track Cycling Championships in Israel for First Time"},"content":{"rendered":"<h5 style=\"text-align: center;\"><a href=\"https:\/\/www.algemeiner.com\/\" target=\"_blank\" rel=\"noopener noreferrer\"><img decoding=\"async\" class=\"center alignleft\" src=\"http:\/\/www.reunion68.com\/Biuletyn\/img\/algem.png\" alt=\"\" width=\"35%\"><\/a><span style=\"text-decoration: underline; color: #000080;\"><span><strong><a style=\"color: #000080; text-decoration: underline;\" href=\"https:\/\/www.algemeiner.com\/2022\/08\/26\/international-junior-track-cycling-championships-in-israel-for-first-time\/\" target=\"_blank\" rel=\"noopener noreferrer\">International Junior Track Cycling Championships in Israel for First Time<\/a><\/strong><\/span><\/span><\/h5>\n<p style=\"text-align: center;\"><span style=\"color: #000000;\"><strong> JNS.org<\/strong><\/span><\/p>\n<hr style=\"height: 15px; background: #d0e6fa; width: 100%;\">\n<p style=\"text-align: center;\"><img decoding=\"async\" class=\"aligncenter\" src=\"https:\/\/www.algemeiner.com\/wp-content\/uploads\/2018\/05\/race.jpg\" width=\"100%\"><span style=\"color: #808080;\"><em>Hundreds of fans and supporters cheer the bicycle riders of the 101st Giro d\u2019Italia, one of the most prestigious road-cycling races in the world, as they begin the race in Jerusalem on May 4, 2018. Photo: Yonatan SIndel\/Flash90.<\/em><\/span><\/p>\n<p style=\"text-align: left;\"><span style=\"color: #000080;\">The 47th Junior Track Cycling World Championships has begun at the Sylvan Adams National Velodrome in Tel Aviv, marking the first time that the competition is being held in Israel.<\/span><\/p>\n<p style=\"text-align: left;\"><span style=\"color: #000080;\">The competition started on Tuesday and features roughly 300 under-18 cyclists from 40 countries and five continents. Those in attendance at the opening ceremony included Olympic Committee chair Yael Arad, philanthropist Sylvan Adams, Israeli Cycling Union chair Dafna Ling, Tel Aviv-Jaffa Mayor Ron Huldai and Knesset member Simon Davidson.<\/span><\/p>\n<p style=\"text-align: left;\"><span style=\"color: #000080;\">Team Israel is being led by Uri Besh-Duvinsky from the Tel Aviv Cycling Club, who won a medal in July at the European Youth Championships in Serbia, and Oron Argoc, the Israel youth champion from the Masters Haifa team. Other athletes on the Israeli team include Noa Schweki, Hilli Biderman, Uri Bahri and Ron Ben-Efraim.<\/span><\/p>\n<p style=\"text-align: left;\"><span style=\"color: #000080;\">The competition is being held in Tel Aviv as part of efforts by Adams and the Israeli Cycling Federation to make Israel a leading contender in track cycling.<\/span><\/p>\n<p style=\"text-align: left;\"><span style=\"color: #000080;\">\u201cThe Junior Track Cycling World Championships here at the new Sylvan Adams Velodrome in Israel is an important event in the development of track cycling in Israel,\u201d said Arad. \u201cThe exposure to professional levels and inspiration for our sportspeople, and the incredible professional work that is being done in track cycling, will lead to achievements in the future.\u201d<\/span><\/p>\n<div class=\"newsletter\">\n<p style=\"text-align: left;\"><span style=\"color: #000080;\">Adams added: \u201cOur cyclists have already won medals in the World and European championships and have achieved great things for Israeli sport. Together, we are giving an opportunity to our talented youth to realize their potential and to bring great pride to Israel.\u201d<\/span><\/p>\n<p style=\"text-align: left;\"><span style=\"color: #000080;\">The&nbsp;<a style=\"color: #000080;\" href=\"http:\/\/2022jrworlds.veloresults.com\/\" target=\"_blank\" rel=\"noopener noreferrer\">competition<\/a>&nbsp;is being run in partnership with the Union Cycliste Internationale, the Tel Aviv-Jaffa Municipality and Israel\u2019s Ministry of Culture and Sport.<\/span><\/p>\n<\/div>\n<hr style=\"height: 15px; background: #d0e6fa; width: 100%;\">\n<div id=\"content\" class=\"content-alignment\">\n<div id=\"watch-description\" class=\"yt-uix-button-panel\">\n<div id=\"watch-description-text\" style=\"text-align: center;\">\n<p><em>Zawarto\u015b\u0107 publikowanych artyku\u0142\u00f3w i materia\u0142\u00f3w nie reprezentuje pogl\u0105d\u00f3w ani opinii Reunion&#8217;68,<\/em><em><br \/>\nani te\u017c webmastera Blogu Reunion&#8217;68, chyba ze jest to wyra\u017anie zaznaczone.<br \/>\nTwoje uwagi, linki, w\u0142asne artyku\u0142y lub wiadomo\u015bci prze\u015blij na adres:<br \/>\n<\/em><span style=\"color: #000080;\"><strong><em><a style=\"color: #000080;\" href=\"mailto:webmaster@reunion68.com\"><span style=\"text-decoration: underline;\">webmaster@reunion68.com<\/span><\/a><\/em><\/strong><\/span><\/p>\n<\/div>\n<\/div>\n<\/div>\n<hr style=\"width: 100%;\">\n","protected":false},"excerpt":{"rendered":"<p>International Junior Track Cycling Championships in Israel for First Time JNS.org Hundreds of fans and supporters cheer the bicycle riders of the 101st Giro d\u2019Italia, one of the most prestigious road-cycling races in the world, as they begin the race in Jerusalem on May 4, 2018. Photo: Yonatan SIndel\/Flash90. The 47th Junior Track Cycling World [&hellip;]<\/p>\n","protected":false},"author":1,"featured_media":0,"comment_status":"closed","ping_status":"closed","sticky":false,"template":"","format":"standard","meta":[],"categories":[3],"tags":[26,24],"_links":{"self":[{"href":"https:\/\/www.reunion68.se\/index.php?rest_route=\/wp\/v2\/posts\/97967"}],"collection":[{"href":"https:\/\/www.reunion68.se\/index.php?rest_route=\/wp\/v2\/posts"}],"about":[{"href":"https:\/\/www.reunion68.se\/index.php?rest_route=\/wp\/v2\/types\/post"}],"author":[{"embeddable":true,"href":"https:\/\/www.reunion68.se\/index.php?rest_route=\/wp\/v2\/users\/1"}],"replies":[{"embeddable":true,"href":"https:\/\/www.reunion68.se\/index.php?rest_route=%2Fwp%2Fv2%2Fcomments&post=97967"}],"version-history":[{"count":6,"href":"https:\/\/www.reunion68.se\/index.php?rest_route=\/wp\/v2\/posts\/97967\/revisions"}],"predecessor-version":[{"id":98229,"href":"https:\/\/www.reunion68.se\/index.php?rest_route=\/wp\/v2\/posts\/97967\/revisions\/98229"}],"wp:attachment":[{"href":"https:\/\/www.reunion68.se\/index.php?rest_route=%2Fwp%2Fv2%2Fmedia&parent=97967"}],"wp:term":[{"taxonomy":"category","embeddable":true,"href":"https:\/\/www.reunion68.se\/index.php?rest_route=%2Fwp%2Fv2%2Fcategories&post=97967"},{"taxonomy":"post_tag","embeddable":true,"href":"https:\/\/www.reunion68.se\/index.php?rest_route=%2Fwp%2Fv2%2Ftags&post=97967"}],"curies":[{"name":"wp","href":"https:\/\/api.w.org\/{rel}","templated":true}]}}