{"id":9802,"date":"2014-11-28T19:03:24","date_gmt":"2014-11-28T17:03:24","guid":{"rendered":"http:\/\/www.reunion68.se\/?p=9802"},"modified":"2014-11-28T17:03:56","modified_gmt":"2014-11-28T15:03:56","slug":"9802","status":"publish","type":"post","link":"https:\/\/www.reunion68.se\/?p=9802","title":{"rendered":"Relacje medialne \u015bcis\u0142e i bezstronne?"},"content":{"rendered":"<h5 style=\"text-align: center;\"><a href=\"http:\/\/www.listyznaszegosadu.pl\/\" target=\"_blank\"><img decoding=\"async\" class=\"center alignleft\" src=\"http:\/\/www.reunion68.com\/Biuletyn\/img\/z-naszego.jpg\" alt=\"\" width=\"350\" \/><\/a><span style=\"text-decoration: underline; color: #000080;\"><span style=\"text-decoration: underline;\"><strong><a style=\"color: #000080; text-decoration: underline;\" href=\"http:\/\/www.listyznaszegosadu.pl\/brunatna-fala\/relacje-medialne-scisle-i-bezstronne\" target=\"_blank\">Relacje medialne \u015bcis\u0142e i bezstronne?<\/a><\/strong><\/span><\/span><\/h5>\n<p style=\"text-align: center;\"><span style=\"color: #333333;\"><strong> Eytan Gilboa<\/strong><\/span><\/p>\n<p style=\"text-align: center;\"><span style=\"color: #333333;\">T\u0142umaczenie: Ma\u0142gorzata Koraszewska<\/span><\/p>\n<hr style=\"height: 15px; background: #d0e6fa; width: 710px;\" \/>\n<div style=\"width: 360px\" class=\"wp-caption alignright\"><img decoding=\"async\" src=\"http:\/\/www.listyznaszegosadu.pl\/upload\/article\/bild\/1674\/604735\/130430-omar-masharawi_s.jpg\" alt=\"W listopadzie 2012 roku, po d\u0142ugim okresie ostrzeliwania Izraela rakietami z Gazy, armia izraelska zaatakowa\u0142a pozycje oddzia\u0142\u00f3w Hamasu i Islamskiego D\u017cihadu. Na Zachodzie symbolem tej wojny sta\u0142o si\u0119 zdj\u0119cie Jihada Mashrawi trzymaj\u0105cego zw\u0142oki swojego syna Omara. Rzecznik IDF poinformowa\u0142, \u017ce tego dnia lotnictwo nie ostrzeliwa\u0142o \u017cadnych cel\u00f3w w tym rejonie Gazy, zdj\u0119cia pokoju, do kt\u00f3rego wpad\u0142 pocisk nasuwa\u0142y jednoznaczne podejrzenia, kt\u00f3re po miesi\u0105cach potwierdzi\u0142o badanie ONZ. Omara Mashrawi zabi\u0142a rakieta Hamasu, kt\u00f3ra nie dolecia\u0142a do celu, jakim byli cywile izraelscy. To zdj\u0119cie by\u0142o i pozosta\u0142o jednak dla \u015bwiata symbolem izraelskich zbrodni.\" width=\"350\" border=\"0\" \/><p class=\"wp-caption-text\"><span style=\"color: #000080;\"><em>W listopadzie 2012 roku, po d\u0142ugim okresie ostrzeliwania Izraela rakietami z Gazy, armia izraelska zaatakowa\u0142a pozycje oddzia\u0142\u00f3w Hamasu i Islamskiego D\u017cihadu. Na Zachodzie symbolem tej wojny sta\u0142o si\u0119 zdj\u0119cie Jihada Mashrawi trzymaj\u0105cego zw\u0142oki swojego syna Omara. Rzecznik IDF poinformowa\u0142, \u017ce tego dnia lotnictwo nie ostrzeliwa\u0142o \u017cadnych cel\u00f3w w tym rejonie Gazy, zdj\u0119cia pokoju, do kt\u00f3rego wpad\u0142 pocisk nasuwa\u0142y jednoznaczne podejrzenia, kt\u00f3re po miesi\u0105cach potwierdzi\u0142o badanie ONZ. Omara Mashrawi zabi\u0142a rakieta Hamasu, kt\u00f3ra nie dolecia\u0142a do celu, jakim byli cywile izraelscy. To zdj\u0119cie by\u0142o i pozosta\u0142o jednak dla \u015bwiata symbolem izraelskich zbrodni.<\/em><\/span><\/p><\/div>\n<p style=\"text-align: left;\"><span style=\"color: #000080;\"><span style=\"color: #333333;\"><strong><em>W listopadzie 2012 roku, po d\u0142ugim okresie ostrzeliwania Izraela rakietami z Gazy, armia izraelska zaatakowa\u0142a pozycje oddzia\u0142\u00f3w Hamasu i Islamskiego D\u017cihadu. Na Zachodzie symbolem tej wojny sta\u0142o si\u0119 zdj\u0119cie Jihada Mashrawi trzymaj\u0105cego zw\u0142oki swojego syna Omara. Rzecznik IDF poinformowa\u0142, \u017ce tego dnia lotnictwo nie ostrzeliwa\u0142o \u017cadnych cel\u00f3w w tym rejonie Gazy, zdj\u0119cia pokoju, do kt\u00f3rego wpad\u0142 pocisk nasuwa\u0142y jednoznaczne podejrzenia, kt\u00f3re po miesi\u0105cach potwierdzi\u0142o badanie ONZ. Omara Mashrawi zabi\u0142a rakieta Hamasu, kt\u00f3ra nie dolecia\u0142a do celu, jakim byli cywile izraelscy. To zdj\u0119cie by\u0142o i pozosta\u0142o jednak dla \u015bwiata symbolem izraelskich zbrodni.<\/em><\/strong><\/span><\/span><\/p>\n<p style=\"text-align: left;\"><span style=\"color: #000080;\">2 sierpnia 1982 r. podczas pierwszej wojny liba\u0144skiej, na pierwszych stronach czo\u0142owych gazet \u015bwiata pojawi\u0142a si\u0119 fotografia liba\u0144skiego niemowl\u0119cia, zabanda\u017cowanego od st\u00f3p do g\u0142\u00f3w. Podpis pod fotografi\u0105 brzmia\u0142: \u201eNiemowl\u0119, kt\u00f3re straci\u0142o obie r\u0105czki i dozna\u0142o powa\u017cnych poparze\u0144 w wyniku bomby zrzuconej z izraelskiego samolotu\u201d.<\/span><\/p>\n<p style=\"text-align: left;\"><span style=\"color: #000080;\">Podczas spotkania w Waszyngtonie \u00f3wczesny sekretarz stanu USA, George Shultz, pokaza\u0142 to zdj\u0119cie \u00f3wczesnemu ministrowi spraw zagranicznych Izraela, Icchakowi Szamirowi i gromi\u0142 go, m\u00f3wi\u0105c: \u201eSymbolem tej wojny jest to niemowl\u0119 z amputowanymi r\u0105czkami\u201d.<\/span><\/p>\n<p style=\"text-align: left;\"><span style=\"color: #000080;\">Ten obraz mia\u0142 bezpo\u015bredni wp\u0142yw na decydent\u00f3w, ale podpis pod zdj\u0119ciem by\u0142 k\u0142amstwem. Niemowl\u0119 nie straci\u0142o r\u0105czek; zosta\u0142o lekko ranne, a zranione zosta\u0142o przez pocisk wystrzelony przez Organizacj\u0119 Wyzwolenia Palestyny.<\/span><\/p>\n<p style=\"text-align: left;\"><span style=\"color: #000080;\">Najnowsza zawodowa i etyczna kompromitacja &#8211; spos\u00f3b informowaniu o morderczym ataku terrorystycznym na synagog\u0119 Har Nof &#8211; nie by\u0142a \u017cadnym wyj\u0105tkiem ani przypadkiem. Mamy do czynienia z trwaj\u0105cym i haniebnym zjawiskiem wprowadzaj\u0105nia w b\u0142\u0105d i systematycznego prezentowania przez pras\u0119 tendencyjnych zdj\u0119\u0107, podpis\u00f3w i doniesie\u0144 o Izraelu i o konflikcie izraelsko-palesty\u0144skim, tak\u017ce na \u0142amach najbardziej znanych medi\u00f3w, kt\u00f3re rzekomo zachowuj\u0105 najwy\u017csze standardy zawodowe<\/span><\/p>\n<div style=\"width: 356px\" class=\"wp-caption alignright\"><img decoding=\"async\" loading=\"lazy\" src=\"http:\/\/www.listyznaszegosadu.pl\/upload\/article\/bild\/1871\/604736\/media_s.jpg\" alt=\"Zdj\u0119cie z pierwszej strony \u201cNew York Times\u201d z wrze\u015bnia 2000. Zakrwawiony cz\u0142owiek jest \u017bydem ameryka\u0144skim, kt\u00f3rego broni policjant.\" width=\"346\" height=\"246\" border=\"0\" \/><p class=\"wp-caption-text\"><span style=\"color: #000080;\"><em>Zdj\u0119cie z pierwszej strony \u201cNew York Times\u201d z wrze\u015bnia 2000. Zakrwawiony cz\u0142owiek jest \u017bydem ameryka\u0144skim, kt\u00f3rego broni policjant. <\/em><\/span><\/p><\/div>\n<p style=\"text-align: left;\"><span style=\"color: #000080;\">30 wrze\u015bnia 2000 r. na pierwszej stronie \u201cNew York Times\u201d widnia\u0142a fotografia gniewnego policjanta wymachuj\u0105cego pa\u0142k\u0105 policyjn\u0105 i zakrwawionego m\u0142odego m\u0119\u017cczyzny na kolanach u jego stop. Podpis pod zdj\u0119ciem brzmia\u0142: \u201cIzraelski policjant i Palesty\u0144czyk na Wzg\u00f3rzu \u015awi\u0105tynnym\u201d.<\/span><\/p>\n<p style=\"text-align: left;\"><span style=\"color: #000080;\">Okaza\u0142o si\u0119 jednak, \u017ce ten m\u0142ody cz\u0142owiek by\u0142 ameryka\u0144skim studentem, \u017bydem, kt\u00f3rego pobili Palesty\u0144czycy w pobli\u017cu dzielnicy Mea Szearim i kt\u00f3rego uratowa\u0142 ten policjant. Dla redaktor\u00f3w \u201eNew York Times\u201d zdj\u0119cie izraelskiego policjanta nad zakrwawionym m\u0142odym m\u0119\u017cczyzn\u0105 nie mog\u0142o by\u0107 niczym innym jak tylko brutalnym biciem Palesty\u0144czyka przez Izraelczyka.<\/span><\/p>\n<p style=\"text-align: left;\"><span style=\"color: #000080;\">Nie powinno wi\u0119c by\u0142o stanowi\u0107 zaskoczenia, kiedy CNN podpisa\u0142a informacj\u0119 o zamachu na Har Nof podczas przeprowadzanego wywiadu z burmistrzem Jerozolimy: \u201c\u015amiertelny atak na meczet w Jerozolimie\u201d. Londy\u0144ski \u201eDaily Telegraph\u201d napisa\u0142: \u201eIzraelska policja strzela\u0142a do Palesty\u0144czyk\u00f3w w synagodze\u201d; a gazeta hiszpa\u0144ska \u201eEl Pais\u201d donosi\u0142a o sze\u015bciu ofiarach \u015bmiertelnych w Jerozolimie bez rozr\u00f3\u017cnienia mi\u0119dzy terrorystami i ich ofiarami<\/span>.<\/p>\n<p style=\"text-align: right;\"><span style=\"color: #000080;\">Czytaj dalej tu: <span style=\"text-decoration: underline;\"><strong><a style=\"color: #000080; text-decoration: underline;\" href=\"http:\/\/www.listyznaszegosadu.pl\/brunatna-fala\/relacje-medialne-scisle-i-bezstronne\" target=\"_blank\">Relacje medialne&#8230;<\/a><\/strong><\/span><\/span><\/p>\n<hr style=\"height: 15px; background: #d0e6fa; width: 710px;\" \/>\n<div id=\"content\" class=\"  content-alignment&lt;br \/&gt;&lt;br \/&gt; \">\n<div id=\"watch-description\" class=\"yt-uix-button-panel\">\n<div id=\"watch-description-text\">\n<p style=\"text-align: center;\"><span style=\"color: #808080;\"> twoje uwagi, linki, wlasne artykuly, lub wiadomosci przeslij do: <strong><span style=\"text-decoration: underline;\"><span style=\"color: #808080; text-decoration: underline;\"><a href=\"mailto:webmaster@reunion68.com\">webmaster@reunion68.com<\/a><\/span><\/span><\/strong><\/span><\/p>\n<\/div>\n<\/div>\n<\/div>\n<p>&nbsp;<\/p>\n<hr style=\"width: 710px;\" \/>\n","protected":false},"excerpt":{"rendered":"<p>Relacje medialne \u015bcis\u0142e i bezstronne? Eytan Gilboa T\u0142umaczenie: Ma\u0142gorzata Koraszewska W listopadzie 2012 roku, po d\u0142ugim okresie ostrzeliwania Izraela rakietami z Gazy, armia izraelska zaatakowa\u0142a pozycje oddzia\u0142\u00f3w Hamasu i Islamskiego D\u017cihadu. Na Zachodzie symbolem tej wojny sta\u0142o si\u0119 zdj\u0119cie Jihada Mashrawi trzymaj\u0105cego zw\u0142oki swojego syna Omara. Rzecznik IDF poinformowa\u0142, \u017ce tego dnia lotnictwo nie ostrzeliwa\u0142o [&hellip;]<\/p>\n","protected":false},"author":1,"featured_media":0,"comment_status":"closed","ping_status":"closed","sticky":false,"template":"","format":"standard","meta":[],"categories":[3],"tags":[24],"_links":{"self":[{"href":"https:\/\/www.reunion68.se\/index.php?rest_route=\/wp\/v2\/posts\/9802"}],"collection":[{"href":"https:\/\/www.reunion68.se\/index.php?rest_route=\/wp\/v2\/posts"}],"about":[{"href":"https:\/\/www.reunion68.se\/index.php?rest_route=\/wp\/v2\/types\/post"}],"author":[{"embeddable":true,"href":"https:\/\/www.reunion68.se\/index.php?rest_route=\/wp\/v2\/users\/1"}],"replies":[{"embeddable":true,"href":"https:\/\/www.reunion68.se\/index.php?rest_route=%2Fwp%2Fv2%2Fcomments&post=9802"}],"version-history":[{"count":26,"href":"https:\/\/www.reunion68.se\/index.php?rest_route=\/wp\/v2\/posts\/9802\/revisions"}],"predecessor-version":[{"id":9828,"href":"https:\/\/www.reunion68.se\/index.php?rest_route=\/wp\/v2\/posts\/9802\/revisions\/9828"}],"wp:attachment":[{"href":"https:\/\/www.reunion68.se\/index.php?rest_route=%2Fwp%2Fv2%2Fmedia&parent=9802"}],"wp:term":[{"taxonomy":"category","embeddable":true,"href":"https:\/\/www.reunion68.se\/index.php?rest_route=%2Fwp%2Fv2%2Fcategories&post=9802"},{"taxonomy":"post_tag","embeddable":true,"href":"https:\/\/www.reunion68.se\/index.php?rest_route=%2Fwp%2Fv2%2Ftags&post=9802"}],"curies":[{"name":"wp","href":"https:\/\/api.w.org\/{rel}","templated":true}]}}