{"id":98144,"date":"2022-09-03T17:00:48","date_gmt":"2022-09-03T15:00:48","guid":{"rendered":"http:\/\/www.reunion68.se\/?p=98144"},"modified":"2022-09-03T08:01:14","modified_gmt":"2022-09-03T06:01:14","slug":"13-00-73","status":"publish","type":"post","link":"https:\/\/www.reunion68.se\/?p=98144","title":{"rendered":"Top German Antisemitism Official Calls for Tighter Control of Documenta Artshow in Wake of Anti-Jewish Exhibits"},"content":{"rendered":"<h5 style=\"text-align: center;\"><a href=\"https:\/\/www.algemeiner.com\/\" target=\"_blank\" rel=\"noopener noreferrer\"><img decoding=\"async\" class=\"center alignleft\" src=\"http:\/\/www.reunion68.com\/Biuletyn\/img\/algem.png\" alt=\"\" width=\"35%\"><\/a><span style=\"text-decoration: underline; color: #000080;\"><span><strong><a style=\"color: #000080; text-decoration: underline;\" href=\"https:\/\/www.algemeiner.com\/2022\/09\/02\/top-german-antisemitism-official-calls-for-tighter-control-of-documenta-artshow-in-wake-of-anti-jewish-exhibits\/\" target=\"_blank\" rel=\"noopener noreferrer\">Top German Antisemitism Official Calls for Tighter Control of Documenta Artshow in Wake of Anti-Jewish Exhibits<\/a><\/strong><\/span><\/span><\/h5>\n<p style=\"text-align: center;\"><span style=\"color: #000000;\"><strong>Algemeiner Staff<\/strong><\/span><\/p>\n<hr style=\"height: 15px; background: #d0e6fa; width: 100%;\">\n<p style=\"text-align: center;\"><img decoding=\"async\" class=\"aligncenter\" src=\"https:\/\/www.algemeiner.com\/wp-content\/uploads\/2020\/03\/antisemitism-commissioner.jpeg\" width=\"100%\"><span style=\"color: #808080;\"><em>Felix Klein, the German Government Commissioner on Antisemitism. Photo: Reuters\/Wolfgang Kumm<\/em><\/span><\/p>\n<p style=\"text-align: left;\"><span style=\"color: #000080;\">The head of the German federal government\u2019s office for combating antisemitism has vociferously condemned the Documenta festival of contemporary art in the city of Kassel over a series of scandals involving antisemitic works of art.<\/span><\/p>\n<p style=\"text-align: left;\"><span style=\"color: #000080;\">\u201cThe Documenta shows how completely unchecked Israel-related antisemitism came to Germany from another country,\u201d Felix Klein \u2014 the federal government\u2019s antisemitism commissioner \u2014 observed in a newspaper interview on Friday.<\/span><\/p>\n<p style=\"text-align: left;\"><span style=\"color: #000080;\">Beset by widespread&nbsp;<span style=\"text-decoration: underline;\"><strong><a style=\"color: #000080; text-decoration: underline;\" href=\"https:\/\/www.algemeiner.com\/2022\/08\/16\/outrage-among-jewish-activists-as-yet-another-antisemitic-image-is-discovered-at-leading-german-art-festival\/\" target=\"_blank\" rel=\"noopener noreferrer\">criticism of the antisemitic artworks<\/a><\/strong><\/span>&nbsp;that were either removed or haphazardly covered over at this year\u2019s festival \u2014 curated by ruangrupa, an Indonesian artists collective \u2014 Documenta\u2019s management team has faced severe criticism of its approach to antisemitism&nbsp;<span style=\"text-decoration: underline;\"><strong><a style=\"color: #000080; text-decoration: underline;\" href=\"https:\/\/www.algemeiner.com\/2022\/01\/17\/top-german-art-show-embroiled-in-antisemitism-row-over-participation-of-pro-bds-organizations\/\" target=\"_blank\" rel=\"noopener noreferrer\">since January<\/a><\/strong><\/span>, when revelations of ruangrupa\u2019s support for the so-called \u201cBoycott, Divestment and Sanctions\u201d (BDS) campaign targeting Israel first emerged.<\/span><\/p>\n<p style=\"text-align: left;\"><span style=\"color: #000080;\">Subsequently, the Documenta festival featured a&nbsp;<a style=\"color: #000080;\" href=\"https:\/\/www.algemeiner.com\/2022\/06\/21\/crudely-antisemitic-mural-removed-from-top-art-show-in-germany-as-controversy-over-jew-hatred-roils-on\/\" target=\"_blank\" rel=\"noopener noreferrer\"><span style=\"text-decoration: underline;\"><strong>mural containing classic antisemitic caricature<\/strong><\/span>s<\/a>, a triptych featuring a man wearing a&nbsp;<span style=\"text-decoration: underline;\"><strong><a style=\"color: #000080; text-decoration: underline;\" href=\"https:\/\/www.algemeiner.com\/2022\/08\/16\/outrage-among-jewish-activists-as-yet-another-antisemitic-image-is-discovered-at-leading-german-art-festival\/\" target=\"_blank\" rel=\"noopener noreferrer\">kipah proffering large bags of money<\/a><\/strong><\/span>, a brochure featuring&nbsp;<span style=\"text-decoration: underline;\"><strong><a style=\"color: #000080; text-decoration: underline;\" href=\"https:\/\/www.algemeiner.com\/2022\/08\/05\/german-jews-call-for-resignation-of-new-documenta-art-festival-director-as-antisemitism-scandal-festers\/\" target=\"_blank\" rel=\"noopener noreferrer\">antisemitic drawings of Israeli soldiers<\/a>&nbsp;<\/strong><\/span>and a row over the statements of Hamja Ahsan, a British artist exhibiting at the festival, who praised the BDS movement and slammed German Chancellor Olaf Scholz, who&nbsp;<span style=\"text-decoration: underline;\"><strong><a style=\"color: #000080; text-decoration: underline;\" href=\"https:\/\/www.algemeiner.com\/2022\/06\/23\/disgusting-german-chancellor-olaf-scholz-nixes-visit-to-contemporary-art-festival-over-antisemitic-display\/\" target=\"_blank\" rel=\"noopener noreferrer\">canceled a visit<\/a><\/strong><\/span>&nbsp;to the festival in protest at the presence of antisemitic works, as a \u201cfascist pig.\u201d<\/span><\/p>\n<p style=\"text-align: left;\"><span style=\"color: #000080;\">According to Klein, some of the artworks \u201ccould also have been in the Nazi hate newspaper&nbsp;<em>Der St\u00fcrmer<\/em>.\u201d He urged due consideration of \u201ccriminal consequences\u201d for the exhibition organizers. Antisemitic incitement and mocking or denying the Holocaust is illegal in Germany. In future, the federal government, which funds the festival, should have a greater role in organizing it, by appointing a supervisory board to review works proposed for exhibition, Klein said.<\/span><\/p>\n<p style=\"text-align: left;\"><span style=\"color: #000080;\">Klein also urged the full implementation of the May 2019&nbsp;<a style=\"color: #000080;\" href=\"https:\/\/www.algemeiner.com\/2019\/05\/16\/left-right-and-center-parties-in-german-parliament-unite-to-oppose-antisemitic-bds-campaign\/\" target=\"_blank\" rel=\"noopener noreferrer\"><span style=\"text-decoration: underline;\"><strong>resolution of the Bundestag<\/strong><\/span>,<\/a>&nbsp;Germany\u2019s parliament, that classified the BDS campaign as antisemitic.<\/span><\/p>\n<p style=\"text-align: left;\"><span style=\"color: #000080;\">\u201cWe must take action against the BDS movement with all political and social means,\u201d he declared.<\/span><\/p>\n<p style=\"text-align: left;\"><span style=\"color: #000080;\">Klein further warned that antisemitic feeling could surge in Germany later this year, amid a growing economic crisis and shortages of heating fuel during the winter as a result of Russia\u2019s invasion of Ukraine.<\/span><\/p>\n<p style=\"text-align: left;\"><span style=\"color: #000080;\">\u201cUnfortunately, blaming Jews for crises is a pattern in Germany,\u201d Klein stated. \u201cYou can feel that something is brewing,\u201d<\/span><\/p>\n<hr style=\"height: 15px; background: #d0e6fa; width: 100%;\">\n<div id=\"content\" class=\"content-alignment\">\n<div id=\"watch-description\" class=\"yt-uix-button-panel\">\n<div id=\"watch-description-text\" style=\"text-align: center;\">\n<p><em>Zawarto\u015b\u0107 publikowanych artyku\u0142\u00f3w i materia\u0142\u00f3w nie reprezentuje pogl\u0105d\u00f3w ani opinii Reunion&#8217;68,<\/em><em><br \/>\nani te\u017c webmastera Blogu Reunion&#8217;68, chyba ze jest to wyra\u017anie zaznaczone.<br \/>\nTwoje uwagi, linki, w\u0142asne artyku\u0142y lub wiadomo\u015bci prze\u015blij na adres:<br \/>\n<\/em><span style=\"color: #000080;\"><strong><em><a style=\"color: #000080;\" href=\"mailto:webmaster@reunion68.com\"><span style=\"text-decoration: underline;\">webmaster@reunion68.com<\/span><\/a><\/em><\/strong><\/span><\/p>\n<\/div>\n<\/div>\n<\/div>\n<hr style=\"width: 100%;\">\n","protected":false},"excerpt":{"rendered":"<p>Top German Antisemitism Official Calls for Tighter Control of Documenta Artshow in Wake of Anti-Jewish Exhibits Algemeiner Staff Felix Klein, the German Government Commissioner on Antisemitism. Photo: Reuters\/Wolfgang Kumm The head of the German federal government\u2019s office for combating antisemitism has vociferously condemned the Documenta festival of contemporary art in the city of Kassel over [&hellip;]<\/p>\n","protected":false},"author":1,"featured_media":0,"comment_status":"closed","ping_status":"closed","sticky":false,"template":"","format":"standard","meta":[],"categories":[6],"tags":[26,24],"_links":{"self":[{"href":"https:\/\/www.reunion68.se\/index.php?rest_route=\/wp\/v2\/posts\/98144"}],"collection":[{"href":"https:\/\/www.reunion68.se\/index.php?rest_route=\/wp\/v2\/posts"}],"about":[{"href":"https:\/\/www.reunion68.se\/index.php?rest_route=\/wp\/v2\/types\/post"}],"author":[{"embeddable":true,"href":"https:\/\/www.reunion68.se\/index.php?rest_route=\/wp\/v2\/users\/1"}],"replies":[{"embeddable":true,"href":"https:\/\/www.reunion68.se\/index.php?rest_route=%2Fwp%2Fv2%2Fcomments&post=98144"}],"version-history":[{"count":5,"href":"https:\/\/www.reunion68.se\/index.php?rest_route=\/wp\/v2\/posts\/98144\/revisions"}],"predecessor-version":[{"id":98162,"href":"https:\/\/www.reunion68.se\/index.php?rest_route=\/wp\/v2\/posts\/98144\/revisions\/98162"}],"wp:attachment":[{"href":"https:\/\/www.reunion68.se\/index.php?rest_route=%2Fwp%2Fv2%2Fmedia&parent=98144"}],"wp:term":[{"taxonomy":"category","embeddable":true,"href":"https:\/\/www.reunion68.se\/index.php?rest_route=%2Fwp%2Fv2%2Fcategories&post=98144"},{"taxonomy":"post_tag","embeddable":true,"href":"https:\/\/www.reunion68.se\/index.php?rest_route=%2Fwp%2Fv2%2Ftags&post=98144"}],"curies":[{"name":"wp","href":"https:\/\/api.w.org\/{rel}","templated":true}]}}