{"id":98249,"date":"2022-09-28T17:09:59","date_gmt":"2022-09-28T15:09:59","guid":{"rendered":"http:\/\/www.reunion68.se\/?p=98249"},"modified":"2022-09-16T11:42:27","modified_gmt":"2022-09-16T09:42:27","slug":"18-09-68","status":"publish","type":"post","link":"https:\/\/www.reunion68.se\/?p=98249","title":{"rendered":"Jak Niemcy sta\u0142y si\u0119 pierwszym krajem kapitalistycznym, kt\u00f3ry nawi\u0105za\u0142 stosunki ze Zwi\u0105zkiem Radzieckim?"},"content":{"rendered":"<p style=\"text-align: center;\"><img decoding=\"async\" class=\"aligncenter\" src=\"https:\/\/bi.im-g.pl\/im\/fa\/84\/1b\/z28855546IF,Podpisanie-ukladu-w-Rapallo--od-lewej--kanclerz-Rz.jpg\" width=\"100%\"><span style=\"color: #808080;\"><em>Podpisanie uk\u0142adu w Rapallo, od lewej: kanclerz Rzeszy Joseph Wirth, szef niemieckiego MSC Walther Rathenau oraz Sowieci: ludowy komisarz handlu Leonid Krasin, szef MSZ Gieorgij Cziczerin i dyplomata Adolf Joffe (Fot. Bernhard Hossner\/Bundesarchiv)<\/em><\/span><\/p>\n<hr>\n<h5 style=\"text-align: center;\"><a href=\"https:\/\/wyborcza.pl\/\" target=\"_blank\" rel=\"noopener noreferrer\"><img decoding=\"async\" class=\"center alignleft\" src=\"http:\/\/www.reunion68.com\/Biuletyn\/img\/wyborcza-ale.png\" alt=\"\" width=\"35%\"><\/a><span style=\"text-decoration: underline; color: #000080;\"><strong><a style=\"color: #000080; text-decoration: underline;\" href=\"https:\/\/wyborcza.pl\/alehistoria\/7,121681,28854283,jak-niemcy-staly-sie-pierwszym-krajem-kapitalistycznym.html\" target=\"_blank\" rel=\"noopener noreferrer\">Jak Niemcy sta\u0142y si\u0119 pierwszym krajem kapitalistycznym, kt\u00f3ry nawi\u0105za\u0142 stosunki ze Zwi\u0105zkiem Radzieckim?<\/a><\/strong><\/span><\/h5>\n<p style=\"text-align: center;\"><span style=\"color: #000000;\"><strong>Miros\u0142aw Maciorowski<\/strong><\/span><\/p>\n<hr style=\"height: 15px; background: #d0e6fa; width: 100%;\">\n<h4 style=\"text-align: center;\"><strong>Opodpisaniu z bolszewikami traktatu w Rapallo niemieccy dyplomaci decydowali, siedz\u0105c w pi\u017camach w pokoju hotelowym.<\/strong><\/h4>\n<hr>\n<p style=\"text-align: left;\"><span style=\"color: #000080;\">Sowiecko-niemiecka wsp\u00f3\u0142praca zacz\u0119\u0142a si\u0119 niemal natychmiast po zako\u0144czeniu pierwszej wojny \u015bwiatowej. W pocz\u0105tkach 1919 r., gdy rozpoczyna\u0142y si\u0119 obrady konferencji w Wersalu, a silne niemieckie wojska tzw. Ober-Ostu wci\u0105\u017c stacjonowa\u0142y na Wschodzie, ju\u017c trwa\u0142a, cho\u0107 nie by\u0142a jeszcze w \u017caden spos\u00f3b sformalizowana. Kiedy bowiem Niemcy zacz\u0119li si\u0119 ze Wschodu wycofywa\u0107, opuszczane tereny i sprz\u0119t wojskowy, kt\u00f3rego nie byli w stanie zabra\u0107, przekazywali nie tworz\u0105cym swoje pa\u0144stwo Polakom, lecz w\u0142a\u015bnie bolszewikom.<\/span><\/p>\n<p class=\"text--paragraph\" style=\"text-align: left;\"><span style=\"color: #000080;\">Nieformalne kontakty obu kraj\u00f3w utrzymywa\u0142y i p\u00f3\u017aniej. Pa\u0144stwo niemieckie upokorzone po kl\u0119sce i ustaleniach wersalskich by\u0142o wprawdzie w g\u0142\u0119bokim kryzysie, ale jego elity, szczeg\u00f3lnie wojskowe, nigdy nie pogodzi\u0142y si\u0119 z nowym porz\u0105dkiem. Nie akceptowali go r\u00f3wnie\u017c nieobecni w Wersalu bolszewicy. Szczeg\u00f3lnie powstanie Polski by\u0142o sol\u0105 w oku Berlina i Moskwy.<\/span><\/p>\n<p class=\"text--paragraph\" style=\"text-align: left;\"><span style=\"color: #000080;\">D\u0105\u017cenie do rewizji ustale\u0144 wersalskich po\u0142\u0105czy\u0142o polityk\u00f3w obu kraj\u00f3w, cho\u0107 po rewolucji pa\u017adziernikowej dzieli\u0142a ich przecie\u017c ideologiczna przepa\u015b\u0107.<\/span><\/p>\n<h4 class=\"text--title font-head-700\" style=\"text-align: left;\"><strong>Berli\u0144skie negocjacje<\/strong><\/h4>\n<p class=\"text--paragraph\" style=\"text-align: left;\"><span style=\"color: #000080;\">W tej wsp\u00f3\u0142pracy by\u0142y punkty zwrotne, momenty, kt\u00f3re zdecydowa\u0142y nie tylko o charakterze obustronnych stosunk\u00f3w, ale w nieodleg\u0142ej przysz\u0142o\u015bci tak\u017ce o historii \u015bwiata. Jednym z nich by\u0142 traktat sowiecko-niemiecki zawarty 16 kwietnia 1922 r. we w\u0142oskim miasteczku Rapallo nad Morzem Liguryjskim. Ian Ona Johnson, ameryka\u0144ski historyk z Uniwersytetu Notre Dame, w ksi\u0105\u017cce \u201eDiabelski pakt&#8221; barwnie opisuje okoliczno\u015bci, w jakich zosta\u0142 podpisany.<\/span><\/p>\n<p class=\"text--paragraph\" style=\"text-align: left;\"><span style=\"color: #000080;\">W pocz\u0105tkach kwietnia 1922 r. podczas szczytu gospodarczego w Genui przedstawiciele 34 kraj\u00f3w mieli rozmawia\u0107 m.in. o powrocie bolszewickiej Rosji do \u015bwiatowej gospodarki. Delegacja sowiecka w drodze do W\u0142och zatrzyma\u0142a si\u0119 jednak w Berlinie. Szefowi dyplomacji Giergijowi Cziczerinowi bardzo zale\u017ca\u0142o bowiem na jak najszybszym przywr\u00f3ceniu stosunk\u00f3w dyplomatycznych i nawi\u0105zaniu wsp\u00f3\u0142pracy przemys\u0142owo-wojskowej z Niemcami.<\/span><\/p>\n<p class=\"text--paragraph\" style=\"text-align: left;\"><span style=\"color: #000080;\">Sowieci spotkali si\u0119 w Berlinie m.in. z Ottonem Hassem, wojskowym nadzoruj\u0105cym prace tzw. Sondergruppe Russland (Grupy Specjalnej Rosja), utajnionej kom\u00f3rki powo\u0142anej po to, by wypracowa\u0107 model wsp\u00f3\u0142pracy z bolszewikami. Ale Cziczerin i jego \u015bwita spotkali si\u0119 te\u017c z Hugonem Junkersem, in\u017cynierem, przemys\u0142owcem lotniczym. Obie strony rozmawia\u0142y m.in. o budowie w przysz\u0142o\u015bci w Rosji fabryki samolot\u00f3w.<\/span><\/p>\n<h4 class=\"text--title font-head-700\" style=\"text-align: left;\"><strong>Wywr\u00f3\u0107my razem stolik<\/strong><\/h4>\n<p class=\"text--paragraph\" style=\"text-align: left;\"><span style=\"color: #000080;\">Jednak umowy o wsp\u00f3\u0142pracy nie podpisano.<\/span><\/p>\n<blockquote class=\"text--quote font-quotation-500\">\n<p style=\"text-align: left;\"><strong>Cz\u0119\u015b\u0107 niemieckich polityk\u00f3w by\u0142a bardzo sceptycznie nastawiona do wsp\u00f3\u0142pracy z bolszewikami.<\/strong><\/p>\n<\/blockquote>\n<p class=\"text--paragraph\" style=\"text-align: left;\"><span style=\"color: #000080;\">Liczyli, \u017ce podczas szczytu w Genui uda im si\u0119 doprowadzi\u0107 do zbli\u017cenia z Zachodem. Mieli nadziej\u0119, \u017ce cztery lata po wojnie dojdzie do jakiego\u015b prze\u0142omu, kt\u00f3ry pozwoli Niemcom wr\u00f3ci\u0107 do mi\u0119dzynarodowej wsp\u00f3\u0142pracy. Ale nie dosz\u0142o. Podczas obrad Francuzi bezkompromisowo domagali si\u0119 od Niemc\u00f3w sp\u0142aty d\u0142ugu wojennego i reperacji, a od Sowiet\u00f3w m.in. odszkodowa\u0144 za mienie zagraniczne przej\u0119te przez bolszewik\u00f3w.<\/span><\/p>\n<p style=\"text-align: left;\"><span style=\"color: #000080;\">Efekt tych obrad by\u0142 taki, \u017ce 16 kwietnia 1922 r. tu\u017c po p\u00f3\u0142nocy do delegacji niemieckiej zadzwoni\u0142 sowiecki dyplomata Adolf Joffe, kt\u00f3ry zaproponowa\u0142, \u017ceby obie delegacje opu\u015bci\u0142y genue\u0144sk\u0105 konferencj\u0119. Zasugerowa\u0142 wyjazd do odleg\u0142ego o 30 km Rapallo, gdzie berli\u0144skie negocjacje zosta\u0142yby doko\u0144czone i sfinalizowane podpisaniem traktatu.<\/span><\/p>\n<p style=\"text-align: center;\">.<br \/>\n<img decoding=\"async\" class=\"preview aligncenter\" src=\"https:\/\/bi.im-g.pl\/im\/d0\/84\/1b\/z28855760IH,Rapallo---panorama-z-2020-r-.jpg\" srcset=\"https:\/\/bi.im-g.pl\/im\/d0\/84\/1b\/z28855760IH,Rapallo---panorama-z-2020-r-.jpg, https:\/\/bi.im-g.pl\/im\/d0\/84\/1b\/z28855760IHR,Rapallo---panorama-z-2020-r-.jpg 2x\" alt=\"Rapallo - panorama z 2020 r.\" width=\"100%\"><br \/>\n<span style=\"color: #808080;\"><em>Rapallo &#8211; panorama z 2020 r.&nbsp;&nbsp;<span class=\"text--photo-author\">Dapa19, CC BY-SA 4.0 , via Wikimedia Commons<\/span><\/em><\/span><\/p>\n<p class=\"text--paragraph\" style=\"text-align: left;\"><span style=\"color: #000080;\">Cz\u0142onkowie niemieckiej delegacji \u2013 jak pisze Johnson \u2013 \u201ezebrali si\u0119 w pi\u017camach w pokoju hotelowym [Walthera] Rathenaua [szefa niemieckiego MSZ], aby przedyskutowa\u0107 kwesti\u0119 spotkania z bolszewikami w Rapallo&#8221;. I do rana zdecydowali, \u017ce do Rapallo pojad\u0105.<\/span><\/p>\n<p class=\"text--paragraph\" style=\"text-align: left;\"><span style=\"color: #000080;\">Nast\u0119pnego dnia oko\u0142o godz. 17 Rathenau z\u0142o\u017cy\u0142 tam podpis na traktacie, kt\u00f3ry sygnowa\u0142 r\u00f3wnie\u017c Cziczerin.<\/span><\/p>\n<h4 class=\"text--title font-head-700\" style=\"text-align: left;\"><strong>Rapallo zmienia wszystko<\/strong><\/h4>\n<p class=\"text--paragraph\" style=\"text-align: left;\"><span style=\"color: #000080;\">\u201eTraktat w Rapallo zawiera\u0142 sze\u015b\u0107 punkt\u00f3w i w \u017cadnym z nich nie g\u0142osi\u0142 niczego szczeg\u00f3lnie niezwyk\u0142ego. Jednak\u017ce bior\u0105c og\u00f3lnie, umowa ta mia\u0142a wstrz\u0105sn\u0105\u0107 powojennym porz\u0105dkiem Europy \u2013 pisze Johnson. \u2013 Oba kraje zgadza\u0142y si\u0119 \u00bbwyrzec roszcze\u0144 do rekompensaty za wydatki poniesione w wyniku wojny\u00ab czy za utracon\u0105 w\u0142asno\u015b\u0107, wzywa\u0142y do natychmiastowego wznowienia \u00bbstosunk\u00f3w dyplomatycznych i konsularnych\u00ab oraz odbudowy zwi\u0105zk\u00f3w gospodarczych na podstawie \u00bbnajwy\u017cszego uprzywilejowania\u00ab.<\/span><\/p>\n<blockquote class=\"text--quote font-quotation-500\">\n<p style=\"text-align: left;\"><strong>Niemcy sta\u0142y si\u0119 zatem pierwszym krajem kapitalistycznym, kt\u00f3ry nawi\u0105za\u0142 stosunki dyplomatyczne ze Zwi\u0105zkiem Radzieckim.<\/strong><\/p>\n<\/blockquote>\n<p class=\"text--paragraph\" style=\"text-align: left;\"><span style=\"color: #000080;\">Rapallo oznacza\u0142o dla obu stron wydostanie si\u0119 z mi\u0119dzynarodowej izolacji&#8221;.<\/span><\/p>\n<p class=\"text--paragraph\" style=\"text-align: left;\"><span style=\"color: #000080;\">Traktat zapocz\u0105tkowa\u0142 odbudow\u0119 potencja\u0142u militarnego Niemiec poza kontrol\u0105 Zachodu, a tak\u017ce oznacza\u0142 wymierne zyski gospodarcze (tak\u017ce w postaci zbroje\u0144) dla Zwi\u0105zku Radzieckiego.<\/span><\/p>\n<h4 class=\"text--title font-head-700\" style=\"text-align: left;\"><strong>Prawie 20 lat wsp\u00f3\u0142pracy<\/strong><\/h4>\n<p class=\"text--paragraph\" style=\"text-align: left;\"><span style=\"color: #000080;\">\u015awietna ksi\u0105\u017cka ameryka\u0144skiego badacza nie jest oczywi\u015bcie wy\u0142\u0105cznie o tym, w jakich okoliczno\u015bciach zawarty zosta\u0142 traktat w Rapallo. Opowiada ca\u0142o\u015bciowo o wsp\u00f3\u0142pracy sowiecko-niemieckiej w mi\u0119dzywojniu. Na ko\u0144cu tej kooperacji, jak wiemy, by\u0142 drugi fundamentalny dla \u015bwiata pakt zawarty 23 sierpnia 1939 r. pomi\u0119dzy szefami dyplomacji obu kraj\u00f3w Joachimem von Ribbentropem i Wiaczes\u0142awem Mo\u0142otowem. Sta\u0142 si\u0119 on dla Hitlera przepustk\u0105 do rozp\u0119tania II wojny \u015bwiatowej. Wsp\u00f3\u0142praca mi\u0119dzy oboma krajami kwit\u0142a a\u017c do 22 czerwca 1941 r., gdy Wehrmacht uderzy\u0142 na ZSRR. A wi\u0119c, licz\u0105c tylko od Rapallo, prawie 20 lat.<\/span><\/p>\n<p class=\"text--paragraph\" style=\"text-align: left;\"><span style=\"color: #000080;\">Ksi\u0105\u017cka Johnsona ukazuje si\u0119 w wa\u017cnym momencie \u2013&nbsp;<a style=\"color: #000080;\" href=\"https:\/\/wyborcza.pl\/0,128956.html?tag=Ukraina#anchorLink\">Ukraina<\/a>&nbsp;bohatersko odpiera agresj\u0119 Rosji. Propaganda Moskwy usprawiedliwia j\u0105 przer\u00f3\u017cnymi k\u0142amstwami. Przed rozp\u0119taniem wojny Putin i kremlowscy propagandy\u015bci opowiadali te\u017c w\u0142asn\u0105 wersj\u0119 historii II wojny \u015bwiatowej i mi\u0119dzywojnia. R\u00f3wnie\u017c by\u0142a do cna sk\u0142amana, a na opis sowiecko-niemieckiej wsp\u00f3\u0142pracy nie by\u0142o w niej miejsca. Tym bardziej warto si\u0119gn\u0105\u0107 po ksi\u0105\u017ck\u0119 Johnsona, kt\u00f3ry j\u0105 szczeg\u00f3\u0142owo i rzetelnie opisa\u0142<\/span>.<\/p>\n<ul>\n<li class=\"text--paragraph\"><b>Diabelski pakt. Wsp\u00f3\u0142praca radziecko niemiecka i przyczyny wybuchu II wojny \u015bwiatowej<\/b><\/li>\n<li class=\"text--paragraph\"><b>Ian<\/b><b>&nbsp;Ona Johnson<\/b><\/li>\n<li class=\"text--paragraph\"><b>T\u0142um. Jan&nbsp;<\/b><b>Szkudli\u0144ski<\/b><\/li>\n<li class=\"text--paragraph\"><b>Rebis, 2022&nbsp;<\/b><\/li>\n<\/ul>\n<p style=\"text-align: center;\"><img decoding=\"async\" class=\"preview aligncenter\" src=\"https:\/\/bi.im-g.pl\/im\/f9\/84\/1b\/z28855545IH,Ian-Ona-Johnson---Diabelski-pakt--Wspolpraca-radzi.jpg\" srcset=\"https:\/\/bi.im-g.pl\/im\/f9\/84\/1b\/z28855545IH,Ian-Ona-Johnson---Diabelski-pakt--Wspolpraca-radzi.jpg, https:\/\/bi.im-g.pl\/im\/f9\/84\/1b\/z28855545IHR,Ian-Ona-Johnson---Diabelski-pakt--Wspolpraca-radzi.jpg 2x\" alt=\"Ian Ona Johnson, 'Diabelski pakt. Wsp\u00f3\u0142praca radziecko niemiecka i przyczyny wybuchu II wojny \u015bwiatowej', t\u0142um. Jan Szkudli\u0144ski\" width=\"100%&quot;\"><span style=\"color: #808080;\"><em><span class=\"text--photo-title\">Ian Ona Johnson, &#8216;Diabelski pakt. Wsp\u00f3\u0142praca radziecko niemiecka i przyczyny wybuchu II wojny \u015bwiatowej&#8217;, t\u0142um. Jan Szkudli\u0144ski<\/span>&nbsp;&nbsp;<span class=\"text--photo-author\">Rebis<\/span><\/em><\/span><\/p>\n<hr style=\"height: 15px; background: #d0e6fa; width: 100%;\">\n<div id=\"content\" class=\"content-alignment\">\n<div id=\"watch-description\" class=\"yt-uix-button-panel\">\n<div id=\"watch-description-text\" style=\"text-align: center;\">\n<p><em>Zawarto\u015b\u0107 publikowanych artyku\u0142\u00f3w i materia\u0142\u00f3w nie reprezentuje pogl\u0105d\u00f3w ani opinii Reunion&#8217;68,<\/em><em><br \/>\nani te\u017c webmastera Blogu Reunion&#8217;68, chyba ze jest to wyra\u017anie zaznaczone.<br \/>\nTwoje uwagi, linki, w\u0142asne artyku\u0142y lub wiadomo\u015bci prze\u015blij na adres:<br \/>\n<\/em><span style=\"color: #000080;\"><strong><em><a style=\"color: #000080;\" href=\"mailto:webmaster@reunion68.com\"><span style=\"text-decoration: underline;\">webmaster@reunion68.com<\/span><\/a><\/em><\/strong><\/span><\/p>\n<\/div>\n<\/div>\n<\/div>\n<hr style=\"width: 100%;\">\n","protected":false},"excerpt":{"rendered":"<p>Podpisanie uk\u0142adu w Rapallo, od lewej: kanclerz Rzeszy Joseph Wirth, szef niemieckiego MSC Walther Rathenau oraz Sowieci: ludowy komisarz handlu Leonid Krasin, szef MSZ Gieorgij Cziczerin i dyplomata Adolf Joffe (Fot. Bernhard Hossner\/Bundesarchiv) Jak Niemcy sta\u0142y si\u0119 pierwszym krajem kapitalistycznym, kt\u00f3ry nawi\u0105za\u0142 stosunki ze Zwi\u0105zkiem Radzieckim? Miros\u0142aw Maciorowski Opodpisaniu z bolszewikami traktatu w Rapallo niemieccy [&hellip;]<\/p>\n","protected":false},"author":1,"featured_media":0,"comment_status":"closed","ping_status":"closed","sticky":false,"template":"","format":"standard","meta":[],"categories":[6],"tags":[26,24],"_links":{"self":[{"href":"https:\/\/www.reunion68.se\/index.php?rest_route=\/wp\/v2\/posts\/98249"}],"collection":[{"href":"https:\/\/www.reunion68.se\/index.php?rest_route=\/wp\/v2\/posts"}],"about":[{"href":"https:\/\/www.reunion68.se\/index.php?rest_route=\/wp\/v2\/types\/post"}],"author":[{"embeddable":true,"href":"https:\/\/www.reunion68.se\/index.php?rest_route=\/wp\/v2\/users\/1"}],"replies":[{"embeddable":true,"href":"https:\/\/www.reunion68.se\/index.php?rest_route=%2Fwp%2Fv2%2Fcomments&post=98249"}],"version-history":[{"count":8,"href":"https:\/\/www.reunion68.se\/index.php?rest_route=\/wp\/v2\/posts\/98249\/revisions"}],"predecessor-version":[{"id":98492,"href":"https:\/\/www.reunion68.se\/index.php?rest_route=\/wp\/v2\/posts\/98249\/revisions\/98492"}],"wp:attachment":[{"href":"https:\/\/www.reunion68.se\/index.php?rest_route=%2Fwp%2Fv2%2Fmedia&parent=98249"}],"wp:term":[{"taxonomy":"category","embeddable":true,"href":"https:\/\/www.reunion68.se\/index.php?rest_route=%2Fwp%2Fv2%2Fcategories&post=98249"},{"taxonomy":"post_tag","embeddable":true,"href":"https:\/\/www.reunion68.se\/index.php?rest_route=%2Fwp%2Fv2%2Ftags&post=98249"}],"curies":[{"name":"wp","href":"https:\/\/api.w.org\/{rel}","templated":true}]}}