{"id":98273,"date":"2022-09-09T17:09:33","date_gmt":"2022-09-09T15:09:33","guid":{"rendered":"http:\/\/www.reunion68.se\/?p=98273"},"modified":"2022-09-09T12:10:39","modified_gmt":"2022-09-09T10:10:39","slug":"19-09-79","status":"publish","type":"post","link":"https:\/\/www.reunion68.se\/?p=98273","title":{"rendered":"Ile maj\u0105tku zagrabili Sowieci na Ziemiach Zachodnich?"},"content":{"rendered":"<p><img decoding=\"async\" src=\"https:\/\/bi.im-g.pl\/im\/69\/8b\/1b\/z28882025IF,Port-w-Elblagu-w-1948-r-.jpg\" width=\"100%\" \/>Port w Elbl\u0105gu w 1948 r. (Narodowe Archiwum Cyfrowe)<\/p>\n<hr \/>\n<h5 style=\"text-align: center;\"><a href=\"https:\/\/wyborcza.pl\/\" target=\"_blank\" rel=\"noopener noreferrer\"><img decoding=\"async\" class=\"center alignleft\" src=\"http:\/\/www.reunion68.com\/Biuletyn\/img\/wyborcza-ale.png\" alt=\"\" width=\"35%\" \/><\/a><span style=\"text-decoration: underline; color: #000080;\"><strong><a style=\"color: #000080; text-decoration: underline;\" href=\"https:\/\/wyborcza.pl\/alehistoria\/7,121681,28881788,ile-majatku-zagrabili-sowieci-na-ziemiach-zachodnich.html\" target=\"_blank\" rel=\"noopener noreferrer\">Ile maj\u0105tku zagrabili Sowieci na Ziemiach Zachodnich?<\/a><\/strong><\/span><\/h5>\n<p style=\"text-align: center;\"><span style=\"color: #000000;\"><strong>Grzegorz Motyka<\/strong><\/span><\/p>\n<hr style=\"height: 15px; background: #d0e6fa; width: 100%;\" \/>\n<h4 style=\"text-align: center;\"><span style=\"color: #808080;\"><strong>Kr\u00f3tka historia 57. Dywizji <span style=\"color: #000000;\">NKWD<\/span> zdaje si\u0119 poucza\u0107, \u017ce dla Sowiet\u00f3w grabie\u017c maj\u0105tku by\u0142a r\u00f3wnie wa\u017cnym zadaniem jak pacyfikowanie oporu.<\/strong><\/span><\/h4>\n<p>.<\/p>\n<p style=\"text-align: left;\">\n<span style=\"color: #000080;\">Tu\u017c przed ofensyw\u0105 styczniow\u0105 1945 r. Stalin rozkaza\u0142 sformowa\u0107 kilka nowych dywizji wojsk NKWD. Posuwaj\u0105ce si\u0119 za Armi\u0105 Czerwon\u0105 wojska NKWD wyszukiwa\u0142y i niszczy\u0142y pozosta\u0142ych na zapleczu frontu \u017co\u0142nierzy wroga i dywersant\u00f3w. Kontrolowa\u0142y ludno\u015b\u0107 na zaj\u0119tych obszarach, zatrzymuj\u0105c wszelkie \u201ewrogie elementy&#8221;, w tym uczestnik\u00f3w polskiego podziemia. Enkawudy\u015bci ochraniali te\u017c mosty, wiadukty, wi\u0119zienia i obozy dla je\u0144c\u00f3w.<\/span><\/p>\n<p style=\"text-align: left;\"><span style=\"color: #000080;\">Zagadka 57. Dywizji<\/span><br \/>\n<span style=\"color: #000080;\">Jednej z dywizji, oznaczonej numerem 57, sk\u0142adaj\u0105cej si\u0119 z trzech pu\u0142k\u00f3w strzeleckich (369, 370 i 371) i licz\u0105cej oko\u0142o 6 tys. \u017co\u0142nierzy, powierzono ochron\u0119 ty\u0142\u00f3w 3. Frontu Bia\u0142oruskiego. W efekcie \u201ezabezpiecza\u0142a&#8221; ona latem 1945 r. obszar od Malborka do Kr\u00f3lewca.<\/span><\/p>\n<p class=\"text--paragraph\" style=\"text-align: left;\"><span style=\"color: #000080;\">Na pocz\u0105tku kwietnia dywizja dowodzona przez p\u0142k. Grigorija Bar\u0142adiana dotar\u0142a do tego drugiego miasta. Po kapitulacji niemieckiego garnizonu enkawudy\u015bci 10 dni \u201eczesali&#8221; twierdz\u0119. Jeden z rosyjskich autor\u00f3w tak podsumowa\u0142 te dzia\u0142ania: \u201eDe facto by\u0142 to drugi szturm Kr\u00f3lewca&#8221;. To oczywi\u015bcie przesada. Enkawudy\u015bci obsadzili wa\u017cniejsze urz\u0119dy, by przej\u0105\u0107 znajduj\u0105c\u0105 si\u0119 w nich dokumentacj\u0119, oraz dokonali selekcji ludno\u015bci.<\/span><\/p>\n<p class=\"text--paragraph\" style=\"text-align: left;\"><span style=\"color: #000080;\">Wiadomo, \u017ce zatrzymali 4250 ludzi, wi\u0119kszo\u015b\u0107 z nich (w sumie 2958) stanowili Niemcy, a w\u015br\u00f3d aresztowanych by\u0142o te\u017c 575 polskich przymusowych robotnik\u00f3w. Z nieznanych powod\u00f3w zamiast wr\u00f3ci\u0107 do domu znale\u017ali si\u0119 w r\u0119kach oficer\u00f3w \u015bledczych NKWD. Jak wiadomo, w ostatnich tygodniach wojny czerwonoarmi\u015bci dokonali masowych rabunk\u00f3w i gwa\u0142t\u00f3w na niemieckiej ludno\u015bci. W jednostkach NKWD dyscyplina sta\u0142a na wy\u017cszym poziomie, jednak naiwno\u015bci\u0105 by\u0142oby my\u015ble\u0107, \u017ce podobne przest\u0119pstwa w nich si\u0119 nie zdarza\u0142y.<\/span><\/p>\n<h4 class=\"text--title font-head-700\"><strong><span style=\"color: #000000;\">Ob\u0142awa augustowska jako ostatnia operacja<\/span><\/strong><\/h4>\n<p class=\"text--paragraph\" style=\"text-align: left;\"><span style=\"color: #000000;\">W lipcu 1945 r. 3. Front Bia\u0142oruski przeprowadzi\u0142 swoj\u0105 ostatni\u0105 przed <span style=\"color: #000080;\">rozformowaniem operacj\u0119 wojskow\u0105, organizuj\u0105c w powiatach August\u00f3w i Suwa\u0142ki ob\u0142aw\u0119 przeciwko polskiemu podziemiu. W jej trakcie zatrzymano ponad 7 tys. Polak\u00f3w. W wyniku napr\u0119dce przeprowadzonego \u015bledztwa funkcjonariusze kontrwywiadu wojskowego Smiersz wytypowali podejrzanych o zwi\u0105zki z podziemiem i bez s\u0105du ich rozstrzelali. Zgin\u0119\u0142y w\u00f3wczas co najmniej 592 osoby \u2013 ich cia\u0142 pochowanych w nieznanym miejscu do dzi\u015b nie odnaleziono.<\/span><\/span><\/p>\n<p style=\"text-align: center;\"><img decoding=\"async\" class=\"preview aligncenter\" src=\"https:\/\/bi.im-g.pl\/im\/f1\/89\/11\/z18389233IH,Giby--70--rocznica-Oblawy-Augustowskiej.jpg\" srcset=\"https:\/\/bi.im-g.pl\/im\/f1\/89\/11\/z18389233IH,Giby--70--rocznica-Oblawy-Augustowskiej.jpg, https:\/\/bi.im-g.pl\/im\/f1\/89\/11\/z18389233IHR,Giby--70--rocznica-Oblawy-Augustowskiej.jpg 2x\" alt=\"Giby. 70. rocznica Ob\u0142awy Augustowskiej\" width=\"100%\" \/><span style=\"color: #808080;\"><em><span class=\"text--photo-title\">Giby. 70. rocznica Ob\u0142awy Augustowskiej<\/span>\u00a0\u00a0<span class=\"text--photo-author\">AGNIESZKA SADOWSKA<\/span><\/em><\/span><\/p>\n<p class=\"text--paragraph\" style=\"text-align: left;\"><span style=\"color: #000080;\">Zdawa\u0142oby si\u0119, \u017ce 57. Dywizja w spos\u00f3b naturalny powinna wzi\u0105\u0107 udzia\u0142 w takiej operacji. Wszak \u017co\u0142nierze NKWD byli przeznaczeni do prowadzenia dzia\u0142a\u0144 przeciwpartyzanckich i represyjnych. A jednak z nieznanych powod\u00f3w Sowieci zdecydowali, \u017ce ob\u0142aw\u0119 augustowsk\u0105 przeprowadz\u0105 wy\u0142\u0105cznie si\u0142ami Armii Czerwonej. Co prawda, nie mo\u017cna wykluczy\u0107, \u017ce niekt\u00f3re pododdzia\u0142y 57. Dywizji wykorzystano np. do pilnowania zatrzymanych w czasie ob\u0142awy, lecz wi\u0119kszo\u015b\u0107 si\u0142 tej jednostki wype\u0142nia\u0142a inne \u201eczekistowskie&#8221; zadania. W lipcu 1945 roku 369. Pu\u0142k dzia\u0142a\u0142 w Olsztynie, Ornecie oraz Elbl\u0105gu, 370. w Go\u0142dapi i Kr\u00f3lewcu, za\u015b 371. w K\u0119trzynie, Piszu i Bartoszycach.<\/span><\/p>\n<p class=\"text--paragraph\" style=\"text-align: left;\"><span style=\"color: #000080;\">Czym zatem zajmowali si\u0119 enkawudy\u015bci, skoro nie powierzono im \u201ezaszczytnego&#8221; zadania zwalczania polskiej partyzantki w lasach augustowskich? Ze sprawozda\u0144 nie wynika, by prowadzili na wi\u0119ksz\u0105 skal\u0119 aresztowania, niemniej zatrzymali przynajmniej 416 Niemc\u00f3w.<\/span><\/p>\n<blockquote class=\"text--quote font-quotation-500\">\n<p style=\"text-align: left;\"><strong>W rejonie K\u0119trzyna mogli ochrania\u0107 funkcjonariuszy Smiersz badaj\u0105cych kwater\u0119 Hitlera.<\/strong><\/p>\n<\/blockquote>\n<p class=\"text--paragraph\" style=\"text-align: left;\"><span style=\"color: #000080;\">Jednak najwa\u017cniejszym ich zadaniem by\u0142a zapewne ochrona szlak\u00f3w komunikacyjnych, by oddzia\u0142y Armii Czerwonej przed oddaniem terenu polskiej administracji sprawnie wywioz\u0142y na wsch\u00f3d wszelkie skonfiskowane dobra. Do obwodu kaliningradzkiego pojecha\u0142y np. niemal wszystkie maszyny i narz\u0119dzia z zak\u0142ad\u00f3w przemys\u0142owych Elbl\u0105ga, w tym stocznia Schichaua.*<\/span><\/p>\n<p style=\"text-align: center;\"><img decoding=\"async\" class=\"preview aligncenter\" src=\"https:\/\/bi.im-g.pl\/im\/dc\/8b\/1b\/z28881884IH,Zaklady-Schichaua-w-Elblagu--1913-r-.jpg\" srcset=\"https:\/\/bi.im-g.pl\/im\/dc\/8b\/1b\/z28881884IH,Zaklady-Schichaua-w-Elblagu--1913-r-.jpg, https:\/\/bi.im-g.pl\/im\/dc\/8b\/1b\/z28881884IHR,Zaklady-Schichaua-w-Elblagu--1913-r-.jpg 2x\" alt=\"Zak\u0142ady Schichaua w Elbl\u0105gu, 1913 r.\" width=\"100%\" \/><span style=\"color: #808080;\"><em><span class=\"text--photo-title\">Zak\u0142ady Schichaua w Elbl\u0105gu, 1913 r.<\/span>\u00a0\u00a0<span class=\"text--photo-author\">Picasa<\/span><\/em><\/span><\/p>\n<h4 class=\"text--title font-head-700\" style=\"text-align: left;\"><strong>Boles\u0142aw Bierut o\u00a0stratach Polski<\/strong><\/h4>\n<p class=\"text--paragraph\" style=\"text-align: left;\"><span style=\"color: #000080;\">Boles\u0142aw Bierut 18 sierpnia 1945 r. na posiedzeniu Tymczasowego Rz\u0105du Jedno\u015bci Narodowej poda\u0142, \u017ce co prawda pocz\u0105tkowa warto\u015b\u0107 instalacji przemys\u0142owych przej\u0119tych na ca\u0142ych Ziemiach Odzyskanych wynosi\u0142a 1,75 mld dolar\u00f3w, to jednak do ZSRR wywieziono ju\u017c z tego maj\u0105tek obliczany na oko\u0142o 0,5 mld dolar\u00f3w.<\/span><\/p>\n<blockquote class=\"text--quote font-quotation-500\">\n<p style=\"text-align: left;\"><strong>Mo\u017cemy by\u0107 pewni, \u017ce Bierut podawa\u0142 liczby oficjalne, a wi\u0119c minimalne.<\/strong><\/p>\n<\/blockquote>\n<p class=\"text--paragraph\" style=\"text-align: left;\"><span style=\"color: #000080;\">Rzeczywiste straty Polski by\u0142y z pewno\u015bci\u0105 wi\u0119ksze. Kr\u00f3tka historia 57. Dywizji NKWD zdaje si\u0119 poucza\u0107, \u017ce dla Sowiet\u00f3w grabie\u017c maj\u0105tku by\u0142a r\u00f3wnie wa\u017cnym zadaniem jak pacyfikowanie oporu.<\/span><\/p>\n<hr \/>\n<p style=\"text-align: left;\"><img decoding=\"async\" class=\"bio--article-image alignleft\" src=\"https:\/\/bi.im-g.pl\/im\/00\/d2\/15\/z22882048IAR,Grzegorz-Motyka.jpg\" width=\"25%\" \/><\/p>\n<p>&gt;<span style=\"color: #808080;\"><em><a id=\"LinkArea:author_bio\" class=\"bio--article-desc-name bio--article-desc-name-link font-head-300\" style=\"color: #808080;\" href=\"https:\/\/autorzy.wyborcza.pl\/autor\/5e78a18e7da7ab2fc730e97f\/Grzegorz-Motyka#S.author_bio-K.C-B.1-L.1.zw\">Grzegorz Motyka &#8211; <\/a>Historyk, politolog, pracownik Instytutu Studi\u00f3w Politycznych PAN. Specjalizuje si\u0119 w dziejach stosunk\u00f3w polsko-ukrai\u0144skich.<\/em><\/span><\/p>\n<hr style=\"height: 15px; background: #d0e6fa; width: 100%;\" \/>\n<div id=\"content\" class=\"content-alignment\">\n<div id=\"watch-description\" class=\"yt-uix-button-panel\">\n<div id=\"watch-description-text\" style=\"text-align: center;\">\n<p><em>Zawarto\u015b\u0107 publikowanych artyku\u0142\u00f3w i materia\u0142\u00f3w nie reprezentuje pogl\u0105d\u00f3w ani opinii Reunion&#8217;68,<\/em><em><br \/>\nani te\u017c webmastera Blogu Reunion&#8217;68, chyba ze jest to wyra\u017anie zaznaczone.<br \/>\nTwoje uwagi, linki, w\u0142asne artyku\u0142y lub wiadomo\u015bci prze\u015blij na adres:<br \/>\n<\/em><span style=\"color: #000080;\"><strong><em><a style=\"color: #000080;\" href=\"mailto:webmaster@reunion68.com\"><span style=\"text-decoration: underline;\">webmaster@reunion68.com<\/span><\/a><\/em><\/strong><\/span><\/p>\n<\/div>\n<\/div>\n<\/div>\n<hr style=\"width: 100%;\" \/>\n","protected":false},"excerpt":{"rendered":"<p>Port w Elbl\u0105gu w 1948 r. (Narodowe Archiwum Cyfrowe) Ile maj\u0105tku zagrabili Sowieci na Ziemiach Zachodnich? Grzegorz Motyka Kr\u00f3tka historia 57. Dywizji NKWD zdaje si\u0119 poucza\u0107, \u017ce dla Sowiet\u00f3w grabie\u017c maj\u0105tku by\u0142a r\u00f3wnie wa\u017cnym zadaniem jak pacyfikowanie oporu. . Tu\u017c przed ofensyw\u0105 styczniow\u0105 1945 r. Stalin rozkaza\u0142 sformowa\u0107 kilka nowych dywizji wojsk NKWD. Posuwaj\u0105ce si\u0119 [&hellip;]<\/p>\n","protected":false},"author":1,"featured_media":0,"comment_status":"closed","ping_status":"closed","sticky":false,"template":"","format":"standard","meta":[],"categories":[6],"tags":[26,24],"_links":{"self":[{"href":"https:\/\/www.reunion68.se\/index.php?rest_route=\/wp\/v2\/posts\/98273"}],"collection":[{"href":"https:\/\/www.reunion68.se\/index.php?rest_route=\/wp\/v2\/posts"}],"about":[{"href":"https:\/\/www.reunion68.se\/index.php?rest_route=\/wp\/v2\/types\/post"}],"author":[{"embeddable":true,"href":"https:\/\/www.reunion68.se\/index.php?rest_route=\/wp\/v2\/users\/1"}],"replies":[{"embeddable":true,"href":"https:\/\/www.reunion68.se\/index.php?rest_route=%2Fwp%2Fv2%2Fcomments&post=98273"}],"version-history":[{"count":10,"href":"https:\/\/www.reunion68.se\/index.php?rest_route=\/wp\/v2\/posts\/98273\/revisions"}],"predecessor-version":[{"id":98287,"href":"https:\/\/www.reunion68.se\/index.php?rest_route=\/wp\/v2\/posts\/98273\/revisions\/98287"}],"wp:attachment":[{"href":"https:\/\/www.reunion68.se\/index.php?rest_route=%2Fwp%2Fv2%2Fmedia&parent=98273"}],"wp:term":[{"taxonomy":"category","embeddable":true,"href":"https:\/\/www.reunion68.se\/index.php?rest_route=%2Fwp%2Fv2%2Fcategories&post=98273"},{"taxonomy":"post_tag","embeddable":true,"href":"https:\/\/www.reunion68.se\/index.php?rest_route=%2Fwp%2Fv2%2Ftags&post=98273"}],"curies":[{"name":"wp","href":"https:\/\/api.w.org\/{rel}","templated":true}]}}