{"id":98299,"date":"2022-10-01T17:09:14","date_gmt":"2022-10-01T15:09:14","guid":{"rendered":"http:\/\/www.reunion68.se\/?p=98299"},"modified":"2022-09-19T16:14:26","modified_gmt":"2022-09-19T14:14:26","slug":"20-09-76","status":"publish","type":"post","link":"https:\/\/www.reunion68.se\/?p=98299","title":{"rendered":"W\u0142a\u015bciwy cz\u0142owiek na w\u0142a\u015bciwym miejscu"},"content":{"rendered":"<p><img decoding=\"async\" src=\"https:\/\/studioopinii.pl\/wp-content\/uploads\/2022\/09\/286245.jpg\" width=\"100%\"><\/p>\n<hr>\n<h5 style=\"text-align: center;\"><a href=\"https:\/\/studioopinii.pl\/\" target=\"_blank\" rel=\"noopener noreferrer\"><img decoding=\"async\" class=\"center alignleft\" src=\"http:\/\/www.reunion68.com\/Biuletyn\/img\/studio.png\" alt=\"\" width=\"35%\"><\/a><span style=\"text-decoration: underline; color: #000080;\"><strong><a style=\"color: #000080; text-decoration: underline;\" href=\"https:\/\/studioopinii.pl\/archiwa\/224586\" target=\"_blank\" rel=\"noopener noreferrer\">W\u0142a\u015bciwy cz\u0142owiek na w\u0142a\u015bciwym miejscu<\/a><\/strong><\/span><\/h5>\n<p style=\"text-align: center;\"><span style=\"color: #000000;\"><strong>Andrzej Koraszewski<\/strong><\/span><\/p>\n<hr style=\"height: 15px; background: #d0e6fa; width: 100%;\">\n<p style=\"text-align: center;\"><img decoding=\"async\" class=\"alignright\" src=\"http:\/\/www.listyznaszegosadu.pl\/upload\/article\/bild\/2569\/944635\/_00aa_s5_s.png\" width=\"50%\"><span style=\"color: #808080;\"><em>Zrodlo zdjecia: Strona Neighbourhood<\/em><\/span><\/p>\n<p style=\"text-align: left;\"><strong>Zdziwi\u0142em si\u0119 troch\u0119, kiedy przeczyta\u0142em, \u017ce mi\u0142o\u015bnik egzorcyzm\u00f3w, kt\u00f3rego Partia postawi\u0142a <em>na&nbsp;odcinku<\/em>&nbsp;wychowania katolickiego cz\u0142owieka, mia\u0142 ludzki odruch. Dziennikarz zapyta\u0142 go, czy&nbsp;zakazuje swojej \u017conie czytania jakich\u015b ksi\u0105\u017cek, a&nbsp;mi\u0142o\u015bnik zareagowa\u0142 jak cz\u0142owiek i&nbsp;wrzasn\u0105\u0142, \u017ce&nbsp;to&nbsp;nie&nbsp; jego (czyli dziennikarza) interes.&nbsp;<a class=\"extlink https\" href=\"https:\/\/wiadomosci.gazeta.pl\/wiadomosci\/7,114884,28860030,sprzeczka-czarnka-i-mazurka-w-rmf-fm-poszlo-o-zone-ministra.html\">Doniesienie<\/a>, z&nbsp;kt\u00f3rego&nbsp;si\u0119 o&nbsp;owym incydencie dowiedzia\u0142em, nie&nbsp;informuje, czy&nbsp;dziennikarz skorzysta\u0142 z&nbsp;tej&nbsp;nadzwyczajnej okazji ludzkiego odruchu i&nbsp;zapyta\u0142, czy&nbsp;takiej w\u0142a\u015bnie reakcji oczekiwa\u0142 od&nbsp;burmistrza Ustrzyk, kt\u00f3remu&nbsp;minister powiedzia\u0142, \u017ce&nbsp;mo\u017ce zakaza\u0107 czytania modnego ostatnio HiT-u swojej \u017conie. Tak&nbsp;czy&nbsp;inaczej, zawsze mi\u0142o, kiedy widzimy jakiekolwiek ludzkie odruchy u&nbsp;kogo\u015b postawionego przez&nbsp;Parti\u0119 na&nbsp;wa\u017cnym odcinku.<\/strong><\/p>\n<p class=\"has-custom-font has-custom-weight has-custom-lineheight\" style=\"text-align: left;\"><span style=\"color: #000080;\">Sprawa oburzenia ministra od&nbsp;wychowania katolickiego cz\u0142owieka by\u0142aby incydentem niewartym wspomnienia, gdyby&nbsp;nie&nbsp;zbieg okoliczno\u015bci, bo&nbsp;w\u0142a\u015bnie dosta\u0142em informacj\u0119, \u017ce&nbsp;syn przyjaci\u00f3\u0142ki rozpocz\u0105\u0142 nauk\u0119 szkoln\u0105 w&nbsp;szkole za\u0142o\u017conej i&nbsp;finansowanej przez&nbsp;stowarzyszenie rodzic\u00f3w, do&nbsp;kt\u00f3rej&nbsp;pan Czarnek nie&nbsp;ma&nbsp;wst\u0119pu. Patrz\u0105c na&nbsp;zdj\u0119cie dumnego pierwszoklasisty, napisa\u0142em: \u201ew\u0142a\u015bciwy cz\u0142owiek na&nbsp;w\u0142a\u015bciwym miejscu\u201d. Nie&nbsp;pisa\u0142em ju\u017c nic o&nbsp;moim przera\u017ceniu z&nbsp;powodu tego, jak ma\u0142o polskich dzieci ma&nbsp;ten przywilej.<\/span><\/p>\n<p class=\"has-custom-font has-custom-weight has-custom-lineheight\" style=\"text-align: left;\"><span style=\"color: #000080;\">G\u0142\u0119boko w&nbsp;czasach stanu wojennego J\u00f3zef Ku\u015bmierek pisa\u0142 mi&nbsp;o&nbsp;swojej rozpaczy z&nbsp;powodu plagi komitet\u00f3w budowy ko\u015bcio\u0142\u00f3w i&nbsp;ca\u0142kowitego braku niezale\u017cnych komitet\u00f3w rodzicielskich. Przekonywanie, \u017ce&nbsp;niezale\u017cne komitety rodzicielskie mia\u0142yby nieco wi\u0119cej sensu, trafia\u0142o na&nbsp;mur niezrozumienia. Idea, \u017ce&nbsp;mo\u017cna i&nbsp;warto \u0142o\u017cy\u0107 na&nbsp;budow\u0119 ko\u015bcio\u0142a, by\u0142a dla ludzi dziesi\u0119\u0107 razy ubo\u017cszych ni\u017c dzi\u015b oczywista, pomys\u0142, \u017ce&nbsp;mo\u017cna \u0142o\u017cy\u0107 swoje pieni\u0105dze na&nbsp;wykszta\u0142cenie swoich dzieci, wydawa\u0142 si\u0119 ludziom sprzeczny z&nbsp;wszystkim, czego si\u0119 w&nbsp;\u017cyciu nauczyli. Ruchu komitet\u00f3w rodzicielskich jak nie&nbsp;by\u0142o, tak&nbsp;nie&nbsp;ma, nie&nbsp;wida\u0107 r\u00f3wnie\u017c ch\u0119tnych, kt\u00f3rzy&nbsp;chcieliby t\u0119&nbsp;sytuacj\u0119 zmieni\u0107. Powr\u00f3\u0107my zatem do&nbsp;mi\u0142uj\u0105cego egzorcyzmy ministra od&nbsp;edukacji najm\u0142odszych Polak\u00f3w.<\/span><\/p>\n<p style=\"text-align: left;\"><span style=\"color: #000080;\"><strong>Znacznie ciekawszy od&nbsp;incydentu przed&nbsp;radiowym mikrofonem by\u0142&nbsp;<a class=\"extlink https\" style=\"color: #000080;\" href=\"https:\/\/wiadomosci.gazeta.pl\/wiadomosci\/7,114884,28862560,czarnek-wzywa-do-kontrrewolucji-mowi-tez-o-zgnilym-zachodzie.html\">wyk\u0142ad<\/a>&nbsp;tego ministra w&nbsp;Wy\u017cszej Szkole Wymiaru Sprawiedliwo\u015bci.<\/strong>&nbsp;By\u0142a to&nbsp;niegdy\u015b Wy\u017csza Szko\u0142a Kryminalistyki, kt\u00f3ra&nbsp;najwyra\u017aniej trafi\u0142a w&nbsp;r\u0119ce ludzi bardzo pobo\u017cnych, zmieni\u0142a nazw\u0119 i&nbsp;kszta\u0142ci dzi\u015b katolick\u0105 bezpiek\u0119. Tam w\u0142a\u015bnie zorganizowano mi\u0119dzynarodow\u0105 konferencj\u0119 o&nbsp;\u201eOgraniczeniach i&nbsp;naruszeniach wolno\u015bci religijnej\u201d, na&nbsp;kt\u00f3rej&nbsp;mi\u0142o\u015bnik egzorcyzm\u00f3w i&nbsp;minister ds.&nbsp;wychowania katolickiego cz\u0142owieka wyg\u0142osi\u0142&nbsp;<a class=\"extlink https\" style=\"color: #000080;\" href=\"https:\/\/www.facebook.com\/CzarnekPL\/videos\/506710971265144\">kr\u00f3tkie przem\u00f3wienie<\/a>, kt\u00f3re naprawd\u0119 warto wys\u0142ucha\u0107. &nbsp;&nbsp;&nbsp;&nbsp;&nbsp;&nbsp;&nbsp;&nbsp;&nbsp;<\/span><\/p>\n<p style=\"text-align: left;\"><span style=\"color: #000080;\">Minister informowa\u0142 zebranych, \u017ce&nbsp;mamy do&nbsp;czynienia z&nbsp;rewolucj\u0105, z&nbsp;brutalnym atakiem na&nbsp;wszystko, co&nbsp;chrze\u015bcija\u0144skie, \u017ce&nbsp;jest to&nbsp;wojna kulturowa i&nbsp;\u201emamy do&nbsp;czynienia z&nbsp;lud\u017ami,&nbsp; kt\u00f3rzy&nbsp;nie&nbsp;bior\u0105 je\u0144c\u00f3w\u201d. \u201eNie jest nam potrzebna dyskusja o&nbsp;wolno\u015bci religijnej tylko&nbsp;kontrrewolucja\u201d \u2013 m\u00f3wi\u0142 minister Czarnek na&nbsp;konferencji w&nbsp;Wy\u017cszej Szkole Wymiaru Sprawiedliwo\u015bci. Dowiedzieli\u015bmy si\u0119 dalej, \u017ce&nbsp;chrze\u015bcijan w&nbsp;Polsce nie&nbsp;dyskryminuje si\u0119, ale&nbsp;zwalcza i&nbsp;wyrzuca, wy\u015bmiewa i&nbsp;opluwa. Dziecko, kt\u00f3re chce i\u015b\u0107 do&nbsp;szko\u0142y katolickiej, to&nbsp;jest bohater. Ale, jak dowiadujemy si\u0119 dalej, \u201ePolska jest nadal centrum wolno\u015bci, kt\u00f3re trzeba ratowa\u0107 kontrrewolucj\u0105\u201d.<\/span><\/p>\n<p style=\"text-align: left;\"><span style=\"color: #000080;\">Po&nbsp;2 minutach i&nbsp;czterdziestu pi\u0119ciu sekundach dowiadujemy si\u0119, \u017ce&nbsp;problem polega na&nbsp;z\u0142ym rozumieniu Konstytucji, kt\u00f3ra, w&nbsp;artykule 25 stwierdza, \u017ce:<\/span><\/p>\n<blockquote class=\"wp-block-quote\">\n<p style=\"text-align: left;\"><strong><em>W\u0142adze publiczne w&nbsp;Rzeczypospolitej Polskiej zachowuj\u0105 bezstronno\u015b\u0107 w&nbsp;sprawach przekona\u0144 religijnych, \u015bwiatopogl\u0105dowych i&nbsp;filozoficznych, zapewniaj\u0105c swobod\u0119 ich wyra\u017cania w&nbsp;\u017cyciu publicznym.<\/em><\/strong><\/p>\n<\/blockquote>\n<p style=\"text-align: left;\"><span style=\"color: #000080;\">Prosi zatem minister swoich s\u0142uchaczy, \u017ceby&nbsp;zwr\u00f3cili uwag\u0119 na&nbsp;fakt, \u017ce&nbsp;Konstytucja zapewnia bezstronno\u015b\u0107, ale&nbsp;zapewniaj\u0105c ka\u017cdemu g\u0142oszenie pogl\u0105d\u00f3w r\u00f3wnie\u017c w&nbsp;\u017cyciu publicznym.<\/span><\/p>\n<p class=\"has-custom-weight\" style=\"text-align: left;\"><span style=\"color: #000080;\">S\u0105dz\u0105c z&nbsp;tego, \u017ce&nbsp;m\u00f3wi to&nbsp;minister i&nbsp;m\u00f3wi to&nbsp;w&nbsp;wy\u017cszej szkole, w&nbsp;kraju, w&nbsp;kt\u00f3rym&nbsp;prezydent urz\u0105dza pa\u0144stwowe uroczysto\u015bci na&nbsp;Jasnej G\u00f3rze, a&nbsp;nauczycieli (wierz\u0105cych i&nbsp;niewierz\u0105cych) zmusza si\u0119 do&nbsp;udzia\u0142u w&nbsp;rekolekcjach, mogliby\u015bmy s\u0105dzi\u0107, \u017ce&nbsp;co\u015b mu&nbsp;si\u0119 pomyli\u0142o. Jednak minister Czarnek dobrze wie, do&nbsp;czego zmierza.<\/span><\/p>\n<p style=\"text-align: left;\"><span style=\"color: #000080;\">Neutralno\u015b\u0107 jako taka nie&nbsp;istnieje, dowiadujemy si\u0119 dalej, bo&nbsp;inaczej \u201emusieliby\u015bmy powiedzie\u0107, \u017ce&nbsp;narodowy socjalizm jest i&nbsp;pozytywny, i&nbsp;negatywny, skoro ma&nbsp;by\u0107 neutralny\u201d. Z&nbsp;czego, jak m\u00f3wi, wynika, \u017ce&nbsp;jest ocena postaw i&nbsp;zachowa\u0144, \u201enie ma&nbsp;neutralno\u015bci, pa\u0144stwo nie&nbsp;mo\u017ce by\u0107 neutralne wobec \u0142amania podstawowych wolno\u015bci praw cz\u0142owieka\u201d.<\/span><\/p>\n<p style=\"text-align: left;\"><span style=\"color: #000080;\">Przemys\u0142aw Czarnek przekonywa\u0142, \u017ce&nbsp;nie&nbsp;mo\u017cna zachowa\u0107 neutralno\u015bci wobec spraw takich jak zab\u00f3jstwo cz\u0142owieka r\u00f3wnie\u017c w&nbsp;fazie prenatalnej, albo&nbsp;ostatnich latach \u017cycia. Rewolucjoni\u015bci nie&nbsp;maj\u0105 argument\u00f3w, nie&nbsp;dyskutuj\u0105, wyrzucaj\u0105. &nbsp;&nbsp;&nbsp;&nbsp;&nbsp;&nbsp;&nbsp;&nbsp;&nbsp;&nbsp;&nbsp;&nbsp;&nbsp;&nbsp;&nbsp;&nbsp;&nbsp;&nbsp;&nbsp;&nbsp;<\/span><\/p>\n<p style=\"text-align: left;\"><span style=\"color: #000080;\">A&nbsp;to&nbsp;wszystko zwi\u0105zane jest ze&nbsp;zmianami w&nbsp;\u015bwiecie zachodnim. Tego Zachodu, kt\u00f3ry&nbsp;znali\u015bmy, nie&nbsp;ma&nbsp;ju\u017c i&nbsp;nie&nbsp;b\u0119dzie, wi\u0119c&nbsp;je\u015bli nie&nbsp;chcemy by\u0107 Zachodem, tym zgni\u0142ym, antyreligijnym zachodem, to&nbsp;musimy by\u0107 kontrrewolucjonistami \u2013 ko\u0144czy swoje kr\u00f3tkie wyst\u0105pienie minister Czarnek.<\/span><\/p>\n<p style=\"text-align: left;\"><span style=\"color: #000080;\">By\u0107 mo\u017ce jestem w&nbsp;b\u0142\u0119dzie, ale&nbsp;mam wra\u017cenie, \u017ce&nbsp;us\u0142yszeli\u015bmy co\u015b wi\u0119cej, ni\u017c to, co&nbsp;m\u00f3wi podczas swoich objazd\u00f3w Jaros\u0142aw Kaczy\u0144ski.&nbsp;<strong>Us\u0142yszeli\u015bmy program.<\/strong>&nbsp;Program, kt\u00f3ry&nbsp;jest realizowany od&nbsp;pierwszego dnia po&nbsp;przej\u0119ciu w\u0142adzy, kt\u00f3ry&nbsp;obejmowa\u0142 wymian\u0119 genera\u0142\u00f3w w&nbsp;armii, wymian\u0119 rektor\u00f3w wy\u017cszych uczelni, wymian\u0119 zarz\u0105d\u00f3w i&nbsp;rad nadzorczych sp\u00f3\u0142ek pa\u0144stwowych, przej\u0119cie medi\u00f3w publicznych, wymian\u0119 dyrektor\u00f3w szk\u00f3\u0142 i&nbsp;przedszkoli. Ten program dziwnie przypomina to, co&nbsp;zrobiono w&nbsp;Turcji. &nbsp;&nbsp;&nbsp;&nbsp;&nbsp;&nbsp;<\/span><\/p>\n<p style=\"text-align: left;\"><span style=\"color: #000080;\">Dyskusja o&nbsp;podr\u0119czniku \u201eprofesora\u201d Roszkowskiego jest namiastk\u0105 dyskusji o&nbsp;tym, co&nbsp;dzieje si\u0119 w&nbsp;szko\u0142ach. M\u0142ody cz\u0142owiek, o&nbsp;kt\u00f3rym&nbsp;wspomnia\u0142em na&nbsp;pocz\u0105tku, poszed\u0142 do&nbsp;szko\u0142y, kt\u00f3ra&nbsp;ma&nbsp;jedne z&nbsp;najlepszych wynik\u00f3w nauczania w&nbsp;Polsce.&nbsp;<strong>Pan Czarnek k\u0142amie, on&nbsp;nie&nbsp;walczy o&nbsp;swobod\u0119 g\u0142oszenia pogl\u0105d\u00f3w religijnych, walczy o&nbsp;zast\u0105pienie nauki od&nbsp;przedszkola indoktrynacj\u0105 religijn\u0105 i&nbsp;nacjonalistyczn\u0105.&nbsp;<\/strong>Pa\u0144stwo znalaz\u0142o si\u0119 w&nbsp;\u0142apach takich humanist\u00f3w jak Czarnek, a&nbsp;znaczna cz\u0119\u015b\u0107 spo\u0142ecze\u0144stwa daje si\u0119 przekona\u0107 nie&nbsp;tylko&nbsp;dlatego, \u017ce&nbsp;nadal woli \u0142o\u017cy\u0107 na&nbsp;ko\u015bcio\u0142y ni\u017c na&nbsp;swoje dzieci, ale&nbsp;r\u00f3wnie\u017c dlatego, \u017ce&nbsp;broni\u0105c si\u0119 przed&nbsp;fanatykami z&nbsp;prawej strony, boimy si\u0119 dyskusji o&nbsp;problemach, kt\u00f3re wyrastaj\u0105 z&nbsp;lewej strony. Nasze dzieci b\u0119d\u0105 lud\u017ami na&nbsp;w\u0142a\u015bciwych miejscach, kiedy trafi\u0105 do&nbsp;szk\u00f3\u0142 prowadzonych z&nbsp;pe\u0142nym poszanowaniem artyku\u0142u 25 Konstytucji. Takie szko\u0142y mo\u017cemy dzi\u015b policzy\u0107 na&nbsp;palcach. Tylko&nbsp;ruch komitet\u00f3w rodzicielskich mo\u017ce spowodowa\u0107, \u017ce&nbsp;b\u0119dzie ich wi\u0119cej. Oczekiwanie, \u017ce&nbsp;pa\u0144stwo ma&nbsp;da\u0107 naszym dzieciom o\u015bwiat\u0119, nadal wydaje si\u0119 naturalne, tyle, \u017ce&nbsp;okazuje si\u0119, i\u017c&nbsp;ta&nbsp;o\u015bwiata jest bardzo odleg\u0142a od&nbsp;tego, czego chcemy dla naszych dzieci. &nbsp;&nbsp;&nbsp;&nbsp;&nbsp;&nbsp;&nbsp;&nbsp;&nbsp;&nbsp;<\/span><\/p>\n<p class=\"has-custom-font has-custom-weight has-custom-lineheight\" style=\"text-align: left;\"><span style=\"color: #000080;\">A&nbsp;jak mog\u0105 si\u0119 skrzykiwa\u0107 rodzice, kt\u00f3rzy&nbsp;chc\u0105 dla swoich dzieci nauki, a&nbsp;nie&nbsp;indoktrynacji? To&nbsp;ju\u017c jest inna bajka i&nbsp;dzi\u015b jest to&nbsp;\u0142atwiejsze ni\u017c kiedykolwiek.<\/span><\/p>\n<hr>\n<p style=\"text-align: left;\"><span style=\"color: #808080;\"><em><img decoding=\"async\" class=\"alignleft\" src=\"https:\/\/studioopinii.pl\/wp-content\/uploads\/2017\/06\/Koraszewski.jpg\" width=\"20%\"><strong>Andrzej Koraszewski<\/strong> &#8211; Publicysta i pisarz ekonomiczno-spo\u0142eczny. Ur. 26 marca 1940 w Szymbarku, by\u0142y dziennikarz BBC, wiceszef polskiej sekcji BBC, i publicysta paryskiej \u201eKultury\u201d.<\/em> <\/span><\/p>\n<hr style=\"height: 15px; background: #d0e6fa; width: 100%;\">\n<div id=\"content\" class=\"content-alignment\">\n<div id=\"watch-description\" class=\"yt-uix-button-panel\">\n<div id=\"watch-description-text\" style=\"text-align: center;\">\n<p><em>Zawarto\u015b\u0107 publikowanych artyku\u0142\u00f3w i materia\u0142\u00f3w nie reprezentuje pogl\u0105d\u00f3w ani opinii Reunion&#8217;68,<\/em><em><br \/>\nani te\u017c webmastera Blogu Reunion&#8217;68, chyba ze jest to wyra\u017anie zaznaczone.<br \/>\nTwoje uwagi, linki, w\u0142asne artyku\u0142y lub wiadomo\u015bci prze\u015blij na adres:<br \/>\n<\/em><span style=\"color: #000080;\"><strong><em><a style=\"color: #000080;\" href=\"mailto:webmaster@reunion68.com\"><span style=\"text-decoration: underline;\">webmaster@reunion68.com<\/span><\/a><\/em><\/strong><\/span><\/p>\n<\/div>\n<\/div>\n<\/div>\n<hr style=\"width: 100%;\">\n","protected":false},"excerpt":{"rendered":"<p>W\u0142a\u015bciwy cz\u0142owiek na w\u0142a\u015bciwym miejscu Andrzej Koraszewski Zrodlo zdjecia: Strona Neighbourhood Zdziwi\u0142em si\u0119 troch\u0119, kiedy przeczyta\u0142em, \u017ce mi\u0142o\u015bnik egzorcyzm\u00f3w, kt\u00f3rego Partia postawi\u0142a na&nbsp;odcinku&nbsp;wychowania katolickiego cz\u0142owieka, mia\u0142 ludzki odruch. Dziennikarz zapyta\u0142 go, czy&nbsp;zakazuje swojej \u017conie czytania jakich\u015b ksi\u0105\u017cek, a&nbsp;mi\u0142o\u015bnik zareagowa\u0142 jak cz\u0142owiek i&nbsp;wrzasn\u0105\u0142, \u017ce&nbsp;to&nbsp;nie&nbsp; jego (czyli dziennikarza) interes.&nbsp;Doniesienie, z&nbsp;kt\u00f3rego&nbsp;si\u0119 o&nbsp;owym incydencie dowiedzia\u0142em, nie&nbsp;informuje, czy&nbsp;dziennikarz skorzysta\u0142 z&nbsp;tej&nbsp;nadzwyczajnej [&hellip;]<\/p>\n","protected":false},"author":1,"featured_media":0,"comment_status":"closed","ping_status":"closed","sticky":false,"template":"","format":"standard","meta":[],"categories":[6],"tags":[26,24],"_links":{"self":[{"href":"https:\/\/www.reunion68.se\/index.php?rest_route=\/wp\/v2\/posts\/98299"}],"collection":[{"href":"https:\/\/www.reunion68.se\/index.php?rest_route=\/wp\/v2\/posts"}],"about":[{"href":"https:\/\/www.reunion68.se\/index.php?rest_route=\/wp\/v2\/types\/post"}],"author":[{"embeddable":true,"href":"https:\/\/www.reunion68.se\/index.php?rest_route=\/wp\/v2\/users\/1"}],"replies":[{"embeddable":true,"href":"https:\/\/www.reunion68.se\/index.php?rest_route=%2Fwp%2Fv2%2Fcomments&post=98299"}],"version-history":[{"count":7,"href":"https:\/\/www.reunion68.se\/index.php?rest_route=\/wp\/v2\/posts\/98299\/revisions"}],"predecessor-version":[{"id":98566,"href":"https:\/\/www.reunion68.se\/index.php?rest_route=\/wp\/v2\/posts\/98299\/revisions\/98566"}],"wp:attachment":[{"href":"https:\/\/www.reunion68.se\/index.php?rest_route=%2Fwp%2Fv2%2Fmedia&parent=98299"}],"wp:term":[{"taxonomy":"category","embeddable":true,"href":"https:\/\/www.reunion68.se\/index.php?rest_route=%2Fwp%2Fv2%2Fcategories&post=98299"},{"taxonomy":"post_tag","embeddable":true,"href":"https:\/\/www.reunion68.se\/index.php?rest_route=%2Fwp%2Fv2%2Ftags&post=98299"}],"curies":[{"name":"wp","href":"https:\/\/api.w.org\/{rel}","templated":true}]}}