{"id":98364,"date":"2022-09-13T17:00:22","date_gmt":"2022-09-13T15:00:22","guid":{"rendered":"http:\/\/www.reunion68.se\/?p=98364"},"modified":"2022-09-13T10:02:11","modified_gmt":"2022-09-13T08:02:11","slug":"23-00-75","status":"publish","type":"post","link":"https:\/\/www.reunion68.se\/?p=98364","title":{"rendered":"Iranian General Boasts of Drone \u2018Designed for Attacking Tel Aviv, Haifa\u2019"},"content":{"rendered":"<h5 style=\"text-align: center;\"><a href=\"https:\/\/www.algemeiner.com\/\" target=\"_blank\" rel=\"noopener noreferrer\"><img decoding=\"async\" class=\"center alignleft\" src=\"http:\/\/www.reunion68.com\/Biuletyn\/img\/algem.png\" alt=\"\" width=\"35%\"><\/a><span style=\"text-decoration: underline; color: #000080;\"><span><strong><a style=\"color: #000080; text-decoration: underline;\" href=\"https:\/\/www.algemeiner.com\/2022\/09\/12\/iranian-general-boasts-of-drone-designed-for-attacking-tel-aviv-haifa\/\" target=\"_blank\" rel=\"noopener noreferrer\">Iranian General Boasts of Drone \u2018Designed for Attacking Tel Aviv, Haifa\u2019<\/a><\/strong><\/span><\/span><\/h5>\n<p style=\"text-align: center;\"><span style=\"color: #000000;\"><strong>Algemeiner Staff<\/strong><\/span><\/p>\n<hr style=\"height: 15px; background: #d0e6fa; width: 100%;\">\n<p style=\"text-align: center;\"><img decoding=\"async\" src=\"https:\/\/www.algemeiner.com\/wp-content\/uploads\/2022\/09\/39075435097524.jpg\" width=\"100%\"><span style=\"color: #808080;\"><em>A view of a drone during a military exercise in an undisclosed location in Iran, in this handout image obtained on August 24, 2022. Photo: Iranian Army\/WANA (West Asia News Agency)\/Handout via Reuters<\/em><\/span><\/p>\n<p style=\"text-align: left;\"><span style=\"color: #000080;\">Iran has \u201cspecially designed\u201d a drone capable of attacking Israel\u2019s largest coastal cities, an Iranian general said on Monday.<\/span><\/p>\n<p style=\"text-align: left;\"><span style=\"color: #000080;\">The suicide drone was identified by Brigadier General Kioumars Heydari, who commands the ground forces of the Iranian army, as \u201cArash 2\u201d during a television interview, Iran\u2019s&nbsp;<em>Mehr News Agency<\/em>&nbsp;reported.<\/span><\/p>\n<p style=\"text-align: left;\"><span style=\"color: #000080;\">\u201cHe noted that [the] drone was specially designed for attacking Haifa and Tel Aviv, adding that it is a unique drone made for that purpose,\u201d the semi-official outlet added.<\/span><\/p>\n<p style=\"text-align: left;\"><span style=\"color: #000080;\">The comments come&nbsp;<a style=\"color: #000080;\" href=\"https:\/\/www.algemeiner.com\/2022\/09\/11\/europeans-doubt-irans-intentions-in-nuclear-talks-sparking-tehrans-ire\/\" target=\"_blank\" rel=\"noopener noreferrer\">amid doubts<\/a>&nbsp;over the possible revival of the 2015 nuclear deal between Iran and world powers. Iranian officials \u2014 from Supreme Leader Ayatollah Ali Khamenei on down \u2014 have repeatedly threatened to attack Tel Aviv and Haifa to deter action by Israel, which has pledged to prevent Iran from obtaining a nuclear weapon. In June, Heydari&nbsp;<a style=\"color: #000080;\" href=\"https:\/\/www.reuters.com\/world\/middle-east\/iranian-army-commander-threatens-israeli-cities-if-enemy-makes-any-mistake-2022-06-07\/\" target=\"_blank\" rel=\"noopener noreferrer\">said<\/a>&nbsp;Iran \u201cwill raze Tel Aviv and Haifa to the ground by the order of the supreme leader\u201d should Israel make \u201cany mistake.\u201d<\/span><\/p>\n<p style=\"text-align: left;\"><span style=\"color: #000080;\">Also on Monday, Israel\u2019s deputy foreign minister, Idan Roll, who is in Berlin as part of Israeli Prime Minister Yair Lapid\u2019s delegation to the country, spoke with Olta Xha\u00e7ka, foreign minister of Albania, which severed diplomatic ties with Iran on Wednesday. The rupture came after Iran carried out a cyberattack in July that temporarily disabled some Albanian government services, according to the Balkan country \u2014 a charge Tehran denies.<\/span><\/p>\n<p style=\"text-align: left;\"><span style=\"color: #000080;\">On Saturday, Albania reported a second cyberattack from \u201cthe same aggressors.\u201d<\/span><\/p>\n<p style=\"text-align: left;\"><span style=\"color: #000080;\">Roll said he expressed \u201cappreciation\u201d for Albania\u2019s decision in his discussion with Xha\u00e7ka, \u201cand offered to share our knowledge and experience in cyber defense.\u201d<\/span><\/p>\n<hr style=\"height: 15px; background: #d0e6fa; width: 100%;\">\n<div id=\"content\" class=\"content-alignment\">\n<div id=\"watch-description\" class=\"yt-uix-button-panel\">\n<div id=\"watch-description-text\" style=\"text-align: center;\">\n<p><em>Zawarto\u015b\u0107 publikowanych artyku\u0142\u00f3w i materia\u0142\u00f3w nie reprezentuje pogl\u0105d\u00f3w ani opinii Reunion&#8217;68,<\/em><em><br \/>\nani te\u017c webmastera Blogu Reunion&#8217;68, chyba ze jest to wyra\u017anie zaznaczone.<br \/>\nTwoje uwagi, linki, w\u0142asne artyku\u0142y lub wiadomo\u015bci prze\u015blij na adres:<br \/>\n<\/em><span style=\"color: #000080;\"><strong><em><a style=\"color: #000080;\" href=\"mailto:webmaster@reunion68.com\"><span style=\"text-decoration: underline;\">webmaster@reunion68.com<\/span><\/a><\/em><\/strong><\/span><\/p>\n<\/div>\n<\/div>\n<\/div>\n<hr style=\"width: 100%;\">\n","protected":false},"excerpt":{"rendered":"<p>Iranian General Boasts of Drone \u2018Designed for Attacking Tel Aviv, Haifa\u2019 Algemeiner Staff A view of a drone during a military exercise in an undisclosed location in Iran, in this handout image obtained on August 24, 2022. Photo: Iranian Army\/WANA (West Asia News Agency)\/Handout via Reuters Iran has \u201cspecially designed\u201d a drone capable of attacking [&hellip;]<\/p>\n","protected":false},"author":1,"featured_media":0,"comment_status":"closed","ping_status":"closed","sticky":false,"template":"","format":"standard","meta":[],"categories":[6],"tags":[26,24],"_links":{"self":[{"href":"https:\/\/www.reunion68.se\/index.php?rest_route=\/wp\/v2\/posts\/98364"}],"collection":[{"href":"https:\/\/www.reunion68.se\/index.php?rest_route=\/wp\/v2\/posts"}],"about":[{"href":"https:\/\/www.reunion68.se\/index.php?rest_route=\/wp\/v2\/types\/post"}],"author":[{"embeddable":true,"href":"https:\/\/www.reunion68.se\/index.php?rest_route=\/wp\/v2\/users\/1"}],"replies":[{"embeddable":true,"href":"https:\/\/www.reunion68.se\/index.php?rest_route=%2Fwp%2Fv2%2Fcomments&post=98364"}],"version-history":[{"count":5,"href":"https:\/\/www.reunion68.se\/index.php?rest_route=\/wp\/v2\/posts\/98364\/revisions"}],"predecessor-version":[{"id":98382,"href":"https:\/\/www.reunion68.se\/index.php?rest_route=\/wp\/v2\/posts\/98364\/revisions\/98382"}],"wp:attachment":[{"href":"https:\/\/www.reunion68.se\/index.php?rest_route=%2Fwp%2Fv2%2Fmedia&parent=98364"}],"wp:term":[{"taxonomy":"category","embeddable":true,"href":"https:\/\/www.reunion68.se\/index.php?rest_route=%2Fwp%2Fv2%2Fcategories&post=98364"},{"taxonomy":"post_tag","embeddable":true,"href":"https:\/\/www.reunion68.se\/index.php?rest_route=%2Fwp%2Fv2%2Ftags&post=98364"}],"curies":[{"name":"wp","href":"https:\/\/api.w.org\/{rel}","templated":true}]}}