{"id":98385,"date":"2022-09-14T17:05:19","date_gmt":"2022-09-14T15:05:19","guid":{"rendered":"http:\/\/www.reunion68.se\/?p=98385"},"modified":"2022-09-14T07:07:28","modified_gmt":"2022-09-14T05:07:28","slug":"24-05-79","status":"publish","type":"post","link":"https:\/\/www.reunion68.se\/?p=98385","title":{"rendered":"Israeli leaders commemorate UK chief rabbi Sacks: \u2018He made the world better\u2019"},"content":{"rendered":"<h5 style=\"text-align: center;\"><a href=\"https:\/\/www.timesofisrael.com\/\" target=\"_blank\" rel=\"noopener noreferrer\"><img decoding=\"async\" class=\"center alignleft\" src=\"http:\/\/www.reunion68.com\/Biuletyn\/img\/times.png\" alt=\"\" width=\"35%\"><\/a><span style=\"text-decoration: underline; color: #000080;\"><span><strong><a style=\"color: #000080; text-decoration: underline;\" href=\"https:\/\/www.timesofisrael.com\/israeli-leaders-mark-anniversary-of-uk-rabbi-sackss-death-he-made-world-better\/\" target=\"_blank\" rel=\"noopener noreferrer\">Israeli leaders commemorate UK chief rabbi Sacks: \u2018He made the world better\u2019<\/a><\/strong><\/span><\/span><\/h5>\n<p style=\"text-align: center;\"><span style=\"color: #000000;\"><strong>JUDAH ARI GROSS <\/strong><\/span><\/p>\n<hr style=\"height: 15px; background: #d0e6fa; width: 100%;\">\n<h5 style=\"text-align: center;\"><strong>PM Lapid says he still keeps former British chief rabbi\u2019s book close; Herzog hails his writings as a \u2018fountain of strength, originality\u2019<\/strong><\/h5>\n<p>.<\/p>\n<p style=\"text-align: center;\"><img decoding=\"async\" class=\"aligncenter\" src=\"https:\/\/static.timesofisrael.com\/www\/uploads\/2021\/06\/BLAKEEZRA_0007-640x400.jpg\" width=\"100%\"><span style=\"color: #808080;\"><em>An image of former British chief rabbi Lord Jonathan Sacks from 2013. (Courtesy \u00a9 Blake-Ezra Photography Ltd.)<\/em><\/span><\/p>\n<p style=\"text-align: left;\"><span style=\"color: #000080;\">Hundreds of people gathered at the President\u2019s Residence in Jerusalem on Tuesday afternoon to mark the second anniversary of the death of former British Chief Rabbi Lord Jonathan Sacks, with eulogies from top Israeli leaders, including President Isaac Herzog, Prime Minister Yair Lapid and Chief Justice Esther Hayut.<\/span><\/p>\n<p style=\"text-align: left;\"><span style=\"color: #000080;\">Sacks\u2019s widow, Lady Elaine Sacks, came in from the United Kingdom for the event, which was hosted by the Rabbi Sacks Legacy. A similar event was held last year in London, which Herzog also attended.<\/span><\/p>\n<p style=\"text-align: left;\"><span style=\"color: #000080;\">Sacks, who died of cancer on November 7, 2020, at the age of 72, was a highly influential Jewish figure not only in his native England but around the world, having written over two dozen books and lectured on Judaism at top universities in the United States and United Kingdom.<\/span><\/p>\n<p style=\"text-align: left;\"><span style=\"color: #000080;\">Despite being an ardent and passionate Zionist, Sacks\u2019s influence in Israel was somewhat limited, though this has begun changing in recent years as more of his writings have been translated into Hebrew.<\/span><\/p>\n<p style=\"text-align: left;\"><span style=\"color: #000080;\">He did, however, maintain close relationships with top Israeli politicians, several of whom contributed to a video tribute shown at the event. Israeli singer Ehud Banai also performed two songs, \u201cCanaanite Blues\u201d and \u201cInto the Light.\u201d<\/span><\/p>\n<p style=\"text-align: left;\"><span style=\"color: #000080;\">Lapid recalled meeting Sacks after the publication of his book \u201cThe Dignity of Difference,\u201d which the premier said he still always keeps at arm\u2019s length.<\/span><\/p>\n<p style=\"text-align: left;\"><span style=\"color: #000080;\">\u201cI said to him, \u2018Rabbi, even though I am a secular Israeli Jew, I have a request: I want you to be my rabbi.\u2019 Rabbi Sacks smiled and said the only people who believe that secular Israeli Jews are actually secular are secular Israeli Jews,\u201d Lapid said in a recorded message.<\/span><\/p>\n<p style=\"text-align: left;\"><span style=\"color: #000080;\">The prime minister said he and Sacks once argued over which was more important, optimism or hope.<\/span><\/p>\n<p style=\"text-align: left;\"><span style=\"color: #000080;\">\u201cI thought optimism was better. He looked at me and said optimism is the belief that the world will become better. Hope is the belief that if we work hard enough together, we can make the world a better place,\u201d Lapid said.<\/span><\/p>\n<p style=\"text-align: left;\"><span style=\"color: #000080;\">\u201cRabbi Sacks made the world a better place, made me a better person. I miss him and the conversations with him.\u201d<\/span><\/p>\n<p style=\"text-align: center;\"><img decoding=\"async\" class=\"aligncenter\" src=\"https:\/\/static.timesofisrael.com\/www\/uploads\/2022\/09\/WhatsApp-Image-2022-09-13-at-17.54.31-1-1024x640.jpeg\" width=\"100%\"><span style=\"color: #808080;\"><em>President Isaac Herzog, right, speaks with Yeshiva University professor Erica Brown during an event marking the second anniversary of the death of former British chief rabbi Jonathan Sacks at the President\u2019s Residence in Jerusalem on September 13, 2022. (Kobi Gideon\/GPO)<\/em><\/span><\/p>\n<p style=\"text-align: left;\"><span style=\"color: #000080;\">The main event of the evening was a roughly 15-minute on-stage discussion between Herzog and Erica Brown, a former student of Sacks and a Yeshiva University educator.<\/span><\/p>\n<p style=\"text-align: left;\"><span style=\"color: #000080;\">\u201cThe real impact that Rabbi Sacks had on me is with the weekly reading of the Torah portion,\u201d Herzog said. \u201cI say so because I continue reading his books, and they are a fountain of strength, an unbelievable fountain of originality, of ideas, of understanding the content of the Bible, and of course with immense sources of wisdom, knowledge from all facets of humanity.\u201d<\/span><\/p>\n<p style=\"text-align: left;\"><span style=\"color: #000080;\">The conversation was peppered with anecdotes and memories, including a quote from a letter written by Herzog\u2019s father, former president Chaim Herzog, who wrote to Sacks in the 1980s after meeting and being impressed by him in London.<\/span><\/p>\n<p style=\"text-align: left;\"><span style=\"color: #000080;\">The two also discussed a crucial area of interest to both Sacks and Herzog: the relationship between the State of Israel and Jews around the world.<\/span><\/p>\n<p style=\"text-align: left;\"><span style=\"color: #000080;\">\u201cWe have to tell world Jewry what Israel is about,\u201d Herzog said. \u201cAnd we need to teach Israelis about Jewish life abroad. I think Rabbi Sacks managed to cover all facets of Jewish life abroad and understand that Jewish life abroad is different from Jewish life here.\u201d<\/span><\/p>\n<p style=\"text-align: left;\"><span style=\"color: #000080;\">Herzog said Jews did not need to shy away from conflict with one another but did need to maintain a degree of decorum and respect.<\/span><\/p>\n<p style=\"text-align: left;\"><span style=\"color: #000080;\">\u201cRabbi Sacks wrote that Judaism encourages debate and argument\u2026 We should keep balance. We should argue but keep to the rules of the game,\u201d he said.<\/span><\/p>\n<p style=\"text-align: left;\"><span style=\"color: #000080;\">The death of Queen Elizabeth II, who had a relationship with Sacks, was clearly felt during the event, with nearly every speaker referring to it, including Herzog, who confirmed that he and his wife Michal would attend her funeral next week.<\/span><\/p>\n<hr style=\"height: 15px; background: #d0e6fa; width: 100%;\">\n<div id=\"content\" class=\"content-alignment\">\n<div id=\"watch-description\" class=\"yt-uix-button-panel\">\n<div id=\"watch-description-text\" style=\"text-align: center;\">\n<p><em>Zawarto\u015b\u0107 publikowanych artyku\u0142\u00f3w i materia\u0142\u00f3w nie reprezentuje pogl\u0105d\u00f3w ani opinii Reunion&#8217;68,<\/em><em><br \/>\nani te\u017c webmastera Blogu Reunion&#8217;68, chyba ze jest to wyra\u017anie zaznaczone.<br \/>\nTwoje uwagi, linki, w\u0142asne artyku\u0142y lub wiadomo\u015bci prze\u015blij na adres:<br \/>\n<\/em><span style=\"color: #000080;\"><strong><em><a style=\"color: #000080;\" href=\"mailto:webmaster@reunion68.com\"><span style=\"text-decoration: underline;\">webmaster@reunion68.com<\/span><\/a><\/em><\/strong><\/span><\/p>\n<\/div>\n<\/div>\n<\/div>\n<hr style=\"width: 100%;\">\n","protected":false},"excerpt":{"rendered":"<p>Israeli leaders commemorate UK chief rabbi Sacks: \u2018He made the world better\u2019 JUDAH ARI GROSS PM Lapid says he still keeps former British chief rabbi\u2019s book close; Herzog hails his writings as a \u2018fountain of strength, originality\u2019 . An image of former British chief rabbi Lord Jonathan Sacks from 2013. (Courtesy \u00a9 Blake-Ezra Photography Ltd.) [&hellip;]<\/p>\n","protected":false},"author":1,"featured_media":0,"comment_status":"closed","ping_status":"closed","sticky":false,"template":"","format":"standard","meta":[],"categories":[6],"tags":[26,24],"_links":{"self":[{"href":"https:\/\/www.reunion68.se\/index.php?rest_route=\/wp\/v2\/posts\/98385"}],"collection":[{"href":"https:\/\/www.reunion68.se\/index.php?rest_route=\/wp\/v2\/posts"}],"about":[{"href":"https:\/\/www.reunion68.se\/index.php?rest_route=\/wp\/v2\/types\/post"}],"author":[{"embeddable":true,"href":"https:\/\/www.reunion68.se\/index.php?rest_route=\/wp\/v2\/users\/1"}],"replies":[{"embeddable":true,"href":"https:\/\/www.reunion68.se\/index.php?rest_route=%2Fwp%2Fv2%2Fcomments&post=98385"}],"version-history":[{"count":9,"href":"https:\/\/www.reunion68.se\/index.php?rest_route=\/wp\/v2\/posts\/98385\/revisions"}],"predecessor-version":[{"id":98402,"href":"https:\/\/www.reunion68.se\/index.php?rest_route=\/wp\/v2\/posts\/98385\/revisions\/98402"}],"wp:attachment":[{"href":"https:\/\/www.reunion68.se\/index.php?rest_route=%2Fwp%2Fv2%2Fmedia&parent=98385"}],"wp:term":[{"taxonomy":"category","embeddable":true,"href":"https:\/\/www.reunion68.se\/index.php?rest_route=%2Fwp%2Fv2%2Fcategories&post=98385"},{"taxonomy":"post_tag","embeddable":true,"href":"https:\/\/www.reunion68.se\/index.php?rest_route=%2Fwp%2Fv2%2Ftags&post=98385"}],"curies":[{"name":"wp","href":"https:\/\/api.w.org\/{rel}","templated":true}]}}