{"id":98690,"date":"2022-10-15T17:09:09","date_gmt":"2022-10-15T15:09:09","guid":{"rendered":"http:\/\/www.reunion68.se\/?p=98690"},"modified":"2022-10-08T15:43:20","modified_gmt":"2022-10-08T13:43:20","slug":"08-09-73","status":"publish","type":"post","link":"https:\/\/www.reunion68.se\/?p=98690","title":{"rendered":"Ka\u017cda \u015bwinia mia\u0142a s\u0142u\u017cy\u0107 Hitlerowi"},"content":{"rendered":"<p style=\"text-align: center;\"><img decoding=\"async\" class=\"aligncenter\" src=\"https:\/\/bi.im-g.pl\/im\/ad\/9a\/1b\/z28943789AMP,Chlopcy-z-Mlodziezy-Niemieckiej-glaszcza-swinie-z-.jpg\" width=\"100%\"><span style=\"color: #808080;\"><em>Ch\u0142opcy z M\u0142odzie\u017cy Niemieckiej g\u0142aszcz\u0105 \u015bwini\u0119 z prosi\u0119tami w schronisku m\u0142odzie\u017cowym w rejonie Vogtland, 1937 r. (Fot. Berliner Verlag\/Archiv \/ AP Photo)<\/em><\/span><\/p>\n<hr>\n<h5 style=\"text-align: center;\"><a href=\"https:\/\/wyborcza.pl\/\" target=\"_blank\" rel=\"noopener noreferrer\"><img decoding=\"async\" class=\"center alignleft\" src=\"http:\/\/www.reunion68.com\/Biuletyn\/img\/wyborcza-ale.png\" alt=\"\" width=\"35%\"><\/a><span style=\"text-decoration: underline; color: #000080;\"><strong><a style=\"color: #000080; text-decoration: underline;\" href=\"https:\/\/wyborcza.pl\/alehistoria\/7,121681,28934799,kazda-swinia-miala-sluzyc-hitlerowi.html\" target=\"_blank\" rel=\"noopener noreferrer\">Ka\u017cda \u015bwinia mia\u0142a s\u0142u\u017cy\u0107 Hitlerowi<\/a><\/strong><\/span><\/h5>\n<p style=\"text-align: center;\"><span style=\"color: #000000;\"><strong>Joanna Bana\u015b<\/strong><\/span><\/p>\n<hr style=\"height: 15px; background: #d0e6fa; width: 100%;\">\n<h4 style=\"text-align: center;\"><strong>Nazi\u015bci lubili podkre\u015bla\u0107, \u017ce jako jedyni na \u015bwiecie przyzwoicie traktuj\u0105 zwierz\u0119ta. Ale w Trzeciej Rzeszy by\u0142y one tylko przedmiotami u\u017cywanymi w walce o zwyci\u0119stwo nad \u015bwiatem.<\/strong><\/h4>\n<p>.<\/p>\n<p style=\"text-align: left;\"><span style=\"color: #000080;\">Hitler gardzi\u0142 zorganizowanymi polowaniami, ale nie mia\u0142 nic przeciwko k\u0142usownictwu. Wegetarianin ze wzgl\u0119d\u00f3w zdrowotnych, kt\u00f3ry ros\u00f3\u0142 nazywa\u0142 \u201etrupi\u0105 herbat\u0105&#8221;, nie zabrania\u0142 swojemu otoczeniu je\u015b\u0107 mi\u0119sa. Tyle \u017ce ch\u0119tnie dr\u0119czy\u0142 wsp\u00f3\u0142biesiadnik\u00f3w drastycznymi relacjami z wizyt w rze\u017aniach w Ukrainie. Pozwala\u0142 si\u0119 filmowa\u0107 podczas zabawy ze swoimi owczarkami niemieckimi, oczywi\u015bcie czystej krwi, ale przed swoim samob\u00f3jstwem bez mrugni\u0119cia zgodzi\u0142 si\u0119 na przetestowanie skuteczno\u015bci cyjanowodoru na ukochanej Blondi. Czy mo\u017cna wi\u0119c nazwa\u0107 go mi\u0142o\u015bnikiem zwierz\u0105t, cho\u0107 na takiego si\u0119 kreowa\u0142?<\/span><\/p>\n<p class=\"text--paragraph\" style=\"text-align: left;\"><span style=\"color: #000080;\">Niemiecki dziennikarz Jan Mohnhaupt w ksi\u0105\u017cce \u201eZwierz\u0119ta w Trzeciej Rzeszy&#8221; obna\u017ca ob\u0142ud\u0119 nazistowskiej propagandy. Oto jeden z przyk\u0142ad\u00f3w:&nbsp;w 1938 r. obok KL Buchenwald wybudowano ma\u0142y ogr\u00f3d zoologiczny, miejsce relaksu dla zestresowanych stra\u017cnik\u00f3w i administracji obozu. Zwierz\u0119ta do ogrodu kupowano za pieni\u0105dze zarabiane przez wi\u0119\u017ani\u00f3w pracuj\u0105cych przymusowo. Je\u015bli kt\u00f3re\u015b pad\u0142o, jego opiekun by\u0142 surowo karany, a wszyscy wi\u0119\u017aniowie p\u0142acili \u201edobrowoln\u0105&#8221; sk\u0142adk\u0119 na zakup nowego zwierz\u0119cia. Gdy pod koniec wojny zapanowa\u0142 g\u0142\u00f3d, zwierz\u0119ta tego nie odczu\u0142y, bo karmiono je mi\u0119sem z puli dla wi\u0119\u017ani\u00f3w. Nied\u017awiedzie okaza\u0142y si\u0119 wyj\u0105tkowo wdzi\u0119czne komendantowi obozu \u2013 gdy SS-Standartenf\u00fchrer Karl Koch dla zabawy kaza\u0142 wrzuca\u0107 do ich wybiegu jakiego\u015b wi\u0119\u017ania, zr\u0119cznie rozszarpywa\u0142y jego cia\u0142o na kawa\u0142ki.<\/span><\/p>\n<h4 class=\"text--title font-head-700\" style=\"text-align: left;\"><strong>Zwierz\u0119ta w Trzeciej Rzeszy<\/strong><\/h4>\n<p class=\"text--paragraph\" style=\"text-align: left;\"><span style=\"color: #000080;\">Od wilka po stonk\u0119 \u2013 nazi\u015bci traktowali instrumentalnie wszystkie zwierz\u0119ta.<\/span><\/p>\n<p class=\"text--paragraph\" style=\"text-align: left;\"><span style=\"color: #000080;\">Wilk, mimo nadawanego mu w Trzeciej Rzeszy znaczenia symbolicznego (nieprzypadkowo kwatery g\u0142\u00f3wne Hitlera nosi\u0142y nazwy z nim zwi\u0105zane &#8211; Wilczy Szaniec, Wilczy Jar czy Wilko\u0142ak), pozostawa\u0142 jednym z g\u0142\u00f3wnych cel\u00f3w my\u015bliwych.<\/span><\/p>\n<p class=\"text--paragraph\" style=\"text-align: left;\"><span style=\"color: #000080;\">Celowo g\u0142odzone psy mia\u0142y pomaga\u0107 stra\u017cnikom w obozach koncentracyjnych. Nie tylko \u0142apa\u0107 ewentualnych uciekinier\u00f3w, ale i by\u0107 narz\u0119dziem terroru i tortur &#8211; na rozkaz rzuca\u0142y si\u0119 na wi\u0119\u017ani\u00f3w.<\/span><\/p>\n<p style=\"text-align: center;\"><img decoding=\"async\" class=\"preview aligncenter\" src=\"https:\/\/bi.im-g.pl\/im\/59\/9a\/1b\/z28943961IH,Adolf-Hitler-ze-swoim-owczarkiem-niemieckim-Blondi.jpg\" srcset=\"https:\/\/bi.im-g.pl\/im\/59\/9a\/1b\/z28943961IH,Adolf-Hitler-ze-swoim-owczarkiem-niemieckim-Blondi.jpg, https:\/\/bi.im-g.pl\/im\/59\/9a\/1b\/z28943961IHR,Adolf-Hitler-ze-swoim-owczarkiem-niemieckim-Blondi.jpg 2x\" alt=\"Adolf Hitler ze swoim owczarkiem niemieckim Blondi, 1942 r.\" width=\"100%\"><span style=\"color: #808080;\"><em><span class=\"text--photo-title\">Adolf Hitler ze swoim owczarkiem niemieckim Blondi, 1942 r.<\/span>&nbsp;&nbsp;<span class=\"text--photo-author\">Bundesarchiv, B 145 Bild-F051673-0059 \/ CC-BY-SA, CC BY-SA 3.0 DE , via Wikimedia Commons<\/span><\/em><\/span><\/p>\n<p class=\"text--paragraph\" style=\"text-align: left;\"><span style=\"color: #000080;\">\u015awinie, jedz\u0105c najlepiej tylko odpadki (o ziemniaki w warunkach wojennych rywalizowa\u0142y z lud\u017ami), mia\u0142y nie tylko przybiera\u0107 na wadze i dawa\u0107 Niemcom ich ukochane mi\u0119so, ale i s\u0142u\u017cy\u0107 jako dow\u00f3d rasowej wy\u017cszo\u015bci Aryjczyk\u00f3w jedz\u0105cych wieprzowin\u0119 w przeciwie\u0144stwo do \u017byd\u00f3w i muzu\u0142man\u00f3w.<\/span><\/p>\n<p class=\"text--paragraph\" style=\"text-align: left;\"><span style=\"color: #000080;\">Jedwabniki wykorzystywano jako narz\u0119dzie dydaktyczne do kszta\u0142towania umys\u0142\u00f3w m\u0142odych&nbsp;<a style=\"color: #000080;\" href=\"https:\/\/wyborcza.pl\/0,128956.html?tag=niemcy#anchorLink\">Niemc\u00f3w<\/a>&nbsp;\u2013 dzieci w szko\u0142ach karmi\u0142y g\u0105sienice li\u015b\u0107mi morwy, a kokony odnosi\u0142y do punkt\u00f3w skupu. Wszystko po to, by niemieckim lotnikom nie zabrak\u0142o jedwabiu na spadochrony. Przy okazji uczniowie w praktyce stosowali narodowosocjalistyczn\u0105 doktryn\u0119 o czysto\u015bci rasy, odpowiednio wcze\u015bnie eliminuj\u0105c osobniki chore i s\u0142abe. Z kolei na przyk\u0142adzie stonki ziemniaczanej, kt\u00f3ra by\u0142a usuwana z p\u00f3l r\u00f3wnie\u017c r\u0119kami dzieci, uczniowie dowiadywali si\u0119, jak nale\u017cy traktowa\u0107 \u017byd\u00f3w, kt\u00f3rzy&nbsp;te\u017c mieli by\u0107 szkodnikami.<\/span><\/p>\n<blockquote class=\"text--quote font-quotation-500\">\n<p style=\"text-align: left;\"><strong>Koty budzi\u0142y w nazistach mieszane uczucia. Niekt\u00f3rzy chwalili ich zami\u0142owanie do polowania na myszy i szczury, ale wi\u0119kszo\u015b\u0107 chcia\u0142a je wyt\u0119pi\u0107.<\/strong><\/p>\n<\/blockquote>\n<p class=\"text--paragraph\" style=\"text-align: left;\"><span style=\"color: #000080;\">W 1942 r. zakazano \u017bydom posiadania zwierz\u0105t domowych, w\u015br\u00f3d kt\u00f3rych wi\u0119kszo\u015b\u0107 stanowi\u0142y koty. W praktyce przepis oznacza\u0142, \u017ce musieli oni skaza\u0107 je na \u015bmier\u0107: odda\u0107 na posterunek policji, albo \u2013 co by\u0142o nielegalne \u2013 samodzielnie zorganizowa\u0107 jego eutanazj\u0119.<\/span><\/p>\n<p class=\"text--paragraph\" style=\"text-align: left;\"><span style=\"color: #000080;\">Jelenie specjalnie karmiono, by ich okaza\u0142e poro\u017ce wzbudzi\u0142o zainteresowanie pierwszego my\u015bliwego Trzeciej Rzeszy Hermanna G\u00f6ringa.<\/span><\/p>\n<p class=\"text--paragraph\" style=\"text-align: left;\"><span style=\"color: #000080;\">Konie po wybuchu wojny ci\u0105gn\u0119\u0142y na wsch\u00f3d ca\u0142e wyposa\u017cenie armii (tylko na filmach propagandowych niemieckie oddzia\u0142y by\u0142y ca\u0142kowicie zmotoryzowane), by p\u00f3\u017aniej s\u0142u\u017cy\u0107 za prowiant: od jesieni 1941 r. sowieccy je\u0144cy wojenni byli karmieni ko\u0144sk\u0105 padlin\u0105, a pod Stalingradem Niemcy zabili 4 tys. koni rumu\u0144skiej kawalerii. Zup\u0119 z nich rozdali swoim \u017co\u0142nierzom.<\/span><\/p>\n<h4 class=\"text--title font-head-700\" style=\"text-align: left;\"><strong>Wygody dla niemieckich \u015bwi\u0144<\/strong><\/h4>\n<p class=\"text--paragraph\" style=\"text-align: left;\"><span style=\"color: #000080;\">Cho\u0107 zgrabnie napisana i zawieraj\u0105ca mn\u00f3stwo ciekawych didaskali\u00f3w, ksi\u0105\u017cka Mohnhaupta nie jest lektur\u0105 przyjemn\u0105. Nie mog\u0142a by\u0107, bo w stosunku nazist\u00f3w do \u017cywych istot nie by\u0142o niczego dobrego.<\/span><\/p>\n<p class=\"text--paragraph\" style=\"text-align: left;\"><span style=\"color: #000080;\">Je\u015bli nawet przejmowali si\u0119 losem niekt\u00f3rych zwierz\u0105t, robili to dla w\u0142asnej korzy\u015bci \u2013 ekonomicznej, militarnej czy propagandowej. Jak przy wojennej instrukcji transportu \u015bwi\u0144: zwierz\u0119ta mia\u0142y by\u0107 przed d\u0142u\u017csz\u0105 podr\u00f3\u017c\u0105 nakarmione i napojone, wagony wentylowane, a do ka\u017cdego z nich nale\u017ca\u0142o wprowadza\u0107 tylko tyle \u015bwi\u0144, \u017ceby ka\u017cda mog\u0142a si\u0119 wygodnie u\u0142o\u017cy\u0107. Uwzgl\u0119dniono nawet przestrogi czasopisma bran\u017cowego dla hodowc\u00f3w trzody chlewnej, by podczas upa\u0142\u00f3w nie transportowa\u0107 przekarmionych zwierz\u0105t, poniewa\u017c grozi im zawa\u0142.<\/span><\/p>\n<p class=\"text--paragraph\" style=\"text-align: left;\"><span style=\"color: #000080;\">Pi\u0119knie, tyle \u017ce do tych samych wagon\u00f3w bezlito\u015bnie upychano ludzi transportowanych do oboz\u00f3w koncentracyjnych.<\/span><\/p>\n<hr>\n<p class=\"text--title font-head-700\">Jan Mohnhaupt &#8211; \u201eZwierz\u0119ta w Trzeciej Rzeszy&#8221;<\/p>\n<p class=\"text--title font-head-700\">T\u0142um. Monika Kilis, Wydawnictwo Pozna\u0144skie<\/p>\n<p style=\"text-align: center;\"><img decoding=\"async\" class=\"preview aligncenter\" src=\"https:\/\/bi.im-g.pl\/im\/49\/9a\/1b\/z28943945IH,Jan-Mohnhaupt---Zwierzeta-w-Trzeciej-Rzeszy---prze.jpg\" srcset=\"https:\/\/bi.im-g.pl\/im\/49\/9a\/1b\/z28943945IH,Jan-Mohnhaupt---Zwierzeta-w-Trzeciej-Rzeszy---prze.jpg, https:\/\/bi.im-g.pl\/im\/49\/9a\/1b\/z28943945IHR,Jan-Mohnhaupt---Zwierzeta-w-Trzeciej-Rzeszy---prze.jpg 2x\" alt=\"Jan Mohnhaupt, 'Zwierz\u0119ta w Trzeciej Rzeszy', przek\u0142. Monika Kilis\" width=\"100%\"><span style=\"color: #808080;\"><em><span class=\"text--photo-title\">Jan Mohnhaupt, &#8216;Zwierz\u0119ta w Trzeciej Rzeszy&#8217;, przek\u0142. Monika Kilis<\/span>&nbsp;&nbsp;<span class=\"text--photo-author\">Wydawnictwo Pozna\u0144skie<\/span><\/em><\/span><\/p>\n<hr style=\"height: 15px; background: #d0e6fa; width: 100%;\">\n<div id=\"content\" class=\"content-alignment\">\n<div id=\"watch-description\" class=\"yt-uix-button-panel\">\n<div id=\"watch-description-text\" style=\"text-align: center;\">\n<p><em>Zawarto\u015b\u0107 publikowanych artyku\u0142\u00f3w i materia\u0142\u00f3w nie reprezentuje pogl\u0105d\u00f3w ani opinii Reunion&#8217;68,<\/em><em><br \/>\nani te\u017c webmastera Blogu Reunion&#8217;68, chyba ze jest to wyra\u017anie zaznaczone.<br \/>\nTwoje uwagi, linki, w\u0142asne artyku\u0142y lub wiadomo\u015bci prze\u015blij na adres:<br \/>\n<\/em><span style=\"color: #000080;\"><strong><em><a style=\"color: #000080;\" href=\"mailto:webmaster@reunion68.com\"><span style=\"text-decoration: underline;\">webmaster@reunion68.com<\/span><\/a><\/em><\/strong><\/span><\/p>\n<\/div>\n<\/div>\n<\/div>\n<hr style=\"width: 100%;\">\n","protected":false},"excerpt":{"rendered":"<p>Ch\u0142opcy z M\u0142odzie\u017cy Niemieckiej g\u0142aszcz\u0105 \u015bwini\u0119 z prosi\u0119tami w schronisku m\u0142odzie\u017cowym w rejonie Vogtland, 1937 r. (Fot. Berliner Verlag\/Archiv \/ AP Photo) Ka\u017cda \u015bwinia mia\u0142a s\u0142u\u017cy\u0107 Hitlerowi Joanna Bana\u015b Nazi\u015bci lubili podkre\u015bla\u0107, \u017ce jako jedyni na \u015bwiecie przyzwoicie traktuj\u0105 zwierz\u0119ta. Ale w Trzeciej Rzeszy by\u0142y one tylko przedmiotami u\u017cywanymi w walce o zwyci\u0119stwo nad \u015bwiatem. [&hellip;]<\/p>\n","protected":false},"author":1,"featured_media":0,"comment_status":"closed","ping_status":"closed","sticky":false,"template":"","format":"standard","meta":[],"categories":[6],"tags":[26,24],"_links":{"self":[{"href":"https:\/\/www.reunion68.se\/index.php?rest_route=\/wp\/v2\/posts\/98690"}],"collection":[{"href":"https:\/\/www.reunion68.se\/index.php?rest_route=\/wp\/v2\/posts"}],"about":[{"href":"https:\/\/www.reunion68.se\/index.php?rest_route=\/wp\/v2\/types\/post"}],"author":[{"embeddable":true,"href":"https:\/\/www.reunion68.se\/index.php?rest_route=\/wp\/v2\/users\/1"}],"replies":[{"embeddable":true,"href":"https:\/\/www.reunion68.se\/index.php?rest_route=%2Fwp%2Fv2%2Fcomments&post=98690"}],"version-history":[{"count":6,"href":"https:\/\/www.reunion68.se\/index.php?rest_route=\/wp\/v2\/posts\/98690\/revisions"}],"predecessor-version":[{"id":98924,"href":"https:\/\/www.reunion68.se\/index.php?rest_route=\/wp\/v2\/posts\/98690\/revisions\/98924"}],"wp:attachment":[{"href":"https:\/\/www.reunion68.se\/index.php?rest_route=%2Fwp%2Fv2%2Fmedia&parent=98690"}],"wp:term":[{"taxonomy":"category","embeddable":true,"href":"https:\/\/www.reunion68.se\/index.php?rest_route=%2Fwp%2Fv2%2Fcategories&post=98690"},{"taxonomy":"post_tag","embeddable":true,"href":"https:\/\/www.reunion68.se\/index.php?rest_route=%2Fwp%2Fv2%2Ftags&post=98690"}],"curies":[{"name":"wp","href":"https:\/\/api.w.org\/{rel}","templated":true}]}}