{"id":9870,"date":"2014-11-29T19:04:03","date_gmt":"2014-11-29T17:04:03","guid":{"rendered":"http:\/\/www.reunion68.se\/?p=9870"},"modified":"2014-11-29T17:15:53","modified_gmt":"2014-11-29T15:15:53","slug":"9870","status":"publish","type":"post","link":"https:\/\/www.reunion68.se\/?p=9870","title":{"rendered":"Promocja ksi\u0105\u017cki \u2014 \u201eNa rozdro\u017cu. M\u0142odzie\u017c \u017cydowska w PRL 1956\u20131968\u201d"},"content":{"rendered":"<h6 style=\"text-align: center;\"><a href=\"http:\/\/www.jhi.pl\/\" target=\"_blank\"><img decoding=\"async\" class=\"center alignleft\" src=\"http:\/\/www.reunion68.com\/Biuletyn\/img\/zih-1\" alt=\"\" \/><\/a><span style=\"text-decoration: underline; color: #000080;\"><span style=\"text-decoration: underline;\"><strong><a style=\"color: #000080; text-decoration: underline;\" href=\"http:\/\/www.jhi.pl\/blog\/2014-10-24-promocja-ksiazki-na-rozdrozu-mlodziez-zydowska-w-prl-1956-1968\" target=\"_blank\">Promocja ksi\u0105\u017cki \u2014 \u201eNa rozdro\u017cu. M\u0142odzie\u017c \u017cydowska w PRL 1956\u20131968\u201d<\/a><\/strong><\/span><\/span><\/h6>\n<hr style=\"height: 15px; background: #d0e6fa; width: 710px;\" \/>\n<div style=\"width: 360px\" class=\"wp-caption alignright\"><img decoding=\"async\" src=\"http:\/\/www.jhi.pl\/uploads\/image\/file\/6039\/wide_Nast_pcy_Tron_w__po_owa_lat_sze__dziesi_tych._Archiwum_prywatne_R__y_Klajman.png\" alt=\"Wide nastepcy tronow  po owa lat sze  dziesi tych. archiwum prywatne r  y klajman\" width=\"350\" \/><p class=\"wp-caption-text\"><span style=\"color: #000080;\"><em>Nastepcy Tronow (FOTO: archiwum prywatne Klajman)<\/em><\/span><\/p><\/div>\n<p style=\"text-align: left;\"><span style=\"color: #000080;\">Z cyklu &#8220;<strong>Czwartki na T\u0142omackiem<\/strong>&#8221; 27 listopada 2014 odby\u0142o si\u0119 w <strong>\u017bIH<\/strong> spotkanie z <strong>Piotrem P\u0119zi\u0144skim<\/strong>, autorem ksi\u0105\u017cki <strong>Na rozdro\u017cu. M\u0142odzie\u017c \u017cydowska w PRL<\/strong>, paneli\u015bci: <strong>Adam Gryniewicz<\/strong>, <strong>Edward Odoner<\/strong>, <strong>Jaff Schatz<\/strong>, <strong>Leon Rosenbaum<\/strong>, prowadzenie <strong>Leopold Sobel<\/strong>.<\/span><\/p>\n<p style=\"text-align: left;\"><span style=\"color: #000080;\"> Na krzes\u0142ach porozk\u0142adano materia\u0142y: recenzje, wypowiedzi, przedruki z Internetu na temat publikacji. Autorzy tych recenzji to Poldek Sobel, J\u00f3zef Herzl, Bo\u017cena Werbart, Jaff Schatz &#8211; niekt\u00f3rzy obecni na sali, na kt\u00f3rej by\u0142o t\u0142oczno, gwarno i weso\u0142o &#8211; wi\u0119kszo\u015b\u0107 si\u0119 zna\u0142a, cho\u0107 wyra\u017anie da\u0142o si\u0119 odczu\u0107 podzia\u0142 na MY i WY &#8211; &#8220;my&#8221; z ksi\u0105\u017cki i &#8220;wy&#8221; spoza niej.<\/span><\/p>\n<p><span style=\"color: #000080;\"> Nie jest to recenzja, ksi\u0105\u017cki jeszcze nie przeczyta\u0142am, poczu\u0142am si\u0119 troszk\u0119 zawiedziona podtytu\u0142em &#8220;m\u0142odzie\u017c \u017cydowska w PRL 1956-68&#8221;. W tym czasie by\u0142am dzieckiem, wi\u0119c szukam wszelkim informacji i ch\u0119tnie czytam o kolegach i kole\u017cankach tych ciut ode mnie starszych, kt\u00f3rych nie mog\u0142am pozna\u0107, bo wraz z rodzicami zostali zmuszeni do wyjazdu po wydarzeniach Marca 1968.<\/span><\/p>\n<div style=\"width: 166px\" class=\"wp-caption alignright\"><img decoding=\"async\" loading=\"lazy\" class=\"center\" src=\"http:\/\/www.reunion68.com\/Biuletyn\/img\/Elzbieta-M.jpg\" alt=\"\" width=\"156\" height=\"163\" \/><p class=\"wp-caption-text\"><span style=\"color: #000080;\"><em>Ela Magenheim<\/em><\/span><\/p><\/div>\n<p><span style=\"color: #000080;\">Po przekartkowaniu ksi\u0105\u017cki i pos\u0142uchaniu rozm\u00f3w podczas spotkania, wiem, \u017ce to ksi\u0105\u017cka o 30 % m\u0142odzie\u017cy skupionej w TSK\u017b przed 1968 rokiem, a reszta? 2\/3 m\u0142odzie\u017cy \u017cydowskiej jest poza kartkami tej ksi\u0105\u017cki. Z sali pad\u0142o pytanie: jak dotrze\u0107 i opisa\u0107 znakomit\u0105, a nieobecn\u0105 w publikacji wi\u0119kszo\u015b\u0107? i czy w og\u00f3le jest to mo\u017cliwe?<\/span><\/p>\n<p><span style=\"color: #000080;\"> Na rozdro\u017cu trzeba traktowa\u0107 jako pierwsz\u0105 naukow\u0105 (to pierwotnie praca magisterska) rzecz o spo\u0142eczno\u015bci m\u0142odzie\u017cy \u017cydowskiej w Polsce i jej fenomenie &#8211; przyja\u017aniach, kt\u00f3re przetrwa\u0142y dziesi\u0105tki lat, co wida\u0107 by\u0142o podczas spotkania w \u017bIH.<\/span><br \/>\n<span style=\"color: #000080;\"> Ci\u0105g dalszy o m\u0142odzie\u017cy tamtych czas\u00f3w powinien jednak nast\u0105pi\u0107.<\/span><\/p>\n<div style=\"width: 710px\" class=\"wp-caption aligncenter\"><a href=\"http:\/\/www.reunion68.com\/Biuletyn\/pezinski\/0.jpg\"><img decoding=\"async\" class=\"center\" src=\"http:\/\/www.reunion68.com\/Biuletyn\/pezinski\/0.jpg\" alt=\"\" width=\"700\" \/><\/a><p class=\"wp-caption-text\"><span style=\"color: #000080;\"><em> Materialy o ksiazce<\/em><\/span><\/p><\/div>\n<hr style=\"height: 2px; background: #d0e6fa; width: 710px;\" \/>\n<div style=\"width: 710px\" class=\"wp-caption aligncenter\"><a href=\"http:\/\/www.reunion68.com\/Biuletyn\/pezinski\/1.jpg\"><img decoding=\"async\" class=\"center\" src=\"http:\/\/www.reunion68.com\/Biuletyn\/pezinski\/1.jpg\" alt=\"\" width=\"700\" \/><\/a><p class=\"wp-caption-text\"><span style=\"color: #000080;\"><em>Leopold Sobel<\/em><\/span><\/p><\/div>\n<hr style=\"height: 2px; background: #d0e6fa; width: 710px;\" \/>\n<div style=\"width: 710px\" class=\"wp-caption aligncenter\"><a href=\"http:\/\/www.reunion68.com\/Biuletyn\/pezinski\/1.jpg\"><img decoding=\"async\" class=\"center\" src=\"http:\/\/www.reunion68.com\/Biuletyn\/pezinski\/2.jpg\" alt=\"\" width=\"700\" \/><\/a><p class=\"wp-caption-text\"><span style=\"color: #000080;\"><em> Publicznosc na pierwszym planie Viktor Ben-Dor<\/em><\/span><\/p><\/div>\n<p>&nbsp;<\/p>\n<hr style=\"height: 15px; background: #d0e6fa; width: 710px;\" \/>\n<div id=\"content\" class=\"  content-alignment&lt;br \/&gt;&lt;br \/&gt; \">\n<div id=\"watch-description\" class=\"yt-uix-button-panel\">\n<div id=\"watch-description-text\">\n<p style=\"text-align: center;\"><span style=\"color: #808080;\"> twoje uwagi, linki, wlasne artykuly, lub wiadomosci przeslij do: <strong><span style=\"text-decoration: underline;\"><span style=\"color: #808080; text-decoration: underline;\"><a href=\"mailto:webmaster@reunion68.com\">webmaster@reunion68.com<\/a><\/span><\/span><\/strong><\/span><\/p>\n<\/div>\n<\/div>\n<\/div>\n<p>&nbsp;<\/p>\n<hr style=\"width: 710px;\" \/>\n","protected":false},"excerpt":{"rendered":"<p>Promocja ksi\u0105\u017cki \u2014 \u201eNa rozdro\u017cu. M\u0142odzie\u017c \u017cydowska w PRL 1956\u20131968\u201d Z cyklu &#8220;Czwartki na T\u0142omackiem&#8221; 27 listopada 2014 odby\u0142o si\u0119 w \u017bIH spotkanie z Piotrem P\u0119zi\u0144skim, autorem ksi\u0105\u017cki Na rozdro\u017cu. M\u0142odzie\u017c \u017cydowska w PRL, paneli\u015bci: Adam Gryniewicz, Edward Odoner, Jaff Schatz, Leon Rosenbaum, prowadzenie Leopold Sobel. Na krzes\u0142ach porozk\u0142adano materia\u0142y: recenzje, wypowiedzi, przedruki z Internetu [&hellip;]<\/p>\n","protected":false},"author":1,"featured_media":0,"comment_status":"closed","ping_status":"closed","sticky":false,"template":"","format":"standard","meta":[],"categories":[4],"tags":[24],"_links":{"self":[{"href":"https:\/\/www.reunion68.se\/index.php?rest_route=\/wp\/v2\/posts\/9870"}],"collection":[{"href":"https:\/\/www.reunion68.se\/index.php?rest_route=\/wp\/v2\/posts"}],"about":[{"href":"https:\/\/www.reunion68.se\/index.php?rest_route=\/wp\/v2\/types\/post"}],"author":[{"embeddable":true,"href":"https:\/\/www.reunion68.se\/index.php?rest_route=\/wp\/v2\/users\/1"}],"replies":[{"embeddable":true,"href":"https:\/\/www.reunion68.se\/index.php?rest_route=%2Fwp%2Fv2%2Fcomments&post=9870"}],"version-history":[{"count":22,"href":"https:\/\/www.reunion68.se\/index.php?rest_route=\/wp\/v2\/posts\/9870\/revisions"}],"predecessor-version":[{"id":9895,"href":"https:\/\/www.reunion68.se\/index.php?rest_route=\/wp\/v2\/posts\/9870\/revisions\/9895"}],"wp:attachment":[{"href":"https:\/\/www.reunion68.se\/index.php?rest_route=%2Fwp%2Fv2%2Fmedia&parent=9870"}],"wp:term":[{"taxonomy":"category","embeddable":true,"href":"https:\/\/www.reunion68.se\/index.php?rest_route=%2Fwp%2Fv2%2Fcategories&post=9870"},{"taxonomy":"post_tag","embeddable":true,"href":"https:\/\/www.reunion68.se\/index.php?rest_route=%2Fwp%2Fv2%2Ftags&post=9870"}],"curies":[{"name":"wp","href":"https:\/\/api.w.org\/{rel}","templated":true}]}}