{"id":98772,"date":"2022-10-11T17:09:03","date_gmt":"2022-10-11T15:09:03","guid":{"rendered":"http:\/\/www.reunion68.se\/?p=98772"},"modified":"2022-10-04T08:29:13","modified_gmt":"2022-10-04T06:29:13","slug":"11-09-69","status":"publish","type":"post","link":"https:\/\/www.reunion68.se\/?p=98772","title":{"rendered":"Jerzy Urban to nie dziadziu\u015b z YouTube&#8217;a. Pami\u0119tacie imi\u0119 ch\u0142opaka zat\u0142uczonego przez milicj\u0119?"},"content":{"rendered":"<p style=\"text-align: center;\"><img decoding=\"async\" class=\"aligncenter\" src=\"https:\/\/bi.im-g.pl\/im\/ae\/1f\/19\/z26342830NWB,03-09-2020-Konstancin---Jeziorna---Jerzy-Urban--.jpg\" width=\"100%\" \/><span style=\"color: #808080;\"><em>03.09.2020 Konstancin &#8211; Jeziorna . Jerzy Urban . (Fot. Mateusz Skwarczek \/ Agencja Wyborcza.pl)<\/em><\/span><\/p>\n<hr \/>\n<h5 style=\"text-align: center;\"><a href=\"https:\/\/wyborcza.pl\/\" target=\"_blank\" rel=\"noopener noreferrer\"><img decoding=\"async\" class=\"center alignleft\" src=\"http:\/\/www.reunion68.com\/Biuletyn\/img\/wyborcza-ale.png\" alt=\"\" width=\"35%\" \/><\/a><span style=\"text-decoration: underline; color: #000080;\"><strong><a style=\"color: #000080; text-decoration: underline;\" href=\"https:\/\/wyborcza.pl\/alehistoria\/7,162654,26330461,jerzy-urban-to-teraz-dziadzius-z-youtuba-a-pamietacie-imie.html\" target=\"_blank\" rel=\"noopener noreferrer\">Jerzy Urban to nie dziadziu\u015b z YouTube&#8217;a. Pami\u0119tacie imi\u0119 ch\u0142opaka zat\u0142uczonego przez milicj\u0119?<\/a><\/strong><\/span><\/h5>\n<p style=\"text-align: center;\"><span style=\"color: #000000;\"><strong>Pawe\u0142 Smole\u0144ski<\/strong><\/span><\/p>\n<hr style=\"height: 15px; background: #d0e6fa; width: 100%;\" \/>\n<p style=\"text-align: center;\"><span style=\"color: #808080;\"><strong>W mojej gazecie ukaza\u0142 si\u0119 wywiad z Jerzym Urbanem, dzi\u015b papu\u0107nym (dla niekt\u00f3rych) staruszkiem, w kt\u00f3rym dwukrotnie pojawia si\u0119 nazwisko Grzegorza Przemyka. Ale dlaczego si\u0119 pojawia &#8211; ani s\u0142owa, ani s\u0142owa te\u017c o roli Urbana.<\/strong><\/span><br \/>\nJerzy Urban zmar\u0142 3 pa\u017adziernika 2022 r.<\/p>\n<hr \/>\n<p class=\"text--paragraph\" style=\"text-align: left;\"><span style=\"text-decoration: underline;\"><strong><a id=\"LinkArea:embed_link\" class=\"text--link \" title=\"Ksi\u0105\u017cka Cezarego \u0141azarewicza \u201e\u017beby nie by\u0142o \u015blad\u00f3w'\" href=\"https:\/\/wyborcza.pl\/7,75517,22510983,lazarewicz-o-pracy-nad-zeby-nie-bylo-sladow-zdziwilo-mnie.html#S.embed_link-K.C-B.1-L.2.zw\" rel=\"dofollow\"><span style=\"color: #000080; text-decoration: underline;\">Ksi\u0105\u017cka Cezarego \u0141azarewicza \u201e\u017beby nie by\u0142o \u015blad\u00f3w&#8221;<\/span><\/a><\/strong><\/span><span style=\"color: #000080;\">\u00a0(s\u0142usznie nagrodzona nagrod\u0105 Nike) to historia warszawskiego licealisty zakatowanego na \u015bmier\u0107 po maturach 1983 r. przez bezm\u00f3zgich troglodyt\u00f3w z milicji. Ale te\u017c, co dzi\u015b wa\u017cniejsze, wybitny reporta\u017c o tym, jak oprawcom w sukurs id\u0105 najwi\u0119ksze figury w pa\u0144stwie.<\/span><\/p>\n<p class=\"text--paragraph\" style=\"text-align: left;\"><span style=\"color: #000080;\">Reporta\u017c odtwarza przebieg zdarze\u0144 z aptekarsk\u0105 dok\u0142adno\u015bci\u0105 i nie s\u0142owa autora s\u0105 oskar\u017ceniem, lecz opisywane fakty. Dzi\u015b czytam t\u0119 ksi\u0105\u017ck\u0119 jako memento dla zbyt ochoczych policjant\u00f3w. Ale nie tylko.<\/span><\/p>\n<h4 class=\"text--title font-head-700\" style=\"text-align: left;\"><strong>Urban w spisku z mordercami<\/strong><\/h4>\n<p class=\"text--paragraph\" style=\"text-align: left;\"><span style=\"color: #000080;\">Jednym z bohater\u00f3w \u0141azarewicza jest Jerzy Urban, w\u00f3wczas rzecznik rz\u0105du, osobnik znacznie silniejszy od wielu genera\u0142\u00f3w z junty Jaruzelskiego, bo bystrzejszy i wi\u0119kszy nihilista od najwi\u0119kszych bezpieczniak\u00f3w. Ma pomys\u0142y, jak rozegra\u0107 kwesti\u0119 zab\u00f3jstwa, i list ze swoj\u0105 propozycj\u0105 wysy\u0142a do Jaruzelskiego. Przestrzega, by sprawy nie lekcewa\u017cy\u0107.<\/span><\/p>\n<p class=\"text--paragraph\" style=\"text-align: left;\"><span style=\"color: #000080;\">\u201eWed\u0142ug ministra Urbana \u2013 pisze reporter \u2013 istnieje niebezpiecze\u0144stwo, \u017ce ch\u0142opak stanie si\u0119 m\u0119czennikiem, na co pozwoli\u0107 nie mo\u017cna. Minister proponuje wi\u0119c przykry\u0107 spraw\u0119 zabicia maturzysty ta\u015bm\u0105 kompromituj\u0105c\u0105 Lecha Wa\u0142\u0119s\u0119&#8221;. A chodzi o spotkanie braci Wa\u0142\u0119s\u00f3w w Ar\u0142amowie, gdzie zosta\u0142 internowany przewodnicz\u0105cy \u201eSolidarno\u015bci&#8221;.<\/span><\/p>\n<p class=\"text--paragraph\" style=\"text-align: left;\"><span style=\"color: #000080;\">Stanis\u0142aw Wa\u0142\u0119sa rozmawia\u0142 tam z Lechem o pieni\u0105dzach i bardzo przy tym przeklinali. Ta\u015bma og\u0142oszona w telewizji \u2013 ma nadziej\u0119 Urban \u2013 \u201ewywo\u0142a taki skandal, \u017ce odwr\u00f3ci uwag\u0119 od \u015bmierci&#8221;. Rzecznik twierdzi te\u017c, \u017ce ma kompromituj\u0105ce informacje o ch\u0142opcu, ale na razie nie b\u0119dzie ich u\u017cywa\u0142, bo atak na niego \u201eby\u0142by teraz fatalnie przyj\u0119ty i zaogni\u0142by spraw\u0119. Na to dzia\u0142anie przyjdzie czas p\u00f3\u017aniej, przy okazji wyciek\u00f3w ze \u015bledztwa&#8221; \u2013 pisze Urban i proponuje na razie sia\u0107 zw\u0105tpienie: \u201ePrzedstawi\u0107 opinii spo\u0142ecznej jak najwi\u0119cej znak\u00f3w zapytania. Kto pobi\u0142? Gdzie pobito? Dlaczego lekarz odes\u0142a\u0142 go do domu? Czy m\u00f3g\u0142by \u017cy\u0107 tak d\u0142ugo po pobiciu przez MO, gdyby mia\u0142 wszystko zmia\u017cd\u017cone, jak twierdz\u0105 lekarze? G\u0142\u00f3wnie powinno chodzi\u0107 o to, \u017ceby opinia spo\u0142eczna zacz\u0119\u0142a dyskutowa\u0107, w\u0105tpi\u0107, dostrzega\u0107 z\u0142o\u017cono\u015b\u0107 wydarzenia&#8221;.<\/span><\/p>\n<blockquote class=\"text--quote font-quotation-500\"><p><strong>S\u0142owem, Urban zach\u0119ca do mataczenia i sam kombinuje, jak zdj\u0105\u0107 z w\u0142adzy odpowiedzialno\u015b\u0107. Czyli jest w spisku z mordercami, pope\u0142nia przest\u0119pstwo.<\/strong><\/p><\/blockquote>\n<p class=\"text--paragraph\" style=\"text-align: left;\"><span style=\"color: #000080;\">Sam przyznaje mimochodem, \u017ce boi si\u0119 swych mocodawc\u00f3w, dziewczyna licealisty nosi bowiem takie nazwisko jak on. \u201eMarzena Urban nie jest moj\u0105 krewn\u0105&#8221; \u2013 zapewnia szefa MSW gen. Czes\u0142awa Kiszczaka.<\/span><\/p>\n<p class=\"text--paragraph\" style=\"text-align: left;\"><span style=\"color: #000080;\">O sprawie bestialskiego morderstwa m\u00f3wi \u015bwiat, wi\u0119c Urban dalej brnie w mataczenie. Na ka\u017cdy dzie\u0144 procesu niewinnych ludzi wytypowanych na zab\u00f3jc\u00f3w zagraniczni dziennikarze b\u0119d\u0105 dostawa\u0107 wej\u015bci\u00f3wki, by mo\u017cna by\u0142o sterowa\u0107 medialnym przekazem z s\u0105du.<\/span><\/p>\n<p><span style=\"color: #000080;\">\u201eStosowa\u0107 zasad\u0119: fragmenty procesu, kt\u00f3re chcemy, aby Zach\u00f3d s\u0142ysza\u0142, s\u0105 dost\u0119pne dla trzech, czterech dziennikarzy zachodnich. Fragmenty procesu, kt\u00f3rym nie chcemy nadawa\u0107 rozg\u0142osu, obsadzone s\u0105 przez specyficznie dobranych dziennikarzy (np. Chi\u0144czyk, Hindus) albo w og\u00f3le nie b\u0119dzie na nie zaprosze\u0144&#8221; \u2013 zaleca Urban.<\/span><\/p>\n<h4 style=\"text-align: left;\"><strong>Grzegorz Przemyk, nie tylko Przemyk<\/strong><\/h4>\n<p class=\"text--paragraph\" style=\"text-align: left;\"><span style=\"color: #000080;\"><span style=\"text-decoration: underline;\"><strong><a id=\"LinkArea:embed_link\" class=\"text--link \" style=\"color: #000080; text-decoration: underline;\" title=\"I oto ukazuje si\u0119 w mojej gazecie wywiad z Urbanem\" href=\"https:\/\/wyborcza.pl\/magazyn\/7,124059,26267928,jerzy-urban-jestem-jak-edith-piaf-minus-glos-niczego-nie.html#S.embed_link-K.C-B.1-L.3.zw\" rel=\"dofollow\">I oto ukazuje si\u0119 w mojej gazecie wywiad z Urbanem<\/a>,<\/strong><\/span> dzi\u015b papu\u0107nym (dla niekt\u00f3rych) staruszkiem, w kt\u00f3rym dwukrotnie pojawia si\u0119 nazwisko zakatowanego licealisty. Ale dlaczego si\u0119 pojawia \u2013 ani s\u0142owa, ani s\u0142owa te\u017c o roli Urbana.<\/span><\/p>\n<p class=\"text--paragraph\" style=\"text-align: left;\"><span style=\"color: #000080;\">Kto\u015b zaprotestowa\u0142, kilka g\u0142os\u00f3w uzna\u0142o wywiad za przedni, cho\u0107 nie by\u0142o w nim \u017cadnej \u015bwie\u017cej opinii. Nawet mantra Urbana \u2013 \u201eniczego nie \u017ca\u0142uj\u0119&#8221; \u2013 jest stara jak sam Urban. Ale c\u00f3\u017c \u2013 podobno by\u0142a to rozmowa dla m\u0142odych, a ci poza filmikami dziadziusia na YouTubie (byle panna od mody ma wi\u0119ksz\u0105 popularno\u015b\u0107) niewiele o nim wiedz\u0105.<\/span><\/p>\n<p class=\"text--paragraph\" style=\"text-align: left;\"><span style=\"color: #000080;\">Tu nie idzie o masturbacyjne nurzanie si\u0119 Urbana w sformu\u0142owaniu \u201eGoebbels stanu wojennego&#8221;. Ani o ekspiacj\u0119, kt\u00f3rej nie doczekamy. Nie idzie nawet o jego win\u0119, gdy\u017c sprawa morderstwa przedawni\u0142a si\u0119 w 2005 r.<\/span><\/p>\n<blockquote class=\"text--quote font-quotation-500\"><p><strong>O nic nie idzie, tylko o zat\u0142uczonego przez milicj\u0119 ch\u0142opca, o pami\u0119\u0107 o nim i o bardzo konkretn\u0105 zbrodni\u0119. Co Urban kry\u0142 i przeinacza\u0142, ale o tym ju\u017c si\u0119 nie dowiedzieli\u015bcie.<\/strong><\/p><\/blockquote>\n<p class=\"text--paragraph\" style=\"text-align: left;\"><span style=\"color: #000080;\">Ten ch\u0142opiec nazywa\u0142 si\u0119 Grzegorz Przemyk. Nie tylko Przemyk, jak napisa\u0142 autor, a redaktor i wydawca opublikowali. Grzegorz, Grze\u015b \u2013 tak mia\u0142 na imi\u0119. Nie \u017cyje, nie mo\u017ce sam si\u0119 przedstawi\u0107. Wyst\u0119puje za\u015b pod w\u0142asnym imieniem nawet w aktach bezpieki. Przeczytajcie.<\/span><\/p>\n<div id=\"banC3\">\n<hr \/>\n<p><span style=\"color: #808080;\"><i>Artyku\u0142 opublikowany 26 wrze\u015bnia 2020 r<\/i><\/span><\/div>\n<div id=\"adUnit-087-ADBOARD-C\" class=\"adviewDFPBanner DFP-087-ADBOARD-C activeBan\" data-google-query-id=\"CJnb4NT4xfoCFbRUwgodw-ECpQ\"><\/div>\n<hr style=\"height: 15px; background: #d0e6fa; width: 100%;\" \/>\n<div id=\"content\" class=\"content-alignment\">\n<div id=\"watch-description\" class=\"yt-uix-button-panel\">\n<div id=\"watch-description-text\" style=\"text-align: center;\">\n<p><em>Zawarto\u015b\u0107 publikowanych artyku\u0142\u00f3w i materia\u0142\u00f3w nie reprezentuje pogl\u0105d\u00f3w ani opinii Reunion&#8217;68,<\/em><em><br \/>\nani te\u017c webmastera Blogu Reunion&#8217;68, chyba ze jest to wyra\u017anie zaznaczone.<br \/>\nTwoje uwagi, linki, w\u0142asne artyku\u0142y lub wiadomo\u015bci prze\u015blij na adres:<br \/>\n<\/em><span style=\"color: #000080;\"><strong><em><a style=\"color: #000080;\" href=\"mailto:webmaster@reunion68.com\"><span style=\"text-decoration: underline;\">webmaster@reunion68.com<\/span><\/a><\/em><\/strong><\/span><\/p>\n<\/div>\n<\/div>\n<\/div>\n<hr style=\"width: 100%;\" \/>\n","protected":false},"excerpt":{"rendered":"<p>03.09.2020 Konstancin &#8211; Jeziorna . Jerzy Urban . (Fot. Mateusz Skwarczek \/ Agencja Wyborcza.pl) Jerzy Urban to nie dziadziu\u015b z YouTube&#8217;a. Pami\u0119tacie imi\u0119 ch\u0142opaka zat\u0142uczonego przez milicj\u0119? Pawe\u0142 Smole\u0144ski W mojej gazecie ukaza\u0142 si\u0119 wywiad z Jerzym Urbanem, dzi\u015b papu\u0107nym (dla niekt\u00f3rych) staruszkiem, w kt\u00f3rym dwukrotnie pojawia si\u0119 nazwisko Grzegorza Przemyka. Ale dlaczego si\u0119 pojawia [&hellip;]<\/p>\n","protected":false},"author":1,"featured_media":0,"comment_status":"closed","ping_status":"closed","sticky":false,"template":"","format":"standard","meta":[],"categories":[6],"tags":[26,24],"_links":{"self":[{"href":"https:\/\/www.reunion68.se\/index.php?rest_route=\/wp\/v2\/posts\/98772"}],"collection":[{"href":"https:\/\/www.reunion68.se\/index.php?rest_route=\/wp\/v2\/posts"}],"about":[{"href":"https:\/\/www.reunion68.se\/index.php?rest_route=\/wp\/v2\/types\/post"}],"author":[{"embeddable":true,"href":"https:\/\/www.reunion68.se\/index.php?rest_route=\/wp\/v2\/users\/1"}],"replies":[{"embeddable":true,"href":"https:\/\/www.reunion68.se\/index.php?rest_route=%2Fwp%2Fv2%2Fcomments&post=98772"}],"version-history":[{"count":4,"href":"https:\/\/www.reunion68.se\/index.php?rest_route=\/wp\/v2\/posts\/98772\/revisions"}],"predecessor-version":[{"id":98795,"href":"https:\/\/www.reunion68.se\/index.php?rest_route=\/wp\/v2\/posts\/98772\/revisions\/98795"}],"wp:attachment":[{"href":"https:\/\/www.reunion68.se\/index.php?rest_route=%2Fwp%2Fv2%2Fmedia&parent=98772"}],"wp:term":[{"taxonomy":"category","embeddable":true,"href":"https:\/\/www.reunion68.se\/index.php?rest_route=%2Fwp%2Fv2%2Fcategories&post=98772"},{"taxonomy":"post_tag","embeddable":true,"href":"https:\/\/www.reunion68.se\/index.php?rest_route=%2Fwp%2Fv2%2Ftags&post=98772"}],"curies":[{"name":"wp","href":"https:\/\/api.w.org\/{rel}","templated":true}]}}