{"id":98825,"date":"2022-10-16T17:00:51","date_gmt":"2022-10-16T15:00:51","guid":{"rendered":"http:\/\/www.reunion68.se\/?p=98825"},"modified":"2022-10-08T16:44:51","modified_gmt":"2022-10-08T14:44:51","slug":"14-00-77","status":"publish","type":"post","link":"https:\/\/www.reunion68.se\/?p=98825","title":{"rendered":"Iran&#8217;s supreme leader accuses US, Israel of being behind the nationwide protests"},"content":{"rendered":"<h5 style=\"text-align: center;\"><a href=\"https:\/\/youtu.be\/\" target=\"_blank\" rel=\"noopener noreferrer\"><img decoding=\"async\" class=\"center alignleft\" src=\"http:\/\/www.reunion68.com\/Biuletyn\/img\/youtube.png\" alt=\"\" width=\"35%\"><\/a><span style=\"text-decoration: underline; color: #000080;\"><span style=\"text-decoration: underline;\"><strong><a style=\"color: #000080; text-decoration: underline;\" href=\"https:\/\/youtu.be\/-j4uvicOzIw\" target=\"_blank\" rel=\"noopener noreferrer\">Iran&#8217;s supreme leader accuses US, Israel of being behind the nationwide protests<\/a><\/strong><\/span><\/span><\/h5>\n<p style=\"text-align: center;\"><span style=\"color: #000000;\"><strong>DW News<\/strong><\/span><\/p>\n<hr style=\"height: 15px; background: #d0e6fa; width: 100%;\">\n<div id=\"content\" class=\"content-alignment\">\n<div id=\"watch-description\" class=\"yt-uix-button-panel\">\n<div id=\"watch-description-text\" style=\"text-align: center;\">\n<p><iframe loading=\"lazy\" title=\"Iran's supreme leader accuses US, Israel of being behind the nationwide protests | DW News\" src=\"https:\/\/www.youtube.com\/embed\/-j4uvicOzIw\" width=\"680\" height=\"400\" frameborder=\"0\" allowfullscreen=\"allowfullscreen\"><\/iframe><\/p>\n<p style=\"text-align: left;\">Iran&#8217;s ultraconservative Supreme Leader Ayatollah Ali Khamenei threw his full support behind the security forces on Monday, accusing the protesters of &#8220;rioting.&#8221; He also said that the US and Israel were behind the protests rather than &#8220;ordinary Iranians.&#8221; He claimed to be &#8220;heartbroken&#8221; over the death of 22-year-old Mahsa Amini \u2014 the incident that initially sparked the nationwide protests \u2014 while also condemning the &#8220;insecurity&#8221; in the streets. &#8220;This rioting was planned,&#8221; he told a cadre of police students in Tehran. &#8220;These riots and insecurities were designed by America and the Zionist regime, and their employees.&#8221;<\/p>\n<p style=\"text-align: left;\">Official warns of &#8216;destabilizing&#8217; protests<br \/>\nIran&#8217;s parliamentary speaker, Bagher Qalibaf, urged protesters not to allow the demonstrations to become &#8220;destabilizing&#8221; for the country and promised to &#8220;amend the structures&#8221; of the country&#8217;s morality police. Qalibaf is a former influential commander in Iran&#8217;s Revolutionary Guard. &#8220;The important point of the [past,] protests was that they were reform-seeking and not aimed at overthrowing&#8221; the system, Qalibaf said, referring to protests by teachers and retirees over pay. &#8220;I ask all who have any [reasons to] protest not to allow their protest to turn into destabilizing and toppling&#8221; of institutions. &#8220;Creating chaos in the streets will weaken social integrity, jeopardizing the economy while increasing pressure and sanctions by the enemy,&#8221; Qalibaf said, referring to sanctions imposed by Washington. The lawmaker promised that Tehran would &#8220;amend the structures and methods of the morality police&#8221; in response to the protests.<\/p>\n<\/div>\n<\/div>\n<\/div>\n<hr style=\"height: 15px; background: #d0e6fa; width: 100%;\">\n<div id=\"content\" class=\"content-alignment\">\n<div id=\"watch-description\" class=\"yt-uix-button-panel\">\n<div id=\"watch-description-text\" style=\"text-align: center;\">\n<p><em>Zawarto\u015b\u0107 publikowanych artyku\u0142\u00f3w i materia\u0142\u00f3w nie reprezentuje pogl\u0105d\u00f3w ani opinii Reunion&#8217;68,<\/em><em><br \/>\nani te\u017c webmastera Blogu Reunion&#8217;68, chyba ze jest to wyra\u017anie zaznaczone.<br \/>\nTwoje uwagi, linki, w\u0142asne artyku\u0142y lub wiadomo\u015bci prze\u015blij na adres:<br \/>\n<\/em><span style=\"color: #000080;\"><strong><em><a style=\"color: #000080;\" href=\"mailto:webmaster@reunion68.com\"><span style=\"text-decoration: underline;\">webmaster@reunion68.com<\/span><\/a><\/em><\/strong><\/span><\/p>\n<\/div>\n<\/div>\n<\/div>\n<hr style=\"width: 100%;\">\n","protected":false},"excerpt":{"rendered":"<p>Iran&#8217;s supreme leader accuses US, Israel of being behind the nationwide protests DW News Iran&#8217;s ultraconservative Supreme Leader Ayatollah Ali Khamenei threw his full support behind the security forces on Monday, accusing the protesters of &#8220;rioting.&#8221; He also said that the US and Israel were behind the protests rather than &#8220;ordinary Iranians.&#8221; He claimed to [&hellip;]<\/p>\n","protected":false},"author":1,"featured_media":0,"comment_status":"closed","ping_status":"closed","sticky":false,"template":"","format":"standard","meta":[],"categories":[6],"tags":[26,24],"_links":{"self":[{"href":"https:\/\/www.reunion68.se\/index.php?rest_route=\/wp\/v2\/posts\/98825"}],"collection":[{"href":"https:\/\/www.reunion68.se\/index.php?rest_route=\/wp\/v2\/posts"}],"about":[{"href":"https:\/\/www.reunion68.se\/index.php?rest_route=\/wp\/v2\/types\/post"}],"author":[{"embeddable":true,"href":"https:\/\/www.reunion68.se\/index.php?rest_route=\/wp\/v2\/users\/1"}],"replies":[{"embeddable":true,"href":"https:\/\/www.reunion68.se\/index.php?rest_route=%2Fwp%2Fv2%2Fcomments&post=98825"}],"version-history":[{"count":4,"href":"https:\/\/www.reunion68.se\/index.php?rest_route=\/wp\/v2\/posts\/98825\/revisions"}],"predecessor-version":[{"id":98948,"href":"https:\/\/www.reunion68.se\/index.php?rest_route=\/wp\/v2\/posts\/98825\/revisions\/98948"}],"wp:attachment":[{"href":"https:\/\/www.reunion68.se\/index.php?rest_route=%2Fwp%2Fv2%2Fmedia&parent=98825"}],"wp:term":[{"taxonomy":"category","embeddable":true,"href":"https:\/\/www.reunion68.se\/index.php?rest_route=%2Fwp%2Fv2%2Fcategories&post=98825"},{"taxonomy":"post_tag","embeddable":true,"href":"https:\/\/www.reunion68.se\/index.php?rest_route=%2Fwp%2Fv2%2Ftags&post=98825"}],"curies":[{"name":"wp","href":"https:\/\/api.w.org\/{rel}","templated":true}]}}