{"id":98854,"date":"2022-10-08T17:05:37","date_gmt":"2022-10-08T15:05:37","guid":{"rendered":"http:\/\/www.reunion68.se\/?p=98854"},"modified":"2022-10-08T15:15:17","modified_gmt":"2022-10-08T13:15:17","slug":"15-05-81","status":"publish","type":"post","link":"https:\/\/www.reunion68.se\/?p=98854","title":{"rendered":"Pokojowy Nobel nie dzieli wed\u0142ug paszport\u00f3w"},"content":{"rendered":"<h5 style=\"text-align: center;\"><a href=\"https:\/\/wiez.pl\/2\" target=\"_blank\" rel=\"noopener noreferrer\"><img decoding=\"async\" class=\"center alignleft\" src=\"https:\/\/wiez.pl\/wp-content\/uploads\/2022\/02\/wiez-ukraina.svg\" alt=\"\" width=\"35%\" \/><\/a><span style=\"text-decoration: underline; color: #000080;\"><span><strong><a style=\"color: #000080; text-decoration: underline;\" href=\"https:\/\/wiez.pl\/2022\/10\/07\/pokojowy-nobel-nie-dzieli-wedlug-paszportow\/\" target=\"_blank\" rel=\"noopener noreferrer\">Pokojowy Nobel nie dzieli wed\u0142ug paszport\u00f3w<\/a><\/strong><\/span><\/span><\/h5>\n<p style=\"text-align: center;\"><span style=\"color: #000000;\"><strong>Katarzyna Chimiak<\/strong><\/span><\/p>\n<hr style=\"height: 15px; background: #d0e6fa; width: 100%;\" \/>\n<p style=\"text-align: center;\"><img decoding=\"async\" class=\"aligncenter\" src=\"https:\/\/wiez.pl\/wp-content\/uploads\/2022\/10\/Ales-Bialacki-1-1408x1000.jpg\" width=\"100%\" \/><span style=\"color: #808080;\"><em>Ale\u015b Bialacki w polskim Senacie odbiera Nagrod\u0119 Rzecznika Praw Obywatelskich im. Paw\u0142a W\u0142odkowica. Warszawa, 10 grudnia 2014. Fot. Micha\u0142 J\u00f3zefaciuk \/ Kancelaria Senatu<\/em><\/span><\/p>\n<h4 style=\"text-align: center;\"><span style=\"color: #808080;\">Dobrze, \u017ce Norweski Komitet Noblowski zn\u00f3w zauwa\u017ca Europ\u0119 Wschodni\u0105.<\/span><\/h4>\n<p style=\"text-align: left;\"><span style=\"color: #000080;\">Przyznanie Pokojowej Nagrody Nobla naraz dw\u00f3m organizacjom i jednej osobie z Bia\u0142orusi, Ukrainy i Rosji \u2013 czyli Alesiowi Bialackiemu, Centrum Wolno\u015bci Obywatelskich i stowarzyszeniu Memoria\u0142 \u2013 mo\u017ce nie podoba\u0107 si\u0119 chyba tylko tym, kt\u00f3rzy patrz\u0105 na \u015bwiat na spos\u00f3b nacjonalistyczny \u2013 kt\u00f3rzy dziel\u0105 ludzi wed\u0142ug paszport\u00f3w i j\u0119zyka, zamiast ocenia\u0107 ka\u017cdego czy ka\u017cd\u0105 za to, co ta indywidualna osoba realnie sob\u0105 reprezentuje.<\/span><\/p>\n<p style=\"text-align: left;\"><span style=\"color: #000080;\">To nie jest nagroda dla kraju, a zatem nie dosta\u0142 jej \u201ekraj ofiara\u201d, \u201ekraj agresor\u201d ani \u201ekraj kolaborant\u201d. Dosta\u0142y j\u0105 konkretne organizacje i konkretni ludzie \u2013 za obron\u0119 uniwersalnych warto\u015bci i praw ka\u017cdej osoby ludzkiej.<\/span><\/p>\n<p style=\"text-align: left;\"><span style=\"color: #000080;\">Jest to tak\u017ce przypomnienie, \u017ce losy tych trzech kraj\u00f3w s\u0105 ze sob\u0105 powi\u0105zane \u2013 czy nam si\u0119 to podoba, czy nie. Mo\u017cna by\u0142o latami przymyka\u0107 oko na \u0142amanie praw cz\u0142owieka w Rosji, ale to w ko\u0144cu spowodowa\u0142o, \u017ce zuchwa\u0142o\u015b\u0107 rosyjskich w\u0142adz uros\u0142a do takich rozmiar\u00f3w, \u017ce poczu\u0142y si\u0119 totalnie bezkarne.<\/span><\/p>\n<p style=\"text-align: left;\"><span style=\"color: #000080;\">Memoria\u0142 zosta\u0142 w Rosji s\u0105downie zlikwidowany na pocz\u0105tku tego roku. Pomy\u015bla\u0142am wtedy, \u017ce to znak, \u017ce Putinowi pu\u015bci\u0142y ostatnie hamulce, bo chodzi przecie\u017c o organizacj\u0119 s\u0142awn\u0105 na ca\u0142ym \u015bwiecie. Potem niestety okaza\u0142o si\u0119, \u017ce moje odczucia by\u0142y trafne. Fakt, \u017ce likwidacja Memoria\u0142u i inwazja na Ukrain\u0119 nast\u0105pi\u0142y w kr\u00f3tkim odst\u0119pie, nie wydaje mi si\u0119 przypadkowy.<\/span><\/p>\n<p style=\"text-align: left;\"><span style=\"color: #000080;\">Zesz\u0142oroczny Nobel dla Dmitrij Muratowa i \u201eNowej Gaziety\u201d by\u0142 pierwszym od 1990 roku (Michai\u0142 Gorbaczow), jaki trafi\u0142 do Europy Wschodniej. Dobrze, \u017ce Norweski Komitet Noblowski zn\u00f3w zauwa\u017ca ten region.<\/span><\/p>\n<hr style=\"height: 15px; background: #d0e6fa; width: 100%;\" \/>\n<div id=\"content\" class=\"content-alignment\">\n<div id=\"watch-description\" class=\"yt-uix-button-panel\">\n<div id=\"watch-description-text\" style=\"text-align: center;\">\n<p><em>Zawarto\u015b\u0107 publikowanych artyku\u0142\u00f3w i materia\u0142\u00f3w nie reprezentuje pogl\u0105d\u00f3w ani opinii Reunion&#8217;68,<\/em><em><br \/>\nani te\u017c webmastera Blogu Reunion&#8217;68, chyba ze jest to wyra\u017anie zaznaczone.<br \/>\nTwoje uwagi, linki, w\u0142asne artyku\u0142y lub wiadomo\u015bci prze\u015blij na adres:<br \/>\n<\/em><span style=\"color: #000080;\"><strong><em><a style=\"color: #000080;\" href=\"mailto:webmaster@reunion68.com\"><span style=\"text-decoration: underline;\">webmaster@reunion68.com<\/span><\/a><\/em><\/strong><\/span><\/p>\n<\/div>\n<\/div>\n<\/div>\n<hr style=\"width: 100%;\" \/>\n","protected":false},"excerpt":{"rendered":"<p>Pokojowy Nobel nie dzieli wed\u0142ug paszport\u00f3w Katarzyna Chimiak Ale\u015b Bialacki w polskim Senacie odbiera Nagrod\u0119 Rzecznika Praw Obywatelskich im. Paw\u0142a W\u0142odkowica. Warszawa, 10 grudnia 2014. Fot. Micha\u0142 J\u00f3zefaciuk \/ Kancelaria Senatu Dobrze, \u017ce Norweski Komitet Noblowski zn\u00f3w zauwa\u017ca Europ\u0119 Wschodni\u0105. Przyznanie Pokojowej Nagrody Nobla naraz dw\u00f3m organizacjom i jednej osobie z Bia\u0142orusi, Ukrainy i Rosji [&hellip;]<\/p>\n","protected":false},"author":1,"featured_media":0,"comment_status":"closed","ping_status":"closed","sticky":false,"template":"","format":"standard","meta":[],"categories":[6],"tags":[26,24],"_links":{"self":[{"href":"https:\/\/www.reunion68.se\/index.php?rest_route=\/wp\/v2\/posts\/98854"}],"collection":[{"href":"https:\/\/www.reunion68.se\/index.php?rest_route=\/wp\/v2\/posts"}],"about":[{"href":"https:\/\/www.reunion68.se\/index.php?rest_route=\/wp\/v2\/types\/post"}],"author":[{"embeddable":true,"href":"https:\/\/www.reunion68.se\/index.php?rest_route=\/wp\/v2\/users\/1"}],"replies":[{"embeddable":true,"href":"https:\/\/www.reunion68.se\/index.php?rest_route=%2Fwp%2Fv2%2Fcomments&post=98854"}],"version-history":[{"count":7,"href":"https:\/\/www.reunion68.se\/index.php?rest_route=\/wp\/v2\/posts\/98854\/revisions"}],"predecessor-version":[{"id":98910,"href":"https:\/\/www.reunion68.se\/index.php?rest_route=\/wp\/v2\/posts\/98854\/revisions\/98910"}],"wp:attachment":[{"href":"https:\/\/www.reunion68.se\/index.php?rest_route=%2Fwp%2Fv2%2Fmedia&parent=98854"}],"wp:term":[{"taxonomy":"category","embeddable":true,"href":"https:\/\/www.reunion68.se\/index.php?rest_route=%2Fwp%2Fv2%2Fcategories&post=98854"},{"taxonomy":"post_tag","embeddable":true,"href":"https:\/\/www.reunion68.se\/index.php?rest_route=%2Fwp%2Fv2%2Ftags&post=98854"}],"curies":[{"name":"wp","href":"https:\/\/api.w.org\/{rel}","templated":true}]}}