{"id":98950,"date":"2022-10-22T17:09:31","date_gmt":"2022-10-22T15:09:31","guid":{"rendered":"http:\/\/www.reunion68.se\/?p=98950"},"modified":"2022-10-17T09:20:29","modified_gmt":"2022-10-17T07:20:29","slug":"18-09-69","status":"publish","type":"post","link":"https:\/\/www.reunion68.se\/?p=98950","title":{"rendered":"&#8220;Partner pokoju&#8221; Izraela morduje Izraelczyk\u00f3w"},"content":{"rendered":"<p style=\"text-align: center;\"><img decoding=\"async\" src=\"https:\/\/www.gatestoneinstitute.org\/pics\/4423.jpg\" width=\"100%\" \/><br \/>\n<span style=\"color: #808080;\"><em>Na czele Autonomii Palesty\u0144skiej i jej rz\u0105dz\u0105cej frakcji Fatah stoi jeden cz\u0142owiek: Mahmoud Abbas, kt\u00f3ry nie ma skrupu\u0142\u00f3w w sprawie mordowania i ranienia Izraelczyk\u00f3w przez jego zwolennik\u00f3w. Wr\u0119cz przeciwnie, zach\u0119ca do tego i hojnie za to p\u0142aci \u2013 pieni\u0119dzmi z Europy i Stan\u00f3w Zjednoczonych. Na zdj\u0119ciu: Abbas przemawia na Zgromadzeniu Og\u00f3lnym ONZ w Nowym Jorku 23 wrze\u015bnia 2022 r. (Zdj\u0119cie: Bryan R. Smith\/AFP via Getty Images)<\/em><\/span><\/p>\n<hr \/>\n<h5 style=\"text-align: center;\"><a href=\"https:\/\/pl.gatestoneinstitute.org\/\" target=\"_blank\" rel=\"noopener noreferrer\"><img decoding=\"async\" class=\"center alignleft\" src=\"https:\/\/pl.gatestoneinstitute.org\/images\/gatestone-logo-1000.gif\" alt=\"\" width=\"50%\" \/><\/a><span style=\"text-decoration: underline; color: #000080;\"><span><strong><a style=\"color: #000080; text-decoration: underline;\" href=\"https:\/\/pl.gatestoneinstitute.org\/18994\/partner-pokoju-izraela-morduje-izraelczykow\" target=\"_blank\" rel=\"noopener noreferrer\"><br \/>\n&#8220;Partner pokoju&#8221; Izraela morduje Izraelczyk\u00f3w<\/a><\/strong><\/span><\/span><\/h5>\n<p style=\"text-align: center;\"><span style=\"color: #000000;\"><strong> Khaled Abu Toameh T\u0142umaczenie: Ma\u0142gorzata Koraszewska<\/strong><\/span><\/p>\n<hr style=\"height: 15px; background: #d0e6fa; width: 100%;\" \/>\n<p style=\"text-align: left;\"><span style=\"color: #000080;\">W ci\u0105gu ostatnich kilku miesi\u0119cy wzros\u0142a liczba atak\u00f3w terrorystycznych na Izraelczyk\u00f3w dokonywanych przez bandyt\u00f3w nale\u017c\u0105cych do Autonomii Palesty\u0144skiej (AP) i jej rz\u0105dz\u0105cej frakcji Fatah, lub z ni\u0105 zwi\u0105zanych. Na czele tych dw\u00f3ch organ\u00f3w stoi ten sam cz\u0142owiek: Mahmoud Abbas, kt\u00f3ry nie ma \u017cadnych problem\u00f3w, \u017ce jego zwolennicy atakuj\u0105 i morduj\u0105 Izraelczyk\u00f3w. Wr\u0119cz przeciwnie, zach\u0119ca do tego i hojnie za to p\u0142aci \u2013 pieni\u0119dzmi z\u00a0<a style=\"color: #000080;\" href=\"https:\/\/www.timesofisrael.com\/study-accuses-eu-of-failing-push-to-pa-on-terror-stipends-incitement\/\" target=\"_blank\" rel=\"noopener noreferrer\">Europy<\/a>\u00a0i\u00a0<a style=\"color: #000080;\" href=\"https:\/\/www.bbc.com\/news\/world-middle-east-56665199\" target=\"_blank\" rel=\"noopener noreferrer\">Stan\u00f3w Zjednoczonych<\/a>.<\/span><\/p>\n<p style=\"text-align: left;\"><span style=\"color: #000080;\">Autonomia Palesty\u0144ska, kt\u00f3ra zosta\u0142a ustanowiona w 1993 roku po podpisaniu Porozumie\u0144 z Oslo mi\u0119dzy Izraelem a Organizacj\u0105 Wyzwolenia Palestyny (OWP), jest od tego czasu\u00a0<a style=\"color: #000080;\" href=\"https:\/\/www.peres-center.org\/en\/the-organization\/peres-blog\/joint-problem-solving-3\/\" target=\"_blank\" rel=\"noopener noreferrer\">okre\u015blana<\/a>\u00a0przez niekt\u00f3rych Izraelczyk\u00f3w i ludzi Zachodu jako palesty\u0144ski partner pokojowy Izraela. Autonomia Palesty\u0144ska jest w du\u017cej mierze zdominowana przez cz\u0142onk\u00f3w i aktywist\u00f3w nale\u017c\u0105cych do Fatah, tak zwanego Palesty\u0144skiego Ruchu Wyzwolenia Narodowego, kt\u00f3ry zosta\u0142 za\u0142o\u017cony w 1959 roku i jest odpowiedzialny za niezwykle d\u0142ug\u0105 list\u0119 atak\u00f3w terrorystycznych na Izrael. Mimo tego, Fatah jest r\u00f3wnie\u017c cz\u0119sto i zdumiewaj\u0105co okre\u015blany przez niekt\u00f3rych Izraelczyk\u00f3w i ludzi Zachodu jako &#8220;umiarkowana&#8221; frakcja palesty\u0144ska, w przeciwie\u0144stwie do wspieranych przez Iran palesty\u0144skich grup islamistycznych, Hamasu i Islamskiego D\u017cihadu.<\/span><\/p>\n<p style=\"text-align: left;\"><span style=\"color: #000080;\">Fatah jednak przez lata udowodni\u0142, \u017ce jego dzia\u0142ania i retoryka w rzeczywisto\u015bci\u00a0<a style=\"color: #000080;\" href=\"https:\/\/palwatch.org\/page\/31984\" target=\"_blank\" rel=\"noopener noreferrer\">nie r\u00f3\u017cni\u0105 si\u0119 od<\/a>\u00a0dzia\u0142a\u0144\u00a0<a style=\"color: #000080;\" href=\"https:\/\/www.aljazeera.net\/encyclopedia\/events\/2017\/5\/2\/%D9%85%D9%8A%D8%AB%D8%A7%D9%82-%D8%AD%D8%B1%D9%83%D8%A9-%D8%A7%D9%84%D9%85%D9%82%D8%A7%D9%88%D9%85%D8%A9-%D8%A7%D9%84%D8%A5%D8%B3%D9%84%D8%A7%D9%85%D9%8A%D8%A9-%D8%AD%D9%85%D8%A7%D8%B3-1988\" target=\"_blank\" rel=\"noopener noreferrer\">Hamasu<\/a>\u00a0i\u00a0<a style=\"color: #000080;\" href=\"https:\/\/info.wafa.ps\/ar_page.aspx?id=3553\" target=\"_blank\" rel=\"noopener noreferrer\">Islamskiego D\u017cihadu<\/a>, grup terrorystycznych, kt\u00f3re otwarcie wzywaj\u0105 do eliminacji Izraela. (Patrz:\u00a0<a style=\"color: #000080;\" href=\"https:\/\/www.aljazeera.net\/encyclopedia\/events\/2017\/5\/2\/%D9%85%D9%8A%D8%AB%D8%A7%D9%82-%D8%AD%D8%B1%D9%83%D8%A9-%D8%A7%D9%84%D9%85%D9%82%D8%A7%D9%88%D9%85%D8%A9-%D8%A7%D9%84%D8%A5%D8%B3%D9%84%D8%A7%D9%85%D9%8A%D8%A9-%D8%AD%D9%85%D8%A7%D8%B3-1988\" target=\"_blank\" rel=\"noopener noreferrer\">Karta<\/a>\u00a0Hamasu ;\u00a0<a style=\"color: #000080;\" href=\"https:\/\/info.wafa.ps\/ar_page.aspx?id=3553\" target=\"_blank\" rel=\"noopener noreferrer\">zasady i cele<\/a>\u00a0Islamskiego D\u017cihadu.)<\/span><\/p>\n<p style=\"text-align: left;\"><span style=\"color: #000080;\">W 1993 r. Jaser Arafat, \u00f3wczesny przyw\u00f3dca Fatahu i OWP,\u00a0<a style=\"color: #000080;\" href=\"https:\/\/www.gov.il\/en\/Departments\/General\/israel-plo-recognition-exchange-of-letters-between-pm-rabin-and-chairman-arafat-sept-9-1993\" target=\"_blank\" rel=\"noopener noreferrer\">zobowi\u0105za\u0142<\/a>\u00a0si\u0119 do &#8220;pokojowego rozwi\u0105zania konfliktu&#8221; z Izraelem i twierdzi\u0142, \u017ce OWP &#8220;wyrzeka si\u0119 stosowania terroryzmu i innych akt\u00f3w przemocy&#8221;. Jednak jego lojali\u015bci nadal mordowali Izraelczyk\u00f3w nawet po z\u0142o\u017ceniu tych zobowi\u0105za\u0144, podpisaniu porozumie\u0144 z Oslo i rzekomo rozpocz\u0119ciu izraelsko-palesty\u0144skiego &#8220;procesu pokojowego&#8221;.<\/span><\/p>\n<p style=\"text-align: left;\"><span style=\"color: #000080;\">Terroryzm Fatahu osi\u0105gn\u0105\u0142 sw\u00f3j szczyt w 2000 roku, na pocz\u0105tku drugiej intifady, kt\u00f3ra wybuch\u0142a ogromn\u0105 fal\u0105 samob\u00f3jczych zamach\u00f3w bombowych, strzelanin i innych form przemocy. Nast\u0119pnie zbrojne skrzyd\u0142o Fatahu, Brygady M\u0119czennik\u00f3w Al-Aksa, rozpocz\u0119\u0142o dzia\u0142alno\u015b\u0107 na Zachodnim Brzegu i w Strefie Gazy jako prywatna milicja terrorystyczna, powi\u0105zana z przyw\u00f3dztwem AP i Fatahu.<\/span><\/p>\n<p style=\"text-align: left;\"><span style=\"color: #000080;\">Od pocz\u0105tku tego roku Fatah ponownie nasili\u0142 ataki terrorystyczne na Izrael. Brygady M\u0119czennik\u00f3w Al-Aksa i inne grupy zbrojne nale\u017c\u0105ce do Fatahu przechwalaj\u0105 si\u0119 nawet tymi atakami i gro\u017c\u0105 kontynuowaniem walki z Izraelem. To wszystko dzieje si\u0119, podczas gdy Mahmoud Abbas i jego wy\u017csi urz\u0119dnicy nadal pod\u017cegaj\u0105 spo\u0142ecze\u0144stwo przeciwko Izraelowi i gloryfikuj\u0105 osoby zaanga\u017cowane w terroryzm.<\/span><\/p>\n<p style=\"text-align: left;\"><span style=\"color: #000080;\">W marcu Dia Hamarsheh,\u00a0<a style=\"color: #000080;\" href=\"https:\/\/www.aljazeera.net\/news\/politics\/2022\/3\/30\/%D8%B6%D9%8A%D8%A7%D8%A1-%D8%AD%D9%85%D8%A7%D8%B1%D8%B4%D8%A9-%D8%A7%D9%84%D9%81%D8%AF%D8%A7%D8%A6%D9%8A-%D8%A7%D9%84%D8%B5%D8%A7%D9%85%D8%AA\" target=\"_blank\" rel=\"noopener noreferrer\">cz\u0142onek<\/a>\u00a0Brygad M\u0119czennik\u00f3w Al-Aksa, zamordowa\u0142 pi\u0119ciu izraelskich cywil\u00f3w w izraelskim mie\u015bcie Bnei Brak. W nast\u0119pnym tygodniu Ra&#8217;ad Hazem, inny\u00a0<a style=\"color: #000080;\" href=\"https:\/\/shehabnews.com\/post\/98990\/%D8%A7%D9%84%D8%B4%D9%87%D9%8A%D8%AF-%D8%B1%D8%B9%D8%AF-%D8%AD%D8%A7%D8%B2%D9%85-%D9%85%D8%AE%D8%AA%D8%B5-%D8%A7%D9%84%D9%83%D9%85%D8%A8%D9%8A%D9%88%D8%AA%D8%B1-%D8%A7%D9%84%D8%B0%D9%8A-%D8%A3%D8%B1%D8%B9%D8%A8-%D8%AA%D9%84-%D8%A3%D8%A8%D9%8A%D8%A8-%D9%88%D9%85%D9%86%D8%B9-%D8%A7%D9%84%D8%AA%D8%AC%D9%88%D9%84-%D9%81%D9%8A%D9%87%D8%A7\" target=\"_blank\" rel=\"noopener noreferrer\">cz\u0142onek<\/a>\u00a0grupy zwi\u0105zanej z Fatahem, zamordowa\u0142 trzech izraelskich cywil\u00f3w w Tel Awiwie.<\/span><\/p>\n<p style=\"text-align: left;\"><span style=\"color: #000080;\">Od tego czasu Brygady M\u0119czennik\u00f3w Al-Aksa i inna powi\u0105zana z Fatahem grupa zwana Jaskinia Lwa przeprowadzi\u0142y kilka atak\u00f3w terrorystycznych na izraelskich \u017co\u0142nierzy i \u017cydowskich osadnik\u00f3w na Zachodnim Brzegu. Te grupy s\u0105 tak dumne ze swojego terroryzmu, \u017ce zacz\u0119\u0142y\u00a0<a style=\"color: #000080;\" href=\"https:\/\/twitter.com\/NewpressPs\/status\/1569585138958303234?s=20&amp;t=4jRLNFHTmh2l6F5_9zCI7g\" target=\"_blank\" rel=\"noopener noreferrer\">filmowa\u0107<\/a>\u00a0swoich bandyt\u00f3w przygotowuj\u0105cych i przeprowadzaj\u0105cych ataki. Ponadto wzywaj\u0105 Palesty\u0144czyk\u00f3w do eskalacji walki z Izraelem, jednocze\u015bnie entuzjastycznie i gor\u0105co popieraj\u0105c terroryst\u00f3w.<\/span><\/p>\n<p style=\"text-align: left;\"><span style=\"color: #000080;\">Na przyk\u0142ad 23 wrze\u015bnia Brygady M\u0119czennik\u00f3w Al-Aksa opublikowa\u0142y\u00a0<a style=\"color: #000080;\" href=\"https:\/\/twitter.com\/M86950933\/status\/1573133674677407745?s=20&amp;t=4jRLNFHTmh2l6F5_9zCI7g\" target=\"_blank\" rel=\"noopener noreferrer\">plakat<\/a>\u00a0&#8220;op\u0142akuj\u0105cy m\u0119cze\u0144stwo Muhammada Abu D\u017cuma&#8217;y, kt\u00f3ry przeprowadzi\u0142 atak no\u017cem, w kt\u00f3rym rannych zosta\u0142o dw\u00f3ch Izraelczyk\u00f3w. D\u017cuma&#8217;\u0119 zastrzeli\u0142 policjant. Plakat wychwala\u0142 napastnika jako &#8220;bohatera&#8221;.<\/span><\/p>\n<p style=\"text-align: left;\"><span style=\"color: #000080;\">Na pocz\u0105tku tego miesi\u0105ca Brygady M\u0119czennik\u00f3w Al-Aksa\u00a0<a style=\"color: #000080;\" href=\"https:\/\/twitter.com\/NewpressPs\/status\/1569930981997412352?s=20&amp;t=4jRLNFHTmh2l6F5_9zCI7g\" target=\"_blank\" rel=\"noopener noreferrer\">op\u0142akiwa\u0142y<\/a>\u00a0&#8220;m\u0119czennik\u00f3w&#8221; Ahmeda Ajmana Abeda i Abd al-Rahmana Abeda, kt\u00f3rzy przeprowadzili atak broni\u0105 paln\u0105, w kt\u00f3rym zgin\u0105\u0142 oficer armii izraelskiej w pobli\u017cu miasta D\u017canin na Zachodnim Brzegu [Judei i Samarii. MK]. Grupa\u00a0<a style=\"color: #000080;\" href=\"https:\/\/twitter.com\/NewpressPs\/status\/1569930981997412352?s=20&amp;t=4jRLNFHTmh2l6F5_9zCI7g\" target=\"_blank\" rel=\"noopener noreferrer\">oznajmi\u0142a<\/a>, \u017ce jest dumna z dw\u00f3ch bandyt\u00f3w, poniewa\u017c przeprowadzili &#8220;jako\u015bciowy&#8221; atak. Nawiasem m\u00f3wi\u0105c, Ahmed Ajman Abed s\u0142u\u017cy\u0142 jako funkcjonariusz w Palesty\u0144skich Si\u0142ach Wywiadu Wojskowego, agencji bezpiecze\u0144stwa zdominowanej przez cz\u0142onk\u00f3w Fatah.<\/span><\/p>\n<p style=\"text-align: left;\"><span style=\"color: #000080;\">Rosn\u0105ce zaanga\u017cowanie cz\u0142onk\u00f3w Fatahu i Autonomii Palesty\u0144skiej w terroryzm jest jednym z bezpo\u015brednich rezultat\u00f3w skrajnego pod\u017cegania kierownictwa palesty\u0144skiego do nienawi\u015bci wobec Izraela. Abbas i jego wsp\u00f3\u0142pracownicy nadal wysuwaj\u0105 najgorsze oskar\u017cenia i oszczerstwa przeciwko Izraelowi. To ten rodzaj retoryki, jak r\u00f3wnie\u017c hojne p\u0142atno\u015bci, zach\u0119caj\u0105 Palesty\u0144czyk\u00f3w do przeprowadzania atak\u00f3w na Izraelczyk\u00f3w. Fakt, \u017ce Abbas i jego \u015bwita nawet nie zadaj\u0105 sobie trudu, by powstrzyma\u0107 lub pot\u0119pi\u0107 terroryst\u00f3w, jest najwyra\u017aniej postrzegany przez wielu Palesty\u0144czyk\u00f3w jako zielone \u015bwiat\u0142o dla kontynuowania atak\u00f3w.<\/span><\/p>\n<p style=\"text-align: left;\"><span style=\"color: #000080;\">Spo\u0142eczno\u015b\u0107 mi\u0119dzynarodowa ze swej strony jest tak zaj\u0119ta n\u0119kaniem Izraela, \u017ce nikt nie pot\u0119pia tych domniemanych palesty\u0144skich &#8220;partner\u00f3w pokojowych&#8221; za ich rol\u0119 w terroryzmie. To milczenie zach\u0119ca r\u00f3wnie\u017c tych palesty\u0144skich &#8220;partner\u00f3w pokojowych&#8221; do kontynuowania atak\u00f3w.<\/span><\/p>\n<p style=\"text-align: left;\"><span style=\"color: #000080;\">To dlatego powi\u0105zana z Fatahem grupa Jaskinia Lwa poczu\u0142a si\u0119 wystarczaj\u0105co pewnie, by\u00a0<a style=\"color: #000080;\" href=\"https:\/\/twitter.com\/lyalraq13900368\/status\/1573081006634160129?s=20&amp;t=4jRLNFHTmh2l6F5_9zCI7g\" target=\"_blank\" rel=\"noopener noreferrer\">opublikowa\u0107<\/a>\u00a0now\u0105 gro\u017ab\u0119: &#8220;O \u017bydzi, rozpocz\u0119\u0142o si\u0119 odliczanie do waszej \u015bmierci; d\u017agania no\u017cami, taranowanie samochodami, starcia&#8221;.<\/span><\/p>\n<p style=\"text-align: left;\"><span style=\"color: #000080;\">To jest &#8220;partner pokojowy&#8221;, kt\u00f3ry zdaniem administracji Bidena pomo\u017ce w ustanowieniu pa\u0144stwa palesty\u0144skiego obok Izraela. Z takim partnerem \u0142atwo sobie wyobrazi\u0107, jak b\u0119dzie wygl\u0105da\u0107 sytuacja na Bliskim Wschodzie \u2013 wi\u0119cej przemocy, terroryzmu i rozlewu krwi. Izraelscy &#8220;partnerzy pokojowi&#8221; robi\u0105 wszystko, co w ich mocy, aby potwierdzi\u0107 obawy Izraelczyk\u00f3w dotycz\u0105ce obecno\u015bci pa\u0144stwa palesty\u0144skiego zaledwie kilka kilometr\u00f3w od ich dom\u00f3w.<\/span><\/p>\n<hr style=\"height: 15px; background: #d0e6fa; width: 100%;\" \/>\n<div id=\"content\" class=\"content-alignment\">\n<div id=\"watch-description\" class=\"yt-uix-button-panel\">\n<div id=\"watch-description-text\" style=\"text-align: center;\">\n<p><em>Zawarto\u015b\u0107 publikowanych artyku\u0142\u00f3w i materia\u0142\u00f3w nie reprezentuje pogl\u0105d\u00f3w ani opinii Reunion&#8217;68,<\/em><em><br \/>\nani te\u017c webmastera Blogu Reunion&#8217;68, chyba ze jest to wyra\u017anie zaznaczone.<br \/>\nTwoje uwagi, linki, w\u0142asne artyku\u0142y lub wiadomo\u015bci prze\u015blij na adres:<br \/>\n<\/em><span style=\"color: #000080;\"><strong><em><a style=\"color: #000080;\" href=\"mailto:webmaster@reunion68.com\"><span style=\"text-decoration: underline;\">webmaster@reunion68.com<\/span><\/a><\/em><\/strong><\/span><\/p>\n<\/div>\n<\/div>\n<\/div>\n<hr style=\"width: 100%;\" \/>\n","protected":false},"excerpt":{"rendered":"<p>Na czele Autonomii Palesty\u0144skiej i jej rz\u0105dz\u0105cej frakcji Fatah stoi jeden cz\u0142owiek: Mahmoud Abbas, kt\u00f3ry nie ma skrupu\u0142\u00f3w w sprawie mordowania i ranienia Izraelczyk\u00f3w przez jego zwolennik\u00f3w. Wr\u0119cz przeciwnie, zach\u0119ca do tego i hojnie za to p\u0142aci \u2013 pieni\u0119dzmi z Europy i Stan\u00f3w Zjednoczonych. Na zdj\u0119ciu: Abbas przemawia na Zgromadzeniu Og\u00f3lnym ONZ w Nowym Jorku [&hellip;]<\/p>\n","protected":false},"author":1,"featured_media":0,"comment_status":"closed","ping_status":"closed","sticky":false,"template":"","format":"standard","meta":[],"categories":[6],"tags":[26,24],"_links":{"self":[{"href":"https:\/\/www.reunion68.se\/index.php?rest_route=\/wp\/v2\/posts\/98950"}],"collection":[{"href":"https:\/\/www.reunion68.se\/index.php?rest_route=\/wp\/v2\/posts"}],"about":[{"href":"https:\/\/www.reunion68.se\/index.php?rest_route=\/wp\/v2\/types\/post"}],"author":[{"embeddable":true,"href":"https:\/\/www.reunion68.se\/index.php?rest_route=\/wp\/v2\/users\/1"}],"replies":[{"embeddable":true,"href":"https:\/\/www.reunion68.se\/index.php?rest_route=%2Fwp%2Fv2%2Fcomments&post=98950"}],"version-history":[{"count":7,"href":"https:\/\/www.reunion68.se\/index.php?rest_route=\/wp\/v2\/posts\/98950\/revisions"}],"predecessor-version":[{"id":99046,"href":"https:\/\/www.reunion68.se\/index.php?rest_route=\/wp\/v2\/posts\/98950\/revisions\/99046"}],"wp:attachment":[{"href":"https:\/\/www.reunion68.se\/index.php?rest_route=%2Fwp%2Fv2%2Fmedia&parent=98950"}],"wp:term":[{"taxonomy":"category","embeddable":true,"href":"https:\/\/www.reunion68.se\/index.php?rest_route=%2Fwp%2Fv2%2Fcategories&post=98950"},{"taxonomy":"post_tag","embeddable":true,"href":"https:\/\/www.reunion68.se\/index.php?rest_route=%2Fwp%2Fv2%2Ftags&post=98950"}],"curies":[{"name":"wp","href":"https:\/\/api.w.org\/{rel}","templated":true}]}}