{"id":98961,"date":"2022-10-20T17:05:46","date_gmt":"2022-10-20T15:05:46","guid":{"rendered":"http:\/\/www.reunion68.se\/?p=98961"},"modified":"2022-10-10T16:07:03","modified_gmt":"2022-10-10T14:07:03","slug":"20-00-79","status":"publish","type":"post","link":"https:\/\/www.reunion68.se\/?p=98961","title":{"rendered":"The Wrong Way to Fight Antisemitism"},"content":{"rendered":"<h5 style=\"text-align: center;\"><a href=\"https:\/\/www.algemeiner.com\/\" target=\"_blank\" rel=\"noopener noreferrer\"><img decoding=\"async\" class=\"center alignleft\" src=\"http:\/\/www.reunion68.com\/Biuletyn\/img\/algem.png\" alt=\"\" width=\"35%\" \/><\/a><span style=\"text-decoration: underline; color: #000080;\"><span><strong><a style=\"color: #000080; text-decoration: underline;\" href=\"https:\/\/www.algemeiner.com\/2022\/10\/09\/the-wrong-way-to-fight-antisemitism\/\" target=\"_blank\" rel=\"noopener noreferrer\">The Wrong Way to Fight Antisemitism<\/a><\/strong><\/span><\/span><\/h5>\n<p style=\"text-align: center;\"><span style=\"color: #000000;\"><strong>Irit Tratt<\/strong><\/span><\/p>\n<hr style=\"height: 15px; background: #d0e6fa; width: 100%;\" \/>\n<p style=\"text-align: center;\"><img decoding=\"async\" class=\"aligncenter\" src=\"https:\/\/www.algemeiner.com\/wp-content\/uploads\/2021\/07\/No-Fear-Rally-2021.jpg\" width=\"100%\" \/><span style=\"color: #808080;\"><em>A group from Boston at the \u201cNo Fear: A Rally in Solidarity With the Jewish People\u201d on the National Mall in Washington, DC, July 11, 2021. Credit: Chris Kleponis.<\/em><\/span><\/p>\n<p style=\"text-align: left;\"><span style=\"color: #000080;\">Almost a year has passed since<a style=\"color: #000080;\" href=\"https:\/\/www.ajc.org\/\" target=\"_blank\" rel=\"noopener noreferrer\">\u00a0<span style=\"text-decoration: underline;\"><strong>the American Jewish Committe<\/strong><\/span>e<\/a>\u00a0released its report on<a style=\"color: #000080;\" href=\"https:\/\/www.ajc.org\/AntisemitismReport2021\/AmericanJews\" target=\"_blank\" rel=\"noopener noreferrer\">\u00a0\u201c<span style=\"text-decoration: underline;\"><strong>The State of Antisemitism in America<\/strong><\/span><\/a><span style=\"text-decoration: underline;\"><strong>.<\/strong><\/span>\u201d The findings reveal that almost 80 percent of American Jews polled believe antisemitism in the United States increased in 2021. Interestingly, the study also found that nearly half of Jewish respondents think antisemitism is taken less seriously than other forms of hate or bigotry. For their part, the mainstream Jewish establishment\u2019s response to rising antisemitism has ranged from holding rallies against Jewish hate and educating<a style=\"color: #000080;\" href=\"https:\/\/dc.adl.org\/category\/anti-semitism\/intl\/\" target=\"_blank\" rel=\"noopener noreferrer\">\u00a0<span style=\"text-decoration: underline;\"><strong>others<\/strong><\/span><\/a>\u00a0about extremist threats, or small numbers of users fighting back on social media, such as when 12,000 Instagram users participated in<a style=\"color: #000080;\" href=\"https:\/\/dailyhive.com\/vancouver\/instagram-blue-out-friday\" target=\"_blank\" rel=\"noopener noreferrer\">\u00a0<span style=\"text-decoration: underline;\"><strong>#BlueOutFriday<\/strong><\/span><\/a><span style=\"text-decoration: underline;\"><strong>\u00a0t<\/strong><\/span>o display their solidarity with the Jewish community.<\/span><\/p>\n<p style=\"text-align: left;\"><span style=\"color: #000080;\">Yet the AJC\u2019s survey mirrors a deeper issue surrounding why the US Jewish community is struggling to provide a convincing narrative underscoring the dangers of antisemitism. Put simply, decades spent propagating the misguided approach of universalizing anti-Jewish hate \u2014 and comparing antisemitism to all other forms of bigotry \u2014 fails to acknowledge the particularities associated with antisemitism. Moreover, the linking of antisemitism with other forms of hatred coincides with contemporary society promoting the placement of identities within the binary framework of oppressor or victim. Antisemitism is growing, but because of this misguided approach, the response to it has been lacking.<\/span><\/p>\n<p style=\"text-align: left;\"><span style=\"color: #000080;\">In a<a style=\"color: #000080;\" href=\"https:\/\/www.nationalaffairs.com\/publications\/detail\/the-functions-of-anti-semitism\" target=\"_blank\" rel=\"noopener noreferrer\">\u00a0<span style=\"text-decoration: underline;\"><strong>piece<\/strong><\/span><\/a>\u00a0for\u00a0<i>National Affairs<\/i>, professor Ruth Wisse explains how placing antisemitism under other categories of hate leads to its festering. Designed to bolster Title VI of The Civil Rights Act of 1964, whose definition was reinterpreted to include anti-discrimination language aimed at Jews and other religious groups, the Anti-Semitism Awareness Act (AAA) was passed by the US Senate in 2016. According to Wisse, the AAA\u2019s passage was a direct result of the fact that antisemitism does not \u201ccomfortably fit the original legislative framework of the Civil Rights Act.\u201d Rather, antisemitism is a \u201cmodern political phenomenon,\u201d and its distinction lies in that it<a style=\"color: #000080;\" href=\"https:\/\/conversationswithbillkristol.org\/transcript\/ruth-wisse-transcript\/\" target=\"_blank\" rel=\"noopener noreferrer\">\u00a0<span style=\"text-decoration: underline;\"><strong>\u201cmisdirects attention to the Jews.\u201d<\/strong><\/span><\/a><\/span><\/p>\n<p style=\"text-align: left;\"><span style=\"color: #000080;\">Yet some American Jews are still primarily trying to equate antisemitism with other forms of hatred. Responding to the surge of antisemitic attacks over the last several years, Jewish solidarity marches are often punctuated with universal tones. Following the 2019 shooting at a kosher supermarket in Jersey City, which claimed the lives of five people, thousands came together the following year under the banner of<a style=\"color: #000080;\" href=\"https:\/\/www.jta.org\/2020\/01\/05\/united-states\/25000-march-against-anti-semitism-in-new-york-city\" target=\"_blank\" rel=\"noopener noreferrer\">\u00a0<span style=\"text-decoration: underline;\"><strong>\u201cNo Hate, No Fear,\u201d<\/strong><\/span><\/a>\u00a0with one group declaring that<a style=\"color: #000080;\" href=\"https:\/\/avodah.net\/no-hate-no-fear-at-nyc-solidarity-march\/\" target=\"_blank\" rel=\"noopener noreferrer\">\u00a0<span style=\"text-decoration: underline;\"><strong>\u201cantisemitism is equally as dangerous to our society as racism, homophobia, Islamaphobia, sexism, xenophobia, and every other form of hatred in our society.\u201d<\/strong><\/span><\/a><\/span><\/p>\n<p style=\"text-align: left;\"><span style=\"color: #000080;\">Last year\u2019s<a style=\"color: #000080;\" href=\"https:\/\/www.shalomdc.org\/event\/no-fear-a-rally-in-solidarity-with-the-jewish-people\/\" target=\"_blank\" rel=\"noopener noreferrer\">\u00a0\u201c<span style=\"text-decoration: underline;\"><strong>No Fear<\/strong><\/span>\u201d<\/a>\u00a0rally in Washington, DC, was a noble attempt to unite American Jews from across the religious and political spectrum under the banner of fighting antisemitism. And while left-wing groups like<a style=\"color: #000080;\" href=\"https:\/\/jstreet.org\/\" target=\"_blank\" rel=\"noopener noreferrer\">\u00a0J Street<\/a>\u00a0did not<a style=\"color: #000080;\" href=\"https:\/\/www.timesofisrael.com\/at-capitol-hill-rally-jews-united-against-antisemitism-more-divided-on-israel\/\" target=\"_blank\" rel=\"noopener noreferrer\">\u00a0<span style=\"text-decoration: underline;\"><strong>endorse<\/strong><\/span><\/a>\u00a0the event, poor attendance and the tempered language involving Israel highlighted the mainstream Jewish community\u2019s sometimes ambivalent public appeal targeting antisemitism. While hatred and prejudice directed towards any group are abhorrent, prefacing moves to combat antisemitism with disclaimers of appeasement leads to the dimming of the very particular language involved in tackling Jewish hate.<\/span><\/p>\n<p style=\"text-align: left;\"><span style=\"color: #000080;\">A consequence of universalizing antisemitism is that it permits Israel\u2019s detractors, as well as those who are not hostile to Israel, to segregate a hatred of Israel from the loathing of Jews. The recent decision by the<a style=\"color: #000080;\" href=\"https:\/\/www.cuny.edu\/\" target=\"_blank\" rel=\"noopener noreferrer\">\u00a0<span style=\"text-decoration: underline;\"><strong>City University of New York (CUNY)<\/strong><\/span><\/a>\u00a0to reverse course after initially appointing Saly Abd Ala \u2014 a former employee of<a style=\"color: #000080;\" href=\"https:\/\/www.cair.com\/\" target=\"_blank\" rel=\"noopener noreferrer\">\u00a0<span style=\"text-decoration: underline;\"><strong>the Council on American-Islamic Relations (CAIR)<\/strong><\/span><\/a><span style=\"text-decoration: underline;\"><strong>\u00a0<\/strong><\/span>\u2014 to investigate incidents of university-wide antisemitism is welcome news.<\/span><\/p>\n<p style=\"text-align: left;\"><span style=\"color: #000080;\">CAIR is virulently<a style=\"color: #000080;\" href=\"https:\/\/www.investigativeproject.org\/documents\/case_docs\/423.pdf#page=5\" target=\"_blank\" rel=\"noopener noreferrer\"><span style=\"text-decoration: underline;\"><strong>\u00a0anti-Zionis<\/strong><\/span>t<\/a>, with its co-founder and executive director, Nihad Awad, expressing<a style=\"color: #000080;\" href=\"https:\/\/www.investigativeproject.org\/8188\/a-weekend-with-american-muslims-for-palestine\" target=\"_blank\" rel=\"noopener noreferrer\"><span style=\"text-decoration: underline;\"><strong>\u00a0support<\/strong><\/span><\/a>\u00a0for terrorist groups like Hamas, calling Tel Aviv \u201coccupied,\u201d and with numerous CAIR staff members explicitly supporting Palestinian terrorism. Yet CUNY\u2019s original choice of Abd Ala to lead a probe into acts of intimidation and harassment directed at Jewish students and faculty reveals the underlying perils of disassociating anti-Zionism from antisemitism. This paradigm shift allows the<a style=\"color: #000080;\" href=\"https:\/\/oig.justice.gov\/reports\/2013\/e0707r-summary.pdf\" target=\"_blank\" rel=\"noopener noreferrer\">\u00a0<span style=\"text-decoration: underline;\"><strong>Hamas-linked<\/strong><\/span><\/a>\u00a0CAIR to vilify Israel while later purporting to<a style=\"color: #000080;\" href=\"https:\/\/www.cair.com\/press_releases\/cair-condemns-distribution-of-antisemitic-flyers-in-delaware\/\" target=\"_blank\" rel=\"noopener noreferrer\">\u00a0<span style=\"text-decoration: underline;\"><strong>condemn<\/strong><\/span><\/a><span style=\"text-decoration: underline;\"><strong>\u00a0<\/strong><\/span>other antisemitic incidents, such as the one occurring last month when anti-Jewish pamphlets were found in Delaware. Anti-Israel lawmakers, like far-left Democrat Jamaal Bowman (NY), are also granted a platform to<a style=\"color: #000080;\" href=\"https:\/\/twitter.com\/jamaalbowmanny\/status\/1393933785473982476\" target=\"_blank\" rel=\"noopener noreferrer\">\u00a0tweet<\/a>\u00a0about Israel\u2019s occupation and days later, decry violent attacks against his<a style=\"color: #000080;\" href=\"https:\/\/twitter.com\/jamaalbowmanny\/status\/1395793979002720259?lang=en\" target=\"_blank\" rel=\"noopener noreferrer\">\u00a0\u201c<span style=\"text-decoration: underline;\"><strong>Jewish family.\u201d<\/strong><\/span><\/a><\/span><\/p>\n<p style=\"text-align: left;\"><span style=\"color: #000080;\">The implications regarding a misdirected approach to fighting antisemitism are pivoting into dangerous territory. In a recent<a style=\"color: #000080;\" href=\"https:\/\/jewishjournal.com\/commentary\/opinion\/351854\/berkeley-develops-jewish-free-zones\/\" target=\"_blank\" rel=\"noopener noreferrer\">\u00a0op-ed<\/a><i>,<\/i>\u00a0Kenneth Marcus explains how several law student groups at the University of California, Berkeley\u2019s School of Law are creating \u201cJewish-free zones\u201d by amending their<a style=\"color: #000080;\" href=\"https:\/\/www.instagram.com\/p\/Chh_43tpLnm\/?utm_source=ig_embed&amp;ig_rid=a8f50ef3-7746-4d6b-91ee-0eac324f6d51\" target=\"_blank\" rel=\"noopener noreferrer\">\u00a0<span style=\"text-decoration: underline;\"><strong>bylaw<\/strong><\/span>s<\/a>\u00a0to exclude speakers who support Zionism (which is supported by an overwhelming super-majority of Jews). Marcus correctly describes how this development reflects a new and frightening strategy by anti-Zionist groups to target Jewish Americans directly. For the Jewish community to successfully confront antisemitism, it must first be willing to define the particularities that enable its growth, and reckon with its unique nature, one that defies the paradigm through which we view other hatreds. Until then, anti-Zionists like Abd Ala will be more than willing to step in and help frame the conversation for us.<\/span><\/p>\n<hr \/>\n<p style=\"text-align: left;\"><span style=\"color: #808080;\"><i><strong>Irit Tratt<\/strong> is a writer who resides in New York. Her work has appeared in<\/i>\u00a0The American Spectator, The Jerusalem Post, JNS,\u00a0<i>and<\/i>\u00a0Israel Hayom.<\/span><\/p>\n<hr style=\"height: 15px; background: #d0e6fa; width: 100%;\" \/>\n<div id=\"content\" class=\"content-alignment\">\n<div id=\"watch-description\" class=\"yt-uix-button-panel\">\n<div id=\"watch-description-text\" style=\"text-align: center;\">\n<p><em>Zawarto\u015b\u0107 publikowanych artyku\u0142\u00f3w i materia\u0142\u00f3w nie reprezentuje pogl\u0105d\u00f3w ani opinii Reunion&#8217;68,<\/em><em><br \/>\nani te\u017c webmastera Blogu Reunion&#8217;68, chyba ze jest to wyra\u017anie zaznaczone.<br \/>\nTwoje uwagi, linki, w\u0142asne artyku\u0142y lub wiadomo\u015bci prze\u015blij na adres:<br \/>\n<\/em><span style=\"color: #000080;\"><strong><em><a style=\"color: #000080;\" href=\"mailto:webmaster@reunion68.com\"><span style=\"text-decoration: underline;\">webmaster@reunion68.com<\/span><\/a><\/em><\/strong><\/span><\/p>\n<\/div>\n<\/div>\n<\/div>\n<hr style=\"width: 100%;\" \/>\n","protected":false},"excerpt":{"rendered":"<p>The Wrong Way to Fight Antisemitism Irit Tratt A group from Boston at the \u201cNo Fear: A Rally in Solidarity With the Jewish People\u201d on the National Mall in Washington, DC, July 11, 2021. Credit: Chris Kleponis. Almost a year has passed since\u00a0the American Jewish Committee\u00a0released its report on\u00a0\u201cThe State of Antisemitism in America.\u201d The [&hellip;]<\/p>\n","protected":false},"author":1,"featured_media":0,"comment_status":"closed","ping_status":"closed","sticky":false,"template":"","format":"standard","meta":[],"categories":[6],"tags":[26,24],"_links":{"self":[{"href":"https:\/\/www.reunion68.se\/index.php?rest_route=\/wp\/v2\/posts\/98961"}],"collection":[{"href":"https:\/\/www.reunion68.se\/index.php?rest_route=\/wp\/v2\/posts"}],"about":[{"href":"https:\/\/www.reunion68.se\/index.php?rest_route=\/wp\/v2\/types\/post"}],"author":[{"embeddable":true,"href":"https:\/\/www.reunion68.se\/index.php?rest_route=\/wp\/v2\/users\/1"}],"replies":[{"embeddable":true,"href":"https:\/\/www.reunion68.se\/index.php?rest_route=%2Fwp%2Fv2%2Fcomments&post=98961"}],"version-history":[{"count":5,"href":"https:\/\/www.reunion68.se\/index.php?rest_route=\/wp\/v2\/posts\/98961\/revisions"}],"predecessor-version":[{"id":99019,"href":"https:\/\/www.reunion68.se\/index.php?rest_route=\/wp\/v2\/posts\/98961\/revisions\/99019"}],"wp:attachment":[{"href":"https:\/\/www.reunion68.se\/index.php?rest_route=%2Fwp%2Fv2%2Fmedia&parent=98961"}],"wp:term":[{"taxonomy":"category","embeddable":true,"href":"https:\/\/www.reunion68.se\/index.php?rest_route=%2Fwp%2Fv2%2Fcategories&post=98961"},{"taxonomy":"post_tag","embeddable":true,"href":"https:\/\/www.reunion68.se\/index.php?rest_route=%2Fwp%2Fv2%2Ftags&post=98961"}],"curies":[{"name":"wp","href":"https:\/\/api.w.org\/{rel}","templated":true}]}}