{"id":9903,"date":"2014-11-30T19:04:59","date_gmt":"2014-11-30T17:04:59","guid":{"rendered":"http:\/\/www.reunion68.se\/?p=9903"},"modified":"2014-11-30T09:47:55","modified_gmt":"2014-11-30T07:47:55","slug":"9903","status":"publish","type":"post","link":"https:\/\/www.reunion68.se\/?p=9903","title":{"rendered":"Szwecja: Firma sprzedawa\u0142a \u017co\u0142nierzyki ze swastykami"},"content":{"rendered":"<h6 style=\"text-align: center;\"><a href=\"http:\/\/www.wprost.pl\/\" target=\"_blank\"><img decoding=\"async\" class=\"center alignleft\" src=\"http:\/\/www.reunion68.com\/Biuletyn\/img\/wprost.png\" alt=\"\" \/><\/a><span style=\"text-decoration: underline; color: #000080;\"><span style=\"text-decoration: underline;\"><strong><a style=\"color: #000080; text-decoration: underline;\" href=\"http:\/\/www.wprost.pl\/ar\/482598\/Szwecja-Firma-sprzedawala-zolnierzyki-ze-swastykami\/\" target=\"_blank\">Szwecja: Firma sprzedawa\u0142a \u017co\u0142nierzyki ze swastykami<\/a><\/strong><\/span><\/span><\/h6>\n<h6 style=\"text-align: center;\"><span style=\"text-decoration: underline; color: #000080;\"><strong><a style=\"color: #000080; text-decoration: underline;\" href=\"http:\/\/www.thelocal.se\/20141129\/swedish-store-sweeps-shelves-of-nazi-toys\" target=\"_blank\">Thelocal.se<\/a><\/strong><\/span><\/h6>\n<hr style=\"height: 15px; background: #d0e6fa; width: 710px;\" \/>\n<div style=\"width: 360px\" class=\"wp-caption alignright\"><img decoding=\"async\" src=\"http:\/\/www.wprost.pl\/G\/cache\/3\/4\/d\/34d6f46a801a72290c1d15311464581d33937a76.jpg\" alt=\"Zara przeprasza\u0142a za bluzk\u0119 przypominaj\u0105c\u0105 pasiak z obozu (fot.Twitter Haaretz.com)\" width=\"350\" \/><p class=\"wp-caption-text\"><span style=\"color: #000080;\"><em>Zara przeprasza\u0142a za bluzk\u0119 przypominaj\u0105c\u0105 pasiak z obozu (fot.Twitter Haaretz.com)<\/em><\/span><\/p><\/div>\n<p style=\"text-align: left;\"><strong><span style=\"color: #333333;\">W domu towarowym Gekas w mie\u015bcie Ullared firma Cobi sprzedawa\u0142a figurki \u017co\u0142nierzyk\u00f3w ubranych w mundury przypominaj\u0105ce te noszone przez Gestapo. Klienci, kt\u00f3rzy dostrzegli na nich swastyki, zg\u0142osili spraw\u0119, a sklep dosta\u0142 nakaz wycofania zabawek.<\/span><\/strong><\/p>\n<p style=\"text-align: left;\"><span style=\"color: #000080;\">Prezes Gekas Boris Lennerhov potwierdzi\u0142 wycofanie ze sprzeda\u017cy wskazanych figurek. &#8211; To nie jest ten rodzaj zabawek, jaki chcieliby\u015bmy promowa\u0107 &#8211; powiedzia\u0142. To kolejny raz, kiedy pochodz\u0105ca ze Szwecji firma musi wycofywa\u0107 towar z powodu kontrowersji; niedawno tv-sklep Mango zosta\u0142 zmuszony do zaprzestania sprzeda\u017cy bluzek z wizerunkiem pioruna przypominaj\u0105cego symbol Waffen SS.<\/span><\/p>\n<p style=\"text-align: left;\"><span style=\"color: #000080;\">Innym, podobnym przypadkiem, by\u0142a sprawa hiszpa\u0144skiej sieci\u00f3wki odzie\u017cowej Zara, kt\u00f3ra musia\u0142a zrezygnowa\u0107 z koszulki reklamowanej jako &#8220;koszula szeryfa&#8221;, w istocie przypominaj\u0105ca pasiaste ubiory wi\u0119\u017ani\u00f3w oboz\u00f3w koncentracyjnych. Wypuszczenie na rynek tej koszulki spotka\u0142o si\u0119 z bardzo ostr\u0105 reakcj\u0105 klient\u00f3w. Nazwano to zdarzenie &#8220;jednym z najbardziej odra\u017caj\u0105cych przyk\u0142ad\u00f3w braku \u015bwiadomo\u015bci historycznej&#8221;. Ta sama firma w 2007 roku wypu\u015bci\u0142a torb\u0119 ze swastyk\u0105.<\/span><\/p>\n<p style=\"text-align: left;\"><span style=\"text-decoration: underline; color: #000080;\"><strong><a style=\"color: #000080; text-decoration: underline;\" href=\"http:\/\/www.thelocal.se\/20141129\/swedish-store-sweeps-shelves-of-nazi-toys\" target=\"_blank\">Thelocal.se<\/a><\/strong><\/span><\/p>\n<hr style=\"height: 15px; background: #d0e6fa; width: 710px;\" \/>\n<div id=\"content\" class=\"  content-alignment&lt;br \/&gt;&lt;br \/&gt; \">\n<div id=\"watch-description\" class=\"yt-uix-button-panel\">\n<div id=\"watch-description-text\">\n<p style=\"text-align: center;\"><span style=\"color: #808080;\"> twoje uwagi, linki, wlasne artykuly, lub wiadomosci przeslij do: <strong><span style=\"text-decoration: underline;\"><span style=\"color: #808080; text-decoration: underline;\"><a href=\"mailto:webmaster@reunion68.com\">webmaster@reunion68.com<\/a><\/span><\/span><\/strong><\/span><\/p>\n<\/div>\n<\/div>\n<\/div>\n<p>&nbsp;<\/p>\n<hr style=\"width: 710px;\" \/>\n","protected":false},"excerpt":{"rendered":"<p>Szwecja: Firma sprzedawa\u0142a \u017co\u0142nierzyki ze swastykami Thelocal.se W domu towarowym Gekas w mie\u015bcie Ullared firma Cobi sprzedawa\u0142a figurki \u017co\u0142nierzyk\u00f3w ubranych w mundury przypominaj\u0105ce te noszone przez Gestapo. Klienci, kt\u00f3rzy dostrzegli na nich swastyki, zg\u0142osili spraw\u0119, a sklep dosta\u0142 nakaz wycofania zabawek. Prezes Gekas Boris Lennerhov potwierdzi\u0142 wycofanie ze sprzeda\u017cy wskazanych figurek. &#8211; To nie jest [&hellip;]<\/p>\n","protected":false},"author":1,"featured_media":0,"comment_status":"closed","ping_status":"closed","sticky":false,"template":"","format":"standard","meta":[],"categories":[6],"tags":[24],"_links":{"self":[{"href":"https:\/\/www.reunion68.se\/index.php?rest_route=\/wp\/v2\/posts\/9903"}],"collection":[{"href":"https:\/\/www.reunion68.se\/index.php?rest_route=\/wp\/v2\/posts"}],"about":[{"href":"https:\/\/www.reunion68.se\/index.php?rest_route=\/wp\/v2\/types\/post"}],"author":[{"embeddable":true,"href":"https:\/\/www.reunion68.se\/index.php?rest_route=\/wp\/v2\/users\/1"}],"replies":[{"embeddable":true,"href":"https:\/\/www.reunion68.se\/index.php?rest_route=%2Fwp%2Fv2%2Fcomments&post=9903"}],"version-history":[{"count":13,"href":"https:\/\/www.reunion68.se\/index.php?rest_route=\/wp\/v2\/posts\/9903\/revisions"}],"predecessor-version":[{"id":9905,"href":"https:\/\/www.reunion68.se\/index.php?rest_route=\/wp\/v2\/posts\/9903\/revisions\/9905"}],"wp:attachment":[{"href":"https:\/\/www.reunion68.se\/index.php?rest_route=%2Fwp%2Fv2%2Fmedia&parent=9903"}],"wp:term":[{"taxonomy":"category","embeddable":true,"href":"https:\/\/www.reunion68.se\/index.php?rest_route=%2Fwp%2Fv2%2Fcategories&post=9903"},{"taxonomy":"post_tag","embeddable":true,"href":"https:\/\/www.reunion68.se\/index.php?rest_route=%2Fwp%2Fv2%2Ftags&post=9903"}],"curies":[{"name":"wp","href":"https:\/\/api.w.org\/{rel}","templated":true}]}}