{"id":99128,"date":"2022-10-26T17:05:50","date_gmt":"2022-10-26T15:05:50","guid":{"rendered":"http:\/\/www.reunion68.se\/?p=99128"},"modified":"2022-10-23T11:20:22","modified_gmt":"2022-10-23T09:20:22","slug":"26-09-73","status":"publish","type":"post","link":"https:\/\/www.reunion68.se\/?p=99128","title":{"rendered":"Nowa bajka na zim\u0119: &#8220;Europa jest ofiar\u0105 Amerykan\u00f3w&#8221;"},"content":{"rendered":"<p style=\"text-align: center;\"><img decoding=\"async\" class=\"aligncenter\" src=\"https:\/\/www.gatestoneinstitute.org\/pics\/4430.jpg\" width=\"100%\"><span style=\"color: #808080;\"><em>Prawda jest taka, \u017ce Europa jest ofiar\u0105 samej siebie. To nie Amerykanie zniszczyli niemiecki, francuski lub belgijski potencja\u0142 nuklearny. Na zdj\u0119ciu: wej\u015bcie do elektrowni j\u0105drowej Flamanville, jednej z kilkudziesi\u0119ciu elektrowni j\u0105drowych we Francji, kt\u00f3re w tym roku zosta\u0142y wy\u0142\u0105czone na d\u0142u\u017cszy czas w celu przeprowadzenia pilnej konserwacji i napraw. (Zdj\u0119cie: Sameer Al-Doumy\/AFP via Getty Images)<\/em><\/span><\/p>\n<hr>\n<h5 style=\"text-align: center;\"><a href=\"https:\/\/pl.gatestoneinstitute.org\/\" target=\"_blank\" rel=\"noopener noreferrer\"><img decoding=\"async\" class=\"center alignleft\" src=\"https:\/\/pl.gatestoneinstitute.org\/images\/gatestone-logo-1000.gif\" alt=\"\" width=\"50%\"><\/a><span style=\"text-decoration: underline; color: #000080;\"><span><strong><a style=\"color: #000080; text-decoration: underline;\" href=\"https:\/\/pl.gatestoneinstitute.org\/19000\/nowa-bajka-na-zime\" target=\"_blank\" rel=\"noopener noreferrer\">Nowa bajka na zim\u0119: &#8220;Europa jest ofiar\u0105 Amerykan\u00f3w&#8221;<\/a><\/strong><\/span><\/span><\/h5>\n<p style=\"text-align: center;\"><span style=\"color: #000000;\"><strong>Drieu Godefridi T\u0142umaczenie: Ma\u0142gorzata Koraszewska<\/strong><\/span><\/p>\n<hr style=\"height: 15px; background: #d0e6fa; width: 100%;\">\n<p style=\"text-align: left;\"><span style=\"color: #000080;\">W dzisiejszych czasach coraz cz\u0119\u015bciej spotykamy lini\u0119&nbsp;<a style=\"color: #000080;\" href=\"https:\/\/www.moonofalabama.org\/2022\/09\/the-us-is-winning-its-war-on-europes-industries-and-people.html\" target=\"_blank\" rel=\"noopener noreferrer\">argumentacji<\/a>&nbsp;wsp\u00f3ln\u0105 dla rosyjskiej propagandy pa\u0144stwowej i ameryka\u0144skich kr\u0119g\u00f3w teorii spiskowych, a mianowicie: Amerykanie rzekomo pod\u017cegali do wojny w Ukrainie w celu zniszczenia Europy.<\/span><\/p>\n<p style=\"text-align: left;\"><span style=\"color: #000080;\">Na przyk\u0142ad ameryka\u0144ski portal teorii spiskowych, Revolver News, bez trudu odwo\u0142uje si\u0119 do&nbsp;<a style=\"color: #000080;\" href=\"https:\/\/korybko.substack.com\/p\/the-anglo-american-axis-benefits\" target=\"_blank\" rel=\"noopener noreferrer\">geostrategicznych rozwa\u017ca\u0144<\/a>&nbsp;czo\u0142owego eksperta ds. wojny w Ukrainie Andrieja Korybko. Nawiasem m\u00f3wi\u0105c, Korybko jest tak\u017ce &#8220;analitykiem z Moskwy&#8221;&nbsp;<a style=\"color: #000080;\" href=\"https:\/\/www.voltairenet.org\/auteur125717.html?lang=fr\" target=\"_blank\" rel=\"noopener noreferrer\">finansowanym<\/a>&nbsp;przez autokratyczny rz\u0105d Rosji: ot, taki drobny szczeg\u00f3\u0142.<\/span><\/p>\n<p style=\"text-align: left;\"><span style=\"color: #000080;\">W tej koncepcji, w kt\u00f3rej Europa wyst\u0119puje jako ofiara ameryka\u0144skiego spisku, wszystko jest fa\u0142szywe. Jest to infantylny i m\u0119tny fa\u0142sz \u2013 co czyni, \u017ce ta koncepcja jest atrakcyjna dla bezkrytycznych umys\u0142\u00f3w.<\/span><\/p>\n<p style=\"text-align: left;\"><span style=\"color: #000080;\">Prawda jest taka, \u017ce Europa jest ofiar\u0105 samej siebie.<\/span><\/p>\n<p style=\"text-align: left;\"><span style=\"color: #000080;\">To nie Amerykanie zniszczyli&nbsp;<a style=\"color: #000080;\" href=\"https:\/\/www.theguardian.com\/world\/2022\/sep\/07\/german-chancellor-rejects-calls-to-reverse-nuclear-power-plants-closure\" target=\"_blank\" rel=\"noopener noreferrer\">niemiecki<\/a>,&nbsp;<a style=\"color: #000080;\" href=\"https:\/\/europeangreens.eu\/news\/closure-fessenheim-power-plant-energy-transition-will-be-nuclear-free\" target=\"_blank\" rel=\"noopener noreferrer\">francuski<\/a>&nbsp;lub&nbsp;<a style=\"color: #000080;\" href=\"https:\/\/tvpworld.com\/62949498\/belgium-turns-off-nuclear-reactor-despite-energy-crisis\" target=\"_blank\" rel=\"noopener noreferrer\">belgijski<\/a>&nbsp;potencja\u0142 nuklearny.<\/span><\/p>\n<p style=\"text-align: left;\"><span style=\"color: #000080;\">To nie Amerykanie&nbsp;<a style=\"color: #000080;\" href=\"https:\/\/energytalkingpoints.com\/european-fracking-bans\/\" target=\"_blank\" rel=\"noopener noreferrer\">zakazali<\/a>&nbsp;eksploatacji gazu \u0142upkowego w Europie. Za\u0142o\u017cyciel i prezes Centrum Post\u0119pu Przemys\u0142owego, Alex Epstein,&nbsp;<a style=\"color: #000080;\" href=\"https:\/\/energytalkingpoints.com\/european-fracking-bans\/\" target=\"_blank\" rel=\"noopener noreferrer\">wyja\u015bnia<\/a>:<\/span><\/p>\n<blockquote>\n<p style=\"text-align: left;\"><strong>&#8220;Poniewa\u017c niedobory gazu ziemnego i gwa\u0142townie rosn\u0105ce ceny szkodz\u0105 Europie, osoby najbardziej odpowiedzialne za kryzys \u2013 ci, kt\u00f3rzy sprzeciwiaj\u0105 si\u0119 produkcji i transportowi gazu ziemnego \u2013 pr\u00f3buj\u0105 zrzuci\u0107 z siebie win\u0119, twierdz\u0105c, \u017ce sytuacja jest &#8216;z\u0142o\u017cona&#8217;. Ale tak nie jest. To proste: gdyby nie powa\u017cne globalne ograniczenia w produkcji i transporcie gazu ziemnego, poda\u017c gazu ziemnego mog\u0142aby zaspokoi\u0107 popyt&#8230;.<\/strong><\/p>\n<p style=\"text-align: left;\"><strong>Co narody europejskie powinny zrobi\u0107 z w\u0142asnor\u0119cznie sprowadzonymi na siebie cierpieniami? Po pierwsze, powinny natychmiast cofn\u0105\u0107 swoje samob\u00f3jcze zakazy szczelinowania. Po drugie, ci, kt\u00f3rzy opowiadali si\u0119 za zakazem szczelinowania, powinni przeprosi\u0107 i obieca\u0107 radykalne ograniczenie w\u0142asnego zu\u017cycia gazu ziemnego&#8221;.<\/strong><\/p>\n<\/blockquote>\n<p style=\"text-align: left;\"><span style=\"color: #000080;\">Prawda jest taka, \u017ce Europa w du\u017cej mierze zniszczy\u0142a swoj\u0105 zdolno\u015b\u0107 do zaopatrzenia si\u0119 w gaz ziemny.<\/span><\/p>\n<p style=\"text-align: left;\"><span style=\"color: #000080;\">To nie Amerykanie zabronili Niemcom&nbsp;<a style=\"color: #000080;\" href=\"https:\/\/www.cleanenergywire.org\/factsheets\/liquefied-gas-does-lng-have-place-germanys-energy-future\" target=\"_blank\" rel=\"noopener noreferrer\">budowy terminali<\/a>&nbsp;do importu ameryka\u0144skiego gazu.<\/span><\/p>\n<p style=\"text-align: left;\"><span style=\"color: #000080;\">To nie Amerykanie zaprojektowali niemieck\u0105 ultra &#8220;zielon\u0105&#8221;&nbsp;<i>Energiewende<\/i>&nbsp;(przewr\u00f3t energetyczny).<\/span><\/p>\n<p style=\"text-align: left;\"><span style=\"color: #000080;\">Czy to Amerykanie&nbsp;<a style=\"color: #000080;\" href=\"https:\/\/news.bbc.co.uk\/1\/hi\/world\/europe\/1382816.stm\" target=\"_blank\" rel=\"noopener noreferrer\">zadekretowali<\/a>&nbsp;koniec energetyki j\u0105drowej w Niemczech w 2001 roku, przejmuj\u0105c kontrol\u0119 nad umys\u0142ami \u00f3wczesnego kanclerza Gerharda Schroedera i jego &#8220;zielonego&#8221; ministra J\u00fcrgena Trittina?<\/span><\/p>\n<p style=\"text-align: left;\"><span style=\"color: #000080;\">Czy to Amerykanie, hipnotyzuj\u0105c \u00f3wczesn\u0105 kanclerz Angel\u0119 Merkel,&nbsp;<a style=\"color: #000080;\" href=\"https:\/\/www.reuters.com\/business\/energy\/exclusive-merkel-defends-nuclear-power-exit-despite-climate-challenges-2021-11-17\/\" target=\"_blank\" rel=\"noopener noreferrer\">przyspieszyli<\/a>&nbsp;wycofywanie si\u0119 Niemiec z energii j\u0105drowej w 2011 roku?<\/span><\/p>\n<p style=\"text-align: left;\"><span style=\"color: #000080;\">Czy to Amerykanie zmusili Niemc\u00f3w, a tym samym i Europejczyk\u00f3w, do zdania si\u0119 na \u0142ask\u0119 Moskwy, stawiaj\u0105c wy\u0142\u0105cznie na rosyjski gaz? W rzeczywisto\u015bci &#8220;Amerykanie&#8221; zrobili dok\u0142adnie odwrotnie: ostrzegli Niemc\u00f3w. &#8220;Trump w ONZ oskar\u017cy\u0142 Niemcy o &#8216;ca\u0142kowit\u0105 zale\u017cno\u015b\u0107&#8217; od rosyjskiej energii. Niemcy tylko si\u0119 u\u015bmiechn\u0119li&#8221; \u2013&nbsp;<a style=\"color: #000080;\" href=\"https:\/\/www.washingtonpost.com\/world\/2018\/09\/25\/trump-accused-germany-becoming-totally-dependent-russian-energy-un-germans-just-smirked\/\" target=\"_blank\" rel=\"noopener noreferrer\">donosi\u0142a<\/a>&nbsp;&#8220;Washington Post&#8221; w 2018 roku.<\/span><\/p>\n<p style=\"text-align: left;\"><span style=\"color: #000080;\">Dla wyznawcy teorii spiskowej im wi\u0119ksza sprawa, tym lepiej. Losem takiego wyznawcy jest to, \u017ce my\u015bli, \u017ce jest m\u0105drzejszy, podczas gdy w rzeczywisto\u015bci niekoniecznie jest g\u0142upszy, ale jest mniej poinformowany ni\u017c inni. Wyznawca teorii spiskowej nie potrzebuje fakt\u00f3w; w ten spos\u00f3b mo\u017cna go rozpozna\u0107: tweet, wideo Odyssey, &#8220;mem&#8221;, to wszystko, czego potrzebuje, aby &#8220;udowodni\u0107&#8221; jego racj\u0119.<\/span><\/p>\n<p style=\"text-align: left;\"><span style=\"color: #000080;\">Wed\u0142ug niedawnego&nbsp;<a style=\"color: #000080;\" href=\"https:\/\/www.rand.org\/pubs\/perspectives\/PE198.html\" target=\"_blank\" rel=\"noopener noreferrer\">raportu<\/a>&nbsp;Korporacji RAND na temat rosyjskiej propagandy:<\/span><\/p>\n<blockquote>\n<p style=\"text-align: left;\"><strong>&#8220;Wsp\u00f3\u0142czesna rosyjska propaganda jest nieustanna i szybko reaguje na wydarzenia. Ze wzgl\u0119du na brak szacunku dla obiektywnej rzeczywisto\u015bci&#8230; rosyjscy propagandy\u015bci nie musz\u0105 czeka\u0107, aby sprawdzi\u0107 fakty lub zweryfikowa\u0107 twierdzenia; po prostu rozpowszechniaj\u0105 interpretacj\u0119 pojawiaj\u0105cych si\u0119 wydarze\u0144, kt\u00f3ra wydaje si\u0119 najlepsza dla ich tematyki i cel\u00f3w. Dzi\u0119ki temu mog\u0105 by\u0107 niezwykle elastyczni i zwinni, cz\u0119sto nadaj\u0105c pierwsze &#8216;wiadomo\u015bci&#8217; o wydarzeniach (oraz, z podobn\u0105 cz\u0119stotliwo\u015bci\u0105, pierwsze wiadomo\u015bci o nieistniej\u0105cych wydarzeniach czyli rzeczach, kt\u00f3re si\u0119 nie wydarzy\u0142y).&#8221;<\/strong><\/p>\n<\/blockquote>\n<p style=\"text-align: left;\"><span style=\"color: #000080;\">Czy to nie najwy\u017cszy czas, by Europejczycy wreszcie zmierzyli si\u0119 ze swoj\u0105 odpowiedzialno\u015bci\u0105?<\/span><\/p>\n<hr style=\"height: 15px; background: #d0e6fa; width: 100%;\">\n<div id=\"content\" class=\"content-alignment\">\n<div id=\"watch-description\" class=\"yt-uix-button-panel\">\n<div id=\"watch-description-text\" style=\"text-align: center;\">\n<p><em>Zawarto\u015b\u0107 publikowanych artyku\u0142\u00f3w i materia\u0142\u00f3w nie reprezentuje pogl\u0105d\u00f3w ani opinii Reunion&#8217;68,<\/em><em><br \/>\nani te\u017c webmastera Blogu Reunion&#8217;68, chyba ze jest to wyra\u017anie zaznaczone.<br \/>\nTwoje uwagi, linki, w\u0142asne artyku\u0142y lub wiadomo\u015bci prze\u015blij na adres:<br \/>\n<\/em><span style=\"color: #000080;\"><strong><em><a style=\"color: #000080;\" href=\"mailto:webmaster@reunion68.com\"><span style=\"text-decoration: underline;\">webmaster@reunion68.com<\/span><\/a><\/em><\/strong><\/span><\/p>\n<\/div>\n<\/div>\n<\/div>\n<hr style=\"width: 100%;\">\n","protected":false},"excerpt":{"rendered":"<p>Prawda jest taka, \u017ce Europa jest ofiar\u0105 samej siebie. To nie Amerykanie zniszczyli niemiecki, francuski lub belgijski potencja\u0142 nuklearny. Na zdj\u0119ciu: wej\u015bcie do elektrowni j\u0105drowej Flamanville, jednej z kilkudziesi\u0119ciu elektrowni j\u0105drowych we Francji, kt\u00f3re w tym roku zosta\u0142y wy\u0142\u0105czone na d\u0142u\u017cszy czas w celu przeprowadzenia pilnej konserwacji i napraw. (Zdj\u0119cie: Sameer Al-Doumy\/AFP via Getty Images) [&hellip;]<\/p>\n","protected":false},"author":1,"featured_media":0,"comment_status":"closed","ping_status":"closed","sticky":false,"template":"","format":"standard","meta":[],"categories":[6],"tags":[26,24],"_links":{"self":[{"href":"https:\/\/www.reunion68.se\/index.php?rest_route=\/wp\/v2\/posts\/99128"}],"collection":[{"href":"https:\/\/www.reunion68.se\/index.php?rest_route=\/wp\/v2\/posts"}],"about":[{"href":"https:\/\/www.reunion68.se\/index.php?rest_route=\/wp\/v2\/types\/post"}],"author":[{"embeddable":true,"href":"https:\/\/www.reunion68.se\/index.php?rest_route=\/wp\/v2\/users\/1"}],"replies":[{"embeddable":true,"href":"https:\/\/www.reunion68.se\/index.php?rest_route=%2Fwp%2Fv2%2Fcomments&post=99128"}],"version-history":[{"count":7,"href":"https:\/\/www.reunion68.se\/index.php?rest_route=\/wp\/v2\/posts\/99128\/revisions"}],"predecessor-version":[{"id":99151,"href":"https:\/\/www.reunion68.se\/index.php?rest_route=\/wp\/v2\/posts\/99128\/revisions\/99151"}],"wp:attachment":[{"href":"https:\/\/www.reunion68.se\/index.php?rest_route=%2Fwp%2Fv2%2Fmedia&parent=99128"}],"wp:term":[{"taxonomy":"category","embeddable":true,"href":"https:\/\/www.reunion68.se\/index.php?rest_route=%2Fwp%2Fv2%2Fcategories&post=99128"},{"taxonomy":"post_tag","embeddable":true,"href":"https:\/\/www.reunion68.se\/index.php?rest_route=%2Fwp%2Fv2%2Ftags&post=99128"}],"curies":[{"name":"wp","href":"https:\/\/api.w.org\/{rel}","templated":true}]}}