{"id":9917,"date":"2014-11-30T19:04:22","date_gmt":"2014-11-30T17:04:22","guid":{"rendered":"http:\/\/www.reunion68.se\/?p=9917"},"modified":"2014-11-30T09:58:03","modified_gmt":"2014-11-30T07:58:03","slug":"9917","status":"publish","type":"post","link":"https:\/\/www.reunion68.se\/?p=9917","title":{"rendered":"Mahmoud Abbas na konferencji Fatahu: Jeste\u015bmy gotowi po\u015bwi\u0119ci\u0107 si\u0119 dla Al-Aksy"},"content":{"rendered":"<h6 style=\"text-align: center;\"><a href=\"http:\/\/www2.memri.org\/\" target=\"_blank\"><img decoding=\"async\" class=\"center alignleft\" src=\"http:\/\/www.reunion68.com\/Biuletyn\/img\/memri1.png\" alt=\"\" \/><\/a><span style=\"text-decoration: underline; color: #000080;\"><span style=\"text-decoration: underline;\"><strong><a style=\"color: #000080; text-decoration: underline;\" href=\"http:\/\/www2.memri.org\/bin\/polish\/latestnews.cgi?ID=SD589114\" target=\"_blank\">Prezydent Autonomii Palesty\u0144skiej Mahmoud Abbas na konferencji Fatahu: Wszyscy jeste\u015bmy gotowi po\u015bwi\u0119ci\u0107 si\u0119 dla Al-Aksy, dla Jerozolimy<\/a><\/strong><\/span><\/span><\/h6>\n<hr style=\"height: 15px; background: #d0e6fa; width: 710px;\" \/>\n<div style=\"width: 360px\" class=\"wp-caption alignright\"><img decoding=\"async\" src=\"http:\/\/www.memri.org\/image\/21263.JPG\" alt=\"\" width=\"350\" border=\"0\" \/><p class=\"wp-caption-text\"><span style=\"color: #000080;\"><em>Zdj\u0119cie: \u201eAl-Hayat Al-Jadida\u201d (AP), 24 listopada 2014 <\/em><\/span><\/p><\/div>\n<p style=\"text-align: left;\"><span style=\"color: #333333;\"><strong>W dniach 23-24 listopada 2014 r. Rada Konsultacyjna Fatahu pod przewodnictwem prezydenta Autonomii Palesty\u0144skiej (AP) Mahmouda Abbasa, zebra\u0142a si\u0119 w Ramallah na \u201csesj\u0119 [po\u015bwi\u0119con\u0105] M\u0119czennikom Ojczyzny, Jerozolimy i Al-Aksy\u201d. W przem\u00f3wieniu na tej konferencji Abbas m\u00f3wi\u0142 o gotowo\u015bci ka\u017cdego Palesty\u0144czyka do po\u015bwi\u0119cenia si\u0119 dla meczetu Al-Aksa, dodaj\u0105c, \u017ce obrona Al-Aksy jest prawem moralnym, narodowym i religijnym. Oskar\u017cy\u0142 Izrael o popieranie wszystkich tych, kt\u00f3rzy s\u0105 odpowiedzialni za agresj\u0119 wobec Al-Aksy i pogratulowa\u0142 swojemu ludowi za obron\u0119 Jerozolimy.<\/strong><\/span><\/p>\n<p style=\"text-align: left;\"><span style=\"color: #000080;\">Uczestnicz\u0105cy w konferencji funkcjonariusze Fatahu wzywali do nasilenia powszechnego oporu i gratulowali spo\u0142eczno\u015bci palesty\u0144skiej za odwa\u017cne wyst\u0119powanie przeciwko tym, kt\u00f3rzy chc\u0105 zaszkodzi\u0107 Jerozolimie i Al-Aksie.<\/span><\/p>\n<p style=\"text-align: left;\"><span style=\"color: #000080;\">W o\u015bwiadczeniu opublikowanym na zako\u0144czenie konferencji Rada chwali\u0142a bohaterskie przebudzenie palesty\u0144skich mieszka\u0144c\u00f3w Jerozolimy, ostrzega\u0142a przeciwko pr\u00f3bom zbezczeszczenia Al-Aksy, zaleca\u0142a przyznanie specjalnych funduszy rodzinom m\u0119czennik\u00f3w i og\u0142osi\u0142a swoje zdecydowanie na kontynuowanie walki.<\/span><\/p>\n<p style=\"text-align: left;\"><span style=\"color: #000080;\">Poni\u017cej podajemy fragment z niekt\u00f3rych przem\u00f3wie\u0144 na tej konferencji i z ko\u0144cowego o\u015bwiadczenia, jak o tym donosi\u0142a oficjalna gazeta AP, \u201eAl-Hayat Al-Jadida\u201d oraz palesty\u0144ska witryna internetowa Amad.ps [1]<\/span>.<\/p>\n<p style=\"text-align: left;\"><span style=\"color: #333333;\"><strong>Abbas: Obrona Al-Aksy jest prawem moralnym, narodowym i religijnym<\/strong><\/span><\/p>\n<p style=\"text-align: left;\"><span style=\"color: #000080;\">W przem\u00f3wieniu na zako\u0144czenie konferencji Abbas powiedzia\u0142: \u201cJest prawem moralnym, narodowym i religijnym bronienie Al-Aksy i miejsc \u015bwi\u0119tych dla islamu i chrze\u015bcija\u0144stwa. Nasz lud sprzeciwia si\u0119 z\u0142odziejskim napastnikom, kt\u00f3rych popiera rz\u0105d Izraela &#8211; ten sam [rz\u0105d], kt\u00f3ry sabotuje wysi\u0142ki osi\u0105gni\u0119cia pokoju i prowadzi dzik\u0105 kampani\u0119 w Jerozolimie i meczecie Al-Aksa, staraj\u0105c si\u0119 uderzy\u0107 w ka\u017cd\u0105 okazj\u0119 osi\u0105gni\u0119cia bezpiecze\u0144stwa i pokoju mi\u0119dzy dwoma ludami na bazie [rozwi\u0105zania w postaci] dw\u00f3ch pa\u0144stw. Gratuluj\u0119 naszym ludziom ich niez\u0142omno\u015bci w obronie Jerozolimy i Al-Aksy. Wszyscy jeste\u015bmy gotowi po\u015bwi\u0119ci\u0107 si\u0119 dla Al-Aksy i dla Jerozolimy.<\/span><\/p>\n<p style=\"text-align: left;\"><span style=\"color: #000080;\">Przez dziewi\u0119\u0107 miesi\u0119cy negocjacji, sponsorowanych przez sekretarza stanu USA Johna Kerry\u2019ego, Netanjahu i jego ekstremistyczny rz\u0105d torpedowa\u0142 ka\u017cdy wysi\u0142ek i ka\u017cd\u0105 inicjatyw\u0119 ameryka\u0144sk\u0105 i europejsk\u0105, by odnowi\u0107 proces pokojowy. Pod ochron\u0105 si\u0142 okupacyjnych ten rz\u0105d zacz\u0105\u0142 atakowa\u0107 i wyw\u0142aszcza\u0107 ziemi\u0119 i domy w Jerozolimie Wschodniej, ignoruj\u0105c prawomocno\u015b\u0107 mi\u0119dzynarodow\u0105 [tj. rezolucje ONZ] i pot\u0119pienia wyra\u017cane przez organy mi\u0119dzynarodowe. Nasze stanowisko, kt\u00f3re jest jasne i jest doceniane i popierane przez spo\u0142eczno\u015b\u0107 mi\u0119dzynarodow\u0105, jest zakotwiczone w zobowi\u0105zaniu do rozwi\u0105zania [w postaci] dw\u00f3ch pa\u0144stw i do negocjacji opartych na obowi\u0105zku Izraela wycofania si\u0119 do granic 1967 roku, ewakuacji osadnik\u00f3w z naszej ziemi i przeprowadzenia czwartej cz\u0119\u015bci uwolnienia wi\u0119\u017ani\u00f3w [co obejmuje wi\u0119\u017ani\u00f3w] aresztowanych przed 1992 r\u201d.<\/span><\/p>\n<p style=\"text-align: left;\"><span style=\"color: #333333;\"><strong>Przedstawiciele Fatahu: Nasilcie powszechny op\u00f3r<\/strong><\/span><\/p>\n<p style=\"text-align: left;\"><span style=\"color: #000080;\">Cz\u0142onkowie Komitetu Centralnego Fatahu, Rady Rewolucyjnej i Rady Konsultacyjnej podkre\u015blili potrzeb\u0119 \u201cwzmocnienia sp\u00f3jno\u015bci narodowej w Jerozolimie w celu obrony Al-Aksy i miejsc \u015bwi\u0119tych muzu\u0142ma\u0144skich i chrze\u015bcija\u0144skich; nasilenia powszechnego oporu w wszystkich miejscach zagro\u017conych przez osiedla i obrony meczet\u00f3w wiejskich i p\u00f3l [wie\u015bniak\u00f3w] przed podpalaniem i kradzie\u017cami zbioru oliwek przez osadnik\u00f3w\u201d. Cz\u0142onkowie Fatahu gratulowali tak\u017ce rannym i \u201ebohaterskim wi\u0119\u017aniom\u201d. przysi\u0119gaj\u0105c kontynuowanie walki a\u017c do ich uwolnienia.<\/span><\/p>\n<p style=\"text-align: left;\"><span style=\"color: #333333;\"><strong>Rada Konsultacyjna Fatahu: Gratulujemy mieszka\u0144com Jerozolimy odwa\u017cnego przebudzenia; Jeste\u015bmy zdecydowani kontynuowa\u0107 walk\u0119<\/strong><\/span><\/p>\n<p style=\"text-align: left;\"><span style=\"color: #000080;\">W o\u015bwiadczeniu wydanym na zako\u0144czenie konferencji Rada Konsultacyjna chwali\u0142a mieszka\u0144c\u00f3w Jerozolimy za przebudzenie si\u0119 i \u201enieugi\u0119t\u0105 postaw\u0119 w brzemiennej w skutki bitwie, kt\u00f3ra zadecyduje o losie Palestyny\u201d. Wezwa\u0142a tak\u017ce do przeznaczenia funduszy na pomoc rodzinom m\u0119czennik\u00f3w i zadeklarowa\u0142a, \u017ce lud palesty\u0144ski jest zdecydowany kontynuowa\u0107 walk\u0119.<\/span><\/p>\n<p style=\"text-align: right;\"><span style=\"color: #000080;\">Czytaj dalej tu: <span style=\"text-decoration: underline;\"><strong><a style=\"color: #000080; text-decoration: underline;\" href=\"http:\/\/www2.memri.org\/bin\/polish\/latestnews.cgi?ID=SD589114\" target=\"_blank\">Prezydent Autonomii Palesty\u0144skiej&#8230;<\/a><\/strong><\/span><\/span><\/p>\n<hr style=\"height: 15px; background: #d0e6fa; width: 710px;\" \/>\n<div id=\"content\" class=\"  content-alignment&lt;br \/&gt;&lt;br \/&gt; \">\n<div id=\"watch-description\" class=\"yt-uix-button-panel\">\n<div id=\"watch-description-text\">\n<p style=\"text-align: center;\"><span style=\"color: #808080;\"> twoje uwagi, linki, wlasne artykuly, lub wiadomosci przeslij do: <strong><span style=\"text-decoration: underline;\"><span style=\"color: #808080; text-decoration: underline;\"><a href=\"mailto:webmaster@reunion68.com\">webmaster@reunion68.com<\/a><\/span><\/span><\/strong><\/span><\/p>\n<\/div>\n<\/div>\n<\/div>\n<p>&nbsp;<\/p>\n<hr style=\"width: 710px;\" \/>\n","protected":false},"excerpt":{"rendered":"<p>Prezydent Autonomii Palesty\u0144skiej Mahmoud Abbas na konferencji Fatahu: Wszyscy jeste\u015bmy gotowi po\u015bwi\u0119ci\u0107 si\u0119 dla Al-Aksy, dla Jerozolimy W dniach 23-24 listopada 2014 r. Rada Konsultacyjna Fatahu pod przewodnictwem prezydenta Autonomii Palesty\u0144skiej (AP) Mahmouda Abbasa, zebra\u0142a si\u0119 w Ramallah na \u201csesj\u0119 [po\u015bwi\u0119con\u0105] M\u0119czennikom Ojczyzny, Jerozolimy i Al-Aksy\u201d. W przem\u00f3wieniu na tej konferencji Abbas m\u00f3wi\u0142 o gotowo\u015bci [&hellip;]<\/p>\n","protected":false},"author":1,"featured_media":0,"comment_status":"closed","ping_status":"closed","sticky":false,"template":"","format":"standard","meta":[],"categories":[3],"tags":[24],"_links":{"self":[{"href":"https:\/\/www.reunion68.se\/index.php?rest_route=\/wp\/v2\/posts\/9917"}],"collection":[{"href":"https:\/\/www.reunion68.se\/index.php?rest_route=\/wp\/v2\/posts"}],"about":[{"href":"https:\/\/www.reunion68.se\/index.php?rest_route=\/wp\/v2\/types\/post"}],"author":[{"embeddable":true,"href":"https:\/\/www.reunion68.se\/index.php?rest_route=\/wp\/v2\/users\/1"}],"replies":[{"embeddable":true,"href":"https:\/\/www.reunion68.se\/index.php?rest_route=%2Fwp%2Fv2%2Fcomments&post=9917"}],"version-history":[{"count":23,"href":"https:\/\/www.reunion68.se\/index.php?rest_route=\/wp\/v2\/posts\/9917\/revisions"}],"predecessor-version":[{"id":9923,"href":"https:\/\/www.reunion68.se\/index.php?rest_route=\/wp\/v2\/posts\/9917\/revisions\/9923"}],"wp:attachment":[{"href":"https:\/\/www.reunion68.se\/index.php?rest_route=%2Fwp%2Fv2%2Fmedia&parent=9917"}],"wp:term":[{"taxonomy":"category","embeddable":true,"href":"https:\/\/www.reunion68.se\/index.php?rest_route=%2Fwp%2Fv2%2Fcategories&post=9917"},{"taxonomy":"post_tag","embeddable":true,"href":"https:\/\/www.reunion68.se\/index.php?rest_route=%2Fwp%2Fv2%2Ftags&post=9917"}],"curies":[{"name":"wp","href":"https:\/\/api.w.org\/{rel}","templated":true}]}}